{"id":4646,"date":"2026-02-10T09:05:29","date_gmt":"2026-02-10T12:05:29","guid":{"rendered":"https:\/\/www.encontraparana.com.br\/toledo\/mae-e-filho-ficam-feridos-apos-queda-de-moto-na-pr\/"},"modified":"2026-02-10T09:05:29","modified_gmt":"2026-02-10T12:05:29","slug":"mae-e-filho-ficam-feridos-apos-queda-de-moto-na-pr","status":"publish","type":"post","link":"https:\/\/www.encontraparana.com.br\/toledo\/mae-e-filho-ficam-feridos-apos-queda-de-moto-na-pr\/","title":{"rendered":"M\u00e3e e filho ficam feridos ap\u00f3s queda de moto na PR"},"content":{"rendered":"<h2>O que ocorreu na PR-317?<\/h2>\n<p>No in\u00edcio da tarde do dia 7 de fevereiro de 2026, uma ocorr\u00eancia preocupante tomou conta da PR-317, entre Toledo e o distrito de Bragantina, na regi\u00e3o de Assis Chateaubriand. Uma m\u00e3e e seu filho estavam pilotando uma motocicleta quando, de forma repentina, o pneu traseiro do ve\u00edculo estourou. Essa falha mec\u00e2nica causou a perda de controle da motoneta, resultando em uma queda sobre a pista de rodagem, nas proximidades de um campo de golfe.<\/p>\n<h2>Detalhes do acidente com m\u00e3e e filho<\/h2>\n<p>As v\u00edtimas, que estavam em uma Honda Biz, foram surpreendidas pelo estouro do pneu que levou a um acidente de grande impacto. Ambas sofreram escoria\u00e7\u00f5es e relataram dores generalizadas devido \u00e0 queda. Apesar da gravidade do evento, a m\u00e3e e o filho estavam conscientes e puderam receber o atendimento necess\u00e1rio imediatamente ap\u00f3s a ocorr\u00eancia.<\/p>\n<h2>Causas poss\u00edveis do estouro do pneu<\/h2>\n<p>Os pneus de motocicletas s\u00e3o componentes cr\u00edticos para a seguran\u00e7a, e seu desgaste, press\u00e3o inadequada ou danos podem ocasionar acidentes. O estouro do pneu pode ser causado por:<\/p>\n<p><img decoding=\"async\" src=\"https:\/\/www.encontraparana.com.br\/toledo\/wp-content\/uploads\/2026\/02\/mae-e-filho-ficam-feridos-apos-queda-de-moto-na-pr.webp\" alt=\"acidente de moto\" loading=\"lazy\" \/><\/p>\n<ul>\n<li><strong>Desgaste:<\/strong> Pneus que n\u00e3o s\u00e3o substitu\u00eddos no tempo certo podem sofrer falhas.<\/li>\n<li><strong>Press\u00e3o inadequada:<\/strong> Tanto a baixa quanto a alta press\u00e3o de ar nos pneus podem causar estouros inesperados.<\/li>\n<li><strong>Danos externos:<\/strong> Impactos com objetos na pista podem comprometer a integridade do pneu.<\/li>\n<\/ul>\n<h2>A import\u00e2ncia do uso de capacete<\/h2>\n<p>O capacete \u00e9 um equipamento de seguran\u00e7a essencial para motociclistas. Ele pode reduzir significativamente o risco de les\u00f5es graves em acidentes. Usar sempre um capacete adequado e de qualidade \u00e9 crucial para a prote\u00e7\u00e3o do motociclista e garante uma parcial seguran\u00e7a em situa\u00e7\u00f5es de queda.<\/p>\n<h2>Como evitar acidentes de moto<\/h2>\n<p>A seguran\u00e7a ao pilotar uma motocicleta deve ser uma prioridade constante. Algumas dicas \u00fateis incluem:<\/p>\n<ul>\n<li><strong>Realizar manuten\u00e7\u00f5es regulares:<\/strong> Verifique sempre o estado do ve\u00edculo, incluindo pneus, freios e far\u00f3is.<\/li>\n<li><strong>Respeitar as regras de tr\u00e2nsito:<\/strong> Atente-se aos limites de velocidade e sinais de tr\u00e2nsito.<\/li>\n<li><strong>Evitar distra\u00e7\u00f5es:<\/strong> N\u00e3o utilize o celular enquanto pilota e mantenha a aten\u00e7\u00e3o total na estrada.<\/li>\n<li><strong>Utilizar roupas apropriadas:<\/strong> Roupas de prote\u00e7\u00e3o podem oferecer mais seguran\u00e7a em caso de queda.<\/li>\n<\/ul>\n<h2>A resposta r\u00e1pida do Corpo de Bombeiros<\/h2>\n<p>Ap\u00f3s a ocorr\u00eancia do acidente, o Corpo de Bombeiros foi chamado e prontamente se dirigiu ao local para prestar socorro. A equipe de emerg\u00eancia encontrou as v\u00edtimas conscientes e, ap\u00f3s a estabiliza\u00e7\u00e3o, as encaminhou a uma unidade hospitalar em Toledo. Nessas situa\u00e7\u00f5es, a rapidez na resposta \u00e9 fundamental para minimizar danos e garantir atendimento m\u00e9dico adequado.<\/p>\n<h2>Condi\u00e7\u00f5es da rodovia na PR-317<\/h2>\n<p>A PR-317 \u00e9 uma rodovia importante na regi\u00e3o, e as suas condi\u00e7\u00f5es podem impactar a seguran\u00e7a dos motoristas. Sempre que poss\u00edvel, recomenda-se verificar as condi\u00e7\u00f5es da estrada antes de viajar, pois fatores como buracos, trechos mal pavimentados e falta de ilumina\u00e7\u00e3o podem aumentar o risco de acidentes.<\/p>\n<h2>Hist\u00f3rico de acidentes na regi\u00e3o<\/h2>\n<p>A regi\u00e3o onde ocorreu o acidente tem um hist\u00f3rico vari\u00e1vel em rela\u00e7\u00e3o a acidentes de tr\u00e2nsito, especialmente envolvendo motocicletas. \u00c9 essencial que os motoristas mantenham extremo cuidado e aten\u00e7\u00e3o ao transitar por essa \u00e1rea, j\u00e1 que muitos acidentes poderiam ser evitados com a ado\u00e7\u00e3o de pr\u00e1ticas de condu\u00e7\u00e3o seguras.<\/p>\n<h2>O impacto emocional de acidentes de moto<\/h2>\n<p>Acidentes de motocicleta podem deixar n\u00e3o apenas ferimentos f\u00edsicos, mas tamb\u00e9m marcas emocionais profundas. Os afetados podem experimentar estresse, ansiedade ou transtorno de estresse p\u00f3s-traum\u00e1tico. O apoio psicol\u00f3gico \u00e9 importante para quem passou por essa experi\u00eancia, ajudando a superar os traumas e a retomar a vida normal.<\/p>\n<h2>Orienta\u00e7\u00f5es de seguran\u00e7a para motociclistas<\/h2>\n<p>Para aumentar a seguran\u00e7a dos motociclistas nas estradas, algumas orienta\u00e7\u00f5es incluem:<\/p>\n<ul>\n<li><strong>Educa\u00e7\u00e3o cont\u00ednua:<\/strong> Participe de cursos de pilotagem e seguran\u00e7a.<\/li>\n<li><strong>Pilotagem defensiva:<\/strong> Sempre esteja consciente dos outros motoristas e das condi\u00e7\u00f5es da estrada.<\/li>\n<li><strong>Planejamento de rotas:<\/strong> Escolha caminhos que sejam conhecidas e que ofere\u00e7am boas condi\u00e7\u00f5es de tr\u00e1fego.<\/li>\n<li><strong>Uso de equipamentos de seguran\u00e7a:<\/strong> Al\u00e9m do capacete, use prote\u00e7\u00e3o para joelhos, cotovelos e costas.<\/li>\n<\/ul>\n<p>Estas medidas ajudam a garantir que a experi\u00eancia de pilotar uma motocicleta seja n\u00e3o apenas prazerosa, mas, acima de tudo, segura e respons\u00e1vel.<\/p>\n","protected":false},"excerpt":{"rendered":"<p>M\u00e3e e filho foram feridos ap\u00f3s queda de moto na PR-317 em Toledo.<\/p>\n","protected":false},"author":1,"featured_media":4645,"comment_status":"open","ping_status":"open","sticky":false,"template":"","format":"standard","meta":{"footnotes":""},"categories":[5],"tags":[],"class_list":["post-4646","post","type-post","status-publish","format-standard","has-post-thumbnail","hentry","category-noticias","has_thumb"],"yoast_head":"<!-- This site is optimized with the Yoast SEO plugin v28.1 - https:\/\/yoast.com\/product\/yoast-seo-wordpress\/ -->\n<title>M\u00e3e e filho ficam feridos ap\u00f3s queda de moto na PR | Guia Comercial de Toledo PR<\/title>\n<meta name=\"robots\" content=\"index, follow, max-snippet:-1, max-image-preview:large, max-video-preview:-1\" \/>\n<link rel=\"canonical\" href=\"https:\/\/www.encontraparana.com.br\/toledo\/mae-e-filho-ficam-feridos-apos-queda-de-moto-na-pr\/\" \/>\n<meta property=\"og:locale\" content=\"pt_BR\" \/>\n<meta property=\"og:type\" content=\"article\" \/>\n<meta property=\"og:title\" content=\"M\u00e3e e filho ficam feridos ap\u00f3s queda de moto na PR | Guia Comercial de Toledo PR\" \/>\n<meta property=\"og:description\" content=\"M\u00e3e e filho foram feridos ap\u00f3s queda de moto na PR-317 em Toledo.\" \/>\n<meta property=\"og:url\" content=\"https:\/\/www.encontraparana.com.br\/toledo\/mae-e-filho-ficam-feridos-apos-queda-de-moto-na-pr\/\" \/>\n<meta property=\"og:site_name\" content=\"Guia Comercial de Toledo PR\" \/>\n<meta property=\"article:published_time\" content=\"2026-02-10T12:05:29+00:00\" \/>\n<meta property=\"og:image\" content=\"https:\/\/www.encontraparana.com.br\/toledo\/wp-content\/uploads\/2026\/02\/mae-e-filho-ficam-feridos-apos-queda-de-moto-na-pr.webp\" \/>\n\t<meta property=\"og:image:width\" content=\"280\" \/>\n\t<meta property=\"og:image:height\" content=\"280\" \/>\n\t<meta property=\"og:image:type\" content=\"image\/webp\" \/>\n<meta name=\"author\" content=\"Encontra Toledo\" \/>\n<meta name=\"twitter:card\" content=\"summary_large_image\" \/>\n<meta name=\"twitter:label1\" content=\"Escrito por\" \/>\n\t<meta name=\"twitter:data1\" content=\"Encontra Toledo\" \/>\n\t<meta name=\"twitter:label2\" content=\"Est. tempo de leitura\" \/>\n\t<meta name=\"twitter:data2\" content=\"4 minutos\" \/>\n<script type=\"application\/ld+json\" class=\"yoast-schema-graph\">{\"@context\":\"https:\\\/\\\/schema.org\",\"@graph\":[{\"@type\":\"Article\",\"@id\":\"https:\\\/\\\/www.encontraparana.com.br\\\/toledo\\\/mae-e-filho-ficam-feridos-apos-queda-de-moto-na-pr\\\/#article\",\"isPartOf\":{\"@id\":\"https:\\\/\\\/www.encontraparana.com.br\\\/toledo\\\/mae-e-filho-ficam-feridos-apos-queda-de-moto-na-pr\\\/\"},\"author\":{\"name\":\"Encontra Toledo\",\"@id\":\"https:\\\/\\\/www.encontraparana.com.br\\\/toledo\\\/#\\\/schema\\\/person\\\/3b3bd5c0e2969177418b8c8e4729fd0a\"},\"headline\":\"M\u00e3e e filho ficam feridos ap\u00f3s queda de moto na PR\",\"datePublished\":\"2026-02-10T12:05:29+00:00\",\"mainEntityOfPage\":{\"@id\":\"https:\\\/\\\/www.encontraparana.com.br\\\/toledo\\\/mae-e-filho-ficam-feridos-apos-queda-de-moto-na-pr\\\/\"},\"wordCount\":754,\"commentCount\":0,\"image\":{\"@id\":\"https:\\\/\\\/www.encontraparana.com.br\\\/toledo\\\/mae-e-filho-ficam-feridos-apos-queda-de-moto-na-pr\\\/#primaryimage\"},\"thumbnailUrl\":\"https:\\\/\\\/www.encontraparana.com.br\\\/toledo\\\/wp-content\\\/uploads\\\/2026\\\/02\\\/mae-e-filho-ficam-feridos-apos-queda-de-moto-na-pr.webp\",\"articleSection\":[\"Not\u00edcias Toledo\"],\"inLanguage\":\"pt-BR\",\"potentialAction\":[{\"@type\":\"CommentAction\",\"name\":\"Comment\",\"target\":[\"https:\\\/\\\/www.encontraparana.com.br\\\/toledo\\\/mae-e-filho-ficam-feridos-apos-queda-de-moto-na-pr\\\/#respond\"]}]},{\"@type\":\"WebPage\",\"@id\":\"https:\\\/\\\/www.encontraparana.com.br\\\/toledo\\\/mae-e-filho-ficam-feridos-apos-queda-de-moto-na-pr\\\/\",\"url\":\"https:\\\/\\\/www.encontraparana.com.br\\\/toledo\\\/mae-e-filho-ficam-feridos-apos-queda-de-moto-na-pr\\\/\",\"name\":\"M\u00e3e e filho ficam feridos ap\u00f3s queda de moto na PR | Guia Comercial de Toledo PR\",\"isPartOf\":{\"@id\":\"https:\\\/\\\/www.encontraparana.com.br\\\/toledo\\\/#website\"},\"primaryImageOfPage\":{\"@id\":\"https:\\\/\\\/www.encontraparana.com.br\\\/toledo\\\/mae-e-filho-ficam-feridos-apos-queda-de-moto-na-pr\\\/#primaryimage\"},\"image\":{\"@id\":\"https:\\\/\\\/www.encontraparana.com.br\\\/toledo\\\/mae-e-filho-ficam-feridos-apos-queda-de-moto-na-pr\\\/#primaryimage\"},\"thumbnailUrl\":\"https:\\\/\\\/www.encontraparana.com.br\\\/toledo\\\/wp-content\\\/uploads\\\/2026\\\/02\\\/mae-e-filho-ficam-feridos-apos-queda-de-moto-na-pr.webp\",\"datePublished\":\"2026-02-10T12:05:29+00:00\",\"author\":{\"@id\":\"https:\\\/\\\/www.encontraparana.com.br\\\/toledo\\\/#\\\/schema\\\/person\\\/3b3bd5c0e2969177418b8c8e4729fd0a\"},\"inLanguage\":\"pt-BR\",\"potentialAction\":[{\"@type\":\"ReadAction\",\"target\":[\"https:\\\/\\\/www.encontraparana.com.br\\\/toledo\\\/mae-e-filho-ficam-feridos-apos-queda-de-moto-na-pr\\\/\"]}]},{\"@type\":\"ImageObject\",\"inLanguage\":\"pt-BR\",\"@id\":\"https:\\\/\\\/www.encontraparana.com.br\\\/toledo\\\/mae-e-filho-ficam-feridos-apos-queda-de-moto-na-pr\\\/#primaryimage\",\"url\":\"https:\\\/\\\/www.encontraparana.com.br\\\/toledo\\\/wp-content\\\/uploads\\\/2026\\\/02\\\/mae-e-filho-ficam-feridos-apos-queda-de-moto-na-pr.webp\",\"contentUrl\":\"https:\\\/\\\/www.encontraparana.com.br\\\/toledo\\\/wp-content\\\/uploads\\\/2026\\\/02\\\/mae-e-filho-ficam-feridos-apos-queda-de-moto-na-pr.webp\",\"width\":280,\"height\":280,\"caption\":\"acidente de moto\"},{\"@type\":\"WebSite\",\"@id\":\"https:\\\/\\\/www.encontraparana.com.br\\\/toledo\\\/#website\",\"url\":\"https:\\\/\\\/www.encontraparana.com.br\\\/toledo\\\/\",\"name\":\"Guia Comercial de Toledo PR\",\"description\":\"ENCONTRA TOLEDO - O guia comercial de neg\u00f3cios e empresas, cultura e divers\u00e3o na cidade de Toledo. Feito 100% para voc\u00ea morador!\",\"potentialAction\":[{\"@type\":\"SearchAction\",\"target\":{\"@type\":\"EntryPoint\",\"urlTemplate\":\"https:\\\/\\\/www.encontraparana.com.br\\\/toledo\\\/?s={search_term_string}\"},\"query-input\":{\"@type\":\"PropertyValueSpecification\",\"valueRequired\":true,\"valueName\":\"search_term_string\"}}],\"inLanguage\":\"pt-BR\"},{\"@type\":\"Person\",\"@id\":\"https:\\\/\\\/www.encontraparana.com.br\\\/toledo\\\/#\\\/schema\\\/person\\\/3b3bd5c0e2969177418b8c8e4729fd0a\",\"name\":\"Encontra Toledo\",\"image\":{\"@type\":\"ImageObject\",\"inLanguage\":\"pt-BR\",\"@id\":\"https:\\\/\\\/secure.gravatar.com\\\/avatar\\\/c50c17820bcf322f0a8fd6b110b8c0918141409dc69076470f6fca5fee70a5d4?s=96&d=mm&r=g\",\"url\":\"https:\\\/\\\/secure.gravatar.com\\\/avatar\\\/c50c17820bcf322f0a8fd6b110b8c0918141409dc69076470f6fca5fee70a5d4?s=96&d=mm&r=g\",\"contentUrl\":\"https:\\\/\\\/secure.gravatar.com\\\/avatar\\\/c50c17820bcf322f0a8fd6b110b8c0918141409dc69076470f6fca5fee70a5d4?s=96&d=mm&r=g\",\"caption\":\"Encontra Toledo\"},\"url\":\"https:\\\/\\\/www.encontraparana.com.br\\\/toledo\\\/author\\\/encontratoledo\\\/\"}]}<\/script>\n<!-- \/ Yoast SEO plugin. -->","yoast_head_json":{"title":"M\u00e3e e filho ficam feridos ap\u00f3s queda de moto na PR | Guia Comercial de Toledo PR","robots":{"index":"index","follow":"follow","max-snippet":"max-snippet:-1","max-image-preview":"max-image-preview:large","max-video-preview":"max-video-preview:-1"},"canonical":"https:\/\/www.encontraparana.com.br\/toledo\/mae-e-filho-ficam-feridos-apos-queda-de-moto-na-pr\/","og_locale":"pt_BR","og_type":"article","og_title":"M\u00e3e e filho ficam feridos ap\u00f3s queda de moto na PR | Guia Comercial de Toledo PR","og_description":"M\u00e3e e filho foram feridos ap\u00f3s queda de moto na PR-317 em Toledo.","og_url":"https:\/\/www.encontraparana.com.br\/toledo\/mae-e-filho-ficam-feridos-apos-queda-de-moto-na-pr\/","og_site_name":"Guia Comercial de Toledo PR","article_published_time":"2026-02-10T12:05:29+00:00","og_image":[{"width":280,"height":280,"url":"https:\/\/www.encontraparana.com.br\/toledo\/wp-content\/uploads\/2026\/02\/mae-e-filho-ficam-feridos-apos-queda-de-moto-na-pr.webp","type":"image\/webp"}],"author":"Encontra Toledo","twitter_card":"summary_large_image","twitter_misc":{"Escrito por":"Encontra Toledo","Est. tempo de leitura":"4 minutos"},"schema":{"@context":"https:\/\/schema.org","@graph":[{"@type":"Article","@id":"https:\/\/www.encontraparana.com.br\/toledo\/mae-e-filho-ficam-feridos-apos-queda-de-moto-na-pr\/#article","isPartOf":{"@id":"https:\/\/www.encontraparana.com.br\/toledo\/mae-e-filho-ficam-feridos-apos-queda-de-moto-na-pr\/"},"author":{"name":"Encontra Toledo","@id":"https:\/\/www.encontraparana.com.br\/toledo\/#\/schema\/person\/3b3bd5c0e2969177418b8c8e4729fd0a"},"headline":"M\u00e3e e filho ficam feridos ap\u00f3s queda de moto na PR","datePublished":"2026-02-10T12:05:29+00:00","mainEntityOfPage":{"@id":"https:\/\/www.encontraparana.com.br\/toledo\/mae-e-filho-ficam-feridos-apos-queda-de-moto-na-pr\/"},"wordCount":754,"commentCount":0,"image":{"@id":"https:\/\/www.encontraparana.com.br\/toledo\/mae-e-filho-ficam-feridos-apos-queda-de-moto-na-pr\/#primaryimage"},"thumbnailUrl":"https:\/\/www.encontraparana.com.br\/toledo\/wp-content\/uploads\/2026\/02\/mae-e-filho-ficam-feridos-apos-queda-de-moto-na-pr.webp","articleSection":["Not\u00edcias Toledo"],"inLanguage":"pt-BR","potentialAction":[{"@type":"CommentAction","name":"Comment","target":["https:\/\/www.encontraparana.com.br\/toledo\/mae-e-filho-ficam-feridos-apos-queda-de-moto-na-pr\/#respond"]}]},{"@type":"WebPage","@id":"https:\/\/www.encontraparana.com.br\/toledo\/mae-e-filho-ficam-feridos-apos-queda-de-moto-na-pr\/","url":"https:\/\/www.encontraparana.com.br\/toledo\/mae-e-filho-ficam-feridos-apos-queda-de-moto-na-pr\/","name":"M\u00e3e e filho ficam feridos ap\u00f3s queda de moto na PR | Guia Comercial de Toledo PR","isPartOf":{"@id":"https:\/\/www.encontraparana.com.br\/toledo\/#website"},"primaryImageOfPage":{"@id":"https:\/\/www.encontraparana.com.br\/toledo\/mae-e-filho-ficam-feridos-apos-queda-de-moto-na-pr\/#primaryimage"},"image":{"@id":"https:\/\/www.encontraparana.com.br\/toledo\/mae-e-filho-ficam-feridos-apos-queda-de-moto-na-pr\/#primaryimage"},"thumbnailUrl":"https:\/\/www.encontraparana.com.br\/toledo\/wp-content\/uploads\/2026\/02\/mae-e-filho-ficam-feridos-apos-queda-de-moto-na-pr.webp","datePublished":"2026-02-10T12:05:29+00:00","author":{"@id":"https:\/\/www.encontraparana.com.br\/toledo\/#\/schema\/person\/3b3bd5c0e2969177418b8c8e4729fd0a"},"inLanguage":"pt-BR","potentialAction":[{"@type":"ReadAction","target":["https:\/\/www.encontraparana.com.br\/toledo\/mae-e-filho-ficam-feridos-apos-queda-de-moto-na-pr\/"]}]},{"@type":"ImageObject","inLanguage":"pt-BR","@id":"https:\/\/www.encontraparana.com.br\/toledo\/mae-e-filho-ficam-feridos-apos-queda-de-moto-na-pr\/#primaryimage","url":"https:\/\/www.encontraparana.com.br\/toledo\/wp-content\/uploads\/2026\/02\/mae-e-filho-ficam-feridos-apos-queda-de-moto-na-pr.webp","contentUrl":"https:\/\/www.encontraparana.com.br\/toledo\/wp-content\/uploads\/2026\/02\/mae-e-filho-ficam-feridos-apos-queda-de-moto-na-pr.webp","width":280,"height":280,"caption":"acidente de moto"},{"@type":"WebSite","@id":"https:\/\/www.encontraparana.com.br\/toledo\/#website","url":"https:\/\/www.encontraparana.com.br\/toledo\/","name":"Guia Comercial de Toledo PR","description":"ENCONTRA TOLEDO - O guia comercial de neg\u00f3cios e empresas, cultura e divers\u00e3o na cidade de Toledo. Feito 100% para voc\u00ea morador!","potentialAction":[{"@type":"SearchAction","target":{"@type":"EntryPoint","urlTemplate":"https:\/\/www.encontraparana.com.br\/toledo\/?s={search_term_string}"},"query-input":{"@type":"PropertyValueSpecification","valueRequired":true,"valueName":"search_term_string"}}],"inLanguage":"pt-BR"},{"@type":"Person","@id":"https:\/\/www.encontraparana.com.br\/toledo\/#\/schema\/person\/3b3bd5c0e2969177418b8c8e4729fd0a","name":"Encontra Toledo","image":{"@type":"ImageObject","inLanguage":"pt-BR","@id":"https:\/\/secure.gravatar.com\/avatar\/c50c17820bcf322f0a8fd6b110b8c0918141409dc69076470f6fca5fee70a5d4?s=96&d=mm&r=g","url":"https:\/\/secure.gravatar.com\/avatar\/c50c17820bcf322f0a8fd6b110b8c0918141409dc69076470f6fca5fee70a5d4?s=96&d=mm&r=g","contentUrl":"https:\/\/secure.gravatar.com\/avatar\/c50c17820bcf322f0a8fd6b110b8c0918141409dc69076470f6fca5fee70a5d4?s=96&d=mm&r=g","caption":"Encontra Toledo"},"url":"https:\/\/www.encontraparana.com.br\/toledo\/author\/encontratoledo\/"}]}},"_links":{"self":[{"href":"https:\/\/www.encontraparana.com.br\/toledo\/wp-json\/wp\/v2\/posts\/4646","targetHints":{"allow":["GET"]}}],"collection":[{"href":"https:\/\/www.encontraparana.com.br\/toledo\/wp-json\/wp\/v2\/posts"}],"about":[{"href":"https:\/\/www.encontraparana.com.br\/toledo\/wp-json\/wp\/v2\/types\/post"}],"author":[{"embeddable":true,"href":"https:\/\/www.encontraparana.com.br\/toledo\/wp-json\/wp\/v2\/users\/1"}],"replies":[{"embeddable":true,"href":"https:\/\/www.encontraparana.com.br\/toledo\/wp-json\/wp\/v2\/comments?post=4646"}],"version-history":[{"count":0,"href":"https:\/\/www.encontraparana.com.br\/toledo\/wp-json\/wp\/v2\/posts\/4646\/revisions"}],"wp:featuredmedia":[{"embeddable":true,"href":"https:\/\/www.encontraparana.com.br\/toledo\/wp-json\/wp\/v2\/media\/4645"}],"wp:attachment":[{"href":"https:\/\/www.encontraparana.com.br\/toledo\/wp-json\/wp\/v2\/media?parent=4646"}],"wp:term":[{"taxonomy":"category","embeddable":true,"href":"https:\/\/www.encontraparana.com.br\/toledo\/wp-json\/wp\/v2\/categories?post=4646"},{"taxonomy":"post_tag","embeddable":true,"href":"https:\/\/www.encontraparana.com.br\/toledo\/wp-json\/wp\/v2\/tags?post=4646"}],"curies":[{"name":"wp","href":"https:\/\/api.w.org\/{rel}","templated":true}]}}