{"id":4796,"date":"2026-03-17T08:54:48","date_gmt":"2026-03-17T11:54:48","guid":{"rendered":"https:\/\/www.encontraparana.com.br\/toledo\/capotamento-na-pr\/"},"modified":"2026-03-17T08:54:48","modified_gmt":"2026-03-17T11:54:48","slug":"capotamento-na-pr","status":"publish","type":"post","link":"https:\/\/www.encontraparana.com.br\/toledo\/capotamento-na-pr\/","title":{"rendered":"Capotamento na PR"},"content":{"rendered":"<h2>Circunst\u00e2ncias do Acidente<\/h2>\n<p>Na tarde da \u00faltima segunda-feira, ocorreu um capotamento na rodovia PR-585, uma via que liga os munic\u00edpios de S\u00e3o Pedro do Igua\u00e7u e Toledo. O incidente foi registrado aproximadamente \u00e0s 15h20, no quil\u00f4metro 22 mais 500 metros, em uma regi\u00e3o conhecida por seu tr\u00e1fego constante. A situa\u00e7\u00e3o levou ao acionamento imediato das equipes de emerg\u00eancia e da Pol\u00edcia Rodovi\u00e1ria Estadual, que se dirigiram rapidamente ao local para prestar socorro.<\/p>\n<h2>As V\u00edtimas e Seus Ferimentos<\/h2>\n<p>O ve\u00edculo envolvido no capotamento era um Renault Duster, registrado em Foz do Igua\u00e7u-PR. A motorista, uma mulher de 53 anos, sofreu ferimentos leves, assim como uma passageira de 71 anos que estava com ela no autom\u00f3vel. Ambas foram atendidas por equipes do Servi\u00e7o Integrado de Atendimento ao Trauma em Emerg\u00eancia (Siate) e posteriormente foram levadas \u00e0 Unidade de Pronto Atendimento (UPA) em Toledo para receber avalia\u00e7\u00e3o m\u00e9dica.<\/p>\n<h2>Atendimento de Emerg\u00eancia<\/h2>\n<p>A agilidade das equipes de emerg\u00eancia foi fundamental para garantir que as v\u00edtimas recebessem os cuidados necess\u00e1rios rapidamente. Durante o atendimento, os profissionais avaliaram a condi\u00e7\u00e3o das mulheres e prestaram os primeiros socorros. A rapidez na resposta \u00e9 crucial em situa\u00e7\u00f5es de acidente, pois pode significar a diferen\u00e7a entre a vida e a morte.<\/p>\n<h2>A Import\u00e2ncia do Resgate R\u00e1pido<\/h2>\n<p>O resgate r\u00e1pido \u00e9 um dos pilares mais importantes na assist\u00eancia a v\u00edtimas de acidentes automobil\u00edsticos. Quanto mais r\u00e1pido os servi\u00e7os de emerg\u00eancia chegam ao local, maior a probabilidade de estabilizar as condi\u00e7\u00f5es das v\u00edtimas e minimizar complica\u00e7\u00f5es. Isso \u00e9 especialmente verdade em casos de trauma, onde cada minuto conta para prevenir o agravamento da situa\u00e7\u00e3o.<\/p>\n<h2>Relato da Pol\u00edcia Rodovi\u00e1ria<\/h2>\n<p>A pol\u00edcia rodovi\u00e1ria, ao chegar no local do acidente, n\u00e3o encontrou nenhuma testemunha ou outros ve\u00edculos envolvidos. Isso dificultou a an\u00e1lise das causas do capotamento, uma vez que n\u00e3o havia informa\u00e7\u00f5es claras sobre o que poderia ter levado ao acidente. A falta de relatos sobre o ocorrido impede que detalhes cruciais que ajudam a evitar futuros acidentes sejam compreendidos.<\/p>\n<h2>Causas Comuns de Capotamentos<\/h2>\n<p>Os capotamentos de ve\u00edculos geralmente est\u00e3o associados a uma s\u00e9rie de fatores, como:<\/p>\n<ul>\n<li><strong>Velocidade Excessiva:<\/strong> Uma das causas mais frequentes, onde o controle do ve\u00edculo se torna dif\u00edcil, especialmente em curvas.<\/li>\n<li><strong>Condutores Distra\u00eddos:<\/strong> Uso do celular e distra\u00e7\u00f5es enquanto dirigem s\u00e3o grandes fatores de risco.<\/li>\n<li><strong>Condi\u00e7\u00f5es da Estrada:<\/strong> Estradas esburacadas ou mal conservadas podem contribuir para a perda de controle do ve\u00edculo.<\/li>\n<li><strong>Condicionamento do Ve\u00edculo:<\/strong> Pneus carecas e falhas mec\u00e2nicas podem aumentar a probabilidade de um capotamento.<\/li>\n<\/ul>\n<h2>Seguran\u00e7a nas Estradas<\/h2>\n<p>A seguran\u00e7a nas estradas \u00e9 uma quest\u00e3o importante a ser abordada por todos os motoristas. Respeitar as leis de tr\u00e2nsito, estar sempre atento \u00e0s condi\u00e7\u00f5es das vias e verificar o estado do ve\u00edculo s\u00e3o pr\u00e1ticas essenciais para evitar acidentes como o que ocorreu na PR-585. Al\u00e9m disso, evitar o uso de dispositivos m\u00f3veis enquanto dirige pode prevenir distra\u00e7\u00f5es que levam a casos graves.<\/p>\n<h2>Preven\u00e7\u00e3o de Acidentes<\/h2>\n<p>Para prevenir acidentes de tr\u00e2nsito e melhorar a seguran\u00e7a ao volante, osmotoristas devem seguir algumas orienta\u00e7\u00f5es:<\/p>\n<ul>\n<li><strong>Realizar Manuten\u00e7\u00e3o Regular do Ve\u00edculo:<\/strong> Certifique-se de que todos os sistemas do carro est\u00e3o em boas condi\u00e7\u00f5es.<\/li>\n<li><strong>Respeitar o Limite de Velocidade:<\/strong> Reduzir a velocidade em \u00e1reas de risco ou em condi\u00e7\u00f5es clim\u00e1ticas adversas.<\/li>\n<li><strong>N\u00e3o Usar Celulares:<\/strong> A distra\u00e7\u00e3o pode resultar em perda de controle do ve\u00edculo.<\/li>\n<li><strong>Usar o Cinto de Seguran\u00e7a:<\/strong> Esse simples ato pode salvar vidas em caso de um acidente.<\/li>\n<\/ul>\n<h2>A Impacto do Tr\u00e2nsito Local<\/h2>\n<p>O tr\u00e2nsito nas rodovias, especialmente em hor\u00e1rios de pico, pode aumentar o risco de acidentes. Assim, \u00e9 vital que todos os motoristas estejam cientes das condi\u00e7\u00f5es do tr\u00e1fego e se preparem para poss\u00edveis imprevistos. Dirigir de forma defensiva, observando os demais ve\u00edculos e respeitando a dist\u00e2ncia segura entre eles, pode evitar colis\u00f5es e capotamentos.<\/p>\n<h2>Dicas de Seguran\u00e7a para Motoristas<\/h2>\n<p>Al\u00e9m das pr\u00e1ticas mencionadas, algumas dicas adicionais podem ser \u00fateis para manter a seguran\u00e7a ao dirigir:<\/p>\n<ul>\n<li><strong>Mantenha a Concentra\u00e7\u00e3o:<\/strong> Esteja sempre atento ao que est\u00e1 acontecendo ao seu redor.<\/li>\n<li><strong>Planeje sua Rota:<\/strong> Conhecer a estrada e como ela se comporta em diferentes condi\u00e7\u00f5es pode evitar surpresas.<\/li>\n<li><strong>Evite Dirigir Sob Efeito de \u00c1lcool:<\/strong> O \u00e1lcool afeta seus reflexos e julgamento, aumentando significativamente o risco de acidentes.<\/li>\n<li><strong>Educa\u00e7\u00e3o e Treinamento:<\/strong> Participar de cursos de dire\u00e7\u00e3o defensiva pode melhorar suas habilidades e conhecimentos ao volante.<\/li>\n<\/ul>\n<p>O capotamento ocorrido na PR-585 \u00e9 um lembrete de como \u00e9 importante a seguran\u00e7a nas estradas e a preven\u00e7\u00e3o de acidentes. Medidas simples mas efetivas podem minimizar o risco e, assim, salvar vidas e evitar ferimentos graves. Estar ciente das circunst\u00e2ncias que podem levar a um acidente e se preparar adequadamente pode fazer toda a diferen\u00e7a na vida de motoristas e passageiros.<\/p>\n","protected":false},"excerpt":{"rendered":"<p>Capotamento na PR-585 deixa duas mulheres feridas e mobiliza equipes de resgate.<\/p>\n","protected":false},"author":1,"featured_media":0,"comment_status":"open","ping_status":"open","sticky":false,"template":"","format":"standard","meta":{"footnotes":""},"categories":[904],"tags":[],"class_list":["post-4796","post","type-post","status-publish","format-standard","hentry","category-transito"],"yoast_head":"<!-- This site is optimized with the Yoast SEO plugin v28.1 - https:\/\/yoast.com\/product\/yoast-seo-wordpress\/ -->\n<title>Capotamento na PR | Guia Comercial de Toledo PR<\/title>\n<meta name=\"robots\" content=\"index, follow, max-snippet:-1, max-image-preview:large, max-video-preview:-1\" \/>\n<link rel=\"canonical\" href=\"https:\/\/www.encontraparana.com.br\/toledo\/capotamento-na-pr\/\" \/>\n<meta property=\"og:locale\" content=\"pt_BR\" \/>\n<meta property=\"og:type\" content=\"article\" \/>\n<meta property=\"og:title\" content=\"Capotamento na PR | Guia Comercial de Toledo PR\" \/>\n<meta property=\"og:description\" content=\"Capotamento na PR-585 deixa duas mulheres feridas e mobiliza equipes de resgate.\" \/>\n<meta property=\"og:url\" content=\"https:\/\/www.encontraparana.com.br\/toledo\/capotamento-na-pr\/\" \/>\n<meta property=\"og:site_name\" content=\"Guia Comercial de Toledo PR\" \/>\n<meta property=\"article:published_time\" content=\"2026-03-17T11:54:48+00:00\" \/>\n<meta name=\"author\" content=\"Encontra Toledo\" \/>\n<meta name=\"twitter:card\" content=\"summary_large_image\" \/>\n<meta name=\"twitter:label1\" content=\"Escrito por\" \/>\n\t<meta name=\"twitter:data1\" content=\"Encontra Toledo\" \/>\n\t<meta name=\"twitter:label2\" content=\"Est. tempo de leitura\" \/>\n\t<meta name=\"twitter:data2\" content=\"4 minutos\" \/>\n<script type=\"application\/ld+json\" class=\"yoast-schema-graph\">{\"@context\":\"https:\\\/\\\/schema.org\",\"@graph\":[{\"@type\":\"Article\",\"@id\":\"https:\\\/\\\/www.encontraparana.com.br\\\/toledo\\\/capotamento-na-pr\\\/#article\",\"isPartOf\":{\"@id\":\"https:\\\/\\\/www.encontraparana.com.br\\\/toledo\\\/capotamento-na-pr\\\/\"},\"author\":{\"name\":\"Encontra Toledo\",\"@id\":\"https:\\\/\\\/www.encontraparana.com.br\\\/toledo\\\/#\\\/schema\\\/person\\\/3b3bd5c0e2969177418b8c8e4729fd0a\"},\"headline\":\"Capotamento na PR\",\"datePublished\":\"2026-03-17T11:54:48+00:00\",\"mainEntityOfPage\":{\"@id\":\"https:\\\/\\\/www.encontraparana.com.br\\\/toledo\\\/capotamento-na-pr\\\/\"},\"wordCount\":860,\"commentCount\":0,\"articleSection\":[\"Tr\u00e2nsito Toledo\"],\"inLanguage\":\"pt-BR\",\"potentialAction\":[{\"@type\":\"CommentAction\",\"name\":\"Comment\",\"target\":[\"https:\\\/\\\/www.encontraparana.com.br\\\/toledo\\\/capotamento-na-pr\\\/#respond\"]}]},{\"@type\":\"WebPage\",\"@id\":\"https:\\\/\\\/www.encontraparana.com.br\\\/toledo\\\/capotamento-na-pr\\\/\",\"url\":\"https:\\\/\\\/www.encontraparana.com.br\\\/toledo\\\/capotamento-na-pr\\\/\",\"name\":\"Capotamento na PR | Guia Comercial de Toledo PR\",\"isPartOf\":{\"@id\":\"https:\\\/\\\/www.encontraparana.com.br\\\/toledo\\\/#website\"},\"datePublished\":\"2026-03-17T11:54:48+00:00\",\"author\":{\"@id\":\"https:\\\/\\\/www.encontraparana.com.br\\\/toledo\\\/#\\\/schema\\\/person\\\/3b3bd5c0e2969177418b8c8e4729fd0a\"},\"inLanguage\":\"pt-BR\",\"potentialAction\":[{\"@type\":\"ReadAction\",\"target\":[\"https:\\\/\\\/www.encontraparana.com.br\\\/toledo\\\/capotamento-na-pr\\\/\"]}]},{\"@type\":\"WebSite\",\"@id\":\"https:\\\/\\\/www.encontraparana.com.br\\\/toledo\\\/#website\",\"url\":\"https:\\\/\\\/www.encontraparana.com.br\\\/toledo\\\/\",\"name\":\"Guia Comercial de Toledo PR\",\"description\":\"ENCONTRA TOLEDO - O guia comercial de neg\u00f3cios e empresas, cultura e divers\u00e3o na cidade de Toledo. Feito 100% para voc\u00ea morador!\",\"potentialAction\":[{\"@type\":\"SearchAction\",\"target\":{\"@type\":\"EntryPoint\",\"urlTemplate\":\"https:\\\/\\\/www.encontraparana.com.br\\\/toledo\\\/?s={search_term_string}\"},\"query-input\":{\"@type\":\"PropertyValueSpecification\",\"valueRequired\":true,\"valueName\":\"search_term_string\"}}],\"inLanguage\":\"pt-BR\"},{\"@type\":\"Person\",\"@id\":\"https:\\\/\\\/www.encontraparana.com.br\\\/toledo\\\/#\\\/schema\\\/person\\\/3b3bd5c0e2969177418b8c8e4729fd0a\",\"name\":\"Encontra Toledo\",\"image\":{\"@type\":\"ImageObject\",\"inLanguage\":\"pt-BR\",\"@id\":\"https:\\\/\\\/secure.gravatar.com\\\/avatar\\\/c50c17820bcf322f0a8fd6b110b8c0918141409dc69076470f6fca5fee70a5d4?s=96&d=mm&r=g\",\"url\":\"https:\\\/\\\/secure.gravatar.com\\\/avatar\\\/c50c17820bcf322f0a8fd6b110b8c0918141409dc69076470f6fca5fee70a5d4?s=96&d=mm&r=g\",\"contentUrl\":\"https:\\\/\\\/secure.gravatar.com\\\/avatar\\\/c50c17820bcf322f0a8fd6b110b8c0918141409dc69076470f6fca5fee70a5d4?s=96&d=mm&r=g\",\"caption\":\"Encontra Toledo\"},\"url\":\"https:\\\/\\\/www.encontraparana.com.br\\\/toledo\\\/author\\\/encontratoledo\\\/\"}]}<\/script>\n<!-- \/ Yoast SEO plugin. -->","yoast_head_json":{"title":"Capotamento na PR | Guia Comercial de Toledo PR","robots":{"index":"index","follow":"follow","max-snippet":"max-snippet:-1","max-image-preview":"max-image-preview:large","max-video-preview":"max-video-preview:-1"},"canonical":"https:\/\/www.encontraparana.com.br\/toledo\/capotamento-na-pr\/","og_locale":"pt_BR","og_type":"article","og_title":"Capotamento na PR | Guia Comercial de Toledo PR","og_description":"Capotamento na PR-585 deixa duas mulheres feridas e mobiliza equipes de resgate.","og_url":"https:\/\/www.encontraparana.com.br\/toledo\/capotamento-na-pr\/","og_site_name":"Guia Comercial de Toledo PR","article_published_time":"2026-03-17T11:54:48+00:00","author":"Encontra Toledo","twitter_card":"summary_large_image","twitter_misc":{"Escrito por":"Encontra Toledo","Est. tempo de leitura":"4 minutos"},"schema":{"@context":"https:\/\/schema.org","@graph":[{"@type":"Article","@id":"https:\/\/www.encontraparana.com.br\/toledo\/capotamento-na-pr\/#article","isPartOf":{"@id":"https:\/\/www.encontraparana.com.br\/toledo\/capotamento-na-pr\/"},"author":{"name":"Encontra Toledo","@id":"https:\/\/www.encontraparana.com.br\/toledo\/#\/schema\/person\/3b3bd5c0e2969177418b8c8e4729fd0a"},"headline":"Capotamento na PR","datePublished":"2026-03-17T11:54:48+00:00","mainEntityOfPage":{"@id":"https:\/\/www.encontraparana.com.br\/toledo\/capotamento-na-pr\/"},"wordCount":860,"commentCount":0,"articleSection":["Tr\u00e2nsito Toledo"],"inLanguage":"pt-BR","potentialAction":[{"@type":"CommentAction","name":"Comment","target":["https:\/\/www.encontraparana.com.br\/toledo\/capotamento-na-pr\/#respond"]}]},{"@type":"WebPage","@id":"https:\/\/www.encontraparana.com.br\/toledo\/capotamento-na-pr\/","url":"https:\/\/www.encontraparana.com.br\/toledo\/capotamento-na-pr\/","name":"Capotamento na PR | Guia Comercial de Toledo PR","isPartOf":{"@id":"https:\/\/www.encontraparana.com.br\/toledo\/#website"},"datePublished":"2026-03-17T11:54:48+00:00","author":{"@id":"https:\/\/www.encontraparana.com.br\/toledo\/#\/schema\/person\/3b3bd5c0e2969177418b8c8e4729fd0a"},"inLanguage":"pt-BR","potentialAction":[{"@type":"ReadAction","target":["https:\/\/www.encontraparana.com.br\/toledo\/capotamento-na-pr\/"]}]},{"@type":"WebSite","@id":"https:\/\/www.encontraparana.com.br\/toledo\/#website","url":"https:\/\/www.encontraparana.com.br\/toledo\/","name":"Guia Comercial de Toledo PR","description":"ENCONTRA TOLEDO - O guia comercial de neg\u00f3cios e empresas, cultura e divers\u00e3o na cidade de Toledo. Feito 100% para voc\u00ea morador!","potentialAction":[{"@type":"SearchAction","target":{"@type":"EntryPoint","urlTemplate":"https:\/\/www.encontraparana.com.br\/toledo\/?s={search_term_string}"},"query-input":{"@type":"PropertyValueSpecification","valueRequired":true,"valueName":"search_term_string"}}],"inLanguage":"pt-BR"},{"@type":"Person","@id":"https:\/\/www.encontraparana.com.br\/toledo\/#\/schema\/person\/3b3bd5c0e2969177418b8c8e4729fd0a","name":"Encontra Toledo","image":{"@type":"ImageObject","inLanguage":"pt-BR","@id":"https:\/\/secure.gravatar.com\/avatar\/c50c17820bcf322f0a8fd6b110b8c0918141409dc69076470f6fca5fee70a5d4?s=96&d=mm&r=g","url":"https:\/\/secure.gravatar.com\/avatar\/c50c17820bcf322f0a8fd6b110b8c0918141409dc69076470f6fca5fee70a5d4?s=96&d=mm&r=g","contentUrl":"https:\/\/secure.gravatar.com\/avatar\/c50c17820bcf322f0a8fd6b110b8c0918141409dc69076470f6fca5fee70a5d4?s=96&d=mm&r=g","caption":"Encontra Toledo"},"url":"https:\/\/www.encontraparana.com.br\/toledo\/author\/encontratoledo\/"}]}},"_links":{"self":[{"href":"https:\/\/www.encontraparana.com.br\/toledo\/wp-json\/wp\/v2\/posts\/4796","targetHints":{"allow":["GET"]}}],"collection":[{"href":"https:\/\/www.encontraparana.com.br\/toledo\/wp-json\/wp\/v2\/posts"}],"about":[{"href":"https:\/\/www.encontraparana.com.br\/toledo\/wp-json\/wp\/v2\/types\/post"}],"author":[{"embeddable":true,"href":"https:\/\/www.encontraparana.com.br\/toledo\/wp-json\/wp\/v2\/users\/1"}],"replies":[{"embeddable":true,"href":"https:\/\/www.encontraparana.com.br\/toledo\/wp-json\/wp\/v2\/comments?post=4796"}],"version-history":[{"count":0,"href":"https:\/\/www.encontraparana.com.br\/toledo\/wp-json\/wp\/v2\/posts\/4796\/revisions"}],"wp:attachment":[{"href":"https:\/\/www.encontraparana.com.br\/toledo\/wp-json\/wp\/v2\/media?parent=4796"}],"wp:term":[{"taxonomy":"category","embeddable":true,"href":"https:\/\/www.encontraparana.com.br\/toledo\/wp-json\/wp\/v2\/categories?post=4796"},{"taxonomy":"post_tag","embeddable":true,"href":"https:\/\/www.encontraparana.com.br\/toledo\/wp-json\/wp\/v2\/tags?post=4796"}],"curies":[{"name":"wp","href":"https:\/\/api.w.org\/{rel}","templated":true}]}}