{"id":4810,"date":"2026-03-22T08:52:38","date_gmt":"2026-03-22T11:52:38","guid":{"rendered":"https:\/\/www.encontraparana.com.br\/toledo\/defensoria-publica-e-assistencia-social-promovem-concilia-parana-em-toledo\/"},"modified":"2026-03-22T08:52:38","modified_gmt":"2026-03-22T11:52:38","slug":"defensoria-publica-e-assistencia-social-promovem-concilia-parana-em-toledo","status":"publish","type":"post","link":"https:\/\/www.encontraparana.com.br\/toledo\/defensoria-publica-e-assistencia-social-promovem-concilia-parana-em-toledo\/","title":{"rendered":"Defensoria P\u00fablica e Assist\u00eancia Social promovem \u201cConcilia Paran\u00e1\u201d em Toledo"},"content":{"rendered":"<h2>O que \u00e9 o Concilia Paran\u00e1?<\/h2>\n<p>O &#8220;Concilia Paran\u00e1&#8221; \u00e9 uma iniciativa promovida pela Defensoria P\u00fablica do Estado do Paran\u00e1 (DPE-PR) e outras institui\u00e7\u00f5es, com o intuito de oferecer atendimento jur\u00eddico que prioriza a solu\u00e7\u00e3o consensual de conflitos, especialmente no \u00e2mbito do Direito de Fam\u00edlia. O programa busca facilitar o acesso \u00e0 Justi\u00e7a, promovendo acolhimento e assist\u00eancia jur\u00eddica para aqueles que, muitas vezes, enfrentam dificuldades para resolver quest\u00f5es legais de forma tradicional.<\/p>\n<h2>Objetivos da A\u00e7\u00e3o em Toledo<\/h2>\n<p>A edi\u00e7\u00e3o do programa &#8220;Concilia Paran\u00e1&#8221; que ocorrer\u00e1 em Toledo tem como finalidade principal oferecer servi\u00e7os jur\u00eddicos que ajudem na resolu\u00e7\u00e3o pac\u00edfica de conflitos. Com apoio da Prefeitura de Toledo, a a\u00e7\u00e3o visa:<\/p>\n<ul>\n<li><strong>Facilitar o acesso \u00e0 Justi\u00e7a:<\/strong> Tornar mais simples e r\u00e1pido o processo de resolu\u00e7\u00e3o de pend\u00eancias jur\u00eddicas.<\/li>\n<li><strong>Atender a popula\u00e7\u00e3o vulner\u00e1vel:<\/strong> Focar em cidad\u00e3os que se encontram em situa\u00e7\u00e3o de vulnerabilidade social, oferecendo servi\u00e7os gratuitos.<\/li>\n<li><strong>Realizar atendimentos diversificados:<\/strong> Prover solu\u00e7\u00f5es para quest\u00f5es como div\u00f3rcios, pens\u00f5es aliment\u00edcias e reconhecimento de paternidade.<\/li>\n<li><strong>Promover a cidadania:<\/strong> Regularizar situa\u00e7\u00f5es jur\u00eddicas que impactam diretamente na vida das fam\u00edlias atendidas.<\/li>\n<\/ul>\n<h2>Quem pode Participar?<\/h2>\n<p>A participa\u00e7\u00e3o no programa \u00e9 aberta principalmente \u00e0 popula\u00e7\u00e3o de Toledo e regi\u00e3o. Os potenciais benefici\u00e1rios s\u00e3o pessoas que vivem situa\u00e7\u00f5es de vulnerabilidade social e que necessitam de ajuda com quest\u00f5es jur\u00eddicas. O evento \u00e9 destinado a aqueles que buscam resolver quest\u00f5es de natureza familiar, como:<\/p>\n<ul>\n<li>Div\u00f3rcios e separa\u00e7\u00f5es;<\/li>\n<li>Guarda e visita\u00e7\u00e3o de filhos;<\/li>\n<li>Pens\u00e3o aliment\u00edcia;<\/li>\n<li>Dissolu\u00e7\u00e3o de uni\u00f5es est\u00e1veis;<\/li>\n<li>Reconhecimento de paternidade ou maternidade.<\/li>\n<\/ul>\n<h2>Documenta\u00e7\u00e3o Necess\u00e1ria para o Atendimento<\/h2>\n<p>Para garantir a efetividade dos atendimentos, \u00e9 imprescind\u00edvel que todos os envolvidos apresentem documentos espec\u00edficos. Em geral, s\u00e3o requeridos:<\/p>\n<ul>\n<li><strong>Documentos pessoais:<\/strong> Identifica\u00e7\u00e3o oficial com foto, CPF, e comprovante de resid\u00eancia atualizado.<\/li>\n<li><strong>Crian\u00e7as e adolescentes:<\/strong> Certid\u00e3o de nascimento ou documento de identifica\u00e7\u00e3o dos menores \u00e9 obrigat\u00f3rio.<\/li>\n<li><strong>Documenta\u00e7\u00e3o adicional:<\/strong> Conforme o tipo de atendimento, pode ser necess\u00e1ria a apresenta\u00e7\u00e3o de certid\u00e3o de casamento, documentos que comprovem a rela\u00e7\u00e3o, e outros que s\u00e3o essenciais para situa\u00e7\u00f5es de partilha de bens.<\/li>\n<\/ul>\n<h2>Servi\u00e7os Oferecidos no Mutir\u00e3o<\/h2>\n<p>Os servi\u00e7os oferecidos durante o evento abrangem diversas necessidades jur\u00eddicas, destacando-se por:<\/p>\n<ul>\n<li><strong>Div\u00f3rcio:<\/strong> Atendimento para a formaliza\u00e7\u00e3o do div\u00f3rcio consensual;<\/li>\n<li><strong>Guarda de filhos:<\/strong> Regulamenta\u00e7\u00e3o e discuss\u00e3o sobre a guarda de crian\u00e7as;<\/li>\n<li><strong>Pens\u00e3o Aliment\u00edcia:<\/strong> Acordos a respeito de valores de pens\u00e3o;<\/li>\n<li><strong>Dissolu\u00e7\u00e3o de Uni\u00e3o Est\u00e1vel:<\/strong> Regulariza\u00e7\u00e3o da obrigatoriedade legal dos parceiros;<\/li>\n<li><strong>Reconhecimento de Paternidade:<\/strong> Provimento de apoio para a oficializa\u00e7\u00e3o do reconhecimento ou testes de DNA.<\/li>\n<\/ul>\n<p>O atendimento ser\u00e1 realizado mediante consenso entre as partes, aspecto essencial para a execu\u00e7\u00e3o dos servi\u00e7os no formato de mutir\u00e3o.<\/p>\n<h2>Import\u00e2ncia do Acesso \u00e0 Justi\u00e7a<\/h2>\n<p>O acesso \u00e0 Justi\u00e7a \u00e9 um princ\u00edpio fundamental para uma sociedade justa e igualit\u00e1ria. O &#8220;Concilia Paran\u00e1&#8221; desempenha um papel crucial ao:<\/p>\n<ul>\n<li><strong>Reduzir barreiras:<\/strong> Ao proporcionar atendimento gratuito, o programa elimina obst\u00e1culos financeiros que muitas pessoas enfrentam.<\/li>\n<li><strong>Promover a resolu\u00e7\u00e3o pac\u00edfica:<\/strong> Facilita acordos consensuais que evitam conflitos prolongados nos tribunais.<\/li>\n<li><strong>Incentivar a cidadania:<\/strong> Ajuda cidad\u00e3os a regularizarem sua situa\u00e7\u00e3o, o que pode impactar sua qualidade de vida.<\/li>\n<\/ul>\n<h2>Impactos na Comunidade Local<\/h2>\n<p>A realiza\u00e7\u00e3o do &#8220;Concilia Paran\u00e1&#8221; em Toledo tende a ter diversos impactos positivos na comunidade:<\/p>\n<ul>\n<li><strong>Fortalecimento da Fam\u00edlia:<\/strong> Ao permitir que quest\u00f5es familiares sejam resolvidas de forma mais r\u00e1pida e eficaz;<\/li>\n<li><strong>Apoio \u00e0s pessoas em vulnerabilidade:<\/strong> Atraindo aquelas que mais precisam de ajuda e orienta\u00e7\u00e3o;<\/li>\n<li><strong>Redu\u00e7\u00e3o de conflitos judiciais:<\/strong> Diminuindo o n\u00famero de processos judiciais que sobrecarregam o sistema.<\/li>\n<\/ul>\n<h2>Como o munic\u00edpio Apoia a Iniciativa<\/h2>\n<p>A Prefeitura de Toledo desempenha um papel significativo na execu\u00e7\u00e3o do programa, proporcionando:<\/p>\n<ul>\n<li><strong>Infraestrutura:<\/strong> Disponibiliza espa\u00e7o adequado para os atendimentos, como o Centro de Eventos Dezir\u00e9 Refosco.<\/li>\n<li><strong>Recursos Humanos:<\/strong> Colabora com servidores da Secretaria Municipal de Assist\u00eancia Social que ajudam na log\u00edstica do evento.<\/li>\n<li><strong>Apoio log\u00edstico:<\/strong> Garantindo que tudo ocorra de forma organizada e eficiente durante a a\u00e7\u00e3o.<\/li>\n<\/ul>\n<h2>Experi\u00eancias de Participantes<\/h2>\n<p>Os relatos de pessoas que j\u00e1 participaram do &#8220;Concilia Paran\u00e1&#8221; em outras localidades mostram a import\u00e2ncia da a\u00e7\u00e3o. Muitas expressam al\u00edvio e satisfa\u00e7\u00e3o ap\u00f3s resolverem suas pend\u00eancias legais de maneira \u00e1gil e gratuita. Al\u00e9m disso, os participantes ressaltam a empatia e o cuidado dos profissionais envolvidos na a\u00e7\u00e3o, que proporcionam um ambiente acolhedor.<\/p>\n<h2>Pr\u00f3ximas Edi\u00e7\u00f5es do Programa<\/h2>\n<p>O &#8220;Concilia Paran\u00e1&#8221; j\u00e1 \u00e9 um sucesso em v\u00e1rias cidades do estado, e a expectativa \u00e9 que mais edi\u00e7\u00f5es ocorram. As futuras datas e locais ser\u00e3o divulgados assim que a DPE-PR definir o cronograma. Portanto, \u00e9 essencial que a popula\u00e7\u00e3o fique atenta \u00e0s not\u00edcias e informa\u00e7\u00f5es que ser\u00e3o divulgadas pela Defensoria P\u00fablica e demais parceiros envolvidos.<\/p>\n","protected":false},"excerpt":{"rendered":"<p>Concilia Paran\u00e1 oferece acesso \u00e0 justi\u00e7a em Toledo, promovendo a resolu\u00e7\u00e3o de conflitos.<\/p>\n","protected":false},"author":1,"featured_media":0,"comment_status":"open","ping_status":"open","sticky":false,"template":"","format":"standard","meta":{"footnotes":""},"categories":[897],"tags":[],"class_list":["post-4810","post","type-post","status-publish","format-standard","hentry","category-eventos"],"yoast_head":"<!-- This site is optimized with the Yoast SEO plugin v28.1 - https:\/\/yoast.com\/product\/yoast-seo-wordpress\/ -->\n<title>Defensoria P\u00fablica e Assist\u00eancia Social promovem \u201cConcilia Paran\u00e1\u201d em Toledo | Guia Comercial de Toledo PR<\/title>\n<meta name=\"robots\" content=\"index, follow, max-snippet:-1, max-image-preview:large, max-video-preview:-1\" \/>\n<link rel=\"canonical\" href=\"https:\/\/www.encontraparana.com.br\/toledo\/defensoria-publica-e-assistencia-social-promovem-concilia-parana-em-toledo\/\" \/>\n<meta property=\"og:locale\" content=\"pt_BR\" \/>\n<meta property=\"og:type\" content=\"article\" \/>\n<meta property=\"og:title\" content=\"Defensoria P\u00fablica e Assist\u00eancia Social promovem \u201cConcilia Paran\u00e1\u201d em Toledo | Guia Comercial de Toledo PR\" \/>\n<meta property=\"og:description\" content=\"Concilia Paran\u00e1 oferece acesso \u00e0 justi\u00e7a em Toledo, promovendo a resolu\u00e7\u00e3o de conflitos.\" \/>\n<meta property=\"og:url\" content=\"https:\/\/www.encontraparana.com.br\/toledo\/defensoria-publica-e-assistencia-social-promovem-concilia-parana-em-toledo\/\" \/>\n<meta property=\"og:site_name\" content=\"Guia Comercial de Toledo PR\" \/>\n<meta property=\"article:published_time\" content=\"2026-03-22T11:52:38+00:00\" \/>\n<meta name=\"author\" content=\"Encontra Toledo\" \/>\n<meta name=\"twitter:card\" content=\"summary_large_image\" \/>\n<meta name=\"twitter:label1\" content=\"Escrito por\" \/>\n\t<meta name=\"twitter:data1\" content=\"Encontra Toledo\" \/>\n\t<meta name=\"twitter:label2\" content=\"Est. tempo de leitura\" \/>\n\t<meta name=\"twitter:data2\" content=\"4 minutos\" \/>\n<script type=\"application\/ld+json\" class=\"yoast-schema-graph\">{\"@context\":\"https:\\\/\\\/schema.org\",\"@graph\":[{\"@type\":\"Article\",\"@id\":\"https:\\\/\\\/www.encontraparana.com.br\\\/toledo\\\/defensoria-publica-e-assistencia-social-promovem-concilia-parana-em-toledo\\\/#article\",\"isPartOf\":{\"@id\":\"https:\\\/\\\/www.encontraparana.com.br\\\/toledo\\\/defensoria-publica-e-assistencia-social-promovem-concilia-parana-em-toledo\\\/\"},\"author\":{\"name\":\"Encontra Toledo\",\"@id\":\"https:\\\/\\\/www.encontraparana.com.br\\\/toledo\\\/#\\\/schema\\\/person\\\/3b3bd5c0e2969177418b8c8e4729fd0a\"},\"headline\":\"Defensoria P\u00fablica e Assist\u00eancia Social promovem \u201cConcilia Paran\u00e1\u201d em Toledo\",\"datePublished\":\"2026-03-22T11:52:38+00:00\",\"mainEntityOfPage\":{\"@id\":\"https:\\\/\\\/www.encontraparana.com.br\\\/toledo\\\/defensoria-publica-e-assistencia-social-promovem-concilia-parana-em-toledo\\\/\"},\"wordCount\":858,\"commentCount\":0,\"articleSection\":[\"Eventos Toledo\"],\"inLanguage\":\"pt-BR\",\"potentialAction\":[{\"@type\":\"CommentAction\",\"name\":\"Comment\",\"target\":[\"https:\\\/\\\/www.encontraparana.com.br\\\/toledo\\\/defensoria-publica-e-assistencia-social-promovem-concilia-parana-em-toledo\\\/#respond\"]}]},{\"@type\":\"WebPage\",\"@id\":\"https:\\\/\\\/www.encontraparana.com.br\\\/toledo\\\/defensoria-publica-e-assistencia-social-promovem-concilia-parana-em-toledo\\\/\",\"url\":\"https:\\\/\\\/www.encontraparana.com.br\\\/toledo\\\/defensoria-publica-e-assistencia-social-promovem-concilia-parana-em-toledo\\\/\",\"name\":\"Defensoria P\u00fablica e Assist\u00eancia Social promovem \u201cConcilia Paran\u00e1\u201d em Toledo | Guia Comercial de Toledo PR\",\"isPartOf\":{\"@id\":\"https:\\\/\\\/www.encontraparana.com.br\\\/toledo\\\/#website\"},\"datePublished\":\"2026-03-22T11:52:38+00:00\",\"author\":{\"@id\":\"https:\\\/\\\/www.encontraparana.com.br\\\/toledo\\\/#\\\/schema\\\/person\\\/3b3bd5c0e2969177418b8c8e4729fd0a\"},\"inLanguage\":\"pt-BR\",\"potentialAction\":[{\"@type\":\"ReadAction\",\"target\":[\"https:\\\/\\\/www.encontraparana.com.br\\\/toledo\\\/defensoria-publica-e-assistencia-social-promovem-concilia-parana-em-toledo\\\/\"]}]},{\"@type\":\"WebSite\",\"@id\":\"https:\\\/\\\/www.encontraparana.com.br\\\/toledo\\\/#website\",\"url\":\"https:\\\/\\\/www.encontraparana.com.br\\\/toledo\\\/\",\"name\":\"Guia Comercial de Toledo PR\",\"description\":\"ENCONTRA TOLEDO - O guia comercial de neg\u00f3cios e empresas, cultura e divers\u00e3o na cidade de Toledo. Feito 100% para voc\u00ea morador!\",\"potentialAction\":[{\"@type\":\"SearchAction\",\"target\":{\"@type\":\"EntryPoint\",\"urlTemplate\":\"https:\\\/\\\/www.encontraparana.com.br\\\/toledo\\\/?s={search_term_string}\"},\"query-input\":{\"@type\":\"PropertyValueSpecification\",\"valueRequired\":true,\"valueName\":\"search_term_string\"}}],\"inLanguage\":\"pt-BR\"},{\"@type\":\"Person\",\"@id\":\"https:\\\/\\\/www.encontraparana.com.br\\\/toledo\\\/#\\\/schema\\\/person\\\/3b3bd5c0e2969177418b8c8e4729fd0a\",\"name\":\"Encontra Toledo\",\"image\":{\"@type\":\"ImageObject\",\"inLanguage\":\"pt-BR\",\"@id\":\"https:\\\/\\\/secure.gravatar.com\\\/avatar\\\/c50c17820bcf322f0a8fd6b110b8c0918141409dc69076470f6fca5fee70a5d4?s=96&d=mm&r=g\",\"url\":\"https:\\\/\\\/secure.gravatar.com\\\/avatar\\\/c50c17820bcf322f0a8fd6b110b8c0918141409dc69076470f6fca5fee70a5d4?s=96&d=mm&r=g\",\"contentUrl\":\"https:\\\/\\\/secure.gravatar.com\\\/avatar\\\/c50c17820bcf322f0a8fd6b110b8c0918141409dc69076470f6fca5fee70a5d4?s=96&d=mm&r=g\",\"caption\":\"Encontra Toledo\"},\"url\":\"https:\\\/\\\/www.encontraparana.com.br\\\/toledo\\\/author\\\/encontratoledo\\\/\"}]}<\/script>\n<!-- \/ Yoast SEO plugin. -->","yoast_head_json":{"title":"Defensoria P\u00fablica e Assist\u00eancia Social promovem \u201cConcilia Paran\u00e1\u201d em Toledo | Guia Comercial de Toledo PR","robots":{"index":"index","follow":"follow","max-snippet":"max-snippet:-1","max-image-preview":"max-image-preview:large","max-video-preview":"max-video-preview:-1"},"canonical":"https:\/\/www.encontraparana.com.br\/toledo\/defensoria-publica-e-assistencia-social-promovem-concilia-parana-em-toledo\/","og_locale":"pt_BR","og_type":"article","og_title":"Defensoria P\u00fablica e Assist\u00eancia Social promovem \u201cConcilia Paran\u00e1\u201d em Toledo | Guia Comercial de Toledo PR","og_description":"Concilia Paran\u00e1 oferece acesso \u00e0 justi\u00e7a em Toledo, promovendo a resolu\u00e7\u00e3o de conflitos.","og_url":"https:\/\/www.encontraparana.com.br\/toledo\/defensoria-publica-e-assistencia-social-promovem-concilia-parana-em-toledo\/","og_site_name":"Guia Comercial de Toledo PR","article_published_time":"2026-03-22T11:52:38+00:00","author":"Encontra Toledo","twitter_card":"summary_large_image","twitter_misc":{"Escrito por":"Encontra Toledo","Est. tempo de leitura":"4 minutos"},"schema":{"@context":"https:\/\/schema.org","@graph":[{"@type":"Article","@id":"https:\/\/www.encontraparana.com.br\/toledo\/defensoria-publica-e-assistencia-social-promovem-concilia-parana-em-toledo\/#article","isPartOf":{"@id":"https:\/\/www.encontraparana.com.br\/toledo\/defensoria-publica-e-assistencia-social-promovem-concilia-parana-em-toledo\/"},"author":{"name":"Encontra Toledo","@id":"https:\/\/www.encontraparana.com.br\/toledo\/#\/schema\/person\/3b3bd5c0e2969177418b8c8e4729fd0a"},"headline":"Defensoria P\u00fablica e Assist\u00eancia Social promovem \u201cConcilia Paran\u00e1\u201d em Toledo","datePublished":"2026-03-22T11:52:38+00:00","mainEntityOfPage":{"@id":"https:\/\/www.encontraparana.com.br\/toledo\/defensoria-publica-e-assistencia-social-promovem-concilia-parana-em-toledo\/"},"wordCount":858,"commentCount":0,"articleSection":["Eventos Toledo"],"inLanguage":"pt-BR","potentialAction":[{"@type":"CommentAction","name":"Comment","target":["https:\/\/www.encontraparana.com.br\/toledo\/defensoria-publica-e-assistencia-social-promovem-concilia-parana-em-toledo\/#respond"]}]},{"@type":"WebPage","@id":"https:\/\/www.encontraparana.com.br\/toledo\/defensoria-publica-e-assistencia-social-promovem-concilia-parana-em-toledo\/","url":"https:\/\/www.encontraparana.com.br\/toledo\/defensoria-publica-e-assistencia-social-promovem-concilia-parana-em-toledo\/","name":"Defensoria P\u00fablica e Assist\u00eancia Social promovem \u201cConcilia Paran\u00e1\u201d em Toledo | Guia Comercial de Toledo PR","isPartOf":{"@id":"https:\/\/www.encontraparana.com.br\/toledo\/#website"},"datePublished":"2026-03-22T11:52:38+00:00","author":{"@id":"https:\/\/www.encontraparana.com.br\/toledo\/#\/schema\/person\/3b3bd5c0e2969177418b8c8e4729fd0a"},"inLanguage":"pt-BR","potentialAction":[{"@type":"ReadAction","target":["https:\/\/www.encontraparana.com.br\/toledo\/defensoria-publica-e-assistencia-social-promovem-concilia-parana-em-toledo\/"]}]},{"@type":"WebSite","@id":"https:\/\/www.encontraparana.com.br\/toledo\/#website","url":"https:\/\/www.encontraparana.com.br\/toledo\/","name":"Guia Comercial de Toledo PR","description":"ENCONTRA TOLEDO - O guia comercial de neg\u00f3cios e empresas, cultura e divers\u00e3o na cidade de Toledo. Feito 100% para voc\u00ea morador!","potentialAction":[{"@type":"SearchAction","target":{"@type":"EntryPoint","urlTemplate":"https:\/\/www.encontraparana.com.br\/toledo\/?s={search_term_string}"},"query-input":{"@type":"PropertyValueSpecification","valueRequired":true,"valueName":"search_term_string"}}],"inLanguage":"pt-BR"},{"@type":"Person","@id":"https:\/\/www.encontraparana.com.br\/toledo\/#\/schema\/person\/3b3bd5c0e2969177418b8c8e4729fd0a","name":"Encontra Toledo","image":{"@type":"ImageObject","inLanguage":"pt-BR","@id":"https:\/\/secure.gravatar.com\/avatar\/c50c17820bcf322f0a8fd6b110b8c0918141409dc69076470f6fca5fee70a5d4?s=96&d=mm&r=g","url":"https:\/\/secure.gravatar.com\/avatar\/c50c17820bcf322f0a8fd6b110b8c0918141409dc69076470f6fca5fee70a5d4?s=96&d=mm&r=g","contentUrl":"https:\/\/secure.gravatar.com\/avatar\/c50c17820bcf322f0a8fd6b110b8c0918141409dc69076470f6fca5fee70a5d4?s=96&d=mm&r=g","caption":"Encontra Toledo"},"url":"https:\/\/www.encontraparana.com.br\/toledo\/author\/encontratoledo\/"}]}},"_links":{"self":[{"href":"https:\/\/www.encontraparana.com.br\/toledo\/wp-json\/wp\/v2\/posts\/4810","targetHints":{"allow":["GET"]}}],"collection":[{"href":"https:\/\/www.encontraparana.com.br\/toledo\/wp-json\/wp\/v2\/posts"}],"about":[{"href":"https:\/\/www.encontraparana.com.br\/toledo\/wp-json\/wp\/v2\/types\/post"}],"author":[{"embeddable":true,"href":"https:\/\/www.encontraparana.com.br\/toledo\/wp-json\/wp\/v2\/users\/1"}],"replies":[{"embeddable":true,"href":"https:\/\/www.encontraparana.com.br\/toledo\/wp-json\/wp\/v2\/comments?post=4810"}],"version-history":[{"count":0,"href":"https:\/\/www.encontraparana.com.br\/toledo\/wp-json\/wp\/v2\/posts\/4810\/revisions"}],"wp:attachment":[{"href":"https:\/\/www.encontraparana.com.br\/toledo\/wp-json\/wp\/v2\/media?parent=4810"}],"wp:term":[{"taxonomy":"category","embeddable":true,"href":"https:\/\/www.encontraparana.com.br\/toledo\/wp-json\/wp\/v2\/categories?post=4810"},{"taxonomy":"post_tag","embeddable":true,"href":"https:\/\/www.encontraparana.com.br\/toledo\/wp-json\/wp\/v2\/tags?post=4810"}],"curies":[{"name":"wp","href":"https:\/\/api.w.org\/{rel}","templated":true}]}}