{"id":4955,"date":"2026-04-24T08:51:18","date_gmt":"2026-04-24T11:51:18","guid":{"rendered":"https:\/\/www.encontraparana.com.br\/toledo\/adolescentes-invadem-patio-da-guarda-municipal-em-toledo\/"},"modified":"2026-04-24T08:51:18","modified_gmt":"2026-04-24T11:51:18","slug":"adolescentes-invadem-patio-da-guarda-municipal-em-toledo","status":"publish","type":"post","link":"https:\/\/www.encontraparana.com.br\/toledo\/adolescentes-invadem-patio-da-guarda-municipal-em-toledo\/","title":{"rendered":"Adolescentes invadem p\u00e1tio da Guarda Municipal em Toledo"},"content":{"rendered":"<h2>O que aconteceu em Toledo<\/h2>\n<p>Recentemente, um grupo de adolescentes foi surpreendido ao invadir o p\u00e1tio da Guarda Municipal em Toledo, numa tentativa de roubar bicicletas motorizadas. A a\u00e7\u00e3o foi percebida rapidamente, resultando na apreens\u00e3o dos jovens.<\/p>\n<h2>Contexto da invas\u00e3o<\/h2>\n<p>A invas\u00e3o ao p\u00e1tio ocorreu em um momento de crescente preocupa\u00e7\u00e3o com a seguran\u00e7a na regi\u00e3o. N\u00e3o \u00e9 incomum que jovens, em busca de adrenalina ou como resposta a problemas sociais, se envolvam em atividades il\u00edcitas. O fato gerou um alerta nas autoridades locais sobre a necessidade de implementar estrat\u00e9gias para prevenir tais incidentes.<\/p>\n<h2>Rea\u00e7\u00e3o da Guarda Municipal<\/h2>\n<p>Assim que os guardas notaram a presen\u00e7a dos adolescentes, prontamente tomaram medidas para garantir a seguran\u00e7a do local e dos pr\u00f3prios adolescentes. A atua\u00e7\u00e3o r\u00e1pida resultou na apreens\u00e3o dos suspeitos e na retirada das bicicletas do p\u00e1tio, evitando que o roubo se concretizasse.<\/p>\n<p><img decoding=\"async\" src=\"https:\/\/www.encontraparana.com.br\/toledo\/wp-content\/uploads\/2026\/04\/adolescentes-invadem-patio-da-guarda-municipal-em-toledo.webp\" alt=\"Adolescentes invadem p\u00e1tio da Guarda Municipal em Toledo\" loading=\"lazy\" \/><\/p>\n<h2>Aumento da criminalidade juvenil<\/h2>\n<p>Esse incidente \u00e9 um reflexo de um aumento mais amplo da criminalidade juvenil em v\u00e1rias partes do Brasil. Com a crise econ\u00f4mica agravada pela pandemia e a falta de oportunidades, muitos jovens est\u00e3o se envolvendo em atividades il\u00edcitas como forma de sobreviv\u00eancia ou rebeldia. Este fen\u00f4meno requer aten\u00e7\u00e3o e a\u00e7\u00e3o coordenada entre as comunidades e as autoridades.<\/p>\n<h2>O papel da preven\u00e7\u00e3o<\/h2>\n<p>\u00c9 fundamental que medidas de preven\u00e7\u00e3o sejam adotadas para evitar que mais casos como esse ocorram no futuro. Programas de inclus\u00e3o social, atividades de lazer e educa\u00e7\u00e3o podem desempenhar um papel vital em desviar os jovens de caminhos criminosos. O envolvimento da fam\u00edlia e da comunidade tamb\u00e9m \u00e9 essencial para criar um ambiente seguro e saud\u00e1vel.<\/p>\n<h2>Impacto na comunidade local<\/h2>\n<p>O impacto de tal ocorr\u00eancia vai al\u00e9m da simples captura dos adolescentes. Ele gera um clima de inseguran\u00e7a e desconfian\u00e7a entre os moradores da \u00e1rea. Para muitos, a sensa\u00e7\u00e3o de prote\u00e7\u00e3o que deveriam sentir em sua pr\u00f3pria comunidade \u00e9 abalada, resultando em um desejo por mais vigil\u00e2ncia e medidas de seguran\u00e7a.<\/p>\n<h2>Testemunhas relatam o incidente<\/h2>\n<p>Moradores locais que testemunharam a invas\u00e3o expressaram suas preocupa\u00e7\u00f5es, ressaltando a necessidade de maior policiamento na \u00e1rea. Muitos relataram ter visto grupos de jovens se reunindo em \u00e1reas pr\u00f3ximas, levantando preocupa\u00e7\u00f5es sobre o que poderia acontecer a seguir. Esses relatos s\u00e3o essenciais para entender a din\u00e2mica da seguran\u00e7a local e as preocupa\u00e7\u00f5es da popula\u00e7\u00e3o.<\/p>\n<h2>Consequ\u00eancias legais para os envolvidos<\/h2>\n<p>A apreens\u00e3o dos adolescentes envolver\u00e1 repercuss\u00f5es legais. O sistema judici\u00e1rio para menores tem suas peculiaridades, buscando, muitas vezes, focar na reabilita\u00e7\u00e3o e reintegra\u00e7\u00e3o ao inv\u00e9s de puni\u00e7\u00e3o severa. Medidas como advert\u00eancias, servi\u00e7os comunit\u00e1rios ou interna\u00e7\u00f5es em institui\u00e7\u00f5es destinadas \u00e0 recupera\u00e7\u00e3o podem ser aplicadas.<\/p>\n<h2>Alternativas para os jovens em risco<\/h2>\n<p>As alternativas para jovens em situa\u00e7\u00f5es de vulnerabilidade s\u00e3o essenciais. Centros de atendimento socioeducativo, oficinas e programas de esporte s\u00e3o algumas das iniciativas que podem ser implementadas. Tais projetos n\u00e3o apenas oferecem uma sa\u00edda para os jovens, mas tamb\u00e9m contribuem para a forma\u00e7\u00e3o de cidad\u00e3os mais conscientes e respons\u00e1veis.<\/p>\n<h2>Como a sociedade pode ajudar<\/h2>\n<p>A sociedade desempenha um papel vital em melhorar a situa\u00e7\u00e3o das comunidades. Ajudar a disponibilizar recursos e um ambiente mais positivo pode fazer a diferen\u00e7a. O apoio de ONGs, empresas e cidad\u00e3os comuns \u00e9 crucial para ajudar programas que focam na preven\u00e7\u00e3o da criminalidade juvenil, oferecendo oportunidades de emprego e desenvolvimento pessoal.<\/p>\n","protected":false},"excerpt":{"rendered":"<p>Adolescentes s\u00e3o apreendidos ap\u00f3s tentativa de furto no p\u00e1tio da Guarda Municipal.<\/p>\n","protected":false},"author":1,"featured_media":4954,"comment_status":"open","ping_status":"open","sticky":false,"template":"","format":"standard","meta":{"footnotes":""},"categories":[5],"tags":[],"class_list":["post-4955","post","type-post","status-publish","format-standard","has-post-thumbnail","hentry","category-noticias","has_thumb"],"yoast_head":"<!-- This site is optimized with the Yoast SEO plugin v27.3 - https:\/\/yoast.com\/product\/yoast-seo-wordpress\/ -->\n<title>Adolescentes invadem p\u00e1tio da Guarda Municipal em Toledo | Guia Comercial de Toledo PR<\/title>\n<meta name=\"robots\" content=\"index, follow, max-snippet:-1, max-image-preview:large, max-video-preview:-1\" \/>\n<link rel=\"canonical\" href=\"https:\/\/www.encontraparana.com.br\/toledo\/adolescentes-invadem-patio-da-guarda-municipal-em-toledo\/\" \/>\n<meta property=\"og:locale\" content=\"pt_BR\" \/>\n<meta property=\"og:type\" content=\"article\" \/>\n<meta property=\"og:title\" content=\"Adolescentes invadem p\u00e1tio da Guarda Municipal em Toledo | Guia Comercial de Toledo PR\" \/>\n<meta property=\"og:description\" content=\"Adolescentes s\u00e3o apreendidos ap\u00f3s tentativa de furto no p\u00e1tio da Guarda Municipal.\" \/>\n<meta property=\"og:url\" content=\"https:\/\/www.encontraparana.com.br\/toledo\/adolescentes-invadem-patio-da-guarda-municipal-em-toledo\/\" \/>\n<meta property=\"og:site_name\" content=\"Guia Comercial de Toledo PR\" \/>\n<meta property=\"article:published_time\" content=\"2026-04-24T11:51:18+00:00\" \/>\n<meta property=\"og:image\" content=\"https:\/\/www.encontraparana.com.br\/toledo\/wp-content\/uploads\/2026\/04\/adolescentes-invadem-patio-da-guarda-municipal-em-toledo.webp\" \/>\n<meta name=\"author\" content=\"Encontra Toledo\" \/>\n<meta name=\"twitter:card\" content=\"summary_large_image\" \/>\n<meta name=\"twitter:label1\" content=\"Escrito por\" \/>\n\t<meta name=\"twitter:data1\" content=\"Encontra Toledo\" \/>\n\t<meta name=\"twitter:label2\" content=\"Est. tempo de leitura\" \/>\n\t<meta name=\"twitter:data2\" content=\"3 minutos\" \/>\n<script type=\"application\/ld+json\" class=\"yoast-schema-graph\">{\"@context\":\"https:\\\/\\\/schema.org\",\"@graph\":[{\"@type\":\"Article\",\"@id\":\"https:\\\/\\\/www.encontraparana.com.br\\\/toledo\\\/adolescentes-invadem-patio-da-guarda-municipal-em-toledo\\\/#article\",\"isPartOf\":{\"@id\":\"https:\\\/\\\/www.encontraparana.com.br\\\/toledo\\\/adolescentes-invadem-patio-da-guarda-municipal-em-toledo\\\/\"},\"author\":{\"name\":\"Encontra Toledo\",\"@id\":\"https:\\\/\\\/www.encontraparana.com.br\\\/toledo\\\/#\\\/schema\\\/person\\\/3b3bd5c0e2969177418b8c8e4729fd0a\"},\"headline\":\"Adolescentes invadem p\u00e1tio da Guarda Municipal em Toledo\",\"datePublished\":\"2026-04-24T11:51:18+00:00\",\"mainEntityOfPage\":{\"@id\":\"https:\\\/\\\/www.encontraparana.com.br\\\/toledo\\\/adolescentes-invadem-patio-da-guarda-municipal-em-toledo\\\/\"},\"wordCount\":617,\"commentCount\":0,\"image\":{\"@id\":\"https:\\\/\\\/www.encontraparana.com.br\\\/toledo\\\/adolescentes-invadem-patio-da-guarda-municipal-em-toledo\\\/#primaryimage\"},\"thumbnailUrl\":\"https:\\\/\\\/www.encontraparana.com.br\\\/toledo\\\/wp-content\\\/uploads\\\/2026\\\/04\\\/adolescentes-invadem-patio-da-guarda-municipal-em-toledo.webp\",\"articleSection\":[\"Not\u00edcias Toledo\"],\"inLanguage\":\"pt-BR\",\"potentialAction\":[{\"@type\":\"CommentAction\",\"name\":\"Comment\",\"target\":[\"https:\\\/\\\/www.encontraparana.com.br\\\/toledo\\\/adolescentes-invadem-patio-da-guarda-municipal-em-toledo\\\/#respond\"]}]},{\"@type\":\"WebPage\",\"@id\":\"https:\\\/\\\/www.encontraparana.com.br\\\/toledo\\\/adolescentes-invadem-patio-da-guarda-municipal-em-toledo\\\/\",\"url\":\"https:\\\/\\\/www.encontraparana.com.br\\\/toledo\\\/adolescentes-invadem-patio-da-guarda-municipal-em-toledo\\\/\",\"name\":\"Adolescentes invadem p\u00e1tio da Guarda Municipal em Toledo | Guia Comercial de Toledo PR\",\"isPartOf\":{\"@id\":\"https:\\\/\\\/www.encontraparana.com.br\\\/toledo\\\/#website\"},\"primaryImageOfPage\":{\"@id\":\"https:\\\/\\\/www.encontraparana.com.br\\\/toledo\\\/adolescentes-invadem-patio-da-guarda-municipal-em-toledo\\\/#primaryimage\"},\"image\":{\"@id\":\"https:\\\/\\\/www.encontraparana.com.br\\\/toledo\\\/adolescentes-invadem-patio-da-guarda-municipal-em-toledo\\\/#primaryimage\"},\"thumbnailUrl\":\"https:\\\/\\\/www.encontraparana.com.br\\\/toledo\\\/wp-content\\\/uploads\\\/2026\\\/04\\\/adolescentes-invadem-patio-da-guarda-municipal-em-toledo.webp\",\"datePublished\":\"2026-04-24T11:51:18+00:00\",\"author\":{\"@id\":\"https:\\\/\\\/www.encontraparana.com.br\\\/toledo\\\/#\\\/schema\\\/person\\\/3b3bd5c0e2969177418b8c8e4729fd0a\"},\"inLanguage\":\"pt-BR\",\"potentialAction\":[{\"@type\":\"ReadAction\",\"target\":[\"https:\\\/\\\/www.encontraparana.com.br\\\/toledo\\\/adolescentes-invadem-patio-da-guarda-municipal-em-toledo\\\/\"]}]},{\"@type\":\"ImageObject\",\"inLanguage\":\"pt-BR\",\"@id\":\"https:\\\/\\\/www.encontraparana.com.br\\\/toledo\\\/adolescentes-invadem-patio-da-guarda-municipal-em-toledo\\\/#primaryimage\",\"url\":\"https:\\\/\\\/www.encontraparana.com.br\\\/toledo\\\/wp-content\\\/uploads\\\/2026\\\/04\\\/adolescentes-invadem-patio-da-guarda-municipal-em-toledo.webp\",\"contentUrl\":\"https:\\\/\\\/www.encontraparana.com.br\\\/toledo\\\/wp-content\\\/uploads\\\/2026\\\/04\\\/adolescentes-invadem-patio-da-guarda-municipal-em-toledo.webp\",\"width\":280,\"height\":280,\"caption\":\"Adolescentes invadem p\u00e1tio da Guarda Municipal em Toledo\"},{\"@type\":\"WebSite\",\"@id\":\"https:\\\/\\\/www.encontraparana.com.br\\\/toledo\\\/#website\",\"url\":\"https:\\\/\\\/www.encontraparana.com.br\\\/toledo\\\/\",\"name\":\"Guia Comercial de Toledo PR\",\"description\":\"ENCONTRA TOLEDO - O guia comercial de neg\u00f3cios e empresas, cultura e divers\u00e3o na cidade de Toledo. Feito 100% para voc\u00ea morador!\",\"potentialAction\":[{\"@type\":\"SearchAction\",\"target\":{\"@type\":\"EntryPoint\",\"urlTemplate\":\"https:\\\/\\\/www.encontraparana.com.br\\\/toledo\\\/?s={search_term_string}\"},\"query-input\":{\"@type\":\"PropertyValueSpecification\",\"valueRequired\":true,\"valueName\":\"search_term_string\"}}],\"inLanguage\":\"pt-BR\"},{\"@type\":\"Person\",\"@id\":\"https:\\\/\\\/www.encontraparana.com.br\\\/toledo\\\/#\\\/schema\\\/person\\\/3b3bd5c0e2969177418b8c8e4729fd0a\",\"name\":\"Encontra Toledo\",\"image\":{\"@type\":\"ImageObject\",\"inLanguage\":\"pt-BR\",\"@id\":\"https:\\\/\\\/secure.gravatar.com\\\/avatar\\\/c50c17820bcf322f0a8fd6b110b8c0918141409dc69076470f6fca5fee70a5d4?s=96&d=mm&r=g\",\"url\":\"https:\\\/\\\/secure.gravatar.com\\\/avatar\\\/c50c17820bcf322f0a8fd6b110b8c0918141409dc69076470f6fca5fee70a5d4?s=96&d=mm&r=g\",\"contentUrl\":\"https:\\\/\\\/secure.gravatar.com\\\/avatar\\\/c50c17820bcf322f0a8fd6b110b8c0918141409dc69076470f6fca5fee70a5d4?s=96&d=mm&r=g\",\"caption\":\"Encontra Toledo\"},\"url\":\"https:\\\/\\\/www.encontraparana.com.br\\\/toledo\\\/author\\\/encontratoledo\\\/\"}]}<\/script>\n<!-- \/ Yoast SEO plugin. -->","yoast_head_json":{"title":"Adolescentes invadem p\u00e1tio da Guarda Municipal em Toledo | Guia Comercial de Toledo PR","robots":{"index":"index","follow":"follow","max-snippet":"max-snippet:-1","max-image-preview":"max-image-preview:large","max-video-preview":"max-video-preview:-1"},"canonical":"https:\/\/www.encontraparana.com.br\/toledo\/adolescentes-invadem-patio-da-guarda-municipal-em-toledo\/","og_locale":"pt_BR","og_type":"article","og_title":"Adolescentes invadem p\u00e1tio da Guarda Municipal em Toledo | Guia Comercial de Toledo PR","og_description":"Adolescentes s\u00e3o apreendidos ap\u00f3s tentativa de furto no p\u00e1tio da Guarda Municipal.","og_url":"https:\/\/www.encontraparana.com.br\/toledo\/adolescentes-invadem-patio-da-guarda-municipal-em-toledo\/","og_site_name":"Guia Comercial de Toledo PR","article_published_time":"2026-04-24T11:51:18+00:00","og_image":[{"url":"https:\/\/www.encontraparana.com.br\/toledo\/wp-content\/uploads\/2026\/04\/adolescentes-invadem-patio-da-guarda-municipal-em-toledo.webp","type":"","width":"","height":""}],"author":"Encontra Toledo","twitter_card":"summary_large_image","twitter_misc":{"Escrito por":"Encontra Toledo","Est. tempo de leitura":"3 minutos"},"schema":{"@context":"https:\/\/schema.org","@graph":[{"@type":"Article","@id":"https:\/\/www.encontraparana.com.br\/toledo\/adolescentes-invadem-patio-da-guarda-municipal-em-toledo\/#article","isPartOf":{"@id":"https:\/\/www.encontraparana.com.br\/toledo\/adolescentes-invadem-patio-da-guarda-municipal-em-toledo\/"},"author":{"name":"Encontra Toledo","@id":"https:\/\/www.encontraparana.com.br\/toledo\/#\/schema\/person\/3b3bd5c0e2969177418b8c8e4729fd0a"},"headline":"Adolescentes invadem p\u00e1tio da Guarda Municipal em Toledo","datePublished":"2026-04-24T11:51:18+00:00","mainEntityOfPage":{"@id":"https:\/\/www.encontraparana.com.br\/toledo\/adolescentes-invadem-patio-da-guarda-municipal-em-toledo\/"},"wordCount":617,"commentCount":0,"image":{"@id":"https:\/\/www.encontraparana.com.br\/toledo\/adolescentes-invadem-patio-da-guarda-municipal-em-toledo\/#primaryimage"},"thumbnailUrl":"https:\/\/www.encontraparana.com.br\/toledo\/wp-content\/uploads\/2026\/04\/adolescentes-invadem-patio-da-guarda-municipal-em-toledo.webp","articleSection":["Not\u00edcias Toledo"],"inLanguage":"pt-BR","potentialAction":[{"@type":"CommentAction","name":"Comment","target":["https:\/\/www.encontraparana.com.br\/toledo\/adolescentes-invadem-patio-da-guarda-municipal-em-toledo\/#respond"]}]},{"@type":"WebPage","@id":"https:\/\/www.encontraparana.com.br\/toledo\/adolescentes-invadem-patio-da-guarda-municipal-em-toledo\/","url":"https:\/\/www.encontraparana.com.br\/toledo\/adolescentes-invadem-patio-da-guarda-municipal-em-toledo\/","name":"Adolescentes invadem p\u00e1tio da Guarda Municipal em Toledo | Guia Comercial de Toledo PR","isPartOf":{"@id":"https:\/\/www.encontraparana.com.br\/toledo\/#website"},"primaryImageOfPage":{"@id":"https:\/\/www.encontraparana.com.br\/toledo\/adolescentes-invadem-patio-da-guarda-municipal-em-toledo\/#primaryimage"},"image":{"@id":"https:\/\/www.encontraparana.com.br\/toledo\/adolescentes-invadem-patio-da-guarda-municipal-em-toledo\/#primaryimage"},"thumbnailUrl":"https:\/\/www.encontraparana.com.br\/toledo\/wp-content\/uploads\/2026\/04\/adolescentes-invadem-patio-da-guarda-municipal-em-toledo.webp","datePublished":"2026-04-24T11:51:18+00:00","author":{"@id":"https:\/\/www.encontraparana.com.br\/toledo\/#\/schema\/person\/3b3bd5c0e2969177418b8c8e4729fd0a"},"inLanguage":"pt-BR","potentialAction":[{"@type":"ReadAction","target":["https:\/\/www.encontraparana.com.br\/toledo\/adolescentes-invadem-patio-da-guarda-municipal-em-toledo\/"]}]},{"@type":"ImageObject","inLanguage":"pt-BR","@id":"https:\/\/www.encontraparana.com.br\/toledo\/adolescentes-invadem-patio-da-guarda-municipal-em-toledo\/#primaryimage","url":"https:\/\/www.encontraparana.com.br\/toledo\/wp-content\/uploads\/2026\/04\/adolescentes-invadem-patio-da-guarda-municipal-em-toledo.webp","contentUrl":"https:\/\/www.encontraparana.com.br\/toledo\/wp-content\/uploads\/2026\/04\/adolescentes-invadem-patio-da-guarda-municipal-em-toledo.webp","width":280,"height":280,"caption":"Adolescentes invadem p\u00e1tio da Guarda Municipal em Toledo"},{"@type":"WebSite","@id":"https:\/\/www.encontraparana.com.br\/toledo\/#website","url":"https:\/\/www.encontraparana.com.br\/toledo\/","name":"Guia Comercial de Toledo PR","description":"ENCONTRA TOLEDO - O guia comercial de neg\u00f3cios e empresas, cultura e divers\u00e3o na cidade de Toledo. Feito 100% para voc\u00ea morador!","potentialAction":[{"@type":"SearchAction","target":{"@type":"EntryPoint","urlTemplate":"https:\/\/www.encontraparana.com.br\/toledo\/?s={search_term_string}"},"query-input":{"@type":"PropertyValueSpecification","valueRequired":true,"valueName":"search_term_string"}}],"inLanguage":"pt-BR"},{"@type":"Person","@id":"https:\/\/www.encontraparana.com.br\/toledo\/#\/schema\/person\/3b3bd5c0e2969177418b8c8e4729fd0a","name":"Encontra Toledo","image":{"@type":"ImageObject","inLanguage":"pt-BR","@id":"https:\/\/secure.gravatar.com\/avatar\/c50c17820bcf322f0a8fd6b110b8c0918141409dc69076470f6fca5fee70a5d4?s=96&d=mm&r=g","url":"https:\/\/secure.gravatar.com\/avatar\/c50c17820bcf322f0a8fd6b110b8c0918141409dc69076470f6fca5fee70a5d4?s=96&d=mm&r=g","contentUrl":"https:\/\/secure.gravatar.com\/avatar\/c50c17820bcf322f0a8fd6b110b8c0918141409dc69076470f6fca5fee70a5d4?s=96&d=mm&r=g","caption":"Encontra Toledo"},"url":"https:\/\/www.encontraparana.com.br\/toledo\/author\/encontratoledo\/"}]}},"_links":{"self":[{"href":"https:\/\/www.encontraparana.com.br\/toledo\/wp-json\/wp\/v2\/posts\/4955","targetHints":{"allow":["GET"]}}],"collection":[{"href":"https:\/\/www.encontraparana.com.br\/toledo\/wp-json\/wp\/v2\/posts"}],"about":[{"href":"https:\/\/www.encontraparana.com.br\/toledo\/wp-json\/wp\/v2\/types\/post"}],"author":[{"embeddable":true,"href":"https:\/\/www.encontraparana.com.br\/toledo\/wp-json\/wp\/v2\/users\/1"}],"replies":[{"embeddable":true,"href":"https:\/\/www.encontraparana.com.br\/toledo\/wp-json\/wp\/v2\/comments?post=4955"}],"version-history":[{"count":0,"href":"https:\/\/www.encontraparana.com.br\/toledo\/wp-json\/wp\/v2\/posts\/4955\/revisions"}],"wp:featuredmedia":[{"embeddable":true,"href":"https:\/\/www.encontraparana.com.br\/toledo\/wp-json\/wp\/v2\/media\/4954"}],"wp:attachment":[{"href":"https:\/\/www.encontraparana.com.br\/toledo\/wp-json\/wp\/v2\/media?parent=4955"}],"wp:term":[{"taxonomy":"category","embeddable":true,"href":"https:\/\/www.encontraparana.com.br\/toledo\/wp-json\/wp\/v2\/categories?post=4955"},{"taxonomy":"post_tag","embeddable":true,"href":"https:\/\/www.encontraparana.com.br\/toledo\/wp-json\/wp\/v2\/tags?post=4955"}],"curies":[{"name":"wp","href":"https:\/\/api.w.org\/{rel}","templated":true}]}}