{"id":5038,"date":"2026-05-12T08:38:25","date_gmt":"2026-05-12T11:38:25","guid":{"rendered":"https:\/\/www.encontraparana.com.br\/toledo\/esf-alto-panorama-recebe-capacitacao-sobre-implanon-para-enfermeiros\/"},"modified":"2026-05-12T08:38:25","modified_gmt":"2026-05-12T11:38:25","slug":"esf-alto-panorama-recebe-capacitacao-sobre-implanon-para-enfermeiros","status":"publish","type":"post","link":"https:\/\/www.encontraparana.com.br\/toledo\/esf-alto-panorama-recebe-capacitacao-sobre-implanon-para-enfermeiros\/","title":{"rendered":"ESF Alto Panorama recebe capacita\u00e7\u00e3o sobre Implanon para enfermeiros"},"content":{"rendered":"<h2>O que \u00e9 o Implanon?<\/h2>\n<p>O Implanon \u00e9 um <strong>implante contraceptivo subd\u00e9rmico<\/strong> de longa dura\u00e7\u00e3o, utilizado para prevenir a gravidez. Este dispositivo pequeno e flex\u00edvel \u00e9 inserido sob a pele do antebra\u00e7o e pode proporcionar prote\u00e7\u00e3o contraceptiva por at\u00e9 tr\u00eas anos. A sua efic\u00e1cia \u00e9 superior a 99%, tornando-se uma das op\u00e7\u00f5es mais confi\u00e1veis de contracep\u00e7\u00e3o dispon\u00edveis atualmente.<\/p>\n<h2>Import\u00e2ncia da Capacita\u00e7\u00e3o para Enfermeiros<\/h2>\n<p>A capacita\u00e7\u00e3o de enfermeiros \u00e9 essencial para garantir que eles possuam as habilidades necess\u00e1rias para realizar inser\u00e7\u00f5es de dispositivos contraceptivos como o Implanon de maneira segura e eficaz. A forma\u00e7\u00e3o cont\u00ednua fortalece a compet\u00eancia profissional, al\u00e9m de assegurar que as orienta\u00e7\u00f5es e pr\u00e1ticas estejam alinhadas com as diretrizes de sa\u00fade.<\/p>\n<h2>Benef\u00edcios do Implanon na Sa\u00fade Feminina<\/h2>\n<p>Os benef\u00edcios do Implanon na sa\u00fade feminina s\u00e3o amplos. Entre eles, destacam-se:<\/p>\n<ul>\n<li><strong>Confiabilidade:<\/strong> Alta taxa de efic\u00e1cia em prevenir a gravidez.<\/li>\n<li><strong>Praticidade:<\/strong> N\u00e3o requer supervis\u00e3o di\u00e1ria como p\u00edlulas anticoncepcionais.<\/li>\n<li><strong>Retorno r\u00e1pido \u00e0 fertilidade:<\/strong> Ap\u00f3s a remo\u00e7\u00e3o, a fertilidade da mulher volta a ser instantaneamente restaurada.<\/li>\n<li><strong>Menstrua\u00e7\u00e3o regularizada:<\/strong> Algumas mulheres relatam melhoras no padr\u00e3o menstrual, como diminui\u00e7\u00e3o da dor e do fluxo.<\/li>\n<\/ul>\n<h2>Como foi o Curso na ESF Alto Panorama?<\/h2>\n<p>No ESF Alto Panorama, o curso de capacita\u00e7\u00e3o sobre o Implanon para enfermeiros foi o primeiro do tipo realizado no munic\u00edpio. O evento ocorreu na sala de reuni\u00f5es da unidade, com a participa\u00e7\u00e3o de nove enfermeiros que se reuniram para aprender sobre a t\u00e9cnica de inser\u00e7\u00e3o do implante.<\/p>\n<h2>O Perfil dos Participantes do Curso<\/h2>\n<p>Os participantes do curso eram enfermeiros atuantes em unidades de sa\u00fade do munic\u00edpio que demonstraram interesse em expandir suas compet\u00eancias relacionadas \u00e0 sa\u00fade reprodutiva. Essa diversidade em forma\u00e7\u00e3o profissional enriqueceu as discuss\u00f5es e intera\u00e7\u00f5es durante o encontro.<\/p>\n<h2>Ensino sobre Direitos Sexuais Reprodutivos<\/h2>\n<p>Durante a capacita\u00e7\u00e3o, foi abordada a import\u00e2ncia dos direitos sexuais reprodutivos. Os enfermeiros aprenderam sobre a necessidade de proporcionar informa\u00e7\u00f5es e servi\u00e7os acess\u00edveis \u00e0s pacientes, sendo fundamentais para que as mulheres possam tomar decis\u00f5es informadas sobre sua sa\u00fade reprodutiva.<\/p>\n<h2>Protocolos Municipais de Atendimento<\/h2>\n<p>Os protocolos de atendimento do munic\u00edpio foram um ponto de destaque no curso. Os enfermeiros foram orientados a entender e aplicar diretrizes estabelecidas para a sa\u00fade da mulher, visando assegurar que as pr\u00e1ticas adotadas estejam em conformidade com as pol\u00edticas p\u00fablicas de sa\u00fade.<\/p>\n<h2>Legisla\u00e7\u00e3o do Minist\u00e9rio da Sa\u00fade<\/h2>\n<p>O curso tamb\u00e9m abordou a legisla\u00e7\u00e3o espec\u00edfica do Minist\u00e9rio da Sa\u00fade e do Conselho Federal de Enfermagem (Cofen). Isso garantiu que os enfermeiros estivessem cientes das normas legais que regem a inser\u00e7\u00e3o de m\u00e9todos contraceptivos, fortalecendo o respeito \u00e0s diretrizes profissionais e \u00e9ticas na pr\u00e1tica de enfermagem.<\/p>\n<h2>Pr\u00e1ticas e D\u00favidas Comuns sobre o Implanon<\/h2>\n<p>Um dos principais focos da capacita\u00e7\u00e3o foi a resolu\u00e7\u00e3o de d\u00favidas comuns relacionadas ao Implanon. Os enfermeiros tiveram a oportunidade de discutir quest\u00f5es pr\u00e1ticas, como a t\u00e9cnica de inser\u00e7\u00e3o e remo\u00e7\u00e3o do dispositivo, frequ\u00eancia de acompanhamento e gest\u00e3o de poss\u00edveis efeitos colaterais.<\/p>\n<h2>Impacto da Capacita\u00e7\u00e3o em Unidades de Sa\u00fade<\/h2>\n<p>A capacita\u00e7\u00e3o impacta diretamente as unidades de sa\u00fade, pois enfermeiros bem treinados podem aumentar a disponibilidade e a qualidade dos servi\u00e7os de sa\u00fade reprodutiva. Al\u00e9m disso, essa forma\u00e7\u00e3o amplia o acesso das mulheres aos m\u00e9todos contraceptivos, contribuindo para a redu\u00e7\u00e3o de taxas de gravidez indesejada e promo\u00e7\u00e3o da sa\u00fade das mulheres.<\/p>\n<p>Com isso, espera-se que, ao longo do tempo, os resultados dessa capacita\u00e7\u00e3o se traduzam em uma melhora significativa na qualidade dos servi\u00e7os prestados, garantindo que mais mulheres tenham acesso a informa\u00e7\u00f5es e m\u00e9todos contraceptivos seguros e eficazes.<\/p>\n","protected":false},"excerpt":{"rendered":"<p>Capacita\u00e7\u00e3o em Implanon para enfermeiros: entenda a import\u00e2ncia desse treinamento.<\/p>\n","protected":false},"author":1,"featured_media":0,"comment_status":"open","ping_status":"open","sticky":false,"template":"","format":"standard","meta":{"footnotes":""},"categories":[896],"tags":[],"class_list":["post-5038","post","type-post","status-publish","format-standard","hentry","category-cursos"],"yoast_head":"<!-- This site is optimized with the Yoast SEO plugin v28.1 - https:\/\/yoast.com\/product\/yoast-seo-wordpress\/ -->\n<title>ESF Alto Panorama recebe capacita\u00e7\u00e3o sobre Implanon para enfermeiros | Guia Comercial de Toledo PR<\/title>\n<meta name=\"robots\" content=\"index, follow, max-snippet:-1, max-image-preview:large, max-video-preview:-1\" \/>\n<link rel=\"canonical\" href=\"https:\/\/www.encontraparana.com.br\/toledo\/esf-alto-panorama-recebe-capacitacao-sobre-implanon-para-enfermeiros\/\" \/>\n<meta property=\"og:locale\" content=\"pt_BR\" \/>\n<meta property=\"og:type\" content=\"article\" \/>\n<meta property=\"og:title\" content=\"ESF Alto Panorama recebe capacita\u00e7\u00e3o sobre Implanon para enfermeiros | Guia Comercial de Toledo PR\" \/>\n<meta property=\"og:description\" content=\"Capacita\u00e7\u00e3o em Implanon para enfermeiros: entenda a import\u00e2ncia desse treinamento.\" \/>\n<meta property=\"og:url\" content=\"https:\/\/www.encontraparana.com.br\/toledo\/esf-alto-panorama-recebe-capacitacao-sobre-implanon-para-enfermeiros\/\" \/>\n<meta property=\"og:site_name\" content=\"Guia Comercial de Toledo PR\" \/>\n<meta property=\"article:published_time\" content=\"2026-05-12T11:38:25+00:00\" \/>\n<meta name=\"author\" content=\"Encontra Toledo\" \/>\n<meta name=\"twitter:card\" content=\"summary_large_image\" \/>\n<meta name=\"twitter:label1\" content=\"Escrito por\" \/>\n\t<meta name=\"twitter:data1\" content=\"Encontra Toledo\" \/>\n\t<meta name=\"twitter:label2\" content=\"Est. tempo de leitura\" \/>\n\t<meta name=\"twitter:data2\" content=\"3 minutos\" \/>\n<script type=\"application\/ld+json\" class=\"yoast-schema-graph\">{\"@context\":\"https:\\\/\\\/schema.org\",\"@graph\":[{\"@type\":\"Article\",\"@id\":\"https:\\\/\\\/www.encontraparana.com.br\\\/toledo\\\/esf-alto-panorama-recebe-capacitacao-sobre-implanon-para-enfermeiros\\\/#article\",\"isPartOf\":{\"@id\":\"https:\\\/\\\/www.encontraparana.com.br\\\/toledo\\\/esf-alto-panorama-recebe-capacitacao-sobre-implanon-para-enfermeiros\\\/\"},\"author\":{\"name\":\"Encontra Toledo\",\"@id\":\"https:\\\/\\\/www.encontraparana.com.br\\\/toledo\\\/#\\\/schema\\\/person\\\/3b3bd5c0e2969177418b8c8e4729fd0a\"},\"headline\":\"ESF Alto Panorama recebe capacita\u00e7\u00e3o sobre Implanon para enfermeiros\",\"datePublished\":\"2026-05-12T11:38:25+00:00\",\"mainEntityOfPage\":{\"@id\":\"https:\\\/\\\/www.encontraparana.com.br\\\/toledo\\\/esf-alto-panorama-recebe-capacitacao-sobre-implanon-para-enfermeiros\\\/\"},\"wordCount\":673,\"commentCount\":0,\"articleSection\":[\"Cursos Toledo\"],\"inLanguage\":\"pt-BR\",\"potentialAction\":[{\"@type\":\"CommentAction\",\"name\":\"Comment\",\"target\":[\"https:\\\/\\\/www.encontraparana.com.br\\\/toledo\\\/esf-alto-panorama-recebe-capacitacao-sobre-implanon-para-enfermeiros\\\/#respond\"]}]},{\"@type\":\"WebPage\",\"@id\":\"https:\\\/\\\/www.encontraparana.com.br\\\/toledo\\\/esf-alto-panorama-recebe-capacitacao-sobre-implanon-para-enfermeiros\\\/\",\"url\":\"https:\\\/\\\/www.encontraparana.com.br\\\/toledo\\\/esf-alto-panorama-recebe-capacitacao-sobre-implanon-para-enfermeiros\\\/\",\"name\":\"ESF Alto Panorama recebe capacita\u00e7\u00e3o sobre Implanon para enfermeiros | Guia Comercial de Toledo PR\",\"isPartOf\":{\"@id\":\"https:\\\/\\\/www.encontraparana.com.br\\\/toledo\\\/#website\"},\"datePublished\":\"2026-05-12T11:38:25+00:00\",\"author\":{\"@id\":\"https:\\\/\\\/www.encontraparana.com.br\\\/toledo\\\/#\\\/schema\\\/person\\\/3b3bd5c0e2969177418b8c8e4729fd0a\"},\"inLanguage\":\"pt-BR\",\"potentialAction\":[{\"@type\":\"ReadAction\",\"target\":[\"https:\\\/\\\/www.encontraparana.com.br\\\/toledo\\\/esf-alto-panorama-recebe-capacitacao-sobre-implanon-para-enfermeiros\\\/\"]}]},{\"@type\":\"WebSite\",\"@id\":\"https:\\\/\\\/www.encontraparana.com.br\\\/toledo\\\/#website\",\"url\":\"https:\\\/\\\/www.encontraparana.com.br\\\/toledo\\\/\",\"name\":\"Guia Comercial de Toledo PR\",\"description\":\"ENCONTRA TOLEDO - O guia comercial de neg\u00f3cios e empresas, cultura e divers\u00e3o na cidade de Toledo. Feito 100% para voc\u00ea morador!\",\"potentialAction\":[{\"@type\":\"SearchAction\",\"target\":{\"@type\":\"EntryPoint\",\"urlTemplate\":\"https:\\\/\\\/www.encontraparana.com.br\\\/toledo\\\/?s={search_term_string}\"},\"query-input\":{\"@type\":\"PropertyValueSpecification\",\"valueRequired\":true,\"valueName\":\"search_term_string\"}}],\"inLanguage\":\"pt-BR\"},{\"@type\":\"Person\",\"@id\":\"https:\\\/\\\/www.encontraparana.com.br\\\/toledo\\\/#\\\/schema\\\/person\\\/3b3bd5c0e2969177418b8c8e4729fd0a\",\"name\":\"Encontra Toledo\",\"image\":{\"@type\":\"ImageObject\",\"inLanguage\":\"pt-BR\",\"@id\":\"https:\\\/\\\/secure.gravatar.com\\\/avatar\\\/c50c17820bcf322f0a8fd6b110b8c0918141409dc69076470f6fca5fee70a5d4?s=96&d=mm&r=g\",\"url\":\"https:\\\/\\\/secure.gravatar.com\\\/avatar\\\/c50c17820bcf322f0a8fd6b110b8c0918141409dc69076470f6fca5fee70a5d4?s=96&d=mm&r=g\",\"contentUrl\":\"https:\\\/\\\/secure.gravatar.com\\\/avatar\\\/c50c17820bcf322f0a8fd6b110b8c0918141409dc69076470f6fca5fee70a5d4?s=96&d=mm&r=g\",\"caption\":\"Encontra Toledo\"},\"url\":\"https:\\\/\\\/www.encontraparana.com.br\\\/toledo\\\/author\\\/encontratoledo\\\/\"}]}<\/script>\n<!-- \/ Yoast SEO plugin. -->","yoast_head_json":{"title":"ESF Alto Panorama recebe capacita\u00e7\u00e3o sobre Implanon para enfermeiros | Guia Comercial de Toledo PR","robots":{"index":"index","follow":"follow","max-snippet":"max-snippet:-1","max-image-preview":"max-image-preview:large","max-video-preview":"max-video-preview:-1"},"canonical":"https:\/\/www.encontraparana.com.br\/toledo\/esf-alto-panorama-recebe-capacitacao-sobre-implanon-para-enfermeiros\/","og_locale":"pt_BR","og_type":"article","og_title":"ESF Alto Panorama recebe capacita\u00e7\u00e3o sobre Implanon para enfermeiros | Guia Comercial de Toledo PR","og_description":"Capacita\u00e7\u00e3o em Implanon para enfermeiros: entenda a import\u00e2ncia desse treinamento.","og_url":"https:\/\/www.encontraparana.com.br\/toledo\/esf-alto-panorama-recebe-capacitacao-sobre-implanon-para-enfermeiros\/","og_site_name":"Guia Comercial de Toledo PR","article_published_time":"2026-05-12T11:38:25+00:00","author":"Encontra Toledo","twitter_card":"summary_large_image","twitter_misc":{"Escrito por":"Encontra Toledo","Est. tempo de leitura":"3 minutos"},"schema":{"@context":"https:\/\/schema.org","@graph":[{"@type":"Article","@id":"https:\/\/www.encontraparana.com.br\/toledo\/esf-alto-panorama-recebe-capacitacao-sobre-implanon-para-enfermeiros\/#article","isPartOf":{"@id":"https:\/\/www.encontraparana.com.br\/toledo\/esf-alto-panorama-recebe-capacitacao-sobre-implanon-para-enfermeiros\/"},"author":{"name":"Encontra Toledo","@id":"https:\/\/www.encontraparana.com.br\/toledo\/#\/schema\/person\/3b3bd5c0e2969177418b8c8e4729fd0a"},"headline":"ESF Alto Panorama recebe capacita\u00e7\u00e3o sobre Implanon para enfermeiros","datePublished":"2026-05-12T11:38:25+00:00","mainEntityOfPage":{"@id":"https:\/\/www.encontraparana.com.br\/toledo\/esf-alto-panorama-recebe-capacitacao-sobre-implanon-para-enfermeiros\/"},"wordCount":673,"commentCount":0,"articleSection":["Cursos Toledo"],"inLanguage":"pt-BR","potentialAction":[{"@type":"CommentAction","name":"Comment","target":["https:\/\/www.encontraparana.com.br\/toledo\/esf-alto-panorama-recebe-capacitacao-sobre-implanon-para-enfermeiros\/#respond"]}]},{"@type":"WebPage","@id":"https:\/\/www.encontraparana.com.br\/toledo\/esf-alto-panorama-recebe-capacitacao-sobre-implanon-para-enfermeiros\/","url":"https:\/\/www.encontraparana.com.br\/toledo\/esf-alto-panorama-recebe-capacitacao-sobre-implanon-para-enfermeiros\/","name":"ESF Alto Panorama recebe capacita\u00e7\u00e3o sobre Implanon para enfermeiros | Guia Comercial de Toledo PR","isPartOf":{"@id":"https:\/\/www.encontraparana.com.br\/toledo\/#website"},"datePublished":"2026-05-12T11:38:25+00:00","author":{"@id":"https:\/\/www.encontraparana.com.br\/toledo\/#\/schema\/person\/3b3bd5c0e2969177418b8c8e4729fd0a"},"inLanguage":"pt-BR","potentialAction":[{"@type":"ReadAction","target":["https:\/\/www.encontraparana.com.br\/toledo\/esf-alto-panorama-recebe-capacitacao-sobre-implanon-para-enfermeiros\/"]}]},{"@type":"WebSite","@id":"https:\/\/www.encontraparana.com.br\/toledo\/#website","url":"https:\/\/www.encontraparana.com.br\/toledo\/","name":"Guia Comercial de Toledo PR","description":"ENCONTRA TOLEDO - O guia comercial de neg\u00f3cios e empresas, cultura e divers\u00e3o na cidade de Toledo. Feito 100% para voc\u00ea morador!","potentialAction":[{"@type":"SearchAction","target":{"@type":"EntryPoint","urlTemplate":"https:\/\/www.encontraparana.com.br\/toledo\/?s={search_term_string}"},"query-input":{"@type":"PropertyValueSpecification","valueRequired":true,"valueName":"search_term_string"}}],"inLanguage":"pt-BR"},{"@type":"Person","@id":"https:\/\/www.encontraparana.com.br\/toledo\/#\/schema\/person\/3b3bd5c0e2969177418b8c8e4729fd0a","name":"Encontra Toledo","image":{"@type":"ImageObject","inLanguage":"pt-BR","@id":"https:\/\/secure.gravatar.com\/avatar\/c50c17820bcf322f0a8fd6b110b8c0918141409dc69076470f6fca5fee70a5d4?s=96&d=mm&r=g","url":"https:\/\/secure.gravatar.com\/avatar\/c50c17820bcf322f0a8fd6b110b8c0918141409dc69076470f6fca5fee70a5d4?s=96&d=mm&r=g","contentUrl":"https:\/\/secure.gravatar.com\/avatar\/c50c17820bcf322f0a8fd6b110b8c0918141409dc69076470f6fca5fee70a5d4?s=96&d=mm&r=g","caption":"Encontra Toledo"},"url":"https:\/\/www.encontraparana.com.br\/toledo\/author\/encontratoledo\/"}]}},"_links":{"self":[{"href":"https:\/\/www.encontraparana.com.br\/toledo\/wp-json\/wp\/v2\/posts\/5038","targetHints":{"allow":["GET"]}}],"collection":[{"href":"https:\/\/www.encontraparana.com.br\/toledo\/wp-json\/wp\/v2\/posts"}],"about":[{"href":"https:\/\/www.encontraparana.com.br\/toledo\/wp-json\/wp\/v2\/types\/post"}],"author":[{"embeddable":true,"href":"https:\/\/www.encontraparana.com.br\/toledo\/wp-json\/wp\/v2\/users\/1"}],"replies":[{"embeddable":true,"href":"https:\/\/www.encontraparana.com.br\/toledo\/wp-json\/wp\/v2\/comments?post=5038"}],"version-history":[{"count":0,"href":"https:\/\/www.encontraparana.com.br\/toledo\/wp-json\/wp\/v2\/posts\/5038\/revisions"}],"wp:attachment":[{"href":"https:\/\/www.encontraparana.com.br\/toledo\/wp-json\/wp\/v2\/media?parent=5038"}],"wp:term":[{"taxonomy":"category","embeddable":true,"href":"https:\/\/www.encontraparana.com.br\/toledo\/wp-json\/wp\/v2\/categories?post=5038"},{"taxonomy":"post_tag","embeddable":true,"href":"https:\/\/www.encontraparana.com.br\/toledo\/wp-json\/wp\/v2\/tags?post=5038"}],"curies":[{"name":"wp","href":"https:\/\/api.w.org\/{rel}","templated":true}]}}