{"id":5045,"date":"2026-05-13T08:29:43","date_gmt":"2026-05-13T11:29:43","guid":{"rendered":"https:\/\/www.encontraparana.com.br\/toledo\/cer-ii-realiza-acao-de-homenagem-na-semana-do-dia-das-maes\/"},"modified":"2026-05-13T08:29:43","modified_gmt":"2026-05-13T11:29:43","slug":"cer-ii-realiza-acao-de-homenagem-na-semana-do-dia-das-maes","status":"publish","type":"post","link":"https:\/\/www.encontraparana.com.br\/toledo\/cer-ii-realiza-acao-de-homenagem-na-semana-do-dia-das-maes\/","title":{"rendered":"CER II realiza a\u00e7\u00e3o de homenagem na semana do Dia das M\u00e3es"},"content":{"rendered":"<h2>A Import\u00e2ncia da Comemora\u00e7\u00e3o do Dia das M\u00e3es<\/h2>\n<p>O Dia das M\u00e3es \u00e9 uma data especial que celebra o papel vital que essas figuras desempenham em nossas vidas. A import\u00e2ncia dessa comemora\u00e7\u00e3o vai al\u00e9m das simples festividades, refletindo um reconhecimento profundo e sincero pelo amor, dedica\u00e7\u00e3o e sacrif\u00edcio das m\u00e3es. Essa ocasi\u00e3o oportuniza momentos de conex\u00e3o, gratid\u00e3o e valoriza\u00e7\u00e3o de seus esfor\u00e7os, promovendo um fortalecimento dos la\u00e7os familiares.<\/p>\n<h2>Como o CER II Celebra com as M\u00e3es dos Pacientes<\/h2>\n<p>O Centro Especializado de Reabilita\u00e7\u00e3o (CER II) se destacou ao realizar uma significativa a\u00e7\u00e3o para homenagear as m\u00e3es e respons\u00e1veis dos pacientes atendidos. No dia 7 de maio, uma s\u00e9rie de atividades foi programada para expressar o carinho e apre\u00e7o da equipe pelos familiares. A a\u00e7\u00e3o incluiu a distribui\u00e7\u00e3o de brindes atrav\u00e9s de sorteios, permitindo que um total de 42 m\u00e3es fossem agraciadas, criando um ambiente de festividade e alegria.<\/p>\n<h2>O que Inclu\u00eda os Brindes Distribu\u00eddos<\/h2>\n<p>Os kits entregues \u00e0s m\u00e3es continham variados itens que estavam no esp\u00edrito de autocuidado e bem-estar. Entre os brindes estavam:<\/p>\n<p><img decoding=\"async\" src=\"https:\/\/www.encontraparana.com.br\/toledo\/wp-content\/uploads\/2026\/05\/cer-ii-realiza-acao-de-homenagem-na-semana-do-dia-das-maes.webp\" alt=\"CER II\" loading=\"lazy\" \/><\/p>\n<ul>\n<li><strong>Shampoo e Condicionador:<\/strong> Produtos essenciais para cuidados pessoais.<\/li>\n<li><strong>Maquiagens:<\/strong> Itens que incentivam a autoexpress\u00e3o e autoestima.<\/li>\n<li><strong>Artigos de Higiene:<\/strong> Produtos que ajudam a promover o autocuidado di\u00e1rio.<\/li>\n<li><strong>Utens\u00edlios para Casa:<\/strong> Itens que ajudam no dia a dia das fam\u00edlias.<\/li>\n<\/ul>\n<p>Esses itens foram cuidadosamente arrecadados por meio de doa\u00e7\u00f5es, destacando a import\u00e2ncia da colabora\u00e7\u00e3o da comunidade em prol de a\u00e7\u00f5es sociais significativas.<\/p>\n<h2>Depoimentos das M\u00e3es Participantes<\/h2>\n<p>A participa\u00e7\u00e3o das m\u00e3es na a\u00e7\u00e3o foi marcada por momentos emocionantes. Algumas expressaram sua gratid\u00e3o em reconhecer o esfor\u00e7o do CER II em proporcionar um dia especial, destacando o apoio que recebem. &#8220;Sentir-se valorizada \u00e9 muito importante, e a\u00e7\u00f5es como essas nos incentivam a cuidar de n\u00f3s mesmas&#8221;, comentou uma das m\u00e3es participantes, refor\u00e7ando a import\u00e2ncia do autocuidado.<\/p>\n<h2>Iniciativas de Valoriza\u00e7\u00e3o no CER II<\/h2>\n<p>O CER II procura constantemente implementar iniciativas que promovam a valoriza\u00e7\u00e3o das fam\u00edlias. Essas a\u00e7\u00f5es visam fortalecer o v\u00ednculo entre a equipe e os usu\u00e1rios, criando um ambiente acolhedor e encorajador. Al\u00e9m das comemora\u00e7\u00f5es de datas como o Dia das M\u00e3es, o centro realiza encontros regulares, palestras e oficinas que incentivam o di\u00e1logo e a troca de experi\u00eancias.<\/p>\n<h2>A Equipe Multiprofissional do CER II<\/h2>\n<p>O sucesso das a\u00e7\u00f5es realizadas no CER II \u00e9 resultado do trabalho colaborativo de uma equipe multiprofissional altamente qualificada. A equipe inclui:<\/p>\n<ul>\n<li><strong>Psic\u00f3logos:<\/strong> Oferecem suporte emocional e psicol\u00f3gico.<\/li>\n<li><strong>Fonoaudi\u00f3logos:<\/strong> Ajudam na comunica\u00e7\u00e3o e linguagem.<\/li>\n<li><strong>Terapeutas Ocupacionais:<\/strong> Facilitam o desenvolvimento de habilidades pr\u00e1ticas.<\/li>\n<li><strong>Fisioterapeutas:<\/strong> Contribuem para a reabilita\u00e7\u00e3o f\u00edsica.<\/li>\n<li><strong>Nutricionistas:<\/strong> Fornecem orienta\u00e7\u00f5es sobre sa\u00fade e nutri\u00e7\u00e3o.<\/li>\n<li><strong>Assistentes Sociais:<\/strong> Apoiam na inser\u00e7\u00e3o social e no suporte familiar.<\/li>\n<li><strong>Enfermeiros e T\u00e9cnicos em Enfermagem:<\/strong> Cuidam do bem-estar dos pacientes.<\/li>\n<li><strong>M\u00e9dicos Psiquiatras e Ortopedistas:<\/strong> Monitoram a sa\u00fade mental e f\u00edsica. <\/li>\n<\/ul>\n<p>Essa diversidade de profissionais permite um atendimento amplo, que considera as v\u00e1rias dimens\u00f5es da reabilita\u00e7\u00e3o.<\/p>\n<h2>O Papel do Autocuidado Durante a Maternidade<\/h2>\n<p>O autocuidado \u00e9 essencial para que as m\u00e3es possam lidar com os desafios da maternidade. Durante o evento, foi enfatizado que cuidar de si mesmas \u00e9 t\u00e3o importante quanto cuidar de seus filhos. Atividades que promovem bem-estar, como medita\u00e7\u00e3o e exerc\u00edcios f\u00edsicos, foram sugeridas como pr\u00e1ticas cotidianas, criando um espa\u00e7o no dia a dia para que as m\u00e3es possam recarregar suas energias.<\/p>\n<h2>Momentos de Alegria e Celebra\u00e7\u00e3o<\/h2>\n<p>A celebra\u00e7\u00e3o no CER II n\u00e3o se limitou \u00e0 entrega de brindes. O ambiente foi preenchido por risadas, trocas de hist\u00f3rias e momentos de alegria. As m\u00e3es compartilham suas experi\u00eancias, criando uma rede de apoio e amizade entre elas. A m\u00fasica e a pequenas atividades interativas tamb\u00e9m fizeram parte do evento, transformando o Dia das M\u00e3es em uma verdadeira festa.<\/p>\n<h2>Reflex\u00e3o sobre o V\u00ednculo Familiar<\/h2>\n<p>Atrav\u00e9s dessa a\u00e7\u00e3o, o CER II n\u00e3o apenas homenageou as m\u00e3es, mas tamb\u00e9m refor\u00e7ou a import\u00e2ncia dos v\u00ednculos familiares. Os la\u00e7os que se formam entre m\u00e3es e filhos s\u00e3o fundamentais para o desenvolvimento emocional e social das crian\u00e7as. Esta celebra\u00e7\u00e3o serviu como um lembrete de que a maternidade \u00e9 uma jornada compartilhada, onde todos podem aprender e crescer juntos.<\/p>\n<h2>Pr\u00f3ximas A\u00e7\u00f5es do CER II em Homenagem \u00e0s Fam\u00edlias<\/h2>\n<p>O CER II j\u00e1 planeja novas a\u00e7\u00f5es para valorizar ainda mais as fam\u00edlias atendidas. Entre as ideias est\u00e3o:<\/p>\n<ul>\n<li><strong>Oficinas de Acompanhamento:<\/strong> Para compartilhar experi\u00eancias e discutir temas de interesse das m\u00e3es.<\/li>\n<li><strong>Eventos Tem\u00e1ticos:<\/strong> Com comemora\u00e7\u00f5es que envolvem diferentes datas e celebra\u00e7\u00f5es.<\/li>\n<li><strong>Programas Educativos:<\/strong> Que abordam sa\u00fade mental e autocuidado.<\/li>\n<\/ul>\n<p>Essas iniciativas visam n\u00e3o s\u00f3 promover intera\u00e7\u00e3o, mas tamb\u00e9m o aprendizado cont\u00ednuo, fortalecendo assim a rede de apoio que o CER II oferece \u00e0s fam\u00edlias.<\/p>\n","protected":false},"excerpt":{"rendered":"<p>CER II promove a\u00e7\u00e3o especial em homenagem ao Dia das M\u00e3es com brindes e valoriza\u00e7\u00e3o.<\/p>\n","protected":false},"author":1,"featured_media":5044,"comment_status":"open","ping_status":"open","sticky":false,"template":"","format":"standard","meta":{"footnotes":""},"categories":[5],"tags":[],"class_list":["post-5045","post","type-post","status-publish","format-standard","has-post-thumbnail","hentry","category-noticias","has_thumb"],"yoast_head":"<!-- This site is optimized with the Yoast SEO plugin v28.1 - https:\/\/yoast.com\/product\/yoast-seo-wordpress\/ -->\n<title>CER II realiza a\u00e7\u00e3o de homenagem na semana do Dia das M\u00e3es | Guia Comercial de Toledo PR<\/title>\n<meta name=\"robots\" content=\"index, follow, max-snippet:-1, max-image-preview:large, max-video-preview:-1\" \/>\n<link rel=\"canonical\" href=\"https:\/\/www.encontraparana.com.br\/toledo\/cer-ii-realiza-acao-de-homenagem-na-semana-do-dia-das-maes\/\" \/>\n<meta property=\"og:locale\" content=\"pt_BR\" \/>\n<meta property=\"og:type\" content=\"article\" \/>\n<meta property=\"og:title\" content=\"CER II realiza a\u00e7\u00e3o de homenagem na semana do Dia das M\u00e3es | Guia Comercial de Toledo PR\" \/>\n<meta property=\"og:description\" content=\"CER II promove a\u00e7\u00e3o especial em homenagem ao Dia das M\u00e3es com brindes e valoriza\u00e7\u00e3o.\" \/>\n<meta property=\"og:url\" content=\"https:\/\/www.encontraparana.com.br\/toledo\/cer-ii-realiza-acao-de-homenagem-na-semana-do-dia-das-maes\/\" \/>\n<meta property=\"og:site_name\" content=\"Guia Comercial de Toledo PR\" \/>\n<meta property=\"article:published_time\" content=\"2026-05-13T11:29:43+00:00\" \/>\n<meta property=\"og:image\" content=\"https:\/\/www.encontraparana.com.br\/toledo\/wp-content\/uploads\/2026\/05\/cer-ii-realiza-acao-de-homenagem-na-semana-do-dia-das-maes.webp\" \/>\n\t<meta property=\"og:image:width\" content=\"280\" \/>\n\t<meta property=\"og:image:height\" content=\"280\" \/>\n\t<meta property=\"og:image:type\" content=\"image\/webp\" \/>\n<meta name=\"author\" content=\"Encontra Toledo\" \/>\n<meta name=\"twitter:card\" content=\"summary_large_image\" \/>\n<meta name=\"twitter:label1\" content=\"Escrito por\" \/>\n\t<meta name=\"twitter:data1\" content=\"Encontra Toledo\" \/>\n\t<meta name=\"twitter:label2\" content=\"Est. tempo de leitura\" \/>\n\t<meta name=\"twitter:data2\" content=\"4 minutos\" \/>\n<script type=\"application\/ld+json\" class=\"yoast-schema-graph\">{\"@context\":\"https:\\\/\\\/schema.org\",\"@graph\":[{\"@type\":\"Article\",\"@id\":\"https:\\\/\\\/www.encontraparana.com.br\\\/toledo\\\/cer-ii-realiza-acao-de-homenagem-na-semana-do-dia-das-maes\\\/#article\",\"isPartOf\":{\"@id\":\"https:\\\/\\\/www.encontraparana.com.br\\\/toledo\\\/cer-ii-realiza-acao-de-homenagem-na-semana-do-dia-das-maes\\\/\"},\"author\":{\"name\":\"Encontra Toledo\",\"@id\":\"https:\\\/\\\/www.encontraparana.com.br\\\/toledo\\\/#\\\/schema\\\/person\\\/3b3bd5c0e2969177418b8c8e4729fd0a\"},\"headline\":\"CER II realiza a\u00e7\u00e3o de homenagem na semana do Dia das M\u00e3es\",\"datePublished\":\"2026-05-13T11:29:43+00:00\",\"mainEntityOfPage\":{\"@id\":\"https:\\\/\\\/www.encontraparana.com.br\\\/toledo\\\/cer-ii-realiza-acao-de-homenagem-na-semana-do-dia-das-maes\\\/\"},\"wordCount\":882,\"commentCount\":0,\"image\":{\"@id\":\"https:\\\/\\\/www.encontraparana.com.br\\\/toledo\\\/cer-ii-realiza-acao-de-homenagem-na-semana-do-dia-das-maes\\\/#primaryimage\"},\"thumbnailUrl\":\"https:\\\/\\\/www.encontraparana.com.br\\\/toledo\\\/wp-content\\\/uploads\\\/2026\\\/05\\\/cer-ii-realiza-acao-de-homenagem-na-semana-do-dia-das-maes.webp\",\"articleSection\":[\"Not\u00edcias Toledo\"],\"inLanguage\":\"pt-BR\",\"potentialAction\":[{\"@type\":\"CommentAction\",\"name\":\"Comment\",\"target\":[\"https:\\\/\\\/www.encontraparana.com.br\\\/toledo\\\/cer-ii-realiza-acao-de-homenagem-na-semana-do-dia-das-maes\\\/#respond\"]}]},{\"@type\":\"WebPage\",\"@id\":\"https:\\\/\\\/www.encontraparana.com.br\\\/toledo\\\/cer-ii-realiza-acao-de-homenagem-na-semana-do-dia-das-maes\\\/\",\"url\":\"https:\\\/\\\/www.encontraparana.com.br\\\/toledo\\\/cer-ii-realiza-acao-de-homenagem-na-semana-do-dia-das-maes\\\/\",\"name\":\"CER II realiza a\u00e7\u00e3o de homenagem na semana do Dia das M\u00e3es | Guia Comercial de Toledo PR\",\"isPartOf\":{\"@id\":\"https:\\\/\\\/www.encontraparana.com.br\\\/toledo\\\/#website\"},\"primaryImageOfPage\":{\"@id\":\"https:\\\/\\\/www.encontraparana.com.br\\\/toledo\\\/cer-ii-realiza-acao-de-homenagem-na-semana-do-dia-das-maes\\\/#primaryimage\"},\"image\":{\"@id\":\"https:\\\/\\\/www.encontraparana.com.br\\\/toledo\\\/cer-ii-realiza-acao-de-homenagem-na-semana-do-dia-das-maes\\\/#primaryimage\"},\"thumbnailUrl\":\"https:\\\/\\\/www.encontraparana.com.br\\\/toledo\\\/wp-content\\\/uploads\\\/2026\\\/05\\\/cer-ii-realiza-acao-de-homenagem-na-semana-do-dia-das-maes.webp\",\"datePublished\":\"2026-05-13T11:29:43+00:00\",\"author\":{\"@id\":\"https:\\\/\\\/www.encontraparana.com.br\\\/toledo\\\/#\\\/schema\\\/person\\\/3b3bd5c0e2969177418b8c8e4729fd0a\"},\"inLanguage\":\"pt-BR\",\"potentialAction\":[{\"@type\":\"ReadAction\",\"target\":[\"https:\\\/\\\/www.encontraparana.com.br\\\/toledo\\\/cer-ii-realiza-acao-de-homenagem-na-semana-do-dia-das-maes\\\/\"]}]},{\"@type\":\"ImageObject\",\"inLanguage\":\"pt-BR\",\"@id\":\"https:\\\/\\\/www.encontraparana.com.br\\\/toledo\\\/cer-ii-realiza-acao-de-homenagem-na-semana-do-dia-das-maes\\\/#primaryimage\",\"url\":\"https:\\\/\\\/www.encontraparana.com.br\\\/toledo\\\/wp-content\\\/uploads\\\/2026\\\/05\\\/cer-ii-realiza-acao-de-homenagem-na-semana-do-dia-das-maes.webp\",\"contentUrl\":\"https:\\\/\\\/www.encontraparana.com.br\\\/toledo\\\/wp-content\\\/uploads\\\/2026\\\/05\\\/cer-ii-realiza-acao-de-homenagem-na-semana-do-dia-das-maes.webp\",\"width\":280,\"height\":280,\"caption\":\"CER II\"},{\"@type\":\"WebSite\",\"@id\":\"https:\\\/\\\/www.encontraparana.com.br\\\/toledo\\\/#website\",\"url\":\"https:\\\/\\\/www.encontraparana.com.br\\\/toledo\\\/\",\"name\":\"Guia Comercial de Toledo PR\",\"description\":\"ENCONTRA TOLEDO - O guia comercial de neg\u00f3cios e empresas, cultura e divers\u00e3o na cidade de Toledo. Feito 100% para voc\u00ea morador!\",\"potentialAction\":[{\"@type\":\"SearchAction\",\"target\":{\"@type\":\"EntryPoint\",\"urlTemplate\":\"https:\\\/\\\/www.encontraparana.com.br\\\/toledo\\\/?s={search_term_string}\"},\"query-input\":{\"@type\":\"PropertyValueSpecification\",\"valueRequired\":true,\"valueName\":\"search_term_string\"}}],\"inLanguage\":\"pt-BR\"},{\"@type\":\"Person\",\"@id\":\"https:\\\/\\\/www.encontraparana.com.br\\\/toledo\\\/#\\\/schema\\\/person\\\/3b3bd5c0e2969177418b8c8e4729fd0a\",\"name\":\"Encontra Toledo\",\"image\":{\"@type\":\"ImageObject\",\"inLanguage\":\"pt-BR\",\"@id\":\"https:\\\/\\\/secure.gravatar.com\\\/avatar\\\/c50c17820bcf322f0a8fd6b110b8c0918141409dc69076470f6fca5fee70a5d4?s=96&d=mm&r=g\",\"url\":\"https:\\\/\\\/secure.gravatar.com\\\/avatar\\\/c50c17820bcf322f0a8fd6b110b8c0918141409dc69076470f6fca5fee70a5d4?s=96&d=mm&r=g\",\"contentUrl\":\"https:\\\/\\\/secure.gravatar.com\\\/avatar\\\/c50c17820bcf322f0a8fd6b110b8c0918141409dc69076470f6fca5fee70a5d4?s=96&d=mm&r=g\",\"caption\":\"Encontra Toledo\"},\"url\":\"https:\\\/\\\/www.encontraparana.com.br\\\/toledo\\\/author\\\/encontratoledo\\\/\"}]}<\/script>\n<!-- \/ Yoast SEO plugin. -->","yoast_head_json":{"title":"CER II realiza a\u00e7\u00e3o de homenagem na semana do Dia das M\u00e3es | Guia Comercial de Toledo PR","robots":{"index":"index","follow":"follow","max-snippet":"max-snippet:-1","max-image-preview":"max-image-preview:large","max-video-preview":"max-video-preview:-1"},"canonical":"https:\/\/www.encontraparana.com.br\/toledo\/cer-ii-realiza-acao-de-homenagem-na-semana-do-dia-das-maes\/","og_locale":"pt_BR","og_type":"article","og_title":"CER II realiza a\u00e7\u00e3o de homenagem na semana do Dia das M\u00e3es | Guia Comercial de Toledo PR","og_description":"CER II promove a\u00e7\u00e3o especial em homenagem ao Dia das M\u00e3es com brindes e valoriza\u00e7\u00e3o.","og_url":"https:\/\/www.encontraparana.com.br\/toledo\/cer-ii-realiza-acao-de-homenagem-na-semana-do-dia-das-maes\/","og_site_name":"Guia Comercial de Toledo PR","article_published_time":"2026-05-13T11:29:43+00:00","og_image":[{"width":280,"height":280,"url":"https:\/\/www.encontraparana.com.br\/toledo\/wp-content\/uploads\/2026\/05\/cer-ii-realiza-acao-de-homenagem-na-semana-do-dia-das-maes.webp","type":"image\/webp"}],"author":"Encontra Toledo","twitter_card":"summary_large_image","twitter_misc":{"Escrito por":"Encontra Toledo","Est. tempo de leitura":"4 minutos"},"schema":{"@context":"https:\/\/schema.org","@graph":[{"@type":"Article","@id":"https:\/\/www.encontraparana.com.br\/toledo\/cer-ii-realiza-acao-de-homenagem-na-semana-do-dia-das-maes\/#article","isPartOf":{"@id":"https:\/\/www.encontraparana.com.br\/toledo\/cer-ii-realiza-acao-de-homenagem-na-semana-do-dia-das-maes\/"},"author":{"name":"Encontra Toledo","@id":"https:\/\/www.encontraparana.com.br\/toledo\/#\/schema\/person\/3b3bd5c0e2969177418b8c8e4729fd0a"},"headline":"CER II realiza a\u00e7\u00e3o de homenagem na semana do Dia das M\u00e3es","datePublished":"2026-05-13T11:29:43+00:00","mainEntityOfPage":{"@id":"https:\/\/www.encontraparana.com.br\/toledo\/cer-ii-realiza-acao-de-homenagem-na-semana-do-dia-das-maes\/"},"wordCount":882,"commentCount":0,"image":{"@id":"https:\/\/www.encontraparana.com.br\/toledo\/cer-ii-realiza-acao-de-homenagem-na-semana-do-dia-das-maes\/#primaryimage"},"thumbnailUrl":"https:\/\/www.encontraparana.com.br\/toledo\/wp-content\/uploads\/2026\/05\/cer-ii-realiza-acao-de-homenagem-na-semana-do-dia-das-maes.webp","articleSection":["Not\u00edcias Toledo"],"inLanguage":"pt-BR","potentialAction":[{"@type":"CommentAction","name":"Comment","target":["https:\/\/www.encontraparana.com.br\/toledo\/cer-ii-realiza-acao-de-homenagem-na-semana-do-dia-das-maes\/#respond"]}]},{"@type":"WebPage","@id":"https:\/\/www.encontraparana.com.br\/toledo\/cer-ii-realiza-acao-de-homenagem-na-semana-do-dia-das-maes\/","url":"https:\/\/www.encontraparana.com.br\/toledo\/cer-ii-realiza-acao-de-homenagem-na-semana-do-dia-das-maes\/","name":"CER II realiza a\u00e7\u00e3o de homenagem na semana do Dia das M\u00e3es | Guia Comercial de Toledo PR","isPartOf":{"@id":"https:\/\/www.encontraparana.com.br\/toledo\/#website"},"primaryImageOfPage":{"@id":"https:\/\/www.encontraparana.com.br\/toledo\/cer-ii-realiza-acao-de-homenagem-na-semana-do-dia-das-maes\/#primaryimage"},"image":{"@id":"https:\/\/www.encontraparana.com.br\/toledo\/cer-ii-realiza-acao-de-homenagem-na-semana-do-dia-das-maes\/#primaryimage"},"thumbnailUrl":"https:\/\/www.encontraparana.com.br\/toledo\/wp-content\/uploads\/2026\/05\/cer-ii-realiza-acao-de-homenagem-na-semana-do-dia-das-maes.webp","datePublished":"2026-05-13T11:29:43+00:00","author":{"@id":"https:\/\/www.encontraparana.com.br\/toledo\/#\/schema\/person\/3b3bd5c0e2969177418b8c8e4729fd0a"},"inLanguage":"pt-BR","potentialAction":[{"@type":"ReadAction","target":["https:\/\/www.encontraparana.com.br\/toledo\/cer-ii-realiza-acao-de-homenagem-na-semana-do-dia-das-maes\/"]}]},{"@type":"ImageObject","inLanguage":"pt-BR","@id":"https:\/\/www.encontraparana.com.br\/toledo\/cer-ii-realiza-acao-de-homenagem-na-semana-do-dia-das-maes\/#primaryimage","url":"https:\/\/www.encontraparana.com.br\/toledo\/wp-content\/uploads\/2026\/05\/cer-ii-realiza-acao-de-homenagem-na-semana-do-dia-das-maes.webp","contentUrl":"https:\/\/www.encontraparana.com.br\/toledo\/wp-content\/uploads\/2026\/05\/cer-ii-realiza-acao-de-homenagem-na-semana-do-dia-das-maes.webp","width":280,"height":280,"caption":"CER II"},{"@type":"WebSite","@id":"https:\/\/www.encontraparana.com.br\/toledo\/#website","url":"https:\/\/www.encontraparana.com.br\/toledo\/","name":"Guia Comercial de Toledo PR","description":"ENCONTRA TOLEDO - O guia comercial de neg\u00f3cios e empresas, cultura e divers\u00e3o na cidade de Toledo. Feito 100% para voc\u00ea morador!","potentialAction":[{"@type":"SearchAction","target":{"@type":"EntryPoint","urlTemplate":"https:\/\/www.encontraparana.com.br\/toledo\/?s={search_term_string}"},"query-input":{"@type":"PropertyValueSpecification","valueRequired":true,"valueName":"search_term_string"}}],"inLanguage":"pt-BR"},{"@type":"Person","@id":"https:\/\/www.encontraparana.com.br\/toledo\/#\/schema\/person\/3b3bd5c0e2969177418b8c8e4729fd0a","name":"Encontra Toledo","image":{"@type":"ImageObject","inLanguage":"pt-BR","@id":"https:\/\/secure.gravatar.com\/avatar\/c50c17820bcf322f0a8fd6b110b8c0918141409dc69076470f6fca5fee70a5d4?s=96&d=mm&r=g","url":"https:\/\/secure.gravatar.com\/avatar\/c50c17820bcf322f0a8fd6b110b8c0918141409dc69076470f6fca5fee70a5d4?s=96&d=mm&r=g","contentUrl":"https:\/\/secure.gravatar.com\/avatar\/c50c17820bcf322f0a8fd6b110b8c0918141409dc69076470f6fca5fee70a5d4?s=96&d=mm&r=g","caption":"Encontra Toledo"},"url":"https:\/\/www.encontraparana.com.br\/toledo\/author\/encontratoledo\/"}]}},"_links":{"self":[{"href":"https:\/\/www.encontraparana.com.br\/toledo\/wp-json\/wp\/v2\/posts\/5045","targetHints":{"allow":["GET"]}}],"collection":[{"href":"https:\/\/www.encontraparana.com.br\/toledo\/wp-json\/wp\/v2\/posts"}],"about":[{"href":"https:\/\/www.encontraparana.com.br\/toledo\/wp-json\/wp\/v2\/types\/post"}],"author":[{"embeddable":true,"href":"https:\/\/www.encontraparana.com.br\/toledo\/wp-json\/wp\/v2\/users\/1"}],"replies":[{"embeddable":true,"href":"https:\/\/www.encontraparana.com.br\/toledo\/wp-json\/wp\/v2\/comments?post=5045"}],"version-history":[{"count":0,"href":"https:\/\/www.encontraparana.com.br\/toledo\/wp-json\/wp\/v2\/posts\/5045\/revisions"}],"wp:featuredmedia":[{"embeddable":true,"href":"https:\/\/www.encontraparana.com.br\/toledo\/wp-json\/wp\/v2\/media\/5044"}],"wp:attachment":[{"href":"https:\/\/www.encontraparana.com.br\/toledo\/wp-json\/wp\/v2\/media?parent=5045"}],"wp:term":[{"taxonomy":"category","embeddable":true,"href":"https:\/\/www.encontraparana.com.br\/toledo\/wp-json\/wp\/v2\/categories?post=5045"},{"taxonomy":"post_tag","embeddable":true,"href":"https:\/\/www.encontraparana.com.br\/toledo\/wp-json\/wp\/v2\/tags?post=5045"}],"curies":[{"name":"wp","href":"https:\/\/api.w.org\/{rel}","templated":true}]}}