{"id":5091,"date":"2026-05-24T08:59:01","date_gmt":"2026-05-24T11:59:01","guid":{"rendered":"https:\/\/www.encontraparana.com.br\/toledo\/prefeitura-de-toledo-adere-a-campanha-nacional-maio-laranja\/"},"modified":"2026-05-24T08:59:01","modified_gmt":"2026-05-24T11:59:01","slug":"prefeitura-de-toledo-adere-a-campanha-nacional-maio-laranja","status":"publish","type":"post","link":"https:\/\/www.encontraparana.com.br\/toledo\/prefeitura-de-toledo-adere-a-campanha-nacional-maio-laranja\/","title":{"rendered":"Prefeitura de Toledo adere \u00e0 Campanha Nacional Maio Laranja"},"content":{"rendered":"<h2>O que \u00e9 a Campanha Maio Laranja?<\/h2>\n<p>A Campanha Maio Laranja \u00e9 uma iniciativa nacional voltada para a conscientiza\u00e7\u00e3o e combate ao abuso e explora\u00e7\u00e3o sexual de crian\u00e7as e adolescentes. Este projeto busca mobilizar a sociedade em torno da prote\u00e7\u00e3o dos direitos infanto-juvenis, promovendo atividades educativas, informativas e de sensibiliza\u00e7\u00e3o durante o m\u00eas de maio. A escolha da cor laranja simboliza a luta e a defesa dos direitos desse p\u00fablico vulner\u00e1vel, incentivando a participa\u00e7\u00e3o de todos na preven\u00e7\u00e3o e den\u00fancia de casos de viol\u00eancia.<\/p>\n<h2>Import\u00e2ncia do Combate ao Abuso Infantil<\/h2>\n<p>O combate ao abuso e explora\u00e7\u00e3o sexual de crian\u00e7as e adolescentes \u00e9 de extrema import\u00e2ncia devido a v\u00e1rias raz\u00f5es. Em primeiro lugar, garantir um ambiente seguro \u00e9 essencial para o desenvolvimento saud\u00e1vel desses indiv\u00edduos. Al\u00e9m disso, \u00e9 crucial desmistificar o tema e incentivar den\u00fancias, uma vez que muitos casos permanecem ocultos devido ao medo e \u00e0 vergonha. A preserva\u00e7\u00e3o da inf\u00e2ncia \u00e9 responsabilidade de toda a sociedade, e a conscientiza\u00e7\u00e3o \u00e9 o primeiro passo para a prote\u00e7\u00e3o.<\/p>\n<h2>A\u00e7\u00f5es da Prefeitura de Toledo<\/h2>\n<p>A Prefeitura de Toledo, atento \u00e0 necessidade de prote\u00e7\u00e3o da inf\u00e2ncia, tem realizado diversas a\u00e7\u00f5es significativas durante a Campanha Maio Laranja. No dia 18 de maio, a Secretaria Municipal de Desenvolvimento Humano e Social (SDHS) promoveu uma atividade de conscientiza\u00e7\u00e3o no Parque Ecol\u00f3gico Diva Paim Barth, onde foram distribu\u00eddos materiais informativos e l\u00fadicos, como jogos de mem\u00f3ria. Essa abordagem l\u00fadica visa facilitar a compreens\u00e3o do tema pelas crian\u00e7as, promovendo uma aprendizagem mais leve e envolvente.<\/p>\n<h2>Como a Sociedade Pode Contribuir<\/h2>\n<p>A sociedade pode contribuir de v\u00e1rias maneiras para a causa. Em primeiro lugar, \u00e9 fundamental que todos estejam atentos aos sinais de abuso e viol\u00eancia, al\u00e9m de serem solid\u00e1rios com v\u00edtimas e suas fam\u00edlias. Participar de campanhas de conscientiza\u00e7\u00e3o, compartilhar informa\u00e7\u00f5es e denunciar situa\u00e7\u00f5es suspeitas s\u00e3o formas de engajamento. A uni\u00e3o de esfor\u00e7os \u00e9 crucial para criar um ambiente onde todas as crian\u00e7as se sintam seguras e protegidas.<\/p>\n<h2>Entendendo os Sinais de Viol\u00eancia<\/h2>\n<p>Reconhecer os sinais de viol\u00eancia \u00e9 essencial para a atua\u00e7\u00e3o preventiva. Crian\u00e7as e adolescentes podem apresentar mudan\u00e7as inesperadas de comportamento, como isolamento, dificuldades de concentra\u00e7\u00e3o e altera\u00e7\u00f5es no padr\u00e3o de sono. Outros ind\u00edcios incluem relut\u00e2ncia em certas situa\u00e7\u00f5es ou locais, al\u00e9m de linguagem que possa indicar abuso. Estar atento a esses sinais pode facilitar interven\u00e7\u00f5es precoces e prote\u00e7\u00e3o das v\u00edtimas.<\/p>\n<h2>Material Informativo e L\u00fadico na Campanha<\/h2>\n<p>A campanha Maio Laranja se destaca pela riqueza de materiais informativos e l\u00fadicos oferecidos \u00e0 popula\u00e7\u00e3o. S\u00e3o panfletos, cartazes e jogos educativos que abordam os direitos das crian\u00e7as e adolescentes, formas de prote\u00e7\u00e3o e estrat\u00e9gias para identificar situa\u00e7\u00f5es de risco. Os materiais visam n\u00e3o apenas informar, mas tamb\u00e9m envolver pais, educadores e a comunidade em geral na discuss\u00e3o sobre o tema.\n<\/p>\n<h2>O Papel da Secretaria Municipal de Desenvolvimento<\/h2>\n<p>A Secretaria Municipal de Desenvolvimento Humano e Social tem um papel fundamental na atua\u00e7\u00e3o voltada para a prote\u00e7\u00e3o da inf\u00e2ncia e da juventude. Ela \u00e9 respons\u00e1vel por articular as pol\u00edticas p\u00fablicas que garantem direitos e promovem a seguran\u00e7a das crian\u00e7as e adolescentes. Al\u00e9m das iniciativas educativas, a SDHS realiza parcerias com diferentes \u00f3rg\u00e3os e institui\u00e7\u00f5es para fortalecer a rede de prote\u00e7\u00e3o, garantindo que os direitos infanto-juvenis sejam respeitados e defendidos.<\/p>\n<h2>Dicas para Proteger Nossas Crian\u00e7as<\/h2>\n<p>Proteger crian\u00e7as e adolescentes requer a\u00e7\u00f5es ativas. Algumas dicas incluem:<\/p>\n<ul>\n<li><strong>Di\u00e1logo Aberto:<\/strong> Estimule conversas frequentes sobre sentimentos e experi\u00eancias. Isso cria um ambiente de confian\u00e7a entre pais e filhos.<\/li>\n<li><strong>Educa\u00e7\u00e3o sobre Seguran\u00e7a:<\/strong> Ensine as crian\u00e7as sobre perigos, como reconhecer situa\u00e7\u00f5es de risco e como se proteger.<\/li>\n<li><strong>Monitoramento:<\/strong> Esteja atento \u00e0s amizades e intera\u00e7\u00f5es sociais, tanto presencialmente quanto no ambiente digital.<\/li>\n<li><strong>Den\u00fancia:<\/strong> Informe-se sobre como e onde denunciar abusos, e incentive que a crian\u00e7a fa\u00e7a o mesmo.<\/li>\n<\/ul>\n<h2>Confer\u00eancia sobre Direitos da Crian\u00e7a<\/h2>\n<p>A D\u00e9cima Confer\u00eancia Municipal dos Direitos da Crian\u00e7a e do Adolescente ser\u00e1 um evento importante a ser realizado no dia 17 de junho, no Teatro A4 da Universidade Estadual do Oeste do Paran\u00e1 (Unioeste). A confer\u00eancia ter\u00e1 como tema &#8220;Fortalecendo o Sistema de Garantia de Direitos da Crian\u00e7a e do Adolescente e a Democracia Participativa&#8221;, promovendo reflex\u00f5es sobre a prote\u00e7\u00e3o e defesa dr direitos das crian\u00e7as e adolescentes no contexto atual.<\/p>\n<h2>Como Denunciar Casos de Abuso<\/h2>\n<p>Denunciar casos de abuso \u00e9 uma responsabilidade coletiva. As den\u00fancias podem ser feitas atrav\u00e9s dos Conselhos Tutelares, Disque 100, ou utilizando canais locais como a Ouvidoria Municipal. \u00c9 importante que as den\u00fancias sejam concretas e respeitem a confidencialidade da v\u00edtima. A sociedade deve lutar para desmistificar tabus e incentivar que mais pessoas busquem apoio quando necess\u00e1rio.<\/p>\n","protected":false},"excerpt":{"rendered":"<p>A Campanha Maio Laranja \u00e9 essencial para a prote\u00e7\u00e3o das crian\u00e7as no Brasil.<\/p>\n","protected":false},"author":1,"featured_media":0,"comment_status":"open","ping_status":"open","sticky":false,"template":"","format":"standard","meta":{"footnotes":""},"categories":[5],"tags":[],"class_list":["post-5091","post","type-post","status-publish","format-standard","hentry","category-noticias"],"yoast_head":"<!-- This site is optimized with the Yoast SEO plugin v28.1 - https:\/\/yoast.com\/product\/yoast-seo-wordpress\/ -->\n<title>Prefeitura de Toledo adere \u00e0 Campanha Nacional Maio Laranja | Guia Comercial de Toledo PR<\/title>\n<meta name=\"robots\" content=\"index, follow, max-snippet:-1, max-image-preview:large, max-video-preview:-1\" \/>\n<link rel=\"canonical\" href=\"https:\/\/www.encontraparana.com.br\/toledo\/prefeitura-de-toledo-adere-a-campanha-nacional-maio-laranja\/\" \/>\n<meta property=\"og:locale\" content=\"pt_BR\" \/>\n<meta property=\"og:type\" content=\"article\" \/>\n<meta property=\"og:title\" content=\"Prefeitura de Toledo adere \u00e0 Campanha Nacional Maio Laranja | Guia Comercial de Toledo PR\" \/>\n<meta property=\"og:description\" content=\"A Campanha Maio Laranja \u00e9 essencial para a prote\u00e7\u00e3o das crian\u00e7as no Brasil.\" \/>\n<meta property=\"og:url\" content=\"https:\/\/www.encontraparana.com.br\/toledo\/prefeitura-de-toledo-adere-a-campanha-nacional-maio-laranja\/\" \/>\n<meta property=\"og:site_name\" content=\"Guia Comercial de Toledo PR\" \/>\n<meta property=\"article:published_time\" content=\"2026-05-24T11:59:01+00:00\" \/>\n<meta name=\"author\" content=\"Encontra Toledo\" \/>\n<meta name=\"twitter:card\" content=\"summary_large_image\" \/>\n<meta name=\"twitter:label1\" content=\"Escrito por\" \/>\n\t<meta name=\"twitter:data1\" content=\"Encontra Toledo\" \/>\n\t<meta name=\"twitter:label2\" content=\"Est. tempo de leitura\" \/>\n\t<meta name=\"twitter:data2\" content=\"4 minutos\" \/>\n<script type=\"application\/ld+json\" class=\"yoast-schema-graph\">{\"@context\":\"https:\\\/\\\/schema.org\",\"@graph\":[{\"@type\":\"Article\",\"@id\":\"https:\\\/\\\/www.encontraparana.com.br\\\/toledo\\\/prefeitura-de-toledo-adere-a-campanha-nacional-maio-laranja\\\/#article\",\"isPartOf\":{\"@id\":\"https:\\\/\\\/www.encontraparana.com.br\\\/toledo\\\/prefeitura-de-toledo-adere-a-campanha-nacional-maio-laranja\\\/\"},\"author\":{\"name\":\"Encontra Toledo\",\"@id\":\"https:\\\/\\\/www.encontraparana.com.br\\\/toledo\\\/#\\\/schema\\\/person\\\/3b3bd5c0e2969177418b8c8e4729fd0a\"},\"headline\":\"Prefeitura de Toledo adere \u00e0 Campanha Nacional Maio Laranja\",\"datePublished\":\"2026-05-24T11:59:01+00:00\",\"mainEntityOfPage\":{\"@id\":\"https:\\\/\\\/www.encontraparana.com.br\\\/toledo\\\/prefeitura-de-toledo-adere-a-campanha-nacional-maio-laranja\\\/\"},\"wordCount\":854,\"commentCount\":0,\"articleSection\":[\"Not\u00edcias Toledo\"],\"inLanguage\":\"pt-BR\",\"potentialAction\":[{\"@type\":\"CommentAction\",\"name\":\"Comment\",\"target\":[\"https:\\\/\\\/www.encontraparana.com.br\\\/toledo\\\/prefeitura-de-toledo-adere-a-campanha-nacional-maio-laranja\\\/#respond\"]}]},{\"@type\":\"WebPage\",\"@id\":\"https:\\\/\\\/www.encontraparana.com.br\\\/toledo\\\/prefeitura-de-toledo-adere-a-campanha-nacional-maio-laranja\\\/\",\"url\":\"https:\\\/\\\/www.encontraparana.com.br\\\/toledo\\\/prefeitura-de-toledo-adere-a-campanha-nacional-maio-laranja\\\/\",\"name\":\"Prefeitura de Toledo adere \u00e0 Campanha Nacional Maio Laranja | Guia Comercial de Toledo PR\",\"isPartOf\":{\"@id\":\"https:\\\/\\\/www.encontraparana.com.br\\\/toledo\\\/#website\"},\"datePublished\":\"2026-05-24T11:59:01+00:00\",\"author\":{\"@id\":\"https:\\\/\\\/www.encontraparana.com.br\\\/toledo\\\/#\\\/schema\\\/person\\\/3b3bd5c0e2969177418b8c8e4729fd0a\"},\"inLanguage\":\"pt-BR\",\"potentialAction\":[{\"@type\":\"ReadAction\",\"target\":[\"https:\\\/\\\/www.encontraparana.com.br\\\/toledo\\\/prefeitura-de-toledo-adere-a-campanha-nacional-maio-laranja\\\/\"]}]},{\"@type\":\"WebSite\",\"@id\":\"https:\\\/\\\/www.encontraparana.com.br\\\/toledo\\\/#website\",\"url\":\"https:\\\/\\\/www.encontraparana.com.br\\\/toledo\\\/\",\"name\":\"Guia Comercial de Toledo PR\",\"description\":\"ENCONTRA TOLEDO - O guia comercial de neg\u00f3cios e empresas, cultura e divers\u00e3o na cidade de Toledo. Feito 100% para voc\u00ea morador!\",\"potentialAction\":[{\"@type\":\"SearchAction\",\"target\":{\"@type\":\"EntryPoint\",\"urlTemplate\":\"https:\\\/\\\/www.encontraparana.com.br\\\/toledo\\\/?s={search_term_string}\"},\"query-input\":{\"@type\":\"PropertyValueSpecification\",\"valueRequired\":true,\"valueName\":\"search_term_string\"}}],\"inLanguage\":\"pt-BR\"},{\"@type\":\"Person\",\"@id\":\"https:\\\/\\\/www.encontraparana.com.br\\\/toledo\\\/#\\\/schema\\\/person\\\/3b3bd5c0e2969177418b8c8e4729fd0a\",\"name\":\"Encontra Toledo\",\"image\":{\"@type\":\"ImageObject\",\"inLanguage\":\"pt-BR\",\"@id\":\"https:\\\/\\\/secure.gravatar.com\\\/avatar\\\/c50c17820bcf322f0a8fd6b110b8c0918141409dc69076470f6fca5fee70a5d4?s=96&d=mm&r=g\",\"url\":\"https:\\\/\\\/secure.gravatar.com\\\/avatar\\\/c50c17820bcf322f0a8fd6b110b8c0918141409dc69076470f6fca5fee70a5d4?s=96&d=mm&r=g\",\"contentUrl\":\"https:\\\/\\\/secure.gravatar.com\\\/avatar\\\/c50c17820bcf322f0a8fd6b110b8c0918141409dc69076470f6fca5fee70a5d4?s=96&d=mm&r=g\",\"caption\":\"Encontra Toledo\"},\"url\":\"https:\\\/\\\/www.encontraparana.com.br\\\/toledo\\\/author\\\/encontratoledo\\\/\"}]}<\/script>\n<!-- \/ Yoast SEO plugin. -->","yoast_head_json":{"title":"Prefeitura de Toledo adere \u00e0 Campanha Nacional Maio Laranja | Guia Comercial de Toledo PR","robots":{"index":"index","follow":"follow","max-snippet":"max-snippet:-1","max-image-preview":"max-image-preview:large","max-video-preview":"max-video-preview:-1"},"canonical":"https:\/\/www.encontraparana.com.br\/toledo\/prefeitura-de-toledo-adere-a-campanha-nacional-maio-laranja\/","og_locale":"pt_BR","og_type":"article","og_title":"Prefeitura de Toledo adere \u00e0 Campanha Nacional Maio Laranja | Guia Comercial de Toledo PR","og_description":"A Campanha Maio Laranja \u00e9 essencial para a prote\u00e7\u00e3o das crian\u00e7as no Brasil.","og_url":"https:\/\/www.encontraparana.com.br\/toledo\/prefeitura-de-toledo-adere-a-campanha-nacional-maio-laranja\/","og_site_name":"Guia Comercial de Toledo PR","article_published_time":"2026-05-24T11:59:01+00:00","author":"Encontra Toledo","twitter_card":"summary_large_image","twitter_misc":{"Escrito por":"Encontra Toledo","Est. tempo de leitura":"4 minutos"},"schema":{"@context":"https:\/\/schema.org","@graph":[{"@type":"Article","@id":"https:\/\/www.encontraparana.com.br\/toledo\/prefeitura-de-toledo-adere-a-campanha-nacional-maio-laranja\/#article","isPartOf":{"@id":"https:\/\/www.encontraparana.com.br\/toledo\/prefeitura-de-toledo-adere-a-campanha-nacional-maio-laranja\/"},"author":{"name":"Encontra Toledo","@id":"https:\/\/www.encontraparana.com.br\/toledo\/#\/schema\/person\/3b3bd5c0e2969177418b8c8e4729fd0a"},"headline":"Prefeitura de Toledo adere \u00e0 Campanha Nacional Maio Laranja","datePublished":"2026-05-24T11:59:01+00:00","mainEntityOfPage":{"@id":"https:\/\/www.encontraparana.com.br\/toledo\/prefeitura-de-toledo-adere-a-campanha-nacional-maio-laranja\/"},"wordCount":854,"commentCount":0,"articleSection":["Not\u00edcias Toledo"],"inLanguage":"pt-BR","potentialAction":[{"@type":"CommentAction","name":"Comment","target":["https:\/\/www.encontraparana.com.br\/toledo\/prefeitura-de-toledo-adere-a-campanha-nacional-maio-laranja\/#respond"]}]},{"@type":"WebPage","@id":"https:\/\/www.encontraparana.com.br\/toledo\/prefeitura-de-toledo-adere-a-campanha-nacional-maio-laranja\/","url":"https:\/\/www.encontraparana.com.br\/toledo\/prefeitura-de-toledo-adere-a-campanha-nacional-maio-laranja\/","name":"Prefeitura de Toledo adere \u00e0 Campanha Nacional Maio Laranja | Guia Comercial de Toledo PR","isPartOf":{"@id":"https:\/\/www.encontraparana.com.br\/toledo\/#website"},"datePublished":"2026-05-24T11:59:01+00:00","author":{"@id":"https:\/\/www.encontraparana.com.br\/toledo\/#\/schema\/person\/3b3bd5c0e2969177418b8c8e4729fd0a"},"inLanguage":"pt-BR","potentialAction":[{"@type":"ReadAction","target":["https:\/\/www.encontraparana.com.br\/toledo\/prefeitura-de-toledo-adere-a-campanha-nacional-maio-laranja\/"]}]},{"@type":"WebSite","@id":"https:\/\/www.encontraparana.com.br\/toledo\/#website","url":"https:\/\/www.encontraparana.com.br\/toledo\/","name":"Guia Comercial de Toledo PR","description":"ENCONTRA TOLEDO - O guia comercial de neg\u00f3cios e empresas, cultura e divers\u00e3o na cidade de Toledo. Feito 100% para voc\u00ea morador!","potentialAction":[{"@type":"SearchAction","target":{"@type":"EntryPoint","urlTemplate":"https:\/\/www.encontraparana.com.br\/toledo\/?s={search_term_string}"},"query-input":{"@type":"PropertyValueSpecification","valueRequired":true,"valueName":"search_term_string"}}],"inLanguage":"pt-BR"},{"@type":"Person","@id":"https:\/\/www.encontraparana.com.br\/toledo\/#\/schema\/person\/3b3bd5c0e2969177418b8c8e4729fd0a","name":"Encontra Toledo","image":{"@type":"ImageObject","inLanguage":"pt-BR","@id":"https:\/\/secure.gravatar.com\/avatar\/c50c17820bcf322f0a8fd6b110b8c0918141409dc69076470f6fca5fee70a5d4?s=96&d=mm&r=g","url":"https:\/\/secure.gravatar.com\/avatar\/c50c17820bcf322f0a8fd6b110b8c0918141409dc69076470f6fca5fee70a5d4?s=96&d=mm&r=g","contentUrl":"https:\/\/secure.gravatar.com\/avatar\/c50c17820bcf322f0a8fd6b110b8c0918141409dc69076470f6fca5fee70a5d4?s=96&d=mm&r=g","caption":"Encontra Toledo"},"url":"https:\/\/www.encontraparana.com.br\/toledo\/author\/encontratoledo\/"}]}},"_links":{"self":[{"href":"https:\/\/www.encontraparana.com.br\/toledo\/wp-json\/wp\/v2\/posts\/5091","targetHints":{"allow":["GET"]}}],"collection":[{"href":"https:\/\/www.encontraparana.com.br\/toledo\/wp-json\/wp\/v2\/posts"}],"about":[{"href":"https:\/\/www.encontraparana.com.br\/toledo\/wp-json\/wp\/v2\/types\/post"}],"author":[{"embeddable":true,"href":"https:\/\/www.encontraparana.com.br\/toledo\/wp-json\/wp\/v2\/users\/1"}],"replies":[{"embeddable":true,"href":"https:\/\/www.encontraparana.com.br\/toledo\/wp-json\/wp\/v2\/comments?post=5091"}],"version-history":[{"count":0,"href":"https:\/\/www.encontraparana.com.br\/toledo\/wp-json\/wp\/v2\/posts\/5091\/revisions"}],"wp:attachment":[{"href":"https:\/\/www.encontraparana.com.br\/toledo\/wp-json\/wp\/v2\/media?parent=5091"}],"wp:term":[{"taxonomy":"category","embeddable":true,"href":"https:\/\/www.encontraparana.com.br\/toledo\/wp-json\/wp\/v2\/categories?post=5091"},{"taxonomy":"post_tag","embeddable":true,"href":"https:\/\/www.encontraparana.com.br\/toledo\/wp-json\/wp\/v2\/tags?post=5091"}],"curies":[{"name":"wp","href":"https:\/\/api.w.org\/{rel}","templated":true}]}}