{"id":5107,"date":"2026-05-28T08:56:06","date_gmt":"2026-05-28T11:56:06","guid":{"rendered":"https:\/\/www.encontraparana.com.br\/toledo\/primeiro-liraa-do-ano-aponta-alto-indice-de-infestacao-em-toledo\/"},"modified":"2026-05-28T08:56:06","modified_gmt":"2026-05-28T11:56:06","slug":"primeiro-liraa-do-ano-aponta-alto-indice-de-infestacao-em-toledo","status":"publish","type":"post","link":"https:\/\/www.encontraparana.com.br\/toledo\/primeiro-liraa-do-ano-aponta-alto-indice-de-infestacao-em-toledo\/","title":{"rendered":"Primeiro LIRAa do ano aponta alto \u00edndice de infesta\u00e7\u00e3o em Toledo"},"content":{"rendered":"<h2>O que \u00e9 o LIRAa?<\/h2>\n<p>O <strong>Levantamento R\u00e1pido de Infesta\u00e7\u00e3o por Aedes aegypti<\/strong> (LIRAa) \u00e9 uma ferramenta utilizada pelas autoridades de sa\u00fade p\u00fablica para monitorar e avaliar a presen\u00e7a do mosquito que transmite doen\u00e7as como dengue, chikungunya e zika v\u00edrus. Esta pesquisa permite identificar focos de infesta\u00e7\u00e3o e, assim, adotar medidas preventivas necess\u00e1rias para proteger a popula\u00e7\u00e3o.<\/p>\n<h2>Por que o Aedes aegypti \u00e9 preocupante?<\/h2>\n<p>O Aedes aegypti \u00e9 um mosquito vetor de doen\u00e7as que afetam a sa\u00fade p\u00fablica. Sua reprodu\u00e7\u00e3o ocorre em ambientes urbanos, rapidamente se multiplicando em condi\u00e7\u00f5es favor\u00e1veis, como recipientes que acumulam \u00e1gua. A presen\u00e7a deste mosquito pode resultar em epidemias, o que torna seu controle fundamental para a sa\u00fade coletiva.<\/p>\n<h2>M\u00e9todos de combate \u00e0 infesta\u00e7\u00e3o<\/h2>\n<p>Para combater a infesta\u00e7\u00e3o do Aedes aegypti, v\u00e1rias estrat\u00e9gias podem ser aplicadas:<\/p>\n<p><img decoding=\"async\" src=\"https:\/\/www.encontraparana.com.br\/toledo\/wp-content\/uploads\/2026\/05\/primeiro-liraa-do-ano-aponta-alto-indice-de-infestacao-em-toledo.webp\" alt=\"primeiro LIRAa\" loading=\"lazy\" \/><\/p>\n<ul>\n<li><strong>Elimina\u00e7\u00e3o de criadouros:<\/strong> Remover locais que acumulam \u00e1gua \u00e9 uma das principais a\u00e7\u00f5es a serem tomadas.<\/li>\n<li><strong>Tratamentos qu\u00edmicos:<\/strong> A aplica\u00e7\u00e3o de larvicidas e inseticidas em \u00e1reas afetadas ajuda a controlar as popula\u00e7\u00f5es de mosquitos.<\/li>\n<li><strong>Campanhas de conscientiza\u00e7\u00e3o:<\/strong> Informar a popula\u00e7\u00e3o sobre os riscos e as formas de preven\u00e7\u00e3o \u00e9 essencial.<\/li>\n<li><strong>Monitoramento constante:<\/strong> Realizar levantamentos regulares assegura que os focos sejam identificados e controlados a tempo.<\/li>\n<\/ul>\n<h2>A\u00e7\u00f5es da Secretaria Municipal da Sa\u00fade<\/h2>\n<p>Recentemente, a <strong>Secretaria Municipal da Sa\u00fade<\/strong> de Toledo conduziu o primeiro LIRAa de 2026, realizado entre 19 e 21 de maio. Este levantamento revelou um alto \u00edndice de infesta\u00e7\u00e3o predial de 4,3%, superior ao limite recomendado de 1% pelo Minist\u00e9rio da Sa\u00fade. Em resposta, a secretaria delineou um plano de a\u00e7\u00e3o intensivo em \u00e1reas cr\u00edticas.<\/p>\n<h2>Impacto da sazonalidade nas infesta\u00e7\u00f5es<\/h2>\n<p>As infesta\u00e7\u00f5es pelo Aedes aegypti costumam apresentar varia\u00e7\u00f5es sazonais, geralmente ocorrendo em maior intensidade nos meses quentes e chuvosos. O levantamento deste ano detectou uma condi\u00e7\u00e3o de alerta em maio, uma \u00e9poca em que os \u00edndices eram inesperadamente altos, refor\u00e7ando a necessidade de aten\u00e7\u00e3o redobrada e estrat\u00e9gias de controle eficazes.<\/p>\n<h2>Como a popula\u00e7\u00e3o pode ajudar no combate?<\/h2>\n<p>\u00c9 fundamental que a comunidade tamb\u00e9m se envolva no combate \u00e0 prolifera\u00e7\u00e3o do Aedes aegypti. Algumas a\u00e7\u00f5es que podem ser tomadas incluem:<\/p>\n<ul>\n<li><strong>Inspe\u00e7\u00e3o regular:<\/strong> Dedicar ao menos 10 minutos por semana para verificar os quintais e eliminar poss\u00edveis criadouros.<\/li>\n<li><strong>Divulga\u00e7\u00e3o de informa\u00e7\u00f5es:<\/strong> Compartilhar informa\u00e7\u00f5es sobre preven\u00e7\u00e3o com amigos e familiares.<\/li>\n<li><strong>Colabora\u00e7\u00e3o com as autoridades:<\/strong> Participar de campanhas e mutir\u00f5es de combate que a secretaria promover.<\/li>\n<\/ul>\n<h2>Resultados do levantamento entre 19 e 21 de maio<\/h2>\n<p>Durante o LIRAa, foi verificada a presen\u00e7a do mosquito em 47 localidades, com destaque para os bairros com maiores \u00edndices, como Planalto (23,52%), Santa Clara III (20%) e Europa I (13,33%). Por outro lado, 15 \u00e1reas vistoriadas n\u00e3o apresentaram focos, indicando que a conscientiza\u00e7\u00e3o e atividades preventivas podem ser eficazes.<\/p>\n<h2>Bairros mais afetados pela infesta\u00e7\u00e3o<\/h2>\n<p>O levantamento indicou que os bairros mais impactados pela infesta\u00e7\u00e3o do Aedes aegypti, al\u00e9m de suas respectivas percentagens de infesta\u00e7\u00e3o, incluem:<\/p>\n<ul>\n<li><strong>Planalto:<\/strong> 23,52%<\/li>\n<li><strong>Santa Clara III:<\/strong> 20%<\/li>\n<li><strong>Europa I:<\/strong> 13,33%<\/li>\n<li><strong>Iaschombeck I:<\/strong> 13,33%<\/li>\n<li><strong>Centro de Eventos:<\/strong> 11,11%<\/li>\n<li><strong>Esplanada:<\/strong> 10,86%<\/li>\n<\/ul>\n<h2>Import\u00e2ncia da vistoria em im\u00f3veis<\/h2>\n<p>A vistoria em im\u00f3veis \u00e9 crucial para a identifica\u00e7\u00e3o e elimina\u00e7\u00e3o de criadouros. Sensibilizar os moradores para que realizem inspe\u00e7\u00f5es regulares contribui significativamente para reduzir os surtos de dengue e outras doen\u00e7as transmitidas pelo mosquito, promovendo um ambiente mais seguro para a comunidade.<\/p>\n<h2>Planos futuros de conting\u00eancia<\/h2>\n<p>Em resposta aos dados do LIRAa, a secretaria planeja implementar um plano de conting\u00eancia que prioriza \u00e1reas com maiores \u00edndices de infesta\u00e7\u00e3o. Isso incluir\u00e1:<\/p>\n<ul>\n<li><strong>Mutir\u00f5es de limpeza:<\/strong> Mobilizar equipes para realizar a\u00e7\u00f5es efetivas nas \u00e1reas afetadas.<\/li>\n<li><strong>Aplica\u00e7\u00e3o de larvicidas:<\/strong> Tratar dep\u00f3sitos que n\u00e3o podem ser eliminados com larvicidas apropriados.<\/li>\n<li><strong>Educa\u00e7\u00e3o e sensibiliza\u00e7\u00e3o:<\/strong> Realizar visitas casa a casa para informar os moradores sobre a import\u00e2ncia do combate ao mosquito.<\/li>\n<\/ul>\n<p>O envolvimento ativo da popula\u00e7\u00e3o e das autoridades \u00e9 vital para garantir que os \u00edndices de infesta\u00e7\u00e3o sejam controlados e que a sa\u00fade p\u00fablica n\u00e3o seja amea\u00e7ada. A luta contra o Aedes aegypti deve ser um esfor\u00e7o colaborativo para garantir um ambiente saud\u00e1vel para todos.<\/p>\n","protected":false},"excerpt":{"rendered":"<p>A infesta\u00e7\u00e3o por Aedes aegypti em Toledo atinge n\u00edveis preocupantes que exigem aten\u00e7\u00e3o imediata.<\/p>\n","protected":false},"author":1,"featured_media":5106,"comment_status":"open","ping_status":"open","sticky":false,"template":"","format":"standard","meta":{"footnotes":""},"categories":[5],"tags":[],"class_list":["post-5107","post","type-post","status-publish","format-standard","has-post-thumbnail","hentry","category-noticias","has_thumb"],"yoast_head":"<!-- This site is optimized with the Yoast SEO plugin v28.1 - https:\/\/yoast.com\/product\/yoast-seo-wordpress\/ -->\n<title>Primeiro LIRAa do ano aponta alto \u00edndice de infesta\u00e7\u00e3o em Toledo | Guia Comercial de Toledo PR<\/title>\n<meta name=\"robots\" content=\"index, follow, max-snippet:-1, max-image-preview:large, max-video-preview:-1\" \/>\n<link rel=\"canonical\" href=\"https:\/\/www.encontraparana.com.br\/toledo\/primeiro-liraa-do-ano-aponta-alto-indice-de-infestacao-em-toledo\/\" \/>\n<meta property=\"og:locale\" content=\"pt_BR\" \/>\n<meta property=\"og:type\" content=\"article\" \/>\n<meta property=\"og:title\" content=\"Primeiro LIRAa do ano aponta alto \u00edndice de infesta\u00e7\u00e3o em Toledo | Guia Comercial de Toledo PR\" \/>\n<meta property=\"og:description\" content=\"A infesta\u00e7\u00e3o por Aedes aegypti em Toledo atinge n\u00edveis preocupantes que exigem aten\u00e7\u00e3o imediata.\" \/>\n<meta property=\"og:url\" content=\"https:\/\/www.encontraparana.com.br\/toledo\/primeiro-liraa-do-ano-aponta-alto-indice-de-infestacao-em-toledo\/\" \/>\n<meta property=\"og:site_name\" content=\"Guia Comercial de Toledo PR\" \/>\n<meta property=\"article:published_time\" content=\"2026-05-28T11:56:06+00:00\" \/>\n<meta property=\"og:image\" content=\"https:\/\/www.encontraparana.com.br\/toledo\/wp-content\/uploads\/2026\/05\/primeiro-liraa-do-ano-aponta-alto-indice-de-infestacao-em-toledo.webp\" \/>\n\t<meta property=\"og:image:width\" content=\"280\" \/>\n\t<meta property=\"og:image:height\" content=\"280\" \/>\n\t<meta property=\"og:image:type\" content=\"image\/webp\" \/>\n<meta name=\"author\" content=\"Encontra Toledo\" \/>\n<meta name=\"twitter:card\" content=\"summary_large_image\" \/>\n<meta name=\"twitter:label1\" content=\"Escrito por\" \/>\n\t<meta name=\"twitter:data1\" content=\"Encontra Toledo\" \/>\n\t<meta name=\"twitter:label2\" content=\"Est. tempo de leitura\" \/>\n\t<meta name=\"twitter:data2\" content=\"4 minutos\" \/>\n<script type=\"application\/ld+json\" class=\"yoast-schema-graph\">{\"@context\":\"https:\\\/\\\/schema.org\",\"@graph\":[{\"@type\":\"Article\",\"@id\":\"https:\\\/\\\/www.encontraparana.com.br\\\/toledo\\\/primeiro-liraa-do-ano-aponta-alto-indice-de-infestacao-em-toledo\\\/#article\",\"isPartOf\":{\"@id\":\"https:\\\/\\\/www.encontraparana.com.br\\\/toledo\\\/primeiro-liraa-do-ano-aponta-alto-indice-de-infestacao-em-toledo\\\/\"},\"author\":{\"name\":\"Encontra Toledo\",\"@id\":\"https:\\\/\\\/www.encontraparana.com.br\\\/toledo\\\/#\\\/schema\\\/person\\\/3b3bd5c0e2969177418b8c8e4729fd0a\"},\"headline\":\"Primeiro LIRAa do ano aponta alto \u00edndice de infesta\u00e7\u00e3o em Toledo\",\"datePublished\":\"2026-05-28T11:56:06+00:00\",\"mainEntityOfPage\":{\"@id\":\"https:\\\/\\\/www.encontraparana.com.br\\\/toledo\\\/primeiro-liraa-do-ano-aponta-alto-indice-de-infestacao-em-toledo\\\/\"},\"wordCount\":724,\"commentCount\":0,\"image\":{\"@id\":\"https:\\\/\\\/www.encontraparana.com.br\\\/toledo\\\/primeiro-liraa-do-ano-aponta-alto-indice-de-infestacao-em-toledo\\\/#primaryimage\"},\"thumbnailUrl\":\"https:\\\/\\\/www.encontraparana.com.br\\\/toledo\\\/wp-content\\\/uploads\\\/2026\\\/05\\\/primeiro-liraa-do-ano-aponta-alto-indice-de-infestacao-em-toledo.webp\",\"articleSection\":[\"Not\u00edcias Toledo\"],\"inLanguage\":\"pt-BR\",\"potentialAction\":[{\"@type\":\"CommentAction\",\"name\":\"Comment\",\"target\":[\"https:\\\/\\\/www.encontraparana.com.br\\\/toledo\\\/primeiro-liraa-do-ano-aponta-alto-indice-de-infestacao-em-toledo\\\/#respond\"]}]},{\"@type\":\"WebPage\",\"@id\":\"https:\\\/\\\/www.encontraparana.com.br\\\/toledo\\\/primeiro-liraa-do-ano-aponta-alto-indice-de-infestacao-em-toledo\\\/\",\"url\":\"https:\\\/\\\/www.encontraparana.com.br\\\/toledo\\\/primeiro-liraa-do-ano-aponta-alto-indice-de-infestacao-em-toledo\\\/\",\"name\":\"Primeiro LIRAa do ano aponta alto \u00edndice de infesta\u00e7\u00e3o em Toledo | Guia Comercial de Toledo PR\",\"isPartOf\":{\"@id\":\"https:\\\/\\\/www.encontraparana.com.br\\\/toledo\\\/#website\"},\"primaryImageOfPage\":{\"@id\":\"https:\\\/\\\/www.encontraparana.com.br\\\/toledo\\\/primeiro-liraa-do-ano-aponta-alto-indice-de-infestacao-em-toledo\\\/#primaryimage\"},\"image\":{\"@id\":\"https:\\\/\\\/www.encontraparana.com.br\\\/toledo\\\/primeiro-liraa-do-ano-aponta-alto-indice-de-infestacao-em-toledo\\\/#primaryimage\"},\"thumbnailUrl\":\"https:\\\/\\\/www.encontraparana.com.br\\\/toledo\\\/wp-content\\\/uploads\\\/2026\\\/05\\\/primeiro-liraa-do-ano-aponta-alto-indice-de-infestacao-em-toledo.webp\",\"datePublished\":\"2026-05-28T11:56:06+00:00\",\"author\":{\"@id\":\"https:\\\/\\\/www.encontraparana.com.br\\\/toledo\\\/#\\\/schema\\\/person\\\/3b3bd5c0e2969177418b8c8e4729fd0a\"},\"inLanguage\":\"pt-BR\",\"potentialAction\":[{\"@type\":\"ReadAction\",\"target\":[\"https:\\\/\\\/www.encontraparana.com.br\\\/toledo\\\/primeiro-liraa-do-ano-aponta-alto-indice-de-infestacao-em-toledo\\\/\"]}]},{\"@type\":\"ImageObject\",\"inLanguage\":\"pt-BR\",\"@id\":\"https:\\\/\\\/www.encontraparana.com.br\\\/toledo\\\/primeiro-liraa-do-ano-aponta-alto-indice-de-infestacao-em-toledo\\\/#primaryimage\",\"url\":\"https:\\\/\\\/www.encontraparana.com.br\\\/toledo\\\/wp-content\\\/uploads\\\/2026\\\/05\\\/primeiro-liraa-do-ano-aponta-alto-indice-de-infestacao-em-toledo.webp\",\"contentUrl\":\"https:\\\/\\\/www.encontraparana.com.br\\\/toledo\\\/wp-content\\\/uploads\\\/2026\\\/05\\\/primeiro-liraa-do-ano-aponta-alto-indice-de-infestacao-em-toledo.webp\",\"width\":280,\"height\":280,\"caption\":\"primeiro LIRAa\"},{\"@type\":\"WebSite\",\"@id\":\"https:\\\/\\\/www.encontraparana.com.br\\\/toledo\\\/#website\",\"url\":\"https:\\\/\\\/www.encontraparana.com.br\\\/toledo\\\/\",\"name\":\"Guia Comercial de Toledo PR\",\"description\":\"ENCONTRA TOLEDO - O guia comercial de neg\u00f3cios e empresas, cultura e divers\u00e3o na cidade de Toledo. Feito 100% para voc\u00ea morador!\",\"potentialAction\":[{\"@type\":\"SearchAction\",\"target\":{\"@type\":\"EntryPoint\",\"urlTemplate\":\"https:\\\/\\\/www.encontraparana.com.br\\\/toledo\\\/?s={search_term_string}\"},\"query-input\":{\"@type\":\"PropertyValueSpecification\",\"valueRequired\":true,\"valueName\":\"search_term_string\"}}],\"inLanguage\":\"pt-BR\"},{\"@type\":\"Person\",\"@id\":\"https:\\\/\\\/www.encontraparana.com.br\\\/toledo\\\/#\\\/schema\\\/person\\\/3b3bd5c0e2969177418b8c8e4729fd0a\",\"name\":\"Encontra Toledo\",\"image\":{\"@type\":\"ImageObject\",\"inLanguage\":\"pt-BR\",\"@id\":\"https:\\\/\\\/secure.gravatar.com\\\/avatar\\\/c50c17820bcf322f0a8fd6b110b8c0918141409dc69076470f6fca5fee70a5d4?s=96&d=mm&r=g\",\"url\":\"https:\\\/\\\/secure.gravatar.com\\\/avatar\\\/c50c17820bcf322f0a8fd6b110b8c0918141409dc69076470f6fca5fee70a5d4?s=96&d=mm&r=g\",\"contentUrl\":\"https:\\\/\\\/secure.gravatar.com\\\/avatar\\\/c50c17820bcf322f0a8fd6b110b8c0918141409dc69076470f6fca5fee70a5d4?s=96&d=mm&r=g\",\"caption\":\"Encontra Toledo\"},\"url\":\"https:\\\/\\\/www.encontraparana.com.br\\\/toledo\\\/author\\\/encontratoledo\\\/\"}]}<\/script>\n<!-- \/ Yoast SEO plugin. -->","yoast_head_json":{"title":"Primeiro LIRAa do ano aponta alto \u00edndice de infesta\u00e7\u00e3o em Toledo | Guia Comercial de Toledo PR","robots":{"index":"index","follow":"follow","max-snippet":"max-snippet:-1","max-image-preview":"max-image-preview:large","max-video-preview":"max-video-preview:-1"},"canonical":"https:\/\/www.encontraparana.com.br\/toledo\/primeiro-liraa-do-ano-aponta-alto-indice-de-infestacao-em-toledo\/","og_locale":"pt_BR","og_type":"article","og_title":"Primeiro LIRAa do ano aponta alto \u00edndice de infesta\u00e7\u00e3o em Toledo | Guia Comercial de Toledo PR","og_description":"A infesta\u00e7\u00e3o por Aedes aegypti em Toledo atinge n\u00edveis preocupantes que exigem aten\u00e7\u00e3o imediata.","og_url":"https:\/\/www.encontraparana.com.br\/toledo\/primeiro-liraa-do-ano-aponta-alto-indice-de-infestacao-em-toledo\/","og_site_name":"Guia Comercial de Toledo PR","article_published_time":"2026-05-28T11:56:06+00:00","og_image":[{"width":280,"height":280,"url":"https:\/\/www.encontraparana.com.br\/toledo\/wp-content\/uploads\/2026\/05\/primeiro-liraa-do-ano-aponta-alto-indice-de-infestacao-em-toledo.webp","type":"image\/webp"}],"author":"Encontra Toledo","twitter_card":"summary_large_image","twitter_misc":{"Escrito por":"Encontra Toledo","Est. tempo de leitura":"4 minutos"},"schema":{"@context":"https:\/\/schema.org","@graph":[{"@type":"Article","@id":"https:\/\/www.encontraparana.com.br\/toledo\/primeiro-liraa-do-ano-aponta-alto-indice-de-infestacao-em-toledo\/#article","isPartOf":{"@id":"https:\/\/www.encontraparana.com.br\/toledo\/primeiro-liraa-do-ano-aponta-alto-indice-de-infestacao-em-toledo\/"},"author":{"name":"Encontra Toledo","@id":"https:\/\/www.encontraparana.com.br\/toledo\/#\/schema\/person\/3b3bd5c0e2969177418b8c8e4729fd0a"},"headline":"Primeiro LIRAa do ano aponta alto \u00edndice de infesta\u00e7\u00e3o em Toledo","datePublished":"2026-05-28T11:56:06+00:00","mainEntityOfPage":{"@id":"https:\/\/www.encontraparana.com.br\/toledo\/primeiro-liraa-do-ano-aponta-alto-indice-de-infestacao-em-toledo\/"},"wordCount":724,"commentCount":0,"image":{"@id":"https:\/\/www.encontraparana.com.br\/toledo\/primeiro-liraa-do-ano-aponta-alto-indice-de-infestacao-em-toledo\/#primaryimage"},"thumbnailUrl":"https:\/\/www.encontraparana.com.br\/toledo\/wp-content\/uploads\/2026\/05\/primeiro-liraa-do-ano-aponta-alto-indice-de-infestacao-em-toledo.webp","articleSection":["Not\u00edcias Toledo"],"inLanguage":"pt-BR","potentialAction":[{"@type":"CommentAction","name":"Comment","target":["https:\/\/www.encontraparana.com.br\/toledo\/primeiro-liraa-do-ano-aponta-alto-indice-de-infestacao-em-toledo\/#respond"]}]},{"@type":"WebPage","@id":"https:\/\/www.encontraparana.com.br\/toledo\/primeiro-liraa-do-ano-aponta-alto-indice-de-infestacao-em-toledo\/","url":"https:\/\/www.encontraparana.com.br\/toledo\/primeiro-liraa-do-ano-aponta-alto-indice-de-infestacao-em-toledo\/","name":"Primeiro LIRAa do ano aponta alto \u00edndice de infesta\u00e7\u00e3o em Toledo | Guia Comercial de Toledo PR","isPartOf":{"@id":"https:\/\/www.encontraparana.com.br\/toledo\/#website"},"primaryImageOfPage":{"@id":"https:\/\/www.encontraparana.com.br\/toledo\/primeiro-liraa-do-ano-aponta-alto-indice-de-infestacao-em-toledo\/#primaryimage"},"image":{"@id":"https:\/\/www.encontraparana.com.br\/toledo\/primeiro-liraa-do-ano-aponta-alto-indice-de-infestacao-em-toledo\/#primaryimage"},"thumbnailUrl":"https:\/\/www.encontraparana.com.br\/toledo\/wp-content\/uploads\/2026\/05\/primeiro-liraa-do-ano-aponta-alto-indice-de-infestacao-em-toledo.webp","datePublished":"2026-05-28T11:56:06+00:00","author":{"@id":"https:\/\/www.encontraparana.com.br\/toledo\/#\/schema\/person\/3b3bd5c0e2969177418b8c8e4729fd0a"},"inLanguage":"pt-BR","potentialAction":[{"@type":"ReadAction","target":["https:\/\/www.encontraparana.com.br\/toledo\/primeiro-liraa-do-ano-aponta-alto-indice-de-infestacao-em-toledo\/"]}]},{"@type":"ImageObject","inLanguage":"pt-BR","@id":"https:\/\/www.encontraparana.com.br\/toledo\/primeiro-liraa-do-ano-aponta-alto-indice-de-infestacao-em-toledo\/#primaryimage","url":"https:\/\/www.encontraparana.com.br\/toledo\/wp-content\/uploads\/2026\/05\/primeiro-liraa-do-ano-aponta-alto-indice-de-infestacao-em-toledo.webp","contentUrl":"https:\/\/www.encontraparana.com.br\/toledo\/wp-content\/uploads\/2026\/05\/primeiro-liraa-do-ano-aponta-alto-indice-de-infestacao-em-toledo.webp","width":280,"height":280,"caption":"primeiro LIRAa"},{"@type":"WebSite","@id":"https:\/\/www.encontraparana.com.br\/toledo\/#website","url":"https:\/\/www.encontraparana.com.br\/toledo\/","name":"Guia Comercial de Toledo PR","description":"ENCONTRA TOLEDO - O guia comercial de neg\u00f3cios e empresas, cultura e divers\u00e3o na cidade de Toledo. Feito 100% para voc\u00ea morador!","potentialAction":[{"@type":"SearchAction","target":{"@type":"EntryPoint","urlTemplate":"https:\/\/www.encontraparana.com.br\/toledo\/?s={search_term_string}"},"query-input":{"@type":"PropertyValueSpecification","valueRequired":true,"valueName":"search_term_string"}}],"inLanguage":"pt-BR"},{"@type":"Person","@id":"https:\/\/www.encontraparana.com.br\/toledo\/#\/schema\/person\/3b3bd5c0e2969177418b8c8e4729fd0a","name":"Encontra Toledo","image":{"@type":"ImageObject","inLanguage":"pt-BR","@id":"https:\/\/secure.gravatar.com\/avatar\/c50c17820bcf322f0a8fd6b110b8c0918141409dc69076470f6fca5fee70a5d4?s=96&d=mm&r=g","url":"https:\/\/secure.gravatar.com\/avatar\/c50c17820bcf322f0a8fd6b110b8c0918141409dc69076470f6fca5fee70a5d4?s=96&d=mm&r=g","contentUrl":"https:\/\/secure.gravatar.com\/avatar\/c50c17820bcf322f0a8fd6b110b8c0918141409dc69076470f6fca5fee70a5d4?s=96&d=mm&r=g","caption":"Encontra Toledo"},"url":"https:\/\/www.encontraparana.com.br\/toledo\/author\/encontratoledo\/"}]}},"_links":{"self":[{"href":"https:\/\/www.encontraparana.com.br\/toledo\/wp-json\/wp\/v2\/posts\/5107","targetHints":{"allow":["GET"]}}],"collection":[{"href":"https:\/\/www.encontraparana.com.br\/toledo\/wp-json\/wp\/v2\/posts"}],"about":[{"href":"https:\/\/www.encontraparana.com.br\/toledo\/wp-json\/wp\/v2\/types\/post"}],"author":[{"embeddable":true,"href":"https:\/\/www.encontraparana.com.br\/toledo\/wp-json\/wp\/v2\/users\/1"}],"replies":[{"embeddable":true,"href":"https:\/\/www.encontraparana.com.br\/toledo\/wp-json\/wp\/v2\/comments?post=5107"}],"version-history":[{"count":0,"href":"https:\/\/www.encontraparana.com.br\/toledo\/wp-json\/wp\/v2\/posts\/5107\/revisions"}],"wp:featuredmedia":[{"embeddable":true,"href":"https:\/\/www.encontraparana.com.br\/toledo\/wp-json\/wp\/v2\/media\/5106"}],"wp:attachment":[{"href":"https:\/\/www.encontraparana.com.br\/toledo\/wp-json\/wp\/v2\/media?parent=5107"}],"wp:term":[{"taxonomy":"category","embeddable":true,"href":"https:\/\/www.encontraparana.com.br\/toledo\/wp-json\/wp\/v2\/categories?post=5107"},{"taxonomy":"post_tag","embeddable":true,"href":"https:\/\/www.encontraparana.com.br\/toledo\/wp-json\/wp\/v2\/tags?post=5107"}],"curies":[{"name":"wp","href":"https:\/\/api.w.org\/{rel}","templated":true}]}}