{"id":5109,"date":"2026-05-29T08:50:28","date_gmt":"2026-05-29T11:50:28","guid":{"rendered":"https:\/\/www.encontraparana.com.br\/toledo\/prefeitura-faz-nova-reuniao-sobre-projeto-de-recolha-legalizada-de-carcacas\/"},"modified":"2026-05-29T08:50:28","modified_gmt":"2026-05-29T11:50:28","slug":"prefeitura-faz-nova-reuniao-sobre-projeto-de-recolha-legalizada-de-carcacas","status":"publish","type":"post","link":"https:\/\/www.encontraparana.com.br\/toledo\/prefeitura-faz-nova-reuniao-sobre-projeto-de-recolha-legalizada-de-carcacas\/","title":{"rendered":"Prefeitura faz nova reuni\u00e3o sobre projeto de recolha legalizada de carca\u00e7as"},"content":{"rendered":"<h2>Entendendo o Que \u00e9 a Recolha Legalizada de Carca\u00e7as<\/h2>\n<p>A recolha legalizada de carca\u00e7as refere-se a um processo formal e regulamentado para a coleta de animais mortos, especialmente no contexto da suinocultura. Este sistema busca promover a destina\u00e7\u00e3o adequada e segura de carca\u00e7as, evitando a coleta clandestina que pode trazer riscos \u00e0 sa\u00fade p\u00fablica e ao meio ambiente. O objetivo \u00e9 garantir que a coleta e o descarte de animais mortos sejam realizados de maneira respons\u00e1vel e em conformidade com as normas regulat\u00f3rias.<\/p>\n<h2>Objetivos do Projeto de Recolha<\/h2>\n<p>O projeto de recolha legalizada visa criar um sistema organizado para:<\/p>\n<ul>\n<li><strong>Coleta Estruturada:<\/strong> Implementar um m\u00e9todo eficiente para a coleta de carca\u00e7as nas propriedades rurais.<\/li>\n<li><strong>Transporte Seguro:<\/strong> Garantir que o transporte das carca\u00e7as seja feito de forma segura e adequada, minimizando riscos de contamina\u00e7\u00e3o.<\/li>\n<li><strong>Destina\u00e7\u00e3o Apropriada:<\/strong> Assegurar que os res\u00edduos sejam destinados de maneira ambientalmente respons\u00e1vel, evitando o descarte inadequado.<\/li>\n<\/ul>\n<h2>Import\u00e2ncia da Regulariza\u00e7\u00e3o<\/h2>\n<p>A regulariza\u00e7\u00e3o da coleta de carca\u00e7as \u00e9 crucial por v\u00e1rias raz\u00f5es:<\/p>\n<p><img decoding=\"async\" src=\"https:\/\/www.encontraparana.com.br\/toledo\/wp-content\/uploads\/2026\/05\/prefeitura-faz-nova-reuniao-sobre-projeto-de-recolha-legalizada-de-carcacas.webp\" alt=\"recolha legalizada de carca\u00e7as\" loading=\"lazy\" \/><\/p>\n<ul>\n<li><strong>Sa\u00fade P\u00fablica:<\/strong> A coleta clandestina pode resultar em surtos de doen\u00e7as, afetando os rebanhos e, eventualmente, a sa\u00fade humana.<\/li>\n<li><strong>Prote\u00e7\u00e3o Ambiental:<\/strong> Descartes inadequados de carca\u00e7as podem contaminar solo e \u00e1gua, impactando ecossistemas locais.<\/li>\n<li><strong>Seguran\u00e7a na Produ\u00e7\u00e3o:<\/strong> Com um sistema de recolha regulamentado, a produtividade da suinocultura tende a aumentar, uma vez que os riscos de publica\u00e7\u00f5es est\u00e3o melhor controlados.<\/li>\n<\/ul>\n<h2>Quem Participou da Reuni\u00e3o<\/h2>\n<p>Na assembleia realizada em Toledo, diversas partes interessadas estiveram presentes, incluindo:<\/p>\n<ul>\n<li><strong>Prefeitura de Toledo:<\/strong> Representada pelo prefeito Mario Costenaro.<\/li>\n<li><strong>Promotoria de Justi\u00e7a:<\/strong> O promotor Giovani Ferri contribuiu com insights importantes sobre a iniciativa.<\/li>\n<li><strong>Instituto \u00c1gua e Terra (IAT):<\/strong> Este \u00f3rg\u00e3o fiscaliza e regula quest\u00f5es ambientais na regi\u00e3o.<\/li>\n<li><strong>Ag\u00eancia de Defesa Agropecu\u00e1ria do Paran\u00e1 (Adapar):<\/strong> Atuando para garantir a sanidade dos produtos agropecu\u00e1rios.<\/li>\n<li><strong>Entidades do Setor:<\/strong> A&#038;R Nutri\u00e7\u00e3o Animal, Assuinoeste e Abra, envolvendo-se ativamente nas discuss\u00f5es.<\/li>\n<\/ul>\n<h2>Os Riscos da Coleta Clandestina<\/h2>\n<p>A coleta n\u00e3o regulamentada de carca\u00e7as apresenta s\u00e9rios riscos para a sa\u00fade p\u00fablica e para a seguran\u00e7a sanit\u00e1ria da produ\u00e7\u00e3o de su\u00ednos:<\/p>\n<ul>\n<li><strong>Propaga\u00e7\u00e3o de Doen\u00e7as:<\/strong> Animais que n\u00e3o s\u00e3o descartados adequadamente podem transmitir doen\u00e7as infecciosas.<\/li>\n<li><strong>Contamina\u00e7\u00e3o do Solo e \u00c1gua:<\/strong> O descarte irregular pode levar \u00e0 polui\u00e7\u00e3o de recursos h\u00eddricos e altera\u00e7\u00e3o da qualidade do solo.<\/li>\n<li><strong>Impacto Econ\u00f4mico:<\/strong> Surtos de doen\u00e7as podem levar a perdas significativas na produ\u00e7\u00e3o e na economia local.<\/li>\n<\/ul>\n<h2>Como Funciona o Processo de Recolha<\/h2>\n<p>O processo de recolha legalizada \u00e9 estruturado em v\u00e1rias etapas, que incluem:<\/p>\n<ul>\n<li><strong>Solicita\u00e7\u00e3o:<\/strong> Os produtores rurais registram a necessidade de recolha das carca\u00e7as.<\/li>\n<li><strong>Coleta:<\/strong> Equipes treinadas realizam a coleta, garantindo todas as normas de seguran\u00e7a durante o transporte.<\/li>\n<li><strong>Destina\u00e7\u00e3o Final:<\/strong> As carca\u00e7as s\u00e3o levadas para unidades adequadas, onde passam por processos de reciclagem ou disposi\u00e7\u00e3o segura.<\/li>\n<\/ul>\n<h2>Benef\u00edcios para a Sa\u00fade P\u00fablica<\/h2>\n<p>A ado\u00e7\u00e3o de um sistema legalizado traz vantagens significativas para a sa\u00fade p\u00fablica:<\/p>\n<ul>\n<li><strong>Redu\u00e7\u00e3o de Riscos Sanit\u00e1rios:<\/strong> Melhora na sanidade dos rebanhos, diminuindo a probabilidade de surtos de doen\u00e7as.<\/li>\n<li><strong>Aprimoramento da Sa\u00fade do Consumidor:<\/strong> Produtos provenientes de su\u00ednos com uma gest\u00e3o adequada de carca\u00e7as s\u00e3o mais seguros.<\/li>\n<li><strong>Conscientiza\u00e7\u00e3o:<\/strong> O projeto tamb\u00e9m promove a educa\u00e7\u00e3o sobre os riscos do descarte irregular.<\/li>\n<\/ul>\n<h2>Implica\u00e7\u00f5es Ambientais do Descarte<\/h2>\n<p>O descarte n\u00e3o regulamentado tem impactos diretos no meio ambiente:<\/p>\n<ul>\n<li><strong>Contamina\u00e7\u00e3o de Ecossistemas:<\/strong> A presen\u00e7a de carca\u00e7as em locais inadequados pode afetar flora e fauna locais.<\/li>\n<li><strong>Desperd\u00edcio de Recursos:<\/strong> Carca\u00e7as podem ser recicladas ou transformadas em biocombust\u00edveis, ajudando na sustentabilidade.<\/li>\n<\/ul>\n<h2>Parcerias Envolvidas no Projeto<\/h2>\n<p>O sucesso do projeto depende da colabora\u00e7\u00e3o entre diversas institui\u00e7\u00f5es:<\/p>\n<ul>\n<li><strong>Entidades Governamentais:<\/strong> Como a Adapar e o IAT, que garantem a legalidade e a seguran\u00e7a sanit\u00e1ria.<\/li>\n<li><strong>Associa\u00e7\u00f5es de Produtores:<\/strong> Que representam os interesses dos suinocultores e facilitam a comunica\u00e7\u00e3o.<\/li>\n<li><strong>Organiza\u00e7\u00f5es N\u00e3o-Governamentais:<\/strong> Que podem contribuir com expertise em gest\u00e3o ambiental.<\/li>\n<\/ul>\n<h2>Pr\u00f3ximos Passos da Iniciativa<\/h2>\n<p>Para a implementa\u00e7\u00e3o efetiva do projeto, os pr\u00f3ximos passos incluem:<\/p>\n<ul>\n<li><strong>Formaliza\u00e7\u00e3o de Acordos:<\/strong> Estabelecer parcerias s\u00f3lidas entre os \u00f3rg\u00e3os envolvidos.<\/li>\n<li><strong>Campanhas de Conscientiza\u00e7\u00e3o:<\/strong> Informar os produtores sobre a import\u00e2ncia e os benef\u00edcios do projeto.<\/li>\n<li><strong>Monitoramento e Avalia\u00e7\u00e3o Cont\u00ednua:<\/strong> Ajustar o processo conforme necess\u00e1rio, com o suporte da comunidade envolvida.<\/li>\n<\/ul>\n","protected":false},"excerpt":{"rendered":"<p>Recolha legalizada de carca\u00e7as \u00e9 o foco da nova reuni\u00e3o da Prefeitura.<\/p>\n","protected":false},"author":1,"featured_media":5108,"comment_status":"open","ping_status":"open","sticky":false,"template":"","format":"standard","meta":{"footnotes":""},"categories":[5],"tags":[],"class_list":["post-5109","post","type-post","status-publish","format-standard","has-post-thumbnail","hentry","category-noticias","has_thumb"],"yoast_head":"<!-- This site is optimized with the Yoast SEO plugin v28.1 - https:\/\/yoast.com\/product\/yoast-seo-wordpress\/ -->\n<title>Prefeitura faz nova reuni\u00e3o sobre projeto de recolha legalizada de carca\u00e7as | Guia Comercial de Toledo PR<\/title>\n<meta name=\"robots\" content=\"index, follow, max-snippet:-1, max-image-preview:large, max-video-preview:-1\" \/>\n<link rel=\"canonical\" href=\"https:\/\/www.encontraparana.com.br\/toledo\/prefeitura-faz-nova-reuniao-sobre-projeto-de-recolha-legalizada-de-carcacas\/\" \/>\n<meta property=\"og:locale\" content=\"pt_BR\" \/>\n<meta property=\"og:type\" content=\"article\" \/>\n<meta property=\"og:title\" content=\"Prefeitura faz nova reuni\u00e3o sobre projeto de recolha legalizada de carca\u00e7as | Guia Comercial de Toledo PR\" \/>\n<meta property=\"og:description\" content=\"Recolha legalizada de carca\u00e7as \u00e9 o foco da nova reuni\u00e3o da Prefeitura.\" \/>\n<meta property=\"og:url\" content=\"https:\/\/www.encontraparana.com.br\/toledo\/prefeitura-faz-nova-reuniao-sobre-projeto-de-recolha-legalizada-de-carcacas\/\" \/>\n<meta property=\"og:site_name\" content=\"Guia Comercial de Toledo PR\" \/>\n<meta property=\"article:published_time\" content=\"2026-05-29T11:50:28+00:00\" \/>\n<meta property=\"og:image\" content=\"https:\/\/www.encontraparana.com.br\/toledo\/wp-content\/uploads\/2026\/05\/prefeitura-faz-nova-reuniao-sobre-projeto-de-recolha-legalizada-de-carcacas.webp\" \/>\n\t<meta property=\"og:image:width\" content=\"280\" \/>\n\t<meta property=\"og:image:height\" content=\"280\" \/>\n\t<meta property=\"og:image:type\" content=\"image\/webp\" \/>\n<meta name=\"author\" content=\"Encontra Toledo\" \/>\n<meta name=\"twitter:card\" content=\"summary_large_image\" \/>\n<meta name=\"twitter:label1\" content=\"Escrito por\" \/>\n\t<meta name=\"twitter:data1\" content=\"Encontra Toledo\" \/>\n\t<meta name=\"twitter:label2\" content=\"Est. tempo de leitura\" \/>\n\t<meta name=\"twitter:data2\" content=\"4 minutos\" \/>\n<script type=\"application\/ld+json\" class=\"yoast-schema-graph\">{\"@context\":\"https:\\\/\\\/schema.org\",\"@graph\":[{\"@type\":\"Article\",\"@id\":\"https:\\\/\\\/www.encontraparana.com.br\\\/toledo\\\/prefeitura-faz-nova-reuniao-sobre-projeto-de-recolha-legalizada-de-carcacas\\\/#article\",\"isPartOf\":{\"@id\":\"https:\\\/\\\/www.encontraparana.com.br\\\/toledo\\\/prefeitura-faz-nova-reuniao-sobre-projeto-de-recolha-legalizada-de-carcacas\\\/\"},\"author\":{\"name\":\"Encontra Toledo\",\"@id\":\"https:\\\/\\\/www.encontraparana.com.br\\\/toledo\\\/#\\\/schema\\\/person\\\/3b3bd5c0e2969177418b8c8e4729fd0a\"},\"headline\":\"Prefeitura faz nova reuni\u00e3o sobre projeto de recolha legalizada de carca\u00e7as\",\"datePublished\":\"2026-05-29T11:50:28+00:00\",\"mainEntityOfPage\":{\"@id\":\"https:\\\/\\\/www.encontraparana.com.br\\\/toledo\\\/prefeitura-faz-nova-reuniao-sobre-projeto-de-recolha-legalizada-de-carcacas\\\/\"},\"wordCount\":778,\"commentCount\":0,\"image\":{\"@id\":\"https:\\\/\\\/www.encontraparana.com.br\\\/toledo\\\/prefeitura-faz-nova-reuniao-sobre-projeto-de-recolha-legalizada-de-carcacas\\\/#primaryimage\"},\"thumbnailUrl\":\"https:\\\/\\\/www.encontraparana.com.br\\\/toledo\\\/wp-content\\\/uploads\\\/2026\\\/05\\\/prefeitura-faz-nova-reuniao-sobre-projeto-de-recolha-legalizada-de-carcacas.webp\",\"articleSection\":[\"Not\u00edcias Toledo\"],\"inLanguage\":\"pt-BR\",\"potentialAction\":[{\"@type\":\"CommentAction\",\"name\":\"Comment\",\"target\":[\"https:\\\/\\\/www.encontraparana.com.br\\\/toledo\\\/prefeitura-faz-nova-reuniao-sobre-projeto-de-recolha-legalizada-de-carcacas\\\/#respond\"]}]},{\"@type\":\"WebPage\",\"@id\":\"https:\\\/\\\/www.encontraparana.com.br\\\/toledo\\\/prefeitura-faz-nova-reuniao-sobre-projeto-de-recolha-legalizada-de-carcacas\\\/\",\"url\":\"https:\\\/\\\/www.encontraparana.com.br\\\/toledo\\\/prefeitura-faz-nova-reuniao-sobre-projeto-de-recolha-legalizada-de-carcacas\\\/\",\"name\":\"Prefeitura faz nova reuni\u00e3o sobre projeto de recolha legalizada de carca\u00e7as | Guia Comercial de Toledo PR\",\"isPartOf\":{\"@id\":\"https:\\\/\\\/www.encontraparana.com.br\\\/toledo\\\/#website\"},\"primaryImageOfPage\":{\"@id\":\"https:\\\/\\\/www.encontraparana.com.br\\\/toledo\\\/prefeitura-faz-nova-reuniao-sobre-projeto-de-recolha-legalizada-de-carcacas\\\/#primaryimage\"},\"image\":{\"@id\":\"https:\\\/\\\/www.encontraparana.com.br\\\/toledo\\\/prefeitura-faz-nova-reuniao-sobre-projeto-de-recolha-legalizada-de-carcacas\\\/#primaryimage\"},\"thumbnailUrl\":\"https:\\\/\\\/www.encontraparana.com.br\\\/toledo\\\/wp-content\\\/uploads\\\/2026\\\/05\\\/prefeitura-faz-nova-reuniao-sobre-projeto-de-recolha-legalizada-de-carcacas.webp\",\"datePublished\":\"2026-05-29T11:50:28+00:00\",\"author\":{\"@id\":\"https:\\\/\\\/www.encontraparana.com.br\\\/toledo\\\/#\\\/schema\\\/person\\\/3b3bd5c0e2969177418b8c8e4729fd0a\"},\"inLanguage\":\"pt-BR\",\"potentialAction\":[{\"@type\":\"ReadAction\",\"target\":[\"https:\\\/\\\/www.encontraparana.com.br\\\/toledo\\\/prefeitura-faz-nova-reuniao-sobre-projeto-de-recolha-legalizada-de-carcacas\\\/\"]}]},{\"@type\":\"ImageObject\",\"inLanguage\":\"pt-BR\",\"@id\":\"https:\\\/\\\/www.encontraparana.com.br\\\/toledo\\\/prefeitura-faz-nova-reuniao-sobre-projeto-de-recolha-legalizada-de-carcacas\\\/#primaryimage\",\"url\":\"https:\\\/\\\/www.encontraparana.com.br\\\/toledo\\\/wp-content\\\/uploads\\\/2026\\\/05\\\/prefeitura-faz-nova-reuniao-sobre-projeto-de-recolha-legalizada-de-carcacas.webp\",\"contentUrl\":\"https:\\\/\\\/www.encontraparana.com.br\\\/toledo\\\/wp-content\\\/uploads\\\/2026\\\/05\\\/prefeitura-faz-nova-reuniao-sobre-projeto-de-recolha-legalizada-de-carcacas.webp\",\"width\":280,\"height\":280,\"caption\":\"recolha legalizada de carca\u00e7as\"},{\"@type\":\"WebSite\",\"@id\":\"https:\\\/\\\/www.encontraparana.com.br\\\/toledo\\\/#website\",\"url\":\"https:\\\/\\\/www.encontraparana.com.br\\\/toledo\\\/\",\"name\":\"Guia Comercial de Toledo PR\",\"description\":\"ENCONTRA TOLEDO - O guia comercial de neg\u00f3cios e empresas, cultura e divers\u00e3o na cidade de Toledo. Feito 100% para voc\u00ea morador!\",\"potentialAction\":[{\"@type\":\"SearchAction\",\"target\":{\"@type\":\"EntryPoint\",\"urlTemplate\":\"https:\\\/\\\/www.encontraparana.com.br\\\/toledo\\\/?s={search_term_string}\"},\"query-input\":{\"@type\":\"PropertyValueSpecification\",\"valueRequired\":true,\"valueName\":\"search_term_string\"}}],\"inLanguage\":\"pt-BR\"},{\"@type\":\"Person\",\"@id\":\"https:\\\/\\\/www.encontraparana.com.br\\\/toledo\\\/#\\\/schema\\\/person\\\/3b3bd5c0e2969177418b8c8e4729fd0a\",\"name\":\"Encontra Toledo\",\"image\":{\"@type\":\"ImageObject\",\"inLanguage\":\"pt-BR\",\"@id\":\"https:\\\/\\\/secure.gravatar.com\\\/avatar\\\/c50c17820bcf322f0a8fd6b110b8c0918141409dc69076470f6fca5fee70a5d4?s=96&d=mm&r=g\",\"url\":\"https:\\\/\\\/secure.gravatar.com\\\/avatar\\\/c50c17820bcf322f0a8fd6b110b8c0918141409dc69076470f6fca5fee70a5d4?s=96&d=mm&r=g\",\"contentUrl\":\"https:\\\/\\\/secure.gravatar.com\\\/avatar\\\/c50c17820bcf322f0a8fd6b110b8c0918141409dc69076470f6fca5fee70a5d4?s=96&d=mm&r=g\",\"caption\":\"Encontra Toledo\"},\"url\":\"https:\\\/\\\/www.encontraparana.com.br\\\/toledo\\\/author\\\/encontratoledo\\\/\"}]}<\/script>\n<!-- \/ Yoast SEO plugin. -->","yoast_head_json":{"title":"Prefeitura faz nova reuni\u00e3o sobre projeto de recolha legalizada de carca\u00e7as | Guia Comercial de Toledo PR","robots":{"index":"index","follow":"follow","max-snippet":"max-snippet:-1","max-image-preview":"max-image-preview:large","max-video-preview":"max-video-preview:-1"},"canonical":"https:\/\/www.encontraparana.com.br\/toledo\/prefeitura-faz-nova-reuniao-sobre-projeto-de-recolha-legalizada-de-carcacas\/","og_locale":"pt_BR","og_type":"article","og_title":"Prefeitura faz nova reuni\u00e3o sobre projeto de recolha legalizada de carca\u00e7as | Guia Comercial de Toledo PR","og_description":"Recolha legalizada de carca\u00e7as \u00e9 o foco da nova reuni\u00e3o da Prefeitura.","og_url":"https:\/\/www.encontraparana.com.br\/toledo\/prefeitura-faz-nova-reuniao-sobre-projeto-de-recolha-legalizada-de-carcacas\/","og_site_name":"Guia Comercial de Toledo PR","article_published_time":"2026-05-29T11:50:28+00:00","og_image":[{"width":280,"height":280,"url":"https:\/\/www.encontraparana.com.br\/toledo\/wp-content\/uploads\/2026\/05\/prefeitura-faz-nova-reuniao-sobre-projeto-de-recolha-legalizada-de-carcacas.webp","type":"image\/webp"}],"author":"Encontra Toledo","twitter_card":"summary_large_image","twitter_misc":{"Escrito por":"Encontra Toledo","Est. tempo de leitura":"4 minutos"},"schema":{"@context":"https:\/\/schema.org","@graph":[{"@type":"Article","@id":"https:\/\/www.encontraparana.com.br\/toledo\/prefeitura-faz-nova-reuniao-sobre-projeto-de-recolha-legalizada-de-carcacas\/#article","isPartOf":{"@id":"https:\/\/www.encontraparana.com.br\/toledo\/prefeitura-faz-nova-reuniao-sobre-projeto-de-recolha-legalizada-de-carcacas\/"},"author":{"name":"Encontra Toledo","@id":"https:\/\/www.encontraparana.com.br\/toledo\/#\/schema\/person\/3b3bd5c0e2969177418b8c8e4729fd0a"},"headline":"Prefeitura faz nova reuni\u00e3o sobre projeto de recolha legalizada de carca\u00e7as","datePublished":"2026-05-29T11:50:28+00:00","mainEntityOfPage":{"@id":"https:\/\/www.encontraparana.com.br\/toledo\/prefeitura-faz-nova-reuniao-sobre-projeto-de-recolha-legalizada-de-carcacas\/"},"wordCount":778,"commentCount":0,"image":{"@id":"https:\/\/www.encontraparana.com.br\/toledo\/prefeitura-faz-nova-reuniao-sobre-projeto-de-recolha-legalizada-de-carcacas\/#primaryimage"},"thumbnailUrl":"https:\/\/www.encontraparana.com.br\/toledo\/wp-content\/uploads\/2026\/05\/prefeitura-faz-nova-reuniao-sobre-projeto-de-recolha-legalizada-de-carcacas.webp","articleSection":["Not\u00edcias Toledo"],"inLanguage":"pt-BR","potentialAction":[{"@type":"CommentAction","name":"Comment","target":["https:\/\/www.encontraparana.com.br\/toledo\/prefeitura-faz-nova-reuniao-sobre-projeto-de-recolha-legalizada-de-carcacas\/#respond"]}]},{"@type":"WebPage","@id":"https:\/\/www.encontraparana.com.br\/toledo\/prefeitura-faz-nova-reuniao-sobre-projeto-de-recolha-legalizada-de-carcacas\/","url":"https:\/\/www.encontraparana.com.br\/toledo\/prefeitura-faz-nova-reuniao-sobre-projeto-de-recolha-legalizada-de-carcacas\/","name":"Prefeitura faz nova reuni\u00e3o sobre projeto de recolha legalizada de carca\u00e7as | Guia Comercial de Toledo PR","isPartOf":{"@id":"https:\/\/www.encontraparana.com.br\/toledo\/#website"},"primaryImageOfPage":{"@id":"https:\/\/www.encontraparana.com.br\/toledo\/prefeitura-faz-nova-reuniao-sobre-projeto-de-recolha-legalizada-de-carcacas\/#primaryimage"},"image":{"@id":"https:\/\/www.encontraparana.com.br\/toledo\/prefeitura-faz-nova-reuniao-sobre-projeto-de-recolha-legalizada-de-carcacas\/#primaryimage"},"thumbnailUrl":"https:\/\/www.encontraparana.com.br\/toledo\/wp-content\/uploads\/2026\/05\/prefeitura-faz-nova-reuniao-sobre-projeto-de-recolha-legalizada-de-carcacas.webp","datePublished":"2026-05-29T11:50:28+00:00","author":{"@id":"https:\/\/www.encontraparana.com.br\/toledo\/#\/schema\/person\/3b3bd5c0e2969177418b8c8e4729fd0a"},"inLanguage":"pt-BR","potentialAction":[{"@type":"ReadAction","target":["https:\/\/www.encontraparana.com.br\/toledo\/prefeitura-faz-nova-reuniao-sobre-projeto-de-recolha-legalizada-de-carcacas\/"]}]},{"@type":"ImageObject","inLanguage":"pt-BR","@id":"https:\/\/www.encontraparana.com.br\/toledo\/prefeitura-faz-nova-reuniao-sobre-projeto-de-recolha-legalizada-de-carcacas\/#primaryimage","url":"https:\/\/www.encontraparana.com.br\/toledo\/wp-content\/uploads\/2026\/05\/prefeitura-faz-nova-reuniao-sobre-projeto-de-recolha-legalizada-de-carcacas.webp","contentUrl":"https:\/\/www.encontraparana.com.br\/toledo\/wp-content\/uploads\/2026\/05\/prefeitura-faz-nova-reuniao-sobre-projeto-de-recolha-legalizada-de-carcacas.webp","width":280,"height":280,"caption":"recolha legalizada de carca\u00e7as"},{"@type":"WebSite","@id":"https:\/\/www.encontraparana.com.br\/toledo\/#website","url":"https:\/\/www.encontraparana.com.br\/toledo\/","name":"Guia Comercial de Toledo PR","description":"ENCONTRA TOLEDO - O guia comercial de neg\u00f3cios e empresas, cultura e divers\u00e3o na cidade de Toledo. Feito 100% para voc\u00ea morador!","potentialAction":[{"@type":"SearchAction","target":{"@type":"EntryPoint","urlTemplate":"https:\/\/www.encontraparana.com.br\/toledo\/?s={search_term_string}"},"query-input":{"@type":"PropertyValueSpecification","valueRequired":true,"valueName":"search_term_string"}}],"inLanguage":"pt-BR"},{"@type":"Person","@id":"https:\/\/www.encontraparana.com.br\/toledo\/#\/schema\/person\/3b3bd5c0e2969177418b8c8e4729fd0a","name":"Encontra Toledo","image":{"@type":"ImageObject","inLanguage":"pt-BR","@id":"https:\/\/secure.gravatar.com\/avatar\/c50c17820bcf322f0a8fd6b110b8c0918141409dc69076470f6fca5fee70a5d4?s=96&d=mm&r=g","url":"https:\/\/secure.gravatar.com\/avatar\/c50c17820bcf322f0a8fd6b110b8c0918141409dc69076470f6fca5fee70a5d4?s=96&d=mm&r=g","contentUrl":"https:\/\/secure.gravatar.com\/avatar\/c50c17820bcf322f0a8fd6b110b8c0918141409dc69076470f6fca5fee70a5d4?s=96&d=mm&r=g","caption":"Encontra Toledo"},"url":"https:\/\/www.encontraparana.com.br\/toledo\/author\/encontratoledo\/"}]}},"_links":{"self":[{"href":"https:\/\/www.encontraparana.com.br\/toledo\/wp-json\/wp\/v2\/posts\/5109","targetHints":{"allow":["GET"]}}],"collection":[{"href":"https:\/\/www.encontraparana.com.br\/toledo\/wp-json\/wp\/v2\/posts"}],"about":[{"href":"https:\/\/www.encontraparana.com.br\/toledo\/wp-json\/wp\/v2\/types\/post"}],"author":[{"embeddable":true,"href":"https:\/\/www.encontraparana.com.br\/toledo\/wp-json\/wp\/v2\/users\/1"}],"replies":[{"embeddable":true,"href":"https:\/\/www.encontraparana.com.br\/toledo\/wp-json\/wp\/v2\/comments?post=5109"}],"version-history":[{"count":0,"href":"https:\/\/www.encontraparana.com.br\/toledo\/wp-json\/wp\/v2\/posts\/5109\/revisions"}],"wp:featuredmedia":[{"embeddable":true,"href":"https:\/\/www.encontraparana.com.br\/toledo\/wp-json\/wp\/v2\/media\/5108"}],"wp:attachment":[{"href":"https:\/\/www.encontraparana.com.br\/toledo\/wp-json\/wp\/v2\/media?parent=5109"}],"wp:term":[{"taxonomy":"category","embeddable":true,"href":"https:\/\/www.encontraparana.com.br\/toledo\/wp-json\/wp\/v2\/categories?post=5109"},{"taxonomy":"post_tag","embeddable":true,"href":"https:\/\/www.encontraparana.com.br\/toledo\/wp-json\/wp\/v2\/tags?post=5109"}],"curies":[{"name":"wp","href":"https:\/\/api.w.org\/{rel}","templated":true}]}}