{"id":5204,"date":"2026-06-21T11:38:29","date_gmt":"2026-06-21T14:38:29","guid":{"rendered":"https:\/\/www.encontraparana.com.br\/toledo\/toledo-promove-10a-conferencia-dos-direitos-da-crianca-e-do-adolescente\/"},"modified":"2026-06-21T11:38:29","modified_gmt":"2026-06-21T14:38:29","slug":"toledo-promove-10a-conferencia-dos-direitos-da-crianca-e-do-adolescente","status":"publish","type":"post","link":"https:\/\/www.encontraparana.com.br\/toledo\/toledo-promove-10a-conferencia-dos-direitos-da-crianca-e-do-adolescente\/","title":{"rendered":"Toledo promove 10\u00aa Confer\u00eancia dos Direitos da Crian\u00e7a e do Adolescente"},"content":{"rendered":"<h2>O que \u00e9 a Confer\u00eancia dos Direitos da Crian\u00e7a e do Adolescente?<\/h2>\n<p>A Confer\u00eancia dos Direitos da Crian\u00e7a e do Adolescente \u00e9 um evento que busca discutir, planejar e promover os direitos de crian\u00e7as e adolescentes em nosso pa\u00eds. A 10\u00aa Confer\u00eancia Municipal de Toledo, realizada em 17 de junho, envolveu cerca de 300 participantes e aconteceu no teatro da Universidade Estadual do Oeste do Paran\u00e1 (Unioeste). O foco principal foi a troca de ideias e a cria\u00e7\u00e3o de propostas que visam fortalecer a prote\u00e7\u00e3o e os direitos de crian\u00e7as e adolescentes, al\u00e9m de promover a participa\u00e7\u00e3o ativa da sociedade civil nessas quest\u00f5es.<\/p>\n<h2>Participa\u00e7\u00e3o da Comunidade e Sociedade Civil<\/h2>\n<p>O evento foi feito em parceria com o Conselho Municipal dos Direitos da Crian\u00e7a e do Adolescente (CMDCA) e com a Prefeitura de Toledo, atrav\u00e9s da Secretaria de Desenvolvimento Humano e Social. A confer\u00eancia foi uma oportunidade para a sociedade civil se envolver ativamente no processo de controle social, onde cidad\u00e3os, \u00f3rg\u00e3os governamentais e representantes de entidade se uniram para discutir as realidades enfrentadas pela inf\u00e2ncia e juventude no munic\u00edpio.<\/p>\n<h2>Eixos Tem\u00e1ticos de Discuss\u00e3o<\/h2>\n<p>As discuss\u00f5es na confer\u00eancia foram organizadas em seis eixos tem\u00e1ticos principais:<\/p>\n<p><img decoding=\"async\" src=\"https:\/\/www.encontraparana.com.br\/toledo\/wp-content\/uploads\/2026\/06\/toledo-promove-10-conferencia-dos-direitos-da-crianca-e-do-adolescente.webp\" alt=\"Confer\u00eancia dos Direitos da Crian\u00e7a e do Adolescente\" loading=\"lazy\" \/><\/p>\n<ul>\n<li><strong>Controle Social e Participa\u00e7\u00e3o:<\/strong> Avalia\u00e7\u00e3o do fortalecimento do controle social e a promo\u00e7\u00e3o da participa\u00e7\u00e3o cidad\u00e3.<\/li>\n<li><strong>Conselhos Tutelares:<\/strong> Fortalecimento dos conselhos destinados a proteger os direitos de crian\u00e7as e adolescentes.<\/li>\n<li><strong>Conviv\u00eancia Familiar:<\/strong> Promo\u00e7\u00e3o da conviv\u00eancia saud\u00e1vel entre crian\u00e7as e suas fam\u00edlias e comunidades.<\/li>\n<li><strong>Viol\u00eancias:<\/strong> Discuss\u00f5es sobre preven\u00e7\u00e3o e combate \u00e0s viol\u00eancias que afetam crian\u00e7as e adolescentes.<\/li>\n<li><strong>Trabalho Infantil:<\/strong> Estrat\u00e9gias para prevenir e erradicar o trabalho infantil e proteger adolescentes no ambiente de trabalho.<\/li>\n<li><strong>Medidas Socioeducativas:<\/strong> Aperfei\u00e7oamento na execu\u00e7\u00e3o de medidas destinadas a jovens em conflito com a lei.<\/li>\n<\/ul>\n<h2>Propostas Constru\u00eddas para o Fortalecimento dos Direitos<\/h2>\n<p>Um total de 257 propostas foi debatido ao longo do evento, que surgiram de sete pr\u00e9-confer\u00eancias anteriores, realizadas em maio, e tamb\u00e9m das contribui\u00e7\u00f5es da comunidade local. As propostas discutidas t\u00eam como objetivo n\u00e3o apenas o fortalecimento de pol\u00edticas p\u00fablicas, mas tamb\u00e9m garantir que as vozes das crian\u00e7as e adolescentes sejam ouvidas e consideradas nas tomadas de decis\u00f5es.<\/p>\n<h2>Import\u00e2ncia do Protagonismo Juvenil<\/h2>\n<p>A confer\u00eancia enfatizou o protagonismo de jovens na elabora\u00e7\u00e3o de propostas. Sheila Delava, secret\u00e1ria de Desenvolvimento Humano e Social, sublinhou a import\u00e2ncia de ouvir as demandas dos adolescentes, lembrando que cada proposta representa anseios leg\u00edtimos desse p\u00fablico. A participa\u00e7\u00e3o ativa de crian\u00e7as e adolescentes \u00e9 fundamental para que as pol\u00edticas p\u00fablicas sejam eficazes e reflitam as reais necessidades desse grupo.<\/p>\n<h2>Abertura e Recep\u00e7\u00e3o do Evento<\/h2>\n<p>O evento iniciou-se com credenciamento e um caf\u00e9 da manh\u00e3, que incluiu apresenta\u00e7\u00f5es culturais de alunos de violino da Casa da Cultura. A cerim\u00f4nia de abertura contou com a presen\u00e7a de diversas autoridades locais, incluindo o prefeito e representantes do Legislativo Municipal, que exaltaram o papel da comunidade e de todos os envolvidos no processo de garantia de direitos das crian\u00e7as e adolescentes em Toledo.<\/p>\n<h2>Debates sobre Controle Social<\/h2>\n<p>No decorrer da confer\u00eancia, foram abordados temas sens\u00edveis e relevantes sobre controle social, a necessidade de empoderar a sociedade no combate \u00e0s injusti\u00e7as e a import\u00e2ncia de integrar crian\u00e7as e adolescentes nas discuss\u00f5es sobre suas pr\u00f3prias vidas e direitos. O di\u00e1logo entre diferentes partes interessadas foi fundamental para o desenvolvimento de a\u00e7\u00f5es concretas voltadas para um futuro mais justo e inclusivo.<\/p>\n<h2>Resultados e Delegados Eleitos<\/h2>\n<p>A confer\u00eancia resultou na elei\u00e7\u00e3o de quatro delegados que representar\u00e3o Toledo na confer\u00eancia estadual. Esses delegados foram escolhidos com base em crit\u00e9rios de representa\u00e7\u00e3o e diversidade, garantindo que as vozes de diferentes segmentos da juventude toledana sejam ecoadas em n\u00edvel estadual. Os eleitos foram: Rian Eduardo Carvalho e Jo\u00e3o Luiz Marques de Saldanha (jovens at\u00e9 18 anos), Nayara Galdino Camillo (Conselho Tutelar) e Sheila Delava (representante do poder p\u00fablico).<\/p>\n<h2>Expectativas para a Confer\u00eancia Estadual<\/h2>\n<p>As expectativas para a pr\u00f3xima Confer\u00eancia Estadual dos Direitos da Crian\u00e7a e do Adolescente s\u00e3o altas, com a esperan\u00e7a de que as propostas desenvolvidas em Toledo sejam considerados e abrangidos nas pol\u00edticas estaduais. A participa\u00e7\u00e3o ativa dos delegados \u00e9 vista como uma forma crucial de influenciar a formula\u00e7\u00e3o de pol\u00edticas mais abrangentes que atendam \u00e0s necessidades dos jovens em todo o estado.<\/p>\n<h2>Chamado \u00e0 A\u00e7\u00e3o<\/h2>\n<p>O evento sobresaiu a necessidade de um envolvimento cont\u00ednuo da comunidade para garantir os direitos das crian\u00e7as e adolescentes. A responsabilidade pela prote\u00e7\u00e3o e promo\u00e7\u00e3o dos direitos infantojuvenis deve ser compartilhada por toda a sociedade. Todos s\u00e3o chamados a se mobilizar e a engajar nas discuss\u00f5es que moldar\u00e3o o futuro de nossas crian\u00e7as e adolescentes, promovendo a\u00e7\u00f5es que garantam dignidade e respeito a este p\u00fablico vital para o desenvolvimento da sociedade.<\/p>\n","protected":false},"excerpt":{"rendered":"<p>Toledo promove a 10\u00aa Confer\u00eancia dos Direitos da Crian\u00e7a e do Adolescente com propostas significativas.<\/p>\n","protected":false},"author":1,"featured_media":5203,"comment_status":"open","ping_status":"open","sticky":false,"template":"","format":"standard","meta":{"footnotes":""},"categories":[897],"tags":[],"class_list":["post-5204","post","type-post","status-publish","format-standard","has-post-thumbnail","hentry","category-eventos","has_thumb"],"yoast_head":"<!-- This site is optimized with the Yoast SEO plugin v28.1 - https:\/\/yoast.com\/product\/yoast-seo-wordpress\/ -->\n<title>Toledo promove 10\u00aa Confer\u00eancia dos Direitos da Crian\u00e7a e do Adolescente | Guia Comercial de Toledo PR<\/title>\n<meta name=\"robots\" content=\"index, follow, max-snippet:-1, max-image-preview:large, max-video-preview:-1\" \/>\n<link rel=\"canonical\" href=\"https:\/\/www.encontraparana.com.br\/toledo\/toledo-promove-10a-conferencia-dos-direitos-da-crianca-e-do-adolescente\/\" \/>\n<meta property=\"og:locale\" content=\"pt_BR\" \/>\n<meta property=\"og:type\" content=\"article\" \/>\n<meta property=\"og:title\" content=\"Toledo promove 10\u00aa Confer\u00eancia dos Direitos da Crian\u00e7a e do Adolescente | Guia Comercial de Toledo PR\" \/>\n<meta property=\"og:description\" content=\"Toledo promove a 10\u00aa Confer\u00eancia dos Direitos da Crian\u00e7a e do Adolescente com propostas significativas.\" \/>\n<meta property=\"og:url\" content=\"https:\/\/www.encontraparana.com.br\/toledo\/toledo-promove-10a-conferencia-dos-direitos-da-crianca-e-do-adolescente\/\" \/>\n<meta property=\"og:site_name\" content=\"Guia Comercial de Toledo PR\" \/>\n<meta property=\"article:published_time\" content=\"2026-06-21T14:38:29+00:00\" \/>\n<meta property=\"og:image\" content=\"https:\/\/www.encontraparana.com.br\/toledo\/wp-content\/uploads\/2026\/06\/toledo-promove-10-conferencia-dos-direitos-da-crianca-e-do-adolescente.webp\" \/>\n\t<meta property=\"og:image:width\" content=\"280\" \/>\n\t<meta property=\"og:image:height\" content=\"280\" \/>\n\t<meta property=\"og:image:type\" content=\"image\/webp\" \/>\n<meta name=\"author\" content=\"Encontra Toledo\" \/>\n<meta name=\"twitter:card\" content=\"summary_large_image\" \/>\n<meta name=\"twitter:label1\" content=\"Escrito por\" \/>\n\t<meta name=\"twitter:data1\" content=\"Encontra Toledo\" \/>\n\t<meta name=\"twitter:label2\" content=\"Est. tempo de leitura\" \/>\n\t<meta name=\"twitter:data2\" content=\"4 minutos\" \/>\n<script type=\"application\/ld+json\" class=\"yoast-schema-graph\">{\"@context\":\"https:\\\/\\\/schema.org\",\"@graph\":[{\"@type\":\"Article\",\"@id\":\"https:\\\/\\\/www.encontraparana.com.br\\\/toledo\\\/toledo-promove-10a-conferencia-dos-direitos-da-crianca-e-do-adolescente\\\/#article\",\"isPartOf\":{\"@id\":\"https:\\\/\\\/www.encontraparana.com.br\\\/toledo\\\/toledo-promove-10a-conferencia-dos-direitos-da-crianca-e-do-adolescente\\\/\"},\"author\":{\"name\":\"Encontra Toledo\",\"@id\":\"https:\\\/\\\/www.encontraparana.com.br\\\/toledo\\\/#\\\/schema\\\/person\\\/3b3bd5c0e2969177418b8c8e4729fd0a\"},\"headline\":\"Toledo promove 10\u00aa Confer\u00eancia dos Direitos da Crian\u00e7a e do Adolescente\",\"datePublished\":\"2026-06-21T14:38:29+00:00\",\"mainEntityOfPage\":{\"@id\":\"https:\\\/\\\/www.encontraparana.com.br\\\/toledo\\\/toledo-promove-10a-conferencia-dos-direitos-da-crianca-e-do-adolescente\\\/\"},\"wordCount\":874,\"commentCount\":0,\"image\":{\"@id\":\"https:\\\/\\\/www.encontraparana.com.br\\\/toledo\\\/toledo-promove-10a-conferencia-dos-direitos-da-crianca-e-do-adolescente\\\/#primaryimage\"},\"thumbnailUrl\":\"https:\\\/\\\/www.encontraparana.com.br\\\/toledo\\\/wp-content\\\/uploads\\\/2026\\\/06\\\/toledo-promove-10-conferencia-dos-direitos-da-crianca-e-do-adolescente.webp\",\"articleSection\":[\"Eventos Toledo\"],\"inLanguage\":\"pt-BR\",\"potentialAction\":[{\"@type\":\"CommentAction\",\"name\":\"Comment\",\"target\":[\"https:\\\/\\\/www.encontraparana.com.br\\\/toledo\\\/toledo-promove-10a-conferencia-dos-direitos-da-crianca-e-do-adolescente\\\/#respond\"]}]},{\"@type\":\"WebPage\",\"@id\":\"https:\\\/\\\/www.encontraparana.com.br\\\/toledo\\\/toledo-promove-10a-conferencia-dos-direitos-da-crianca-e-do-adolescente\\\/\",\"url\":\"https:\\\/\\\/www.encontraparana.com.br\\\/toledo\\\/toledo-promove-10a-conferencia-dos-direitos-da-crianca-e-do-adolescente\\\/\",\"name\":\"Toledo promove 10\u00aa Confer\u00eancia dos Direitos da Crian\u00e7a e do Adolescente | Guia Comercial de Toledo PR\",\"isPartOf\":{\"@id\":\"https:\\\/\\\/www.encontraparana.com.br\\\/toledo\\\/#website\"},\"primaryImageOfPage\":{\"@id\":\"https:\\\/\\\/www.encontraparana.com.br\\\/toledo\\\/toledo-promove-10a-conferencia-dos-direitos-da-crianca-e-do-adolescente\\\/#primaryimage\"},\"image\":{\"@id\":\"https:\\\/\\\/www.encontraparana.com.br\\\/toledo\\\/toledo-promove-10a-conferencia-dos-direitos-da-crianca-e-do-adolescente\\\/#primaryimage\"},\"thumbnailUrl\":\"https:\\\/\\\/www.encontraparana.com.br\\\/toledo\\\/wp-content\\\/uploads\\\/2026\\\/06\\\/toledo-promove-10-conferencia-dos-direitos-da-crianca-e-do-adolescente.webp\",\"datePublished\":\"2026-06-21T14:38:29+00:00\",\"author\":{\"@id\":\"https:\\\/\\\/www.encontraparana.com.br\\\/toledo\\\/#\\\/schema\\\/person\\\/3b3bd5c0e2969177418b8c8e4729fd0a\"},\"inLanguage\":\"pt-BR\",\"potentialAction\":[{\"@type\":\"ReadAction\",\"target\":[\"https:\\\/\\\/www.encontraparana.com.br\\\/toledo\\\/toledo-promove-10a-conferencia-dos-direitos-da-crianca-e-do-adolescente\\\/\"]}]},{\"@type\":\"ImageObject\",\"inLanguage\":\"pt-BR\",\"@id\":\"https:\\\/\\\/www.encontraparana.com.br\\\/toledo\\\/toledo-promove-10a-conferencia-dos-direitos-da-crianca-e-do-adolescente\\\/#primaryimage\",\"url\":\"https:\\\/\\\/www.encontraparana.com.br\\\/toledo\\\/wp-content\\\/uploads\\\/2026\\\/06\\\/toledo-promove-10-conferencia-dos-direitos-da-crianca-e-do-adolescente.webp\",\"contentUrl\":\"https:\\\/\\\/www.encontraparana.com.br\\\/toledo\\\/wp-content\\\/uploads\\\/2026\\\/06\\\/toledo-promove-10-conferencia-dos-direitos-da-crianca-e-do-adolescente.webp\",\"width\":280,\"height\":280,\"caption\":\"Confer\u00eancia dos Direitos da Crian\u00e7a e do Adolescente\"},{\"@type\":\"WebSite\",\"@id\":\"https:\\\/\\\/www.encontraparana.com.br\\\/toledo\\\/#website\",\"url\":\"https:\\\/\\\/www.encontraparana.com.br\\\/toledo\\\/\",\"name\":\"Guia Comercial de Toledo PR\",\"description\":\"ENCONTRA TOLEDO - O guia comercial de neg\u00f3cios e empresas, cultura e divers\u00e3o na cidade de Toledo. Feito 100% para voc\u00ea morador!\",\"potentialAction\":[{\"@type\":\"SearchAction\",\"target\":{\"@type\":\"EntryPoint\",\"urlTemplate\":\"https:\\\/\\\/www.encontraparana.com.br\\\/toledo\\\/?s={search_term_string}\"},\"query-input\":{\"@type\":\"PropertyValueSpecification\",\"valueRequired\":true,\"valueName\":\"search_term_string\"}}],\"inLanguage\":\"pt-BR\"},{\"@type\":\"Person\",\"@id\":\"https:\\\/\\\/www.encontraparana.com.br\\\/toledo\\\/#\\\/schema\\\/person\\\/3b3bd5c0e2969177418b8c8e4729fd0a\",\"name\":\"Encontra Toledo\",\"image\":{\"@type\":\"ImageObject\",\"inLanguage\":\"pt-BR\",\"@id\":\"https:\\\/\\\/secure.gravatar.com\\\/avatar\\\/c50c17820bcf322f0a8fd6b110b8c0918141409dc69076470f6fca5fee70a5d4?s=96&d=mm&r=g\",\"url\":\"https:\\\/\\\/secure.gravatar.com\\\/avatar\\\/c50c17820bcf322f0a8fd6b110b8c0918141409dc69076470f6fca5fee70a5d4?s=96&d=mm&r=g\",\"contentUrl\":\"https:\\\/\\\/secure.gravatar.com\\\/avatar\\\/c50c17820bcf322f0a8fd6b110b8c0918141409dc69076470f6fca5fee70a5d4?s=96&d=mm&r=g\",\"caption\":\"Encontra Toledo\"},\"url\":\"https:\\\/\\\/www.encontraparana.com.br\\\/toledo\\\/author\\\/encontratoledo\\\/\"}]}<\/script>\n<!-- \/ Yoast SEO plugin. -->","yoast_head_json":{"title":"Toledo promove 10\u00aa Confer\u00eancia dos Direitos da Crian\u00e7a e do Adolescente | Guia Comercial de Toledo PR","robots":{"index":"index","follow":"follow","max-snippet":"max-snippet:-1","max-image-preview":"max-image-preview:large","max-video-preview":"max-video-preview:-1"},"canonical":"https:\/\/www.encontraparana.com.br\/toledo\/toledo-promove-10a-conferencia-dos-direitos-da-crianca-e-do-adolescente\/","og_locale":"pt_BR","og_type":"article","og_title":"Toledo promove 10\u00aa Confer\u00eancia dos Direitos da Crian\u00e7a e do Adolescente | Guia Comercial de Toledo PR","og_description":"Toledo promove a 10\u00aa Confer\u00eancia dos Direitos da Crian\u00e7a e do Adolescente com propostas significativas.","og_url":"https:\/\/www.encontraparana.com.br\/toledo\/toledo-promove-10a-conferencia-dos-direitos-da-crianca-e-do-adolescente\/","og_site_name":"Guia Comercial de Toledo PR","article_published_time":"2026-06-21T14:38:29+00:00","og_image":[{"width":280,"height":280,"url":"https:\/\/www.encontraparana.com.br\/toledo\/wp-content\/uploads\/2026\/06\/toledo-promove-10-conferencia-dos-direitos-da-crianca-e-do-adolescente.webp","type":"image\/webp"}],"author":"Encontra Toledo","twitter_card":"summary_large_image","twitter_misc":{"Escrito por":"Encontra Toledo","Est. tempo de leitura":"4 minutos"},"schema":{"@context":"https:\/\/schema.org","@graph":[{"@type":"Article","@id":"https:\/\/www.encontraparana.com.br\/toledo\/toledo-promove-10a-conferencia-dos-direitos-da-crianca-e-do-adolescente\/#article","isPartOf":{"@id":"https:\/\/www.encontraparana.com.br\/toledo\/toledo-promove-10a-conferencia-dos-direitos-da-crianca-e-do-adolescente\/"},"author":{"name":"Encontra Toledo","@id":"https:\/\/www.encontraparana.com.br\/toledo\/#\/schema\/person\/3b3bd5c0e2969177418b8c8e4729fd0a"},"headline":"Toledo promove 10\u00aa Confer\u00eancia dos Direitos da Crian\u00e7a e do Adolescente","datePublished":"2026-06-21T14:38:29+00:00","mainEntityOfPage":{"@id":"https:\/\/www.encontraparana.com.br\/toledo\/toledo-promove-10a-conferencia-dos-direitos-da-crianca-e-do-adolescente\/"},"wordCount":874,"commentCount":0,"image":{"@id":"https:\/\/www.encontraparana.com.br\/toledo\/toledo-promove-10a-conferencia-dos-direitos-da-crianca-e-do-adolescente\/#primaryimage"},"thumbnailUrl":"https:\/\/www.encontraparana.com.br\/toledo\/wp-content\/uploads\/2026\/06\/toledo-promove-10-conferencia-dos-direitos-da-crianca-e-do-adolescente.webp","articleSection":["Eventos Toledo"],"inLanguage":"pt-BR","potentialAction":[{"@type":"CommentAction","name":"Comment","target":["https:\/\/www.encontraparana.com.br\/toledo\/toledo-promove-10a-conferencia-dos-direitos-da-crianca-e-do-adolescente\/#respond"]}]},{"@type":"WebPage","@id":"https:\/\/www.encontraparana.com.br\/toledo\/toledo-promove-10a-conferencia-dos-direitos-da-crianca-e-do-adolescente\/","url":"https:\/\/www.encontraparana.com.br\/toledo\/toledo-promove-10a-conferencia-dos-direitos-da-crianca-e-do-adolescente\/","name":"Toledo promove 10\u00aa Confer\u00eancia dos Direitos da Crian\u00e7a e do Adolescente | Guia Comercial de Toledo PR","isPartOf":{"@id":"https:\/\/www.encontraparana.com.br\/toledo\/#website"},"primaryImageOfPage":{"@id":"https:\/\/www.encontraparana.com.br\/toledo\/toledo-promove-10a-conferencia-dos-direitos-da-crianca-e-do-adolescente\/#primaryimage"},"image":{"@id":"https:\/\/www.encontraparana.com.br\/toledo\/toledo-promove-10a-conferencia-dos-direitos-da-crianca-e-do-adolescente\/#primaryimage"},"thumbnailUrl":"https:\/\/www.encontraparana.com.br\/toledo\/wp-content\/uploads\/2026\/06\/toledo-promove-10-conferencia-dos-direitos-da-crianca-e-do-adolescente.webp","datePublished":"2026-06-21T14:38:29+00:00","author":{"@id":"https:\/\/www.encontraparana.com.br\/toledo\/#\/schema\/person\/3b3bd5c0e2969177418b8c8e4729fd0a"},"inLanguage":"pt-BR","potentialAction":[{"@type":"ReadAction","target":["https:\/\/www.encontraparana.com.br\/toledo\/toledo-promove-10a-conferencia-dos-direitos-da-crianca-e-do-adolescente\/"]}]},{"@type":"ImageObject","inLanguage":"pt-BR","@id":"https:\/\/www.encontraparana.com.br\/toledo\/toledo-promove-10a-conferencia-dos-direitos-da-crianca-e-do-adolescente\/#primaryimage","url":"https:\/\/www.encontraparana.com.br\/toledo\/wp-content\/uploads\/2026\/06\/toledo-promove-10-conferencia-dos-direitos-da-crianca-e-do-adolescente.webp","contentUrl":"https:\/\/www.encontraparana.com.br\/toledo\/wp-content\/uploads\/2026\/06\/toledo-promove-10-conferencia-dos-direitos-da-crianca-e-do-adolescente.webp","width":280,"height":280,"caption":"Confer\u00eancia dos Direitos da Crian\u00e7a e do Adolescente"},{"@type":"WebSite","@id":"https:\/\/www.encontraparana.com.br\/toledo\/#website","url":"https:\/\/www.encontraparana.com.br\/toledo\/","name":"Guia Comercial de Toledo PR","description":"ENCONTRA TOLEDO - O guia comercial de neg\u00f3cios e empresas, cultura e divers\u00e3o na cidade de Toledo. Feito 100% para voc\u00ea morador!","potentialAction":[{"@type":"SearchAction","target":{"@type":"EntryPoint","urlTemplate":"https:\/\/www.encontraparana.com.br\/toledo\/?s={search_term_string}"},"query-input":{"@type":"PropertyValueSpecification","valueRequired":true,"valueName":"search_term_string"}}],"inLanguage":"pt-BR"},{"@type":"Person","@id":"https:\/\/www.encontraparana.com.br\/toledo\/#\/schema\/person\/3b3bd5c0e2969177418b8c8e4729fd0a","name":"Encontra Toledo","image":{"@type":"ImageObject","inLanguage":"pt-BR","@id":"https:\/\/secure.gravatar.com\/avatar\/c50c17820bcf322f0a8fd6b110b8c0918141409dc69076470f6fca5fee70a5d4?s=96&d=mm&r=g","url":"https:\/\/secure.gravatar.com\/avatar\/c50c17820bcf322f0a8fd6b110b8c0918141409dc69076470f6fca5fee70a5d4?s=96&d=mm&r=g","contentUrl":"https:\/\/secure.gravatar.com\/avatar\/c50c17820bcf322f0a8fd6b110b8c0918141409dc69076470f6fca5fee70a5d4?s=96&d=mm&r=g","caption":"Encontra Toledo"},"url":"https:\/\/www.encontraparana.com.br\/toledo\/author\/encontratoledo\/"}]}},"_links":{"self":[{"href":"https:\/\/www.encontraparana.com.br\/toledo\/wp-json\/wp\/v2\/posts\/5204","targetHints":{"allow":["GET"]}}],"collection":[{"href":"https:\/\/www.encontraparana.com.br\/toledo\/wp-json\/wp\/v2\/posts"}],"about":[{"href":"https:\/\/www.encontraparana.com.br\/toledo\/wp-json\/wp\/v2\/types\/post"}],"author":[{"embeddable":true,"href":"https:\/\/www.encontraparana.com.br\/toledo\/wp-json\/wp\/v2\/users\/1"}],"replies":[{"embeddable":true,"href":"https:\/\/www.encontraparana.com.br\/toledo\/wp-json\/wp\/v2\/comments?post=5204"}],"version-history":[{"count":0,"href":"https:\/\/www.encontraparana.com.br\/toledo\/wp-json\/wp\/v2\/posts\/5204\/revisions"}],"wp:featuredmedia":[{"embeddable":true,"href":"https:\/\/www.encontraparana.com.br\/toledo\/wp-json\/wp\/v2\/media\/5203"}],"wp:attachment":[{"href":"https:\/\/www.encontraparana.com.br\/toledo\/wp-json\/wp\/v2\/media?parent=5204"}],"wp:term":[{"taxonomy":"category","embeddable":true,"href":"https:\/\/www.encontraparana.com.br\/toledo\/wp-json\/wp\/v2\/categories?post=5204"},{"taxonomy":"post_tag","embeddable":true,"href":"https:\/\/www.encontraparana.com.br\/toledo\/wp-json\/wp\/v2\/tags?post=5204"}],"curies":[{"name":"wp","href":"https:\/\/api.w.org\/{rel}","templated":true}]}}