{"id":5210,"date":"2026-06-23T05:47:43","date_gmt":"2026-06-23T08:47:43","guid":{"rendered":"https:\/\/www.encontraparana.com.br\/toledo\/encontro-das-familias-neurodivergentes-promove-informacao-e-inclusao-em-toledo\/"},"modified":"2026-06-23T05:47:43","modified_gmt":"2026-06-23T08:47:43","slug":"encontro-das-familias-neurodivergentes-promove-informacao-e-inclusao-em-toledo","status":"publish","type":"post","link":"https:\/\/www.encontraparana.com.br\/toledo\/encontro-das-familias-neurodivergentes-promove-informacao-e-inclusao-em-toledo\/","title":{"rendered":"Encontro das Fam\u00edlias Neurodivergentes promove informa\u00e7\u00e3o e inclus\u00e3o em Toledo"},"content":{"rendered":"<h2>O que \u00e9 Neurodiversidade?<\/h2>\n<p>Neurodiversidade \u00e9 um conceito que reconhece a varia\u00e7\u00e3o nas fun\u00e7\u00f5es cerebrais e no comportamento humano como parte natural da diversidade humana. Trata-se da ideia de que condi\u00e7\u00f5es como autismo, TDAH (Transtorno do D\u00e9ficit de Aten\u00e7\u00e3o e Hiperatividade) e outras diferen\u00e7as neurol\u00f3gicas n\u00e3o devem ser vistas como patologias, mas sim como varia\u00e7\u00f5es que enriquecem a sociedade.<\/p>\n<h2>A import\u00e2ncia de eventos de inclus\u00e3o<\/h2>\n<p>Eventos que promovem a inclus\u00e3o s\u00e3o fundamentais para aumentar a conscientiza\u00e7\u00e3o sobre neurodiversidade e proporcionar um espa\u00e7o seguro para trocas de experi\u00eancias. Eles oferecem oportunidades para fam\u00edlias e profissionais se conectarem, compartilharem estrat\u00e9gias e aprenderem sobre as melhores pr\u00e1ticas de acolhimento e suporte.<\/p>\n<h2>Experi\u00eancias compartilhadas entre fam\u00edlias<\/h2>\n<p>Durante encontros, como o realizado em Toledo, as fam\u00edlias t\u00eam a chance de compartilhar suas viv\u00eancias e desafios. Esse tipo de compartilhamento \u00e9 crucial para que novas abordagens possam ser desenvolvidas e que se criem redes de apoio m\u00fatuo. Muitas vezes, as experi\u00eancias com escolas, terapias e intera\u00e7\u00f5es sociais s\u00e3o apresentadas, facilitando um aprendizado coletivo para todos os presentes.<\/p>\n<p><img decoding=\"async\" src=\"https:\/\/www.encontraparana.com.br\/toledo\/wp-content\/uploads\/2026\/06\/encontro-das-familias-neurodivergentes-promove-informacao-e-inclusao-em-toledo.webp\" alt=\"neurodivergentes\" loading=\"lazy\" \/><\/p>\n<h2>Profissionais presentes no encontro<\/h2>\n<p>A participa\u00e7\u00e3o de profissionais de \u00e1reas como fonoaudiologia, psicologia e pedagogia \u00e9 um elemento-chave em eventos de inclus\u00e3o. Esses especialistas podem oferecer orienta\u00e7\u00f5es e esclarecer d\u00favidas, al\u00e9m de participar de rodas de conversa que promovem o debate sobre temas relevantes \u00e0s fam\u00edlias e indiv\u00edduos neurodivergentes. Sua presen\u00e7a garante que as informa\u00e7\u00f5es compartilhadas sejam fundamentadas em pr\u00e1ticas adequadas e atualizadas.<\/p>\n<h2>T\u00e9cnicas de acolhimento e respeito<\/h2>\n<p>As t\u00e9cnicas de acolhimento s\u00e3o essenciais para criar um ambiente seguro e respeitoso. Isso inclui o uso de linguagem acess\u00edvel, a aten\u00e7\u00e3o \u00e0s necessidades espec\u00edficas de cada indiv\u00edduo e a promo\u00e7\u00e3o de uma cultura de empatia e respeito. Ao implementar pr\u00e1ticas acolhedoras, as comunidades podem ajudar a reduzir o estigma e facilitar a inclus\u00e3o efetiva.<\/p>\n<h2>O papel da escola na inclus\u00e3o<\/h2>\n<p>As escolas desempenham um papel fundamental na inclus\u00e3o de alunos neurodivergentes. \u00c9 essencial que as institui\u00e7\u00f5es educacionais estejam preparadas para adaptar seus curr\u00edculos e metodologias de ensino para atender \u00e0s necessidades de todos os alunos. A forma\u00e7\u00e3o continuada de professores e a implementa\u00e7\u00e3o de programas de conscientiza\u00e7\u00e3o contribuem para criar ambientes escolares que valorizem a diversidade.<\/p>\n<h2>Conta\u00e7\u00e3o de hist\u00f3rias em rodas de conversa<\/h2>\n<p>A conta\u00e7\u00e3o de hist\u00f3rias \u00e9 uma ferramenta poderosa para promover a compreens\u00e3o da neurodiversidade entre as crian\u00e7as. Iniciativas como a do projeto Sementes da Inclus\u00e3o levam hist\u00f3rias para as escolas, ajudando os alunos a entenderem melhor as experi\u00eancias de seus colegas neurodivergentes. As hist\u00f3rias podem ser complementadas com recursos visuais e materiais sensoriais, tornando a experi\u00eancia ainda mais rica.<\/p>\n<h2>O Cord\u00e3o de Girassol e sua import\u00e2ncia<\/h2>\n<p>O Cord\u00e3o de Girassol \u00e9 uma importante ferramenta de identifica\u00e7\u00e3o criada para pessoas com defici\u00eancias ocultas e condi\u00e7\u00f5es n\u00e3o vis\u00edveis, incluindo v\u00e1rias neurodiverg\u00eancias. Durante encontros, as fam\u00edlias podem se informar sobre como se cadastrar e utilizar esse cord\u00e3o, garantindo que os portadores sejam reconhecidos e recebam o apoio necess\u00e1rio em diferentes contextos.<\/p>\n<h2>Mensagens dos organizadores para a comunidade<\/h2>\n<p>Os organizadores de eventos de inclus\u00e3o frequentemente ressaltam a import\u00e2ncia de um compromisso comunit\u00e1rio com a diversidade. As mensagens enfatizam que a inclus\u00e3o deve ser uma responsabilidade de todos, e que cada indiv\u00edduo possui um papel significativo em promover o respeito e a empatia. As comunidades s\u00e3o convidadas a se unir em torno da causa, buscando construir um ambiente mais acolhedor.<\/p>\n<h2>Como participar de futuras iniciativas<\/h2>\n<p>Para aqueles interessados em se envolver, \u00e9 essencial ficar atento \u00e0s iniciativas locais. Participar de eventos, apoiar projetos de inclus\u00e3o, e compartilhar informa\u00e7\u00f5es sobre neurodiversidade s\u00e3o algumas maneiras de contribuir. Al\u00e9m disso, engajar-se em redes sociais e grupos dedicados \u00e0 neurodiversidade pode abrir portas para novas colabora\u00e7\u00f5es e aprendizados.<\/p>\n","protected":false},"excerpt":{"rendered":"<p>O Encontro das Fam\u00edlias Neurodivergentes em Toledo promove inclus\u00e3o e troca de experi\u00eancias.<\/p>\n","protected":false},"author":1,"featured_media":5209,"comment_status":"open","ping_status":"open","sticky":false,"template":"","format":"standard","meta":{"footnotes":""},"categories":[897],"tags":[],"class_list":["post-5210","post","type-post","status-publish","format-standard","has-post-thumbnail","hentry","category-eventos","has_thumb"],"yoast_head":"<!-- This site is optimized with the Yoast SEO plugin v28.1 - https:\/\/yoast.com\/product\/yoast-seo-wordpress\/ -->\n<title>Encontro das Fam\u00edlias Neurodivergentes promove informa\u00e7\u00e3o e inclus\u00e3o em Toledo | Guia Comercial de Toledo PR<\/title>\n<meta name=\"robots\" content=\"index, follow, max-snippet:-1, max-image-preview:large, max-video-preview:-1\" \/>\n<link rel=\"canonical\" href=\"https:\/\/www.encontraparana.com.br\/toledo\/encontro-das-familias-neurodivergentes-promove-informacao-e-inclusao-em-toledo\/\" \/>\n<meta property=\"og:locale\" content=\"pt_BR\" \/>\n<meta property=\"og:type\" content=\"article\" \/>\n<meta property=\"og:title\" content=\"Encontro das Fam\u00edlias Neurodivergentes promove informa\u00e7\u00e3o e inclus\u00e3o em Toledo | Guia Comercial de Toledo PR\" \/>\n<meta property=\"og:description\" content=\"O Encontro das Fam\u00edlias Neurodivergentes em Toledo promove inclus\u00e3o e troca de experi\u00eancias.\" \/>\n<meta property=\"og:url\" content=\"https:\/\/www.encontraparana.com.br\/toledo\/encontro-das-familias-neurodivergentes-promove-informacao-e-inclusao-em-toledo\/\" \/>\n<meta property=\"og:site_name\" content=\"Guia Comercial de Toledo PR\" \/>\n<meta property=\"article:published_time\" content=\"2026-06-23T08:47:43+00:00\" \/>\n<meta property=\"og:image\" content=\"https:\/\/www.encontraparana.com.br\/toledo\/wp-content\/uploads\/2026\/06\/encontro-das-familias-neurodivergentes-promove-informacao-e-inclusao-em-toledo.webp\" \/>\n\t<meta property=\"og:image:width\" content=\"280\" \/>\n\t<meta property=\"og:image:height\" content=\"280\" \/>\n\t<meta property=\"og:image:type\" content=\"image\/webp\" \/>\n<meta name=\"author\" content=\"Encontra Toledo\" \/>\n<meta name=\"twitter:card\" content=\"summary_large_image\" \/>\n<meta name=\"twitter:label1\" content=\"Escrito por\" \/>\n\t<meta name=\"twitter:data1\" content=\"Encontra Toledo\" \/>\n\t<meta name=\"twitter:label2\" content=\"Est. tempo de leitura\" \/>\n\t<meta name=\"twitter:data2\" content=\"3 minutos\" \/>\n<script type=\"application\/ld+json\" class=\"yoast-schema-graph\">{\"@context\":\"https:\\\/\\\/schema.org\",\"@graph\":[{\"@type\":\"Article\",\"@id\":\"https:\\\/\\\/www.encontraparana.com.br\\\/toledo\\\/encontro-das-familias-neurodivergentes-promove-informacao-e-inclusao-em-toledo\\\/#article\",\"isPartOf\":{\"@id\":\"https:\\\/\\\/www.encontraparana.com.br\\\/toledo\\\/encontro-das-familias-neurodivergentes-promove-informacao-e-inclusao-em-toledo\\\/\"},\"author\":{\"name\":\"Encontra Toledo\",\"@id\":\"https:\\\/\\\/www.encontraparana.com.br\\\/toledo\\\/#\\\/schema\\\/person\\\/3b3bd5c0e2969177418b8c8e4729fd0a\"},\"headline\":\"Encontro das Fam\u00edlias Neurodivergentes promove informa\u00e7\u00e3o e inclus\u00e3o em Toledo\",\"datePublished\":\"2026-06-23T08:47:43+00:00\",\"mainEntityOfPage\":{\"@id\":\"https:\\\/\\\/www.encontraparana.com.br\\\/toledo\\\/encontro-das-familias-neurodivergentes-promove-informacao-e-inclusao-em-toledo\\\/\"},\"wordCount\":696,\"commentCount\":0,\"image\":{\"@id\":\"https:\\\/\\\/www.encontraparana.com.br\\\/toledo\\\/encontro-das-familias-neurodivergentes-promove-informacao-e-inclusao-em-toledo\\\/#primaryimage\"},\"thumbnailUrl\":\"https:\\\/\\\/www.encontraparana.com.br\\\/toledo\\\/wp-content\\\/uploads\\\/2026\\\/06\\\/encontro-das-familias-neurodivergentes-promove-informacao-e-inclusao-em-toledo.webp\",\"articleSection\":[\"Eventos Toledo\"],\"inLanguage\":\"pt-BR\",\"potentialAction\":[{\"@type\":\"CommentAction\",\"name\":\"Comment\",\"target\":[\"https:\\\/\\\/www.encontraparana.com.br\\\/toledo\\\/encontro-das-familias-neurodivergentes-promove-informacao-e-inclusao-em-toledo\\\/#respond\"]}]},{\"@type\":\"WebPage\",\"@id\":\"https:\\\/\\\/www.encontraparana.com.br\\\/toledo\\\/encontro-das-familias-neurodivergentes-promove-informacao-e-inclusao-em-toledo\\\/\",\"url\":\"https:\\\/\\\/www.encontraparana.com.br\\\/toledo\\\/encontro-das-familias-neurodivergentes-promove-informacao-e-inclusao-em-toledo\\\/\",\"name\":\"Encontro das Fam\u00edlias Neurodivergentes promove informa\u00e7\u00e3o e inclus\u00e3o em Toledo | Guia Comercial de Toledo PR\",\"isPartOf\":{\"@id\":\"https:\\\/\\\/www.encontraparana.com.br\\\/toledo\\\/#website\"},\"primaryImageOfPage\":{\"@id\":\"https:\\\/\\\/www.encontraparana.com.br\\\/toledo\\\/encontro-das-familias-neurodivergentes-promove-informacao-e-inclusao-em-toledo\\\/#primaryimage\"},\"image\":{\"@id\":\"https:\\\/\\\/www.encontraparana.com.br\\\/toledo\\\/encontro-das-familias-neurodivergentes-promove-informacao-e-inclusao-em-toledo\\\/#primaryimage\"},\"thumbnailUrl\":\"https:\\\/\\\/www.encontraparana.com.br\\\/toledo\\\/wp-content\\\/uploads\\\/2026\\\/06\\\/encontro-das-familias-neurodivergentes-promove-informacao-e-inclusao-em-toledo.webp\",\"datePublished\":\"2026-06-23T08:47:43+00:00\",\"author\":{\"@id\":\"https:\\\/\\\/www.encontraparana.com.br\\\/toledo\\\/#\\\/schema\\\/person\\\/3b3bd5c0e2969177418b8c8e4729fd0a\"},\"inLanguage\":\"pt-BR\",\"potentialAction\":[{\"@type\":\"ReadAction\",\"target\":[\"https:\\\/\\\/www.encontraparana.com.br\\\/toledo\\\/encontro-das-familias-neurodivergentes-promove-informacao-e-inclusao-em-toledo\\\/\"]}]},{\"@type\":\"ImageObject\",\"inLanguage\":\"pt-BR\",\"@id\":\"https:\\\/\\\/www.encontraparana.com.br\\\/toledo\\\/encontro-das-familias-neurodivergentes-promove-informacao-e-inclusao-em-toledo\\\/#primaryimage\",\"url\":\"https:\\\/\\\/www.encontraparana.com.br\\\/toledo\\\/wp-content\\\/uploads\\\/2026\\\/06\\\/encontro-das-familias-neurodivergentes-promove-informacao-e-inclusao-em-toledo.webp\",\"contentUrl\":\"https:\\\/\\\/www.encontraparana.com.br\\\/toledo\\\/wp-content\\\/uploads\\\/2026\\\/06\\\/encontro-das-familias-neurodivergentes-promove-informacao-e-inclusao-em-toledo.webp\",\"width\":280,\"height\":280,\"caption\":\"neurodivergentes\"},{\"@type\":\"WebSite\",\"@id\":\"https:\\\/\\\/www.encontraparana.com.br\\\/toledo\\\/#website\",\"url\":\"https:\\\/\\\/www.encontraparana.com.br\\\/toledo\\\/\",\"name\":\"Guia Comercial de Toledo PR\",\"description\":\"ENCONTRA TOLEDO - O guia comercial de neg\u00f3cios e empresas, cultura e divers\u00e3o na cidade de Toledo. Feito 100% para voc\u00ea morador!\",\"potentialAction\":[{\"@type\":\"SearchAction\",\"target\":{\"@type\":\"EntryPoint\",\"urlTemplate\":\"https:\\\/\\\/www.encontraparana.com.br\\\/toledo\\\/?s={search_term_string}\"},\"query-input\":{\"@type\":\"PropertyValueSpecification\",\"valueRequired\":true,\"valueName\":\"search_term_string\"}}],\"inLanguage\":\"pt-BR\"},{\"@type\":\"Person\",\"@id\":\"https:\\\/\\\/www.encontraparana.com.br\\\/toledo\\\/#\\\/schema\\\/person\\\/3b3bd5c0e2969177418b8c8e4729fd0a\",\"name\":\"Encontra Toledo\",\"image\":{\"@type\":\"ImageObject\",\"inLanguage\":\"pt-BR\",\"@id\":\"https:\\\/\\\/secure.gravatar.com\\\/avatar\\\/c50c17820bcf322f0a8fd6b110b8c0918141409dc69076470f6fca5fee70a5d4?s=96&d=mm&r=g\",\"url\":\"https:\\\/\\\/secure.gravatar.com\\\/avatar\\\/c50c17820bcf322f0a8fd6b110b8c0918141409dc69076470f6fca5fee70a5d4?s=96&d=mm&r=g\",\"contentUrl\":\"https:\\\/\\\/secure.gravatar.com\\\/avatar\\\/c50c17820bcf322f0a8fd6b110b8c0918141409dc69076470f6fca5fee70a5d4?s=96&d=mm&r=g\",\"caption\":\"Encontra Toledo\"},\"url\":\"https:\\\/\\\/www.encontraparana.com.br\\\/toledo\\\/author\\\/encontratoledo\\\/\"}]}<\/script>\n<!-- \/ Yoast SEO plugin. -->","yoast_head_json":{"title":"Encontro das Fam\u00edlias Neurodivergentes promove informa\u00e7\u00e3o e inclus\u00e3o em Toledo | Guia Comercial de Toledo PR","robots":{"index":"index","follow":"follow","max-snippet":"max-snippet:-1","max-image-preview":"max-image-preview:large","max-video-preview":"max-video-preview:-1"},"canonical":"https:\/\/www.encontraparana.com.br\/toledo\/encontro-das-familias-neurodivergentes-promove-informacao-e-inclusao-em-toledo\/","og_locale":"pt_BR","og_type":"article","og_title":"Encontro das Fam\u00edlias Neurodivergentes promove informa\u00e7\u00e3o e inclus\u00e3o em Toledo | Guia Comercial de Toledo PR","og_description":"O Encontro das Fam\u00edlias Neurodivergentes em Toledo promove inclus\u00e3o e troca de experi\u00eancias.","og_url":"https:\/\/www.encontraparana.com.br\/toledo\/encontro-das-familias-neurodivergentes-promove-informacao-e-inclusao-em-toledo\/","og_site_name":"Guia Comercial de Toledo PR","article_published_time":"2026-06-23T08:47:43+00:00","og_image":[{"width":280,"height":280,"url":"https:\/\/www.encontraparana.com.br\/toledo\/wp-content\/uploads\/2026\/06\/encontro-das-familias-neurodivergentes-promove-informacao-e-inclusao-em-toledo.webp","type":"image\/webp"}],"author":"Encontra Toledo","twitter_card":"summary_large_image","twitter_misc":{"Escrito por":"Encontra Toledo","Est. tempo de leitura":"3 minutos"},"schema":{"@context":"https:\/\/schema.org","@graph":[{"@type":"Article","@id":"https:\/\/www.encontraparana.com.br\/toledo\/encontro-das-familias-neurodivergentes-promove-informacao-e-inclusao-em-toledo\/#article","isPartOf":{"@id":"https:\/\/www.encontraparana.com.br\/toledo\/encontro-das-familias-neurodivergentes-promove-informacao-e-inclusao-em-toledo\/"},"author":{"name":"Encontra Toledo","@id":"https:\/\/www.encontraparana.com.br\/toledo\/#\/schema\/person\/3b3bd5c0e2969177418b8c8e4729fd0a"},"headline":"Encontro das Fam\u00edlias Neurodivergentes promove informa\u00e7\u00e3o e inclus\u00e3o em Toledo","datePublished":"2026-06-23T08:47:43+00:00","mainEntityOfPage":{"@id":"https:\/\/www.encontraparana.com.br\/toledo\/encontro-das-familias-neurodivergentes-promove-informacao-e-inclusao-em-toledo\/"},"wordCount":696,"commentCount":0,"image":{"@id":"https:\/\/www.encontraparana.com.br\/toledo\/encontro-das-familias-neurodivergentes-promove-informacao-e-inclusao-em-toledo\/#primaryimage"},"thumbnailUrl":"https:\/\/www.encontraparana.com.br\/toledo\/wp-content\/uploads\/2026\/06\/encontro-das-familias-neurodivergentes-promove-informacao-e-inclusao-em-toledo.webp","articleSection":["Eventos Toledo"],"inLanguage":"pt-BR","potentialAction":[{"@type":"CommentAction","name":"Comment","target":["https:\/\/www.encontraparana.com.br\/toledo\/encontro-das-familias-neurodivergentes-promove-informacao-e-inclusao-em-toledo\/#respond"]}]},{"@type":"WebPage","@id":"https:\/\/www.encontraparana.com.br\/toledo\/encontro-das-familias-neurodivergentes-promove-informacao-e-inclusao-em-toledo\/","url":"https:\/\/www.encontraparana.com.br\/toledo\/encontro-das-familias-neurodivergentes-promove-informacao-e-inclusao-em-toledo\/","name":"Encontro das Fam\u00edlias Neurodivergentes promove informa\u00e7\u00e3o e inclus\u00e3o em Toledo | Guia Comercial de Toledo PR","isPartOf":{"@id":"https:\/\/www.encontraparana.com.br\/toledo\/#website"},"primaryImageOfPage":{"@id":"https:\/\/www.encontraparana.com.br\/toledo\/encontro-das-familias-neurodivergentes-promove-informacao-e-inclusao-em-toledo\/#primaryimage"},"image":{"@id":"https:\/\/www.encontraparana.com.br\/toledo\/encontro-das-familias-neurodivergentes-promove-informacao-e-inclusao-em-toledo\/#primaryimage"},"thumbnailUrl":"https:\/\/www.encontraparana.com.br\/toledo\/wp-content\/uploads\/2026\/06\/encontro-das-familias-neurodivergentes-promove-informacao-e-inclusao-em-toledo.webp","datePublished":"2026-06-23T08:47:43+00:00","author":{"@id":"https:\/\/www.encontraparana.com.br\/toledo\/#\/schema\/person\/3b3bd5c0e2969177418b8c8e4729fd0a"},"inLanguage":"pt-BR","potentialAction":[{"@type":"ReadAction","target":["https:\/\/www.encontraparana.com.br\/toledo\/encontro-das-familias-neurodivergentes-promove-informacao-e-inclusao-em-toledo\/"]}]},{"@type":"ImageObject","inLanguage":"pt-BR","@id":"https:\/\/www.encontraparana.com.br\/toledo\/encontro-das-familias-neurodivergentes-promove-informacao-e-inclusao-em-toledo\/#primaryimage","url":"https:\/\/www.encontraparana.com.br\/toledo\/wp-content\/uploads\/2026\/06\/encontro-das-familias-neurodivergentes-promove-informacao-e-inclusao-em-toledo.webp","contentUrl":"https:\/\/www.encontraparana.com.br\/toledo\/wp-content\/uploads\/2026\/06\/encontro-das-familias-neurodivergentes-promove-informacao-e-inclusao-em-toledo.webp","width":280,"height":280,"caption":"neurodivergentes"},{"@type":"WebSite","@id":"https:\/\/www.encontraparana.com.br\/toledo\/#website","url":"https:\/\/www.encontraparana.com.br\/toledo\/","name":"Guia Comercial de Toledo PR","description":"ENCONTRA TOLEDO - O guia comercial de neg\u00f3cios e empresas, cultura e divers\u00e3o na cidade de Toledo. Feito 100% para voc\u00ea morador!","potentialAction":[{"@type":"SearchAction","target":{"@type":"EntryPoint","urlTemplate":"https:\/\/www.encontraparana.com.br\/toledo\/?s={search_term_string}"},"query-input":{"@type":"PropertyValueSpecification","valueRequired":true,"valueName":"search_term_string"}}],"inLanguage":"pt-BR"},{"@type":"Person","@id":"https:\/\/www.encontraparana.com.br\/toledo\/#\/schema\/person\/3b3bd5c0e2969177418b8c8e4729fd0a","name":"Encontra Toledo","image":{"@type":"ImageObject","inLanguage":"pt-BR","@id":"https:\/\/secure.gravatar.com\/avatar\/c50c17820bcf322f0a8fd6b110b8c0918141409dc69076470f6fca5fee70a5d4?s=96&d=mm&r=g","url":"https:\/\/secure.gravatar.com\/avatar\/c50c17820bcf322f0a8fd6b110b8c0918141409dc69076470f6fca5fee70a5d4?s=96&d=mm&r=g","contentUrl":"https:\/\/secure.gravatar.com\/avatar\/c50c17820bcf322f0a8fd6b110b8c0918141409dc69076470f6fca5fee70a5d4?s=96&d=mm&r=g","caption":"Encontra Toledo"},"url":"https:\/\/www.encontraparana.com.br\/toledo\/author\/encontratoledo\/"}]}},"_links":{"self":[{"href":"https:\/\/www.encontraparana.com.br\/toledo\/wp-json\/wp\/v2\/posts\/5210","targetHints":{"allow":["GET"]}}],"collection":[{"href":"https:\/\/www.encontraparana.com.br\/toledo\/wp-json\/wp\/v2\/posts"}],"about":[{"href":"https:\/\/www.encontraparana.com.br\/toledo\/wp-json\/wp\/v2\/types\/post"}],"author":[{"embeddable":true,"href":"https:\/\/www.encontraparana.com.br\/toledo\/wp-json\/wp\/v2\/users\/1"}],"replies":[{"embeddable":true,"href":"https:\/\/www.encontraparana.com.br\/toledo\/wp-json\/wp\/v2\/comments?post=5210"}],"version-history":[{"count":0,"href":"https:\/\/www.encontraparana.com.br\/toledo\/wp-json\/wp\/v2\/posts\/5210\/revisions"}],"wp:featuredmedia":[{"embeddable":true,"href":"https:\/\/www.encontraparana.com.br\/toledo\/wp-json\/wp\/v2\/media\/5209"}],"wp:attachment":[{"href":"https:\/\/www.encontraparana.com.br\/toledo\/wp-json\/wp\/v2\/media?parent=5210"}],"wp:term":[{"taxonomy":"category","embeddable":true,"href":"https:\/\/www.encontraparana.com.br\/toledo\/wp-json\/wp\/v2\/categories?post=5210"},{"taxonomy":"post_tag","embeddable":true,"href":"https:\/\/www.encontraparana.com.br\/toledo\/wp-json\/wp\/v2\/tags?post=5210"}],"curies":[{"name":"wp","href":"https:\/\/api.w.org\/{rel}","templated":true}]}}