{"id":5226,"date":"2026-06-25T11:42:47","date_gmt":"2026-06-25T14:42:47","guid":{"rendered":"https:\/\/www.encontraparana.com.br\/toledo\/talentos-regionais-brilham-em-mais-uma-edicao-de-sucesso-do-toledo-em-danca\/"},"modified":"2026-06-25T11:42:47","modified_gmt":"2026-06-25T14:42:47","slug":"talentos-regionais-brilham-em-mais-uma-edicao-de-sucesso-do-toledo-em-danca","status":"publish","type":"post","link":"https:\/\/www.encontraparana.com.br\/toledo\/talentos-regionais-brilham-em-mais-uma-edicao-de-sucesso-do-toledo-em-danca\/","title":{"rendered":"Talentos regionais brilham em mais uma edi\u00e7\u00e3o de sucesso do Toledo em Dan\u00e7a"},"content":{"rendered":"<h2>Cultura e Dan\u00e7a: Uma Combina\u00e7\u00e3o Perfeita<\/h2>\n<p>A dan\u00e7a \u00e9 uma express\u00e3o cultural rica que se manifesta de diversas formas ao redor do mundo. A 11\u00aa edi\u00e7\u00e3o do <strong>Toledo em Dan\u00e7a<\/strong>, realizada de 19 a 21 de junho, destacou a import\u00e2ncia desta arte na promo\u00e7\u00e3o da cultura local. O evento, que aconteceu no <strong>Teatro Municipal de Toledo<\/strong>, contou com a participa\u00e7\u00e3o de mais de <strong>60 escolas<\/strong> e grupos de dan\u00e7a, apresentando cerca de <strong>250 coreografias<\/strong> diversas, refletindo a pluralidade de estilos e a dedica\u00e7\u00e3o dos bailarinos.<\/p>\n<h2>O Festival que Transforma Vidas<\/h2>\n<p>O Toledo em Dan\u00e7a \u00e9 muito mais do que um simples festival; ele se transformou em um verdadeiro catalisador para o crescimento pessoal e profissional de muitos artistas da regi\u00e3o. A programa\u00e7\u00e3o n\u00e3o se limitou \u00e0s apresenta\u00e7\u00f5es, mas incluiu <strong>12 oficinas<\/strong> formativas ministradas por jurados renomados. Essas oficinas aconteceram em locais diversos da cidade, proporcionando aos participantes uma experi\u00eancia enriquecedora. O secret\u00e1rio de Cultura, <strong>Gabriel Furlan<\/strong>, expressou que o festival cumpriu seu papel de fortalecer a cadeia produtiva da dan\u00e7a atrav\u00e9s da alian\u00e7a entre performance e forma\u00e7\u00e3o t\u00e9cnica, tornando a cultura acess\u00edvel a todos.<\/p>\n<h2>Reconhecimento aos Melhores Talentos<\/h2>\n<p>Ao final de cada dia do festival, foram anunciados os vencedores em v\u00e1rias categorias. Essa premia\u00e7\u00e3o destacou n\u00e3o apenas os melhores bailarinos, mas tamb\u00e9m os core\u00f3grafos e grupos que se sobressa\u00edram nas diferentes modalidades. Um total de <strong>R$ 17,5 mil<\/strong> em pr\u00eamios foi distribu\u00eddo entre as categorias, incluindo <strong>solo<\/strong>, <strong>duo<\/strong>, <strong>trio<\/strong> e <strong>conjunto<\/strong>, bem como diferentes faixas et\u00e1rias.<\/p>\n<p><img decoding=\"async\" src=\"https:\/\/www.encontraparana.com.br\/toledo\/wp-content\/uploads\/2026\/06\/talentos-regionais-brilham-em-mais-uma-edicao-de-sucesso-do-toledo-em-danca.webp\" alt=\"Toledo em Dan\u00e7a\" loading=\"lazy\" \/><\/p>\n<h2>As Modalidades de Dan\u00e7a Desta Edi\u00e7\u00e3o<\/h2>\n<p>O festival abrangeu uma variedade de estilos de dan\u00e7a que encantaram o p\u00fablico. Na sexta-feira, as <strong>Dan\u00e7as Urbanas<\/strong> e a <strong>Dan\u00e7a do Ventre<\/strong> foram protagonizadas por jovens talentos. O s\u00e1bado trouxe ao palco o <strong>Ballet Cl\u00e1ssico<\/strong> e a <strong>Dan\u00e7a Contempor\u00e2nea<\/strong>, enquanto o \u00faltimo dia foi marcado pelo <strong>Jazz Dance<\/strong> e o <strong>Estilo Livre<\/strong>, proporcionando um leque diversificado que agradou a todos os gostos.<\/p>\n<h2>Um Olhar sobre o Ballet Cl\u00e1ssico<\/h2>\n<p>O ballet cl\u00e1ssico, com sua eleg\u00e2ncia e t\u00e9cnica apurada, teve um espa\u00e7o especial no festival. Os jovens bailarinos mostraram suas habilidades em coreografias tanto de repert\u00f3rio quanto livres, destacando-se nas apresenta\u00e7\u00f5es que refletiram a devo\u00e7\u00e3o e a perfei\u00e7\u00e3o t\u00e9cnica que essa modalidade exige. A competi\u00e7\u00e3o no cen\u00e1rio do ballet foi de alto n\u00edvel, com jurados avaliando cada movimento e interpreta\u00e7\u00e3o.<\/p>\n<h2>A Vila dos Grupos de Dan\u00e7a<\/h2>\n<p>O evento n\u00e3o apenas focou nas apresenta\u00e7\u00f5es, mas tamb\u00e9m promoveu a conviv\u00eancia entre os grupos e escolas de dan\u00e7a. Essa intera\u00e7\u00e3o \u00e9 essencial para o fortalecimento das rela\u00e7\u00f5es entre os artistas e o compartilhamento de experi\u00eancias. A <strong>F\u00e1brica do Hip Hop<\/strong> foi um dos locais em que batiam palmas e participavam de <strong>batalhas de dan\u00e7a<\/strong>, disseminando conhecimento e amizade entre os participantes.<\/p>\n<h2>Dan\u00e7a do Ventre: Uma Express\u00e3o Cultural<\/h2>\n<p>A dan\u00e7a do ventre, com suas ra\u00edzes profundas na cultura \u00e1rabe, trouxe ao festival um toque de exotismo e sentimento. As apresenta\u00e7\u00f5es encantaram o p\u00fablico, com seus trajes vibrantes e movimentos fluidos. Os bailarinos mostraram a for\u00e7a e a suavidade que caracterizam este estilo, que n\u00e3o apenas entreteve, mas tamb\u00e9m educou o p\u00fablico sobre suas origens culturais.<\/p>\n<h2>Dan\u00e7as Urbanas: O Novo e o Tradicional<\/h2>\n<p>As dan\u00e7as urbanas, que compreendem uma vasta gama de estilos contempor\u00e2neos, foram um dos destaques do festival. O estilo reflete a cultura jovem e a inova\u00e7\u00e3o, trazendo para o palco a energia das ruas. No evento, as apresenta\u00e7\u00f5es das dan\u00e7as urbanas n\u00e3o apenas emocionaram, mas tamb\u00e9m trouxeram \u00e0 tona o di\u00e1logo entre o novo e o tradicional, uma fus\u00e3o que vem conquistando cada vez mais adeptos.<\/p>\n<h2>Ballet Livre: Criatividade Sem Limites<\/h2>\n<p>O ballet livre permitiu que os artistas explorassem sua criatividade de maneira \u00fanica. A liberdade de express\u00e3o neste estilo permitiu que os bailarinos interpretassem de forma pessoal suas emo\u00e7\u00f5es e hist\u00f3rias. O est\u00e1gio do festival promoveu apresenta\u00e7\u00f5es de coreografias inovadoras que destacaram a diversidade e a originalidade de cada grupo e bailarino.<\/p>\n<h2>Pr\u00eamios e Destaques: Celebrando o Sucesso<\/h2>\n<p>O festival Toledo em Dan\u00e7a premiou n\u00e3o apenas as melhores apresenta\u00e7\u00f5es, mas tamb\u00e9m os core\u00f3grafos que se destacaram na cria\u00e7\u00e3o das coreografias. Foram diversas categorias e estilos reconhecidos, o que demonstra a riqueza e a diversidade da dan\u00e7a na regi\u00e3o. As premia\u00e7\u00f5es s\u00e3o um est\u00edmulo para que os artistas continuem investindo em suas carreiras e na apresenta\u00e7\u00e3o de novas musas.<\/p>\n","protected":false},"excerpt":{"rendered":"<p>Toledo em Dan\u00e7a revela talentos regionais em apresenta\u00e7\u00f5es emocionantes e premiadas.<\/p>\n","protected":false},"author":1,"featured_media":5225,"comment_status":"open","ping_status":"open","sticky":false,"template":"","format":"standard","meta":{"footnotes":""},"categories":[902],"tags":[],"class_list":["post-5226","post","type-post","status-publish","format-standard","has-post-thumbnail","hentry","category-shows","has_thumb"],"yoast_head":"<!-- This site is optimized with the Yoast SEO plugin v28.1 - https:\/\/yoast.com\/product\/yoast-seo-wordpress\/ -->\n<title>Talentos regionais brilham em mais uma edi\u00e7\u00e3o de sucesso do Toledo em Dan\u00e7a | Guia Comercial de Toledo PR<\/title>\n<meta name=\"robots\" content=\"index, follow, max-snippet:-1, max-image-preview:large, max-video-preview:-1\" \/>\n<link rel=\"canonical\" href=\"https:\/\/www.encontraparana.com.br\/toledo\/talentos-regionais-brilham-em-mais-uma-edicao-de-sucesso-do-toledo-em-danca\/\" \/>\n<meta property=\"og:locale\" content=\"pt_BR\" \/>\n<meta property=\"og:type\" content=\"article\" \/>\n<meta property=\"og:title\" content=\"Talentos regionais brilham em mais uma edi\u00e7\u00e3o de sucesso do Toledo em Dan\u00e7a | Guia Comercial de Toledo PR\" \/>\n<meta property=\"og:description\" content=\"Toledo em Dan\u00e7a revela talentos regionais em apresenta\u00e7\u00f5es emocionantes e premiadas.\" \/>\n<meta property=\"og:url\" content=\"https:\/\/www.encontraparana.com.br\/toledo\/talentos-regionais-brilham-em-mais-uma-edicao-de-sucesso-do-toledo-em-danca\/\" \/>\n<meta property=\"og:site_name\" content=\"Guia Comercial de Toledo PR\" \/>\n<meta property=\"article:published_time\" content=\"2026-06-25T14:42:47+00:00\" \/>\n<meta property=\"og:image\" content=\"https:\/\/www.encontraparana.com.br\/toledo\/wp-content\/uploads\/2026\/06\/talentos-regionais-brilham-em-mais-uma-edicao-de-sucesso-do-toledo-em-danca.webp\" \/>\n\t<meta property=\"og:image:width\" content=\"280\" \/>\n\t<meta property=\"og:image:height\" content=\"280\" \/>\n\t<meta property=\"og:image:type\" content=\"image\/webp\" \/>\n<meta name=\"author\" content=\"Encontra Toledo\" \/>\n<meta name=\"twitter:card\" content=\"summary_large_image\" \/>\n<meta name=\"twitter:label1\" content=\"Escrito por\" \/>\n\t<meta name=\"twitter:data1\" content=\"Encontra Toledo\" \/>\n\t<meta name=\"twitter:label2\" content=\"Est. tempo de leitura\" \/>\n\t<meta name=\"twitter:data2\" content=\"4 minutos\" \/>\n<script type=\"application\/ld+json\" class=\"yoast-schema-graph\">{\"@context\":\"https:\\\/\\\/schema.org\",\"@graph\":[{\"@type\":\"Article\",\"@id\":\"https:\\\/\\\/www.encontraparana.com.br\\\/toledo\\\/talentos-regionais-brilham-em-mais-uma-edicao-de-sucesso-do-toledo-em-danca\\\/#article\",\"isPartOf\":{\"@id\":\"https:\\\/\\\/www.encontraparana.com.br\\\/toledo\\\/talentos-regionais-brilham-em-mais-uma-edicao-de-sucesso-do-toledo-em-danca\\\/\"},\"author\":{\"name\":\"Encontra Toledo\",\"@id\":\"https:\\\/\\\/www.encontraparana.com.br\\\/toledo\\\/#\\\/schema\\\/person\\\/3b3bd5c0e2969177418b8c8e4729fd0a\"},\"headline\":\"Talentos regionais brilham em mais uma edi\u00e7\u00e3o de sucesso do Toledo em Dan\u00e7a\",\"datePublished\":\"2026-06-25T14:42:47+00:00\",\"mainEntityOfPage\":{\"@id\":\"https:\\\/\\\/www.encontraparana.com.br\\\/toledo\\\/talentos-regionais-brilham-em-mais-uma-edicao-de-sucesso-do-toledo-em-danca\\\/\"},\"wordCount\":818,\"commentCount\":0,\"image\":{\"@id\":\"https:\\\/\\\/www.encontraparana.com.br\\\/toledo\\\/talentos-regionais-brilham-em-mais-uma-edicao-de-sucesso-do-toledo-em-danca\\\/#primaryimage\"},\"thumbnailUrl\":\"https:\\\/\\\/www.encontraparana.com.br\\\/toledo\\\/wp-content\\\/uploads\\\/2026\\\/06\\\/talentos-regionais-brilham-em-mais-uma-edicao-de-sucesso-do-toledo-em-danca.webp\",\"articleSection\":[\"Shows Toledo\"],\"inLanguage\":\"pt-BR\",\"potentialAction\":[{\"@type\":\"CommentAction\",\"name\":\"Comment\",\"target\":[\"https:\\\/\\\/www.encontraparana.com.br\\\/toledo\\\/talentos-regionais-brilham-em-mais-uma-edicao-de-sucesso-do-toledo-em-danca\\\/#respond\"]}]},{\"@type\":\"WebPage\",\"@id\":\"https:\\\/\\\/www.encontraparana.com.br\\\/toledo\\\/talentos-regionais-brilham-em-mais-uma-edicao-de-sucesso-do-toledo-em-danca\\\/\",\"url\":\"https:\\\/\\\/www.encontraparana.com.br\\\/toledo\\\/talentos-regionais-brilham-em-mais-uma-edicao-de-sucesso-do-toledo-em-danca\\\/\",\"name\":\"Talentos regionais brilham em mais uma edi\u00e7\u00e3o de sucesso do Toledo em Dan\u00e7a | Guia Comercial de Toledo PR\",\"isPartOf\":{\"@id\":\"https:\\\/\\\/www.encontraparana.com.br\\\/toledo\\\/#website\"},\"primaryImageOfPage\":{\"@id\":\"https:\\\/\\\/www.encontraparana.com.br\\\/toledo\\\/talentos-regionais-brilham-em-mais-uma-edicao-de-sucesso-do-toledo-em-danca\\\/#primaryimage\"},\"image\":{\"@id\":\"https:\\\/\\\/www.encontraparana.com.br\\\/toledo\\\/talentos-regionais-brilham-em-mais-uma-edicao-de-sucesso-do-toledo-em-danca\\\/#primaryimage\"},\"thumbnailUrl\":\"https:\\\/\\\/www.encontraparana.com.br\\\/toledo\\\/wp-content\\\/uploads\\\/2026\\\/06\\\/talentos-regionais-brilham-em-mais-uma-edicao-de-sucesso-do-toledo-em-danca.webp\",\"datePublished\":\"2026-06-25T14:42:47+00:00\",\"author\":{\"@id\":\"https:\\\/\\\/www.encontraparana.com.br\\\/toledo\\\/#\\\/schema\\\/person\\\/3b3bd5c0e2969177418b8c8e4729fd0a\"},\"inLanguage\":\"pt-BR\",\"potentialAction\":[{\"@type\":\"ReadAction\",\"target\":[\"https:\\\/\\\/www.encontraparana.com.br\\\/toledo\\\/talentos-regionais-brilham-em-mais-uma-edicao-de-sucesso-do-toledo-em-danca\\\/\"]}]},{\"@type\":\"ImageObject\",\"inLanguage\":\"pt-BR\",\"@id\":\"https:\\\/\\\/www.encontraparana.com.br\\\/toledo\\\/talentos-regionais-brilham-em-mais-uma-edicao-de-sucesso-do-toledo-em-danca\\\/#primaryimage\",\"url\":\"https:\\\/\\\/www.encontraparana.com.br\\\/toledo\\\/wp-content\\\/uploads\\\/2026\\\/06\\\/talentos-regionais-brilham-em-mais-uma-edicao-de-sucesso-do-toledo-em-danca.webp\",\"contentUrl\":\"https:\\\/\\\/www.encontraparana.com.br\\\/toledo\\\/wp-content\\\/uploads\\\/2026\\\/06\\\/talentos-regionais-brilham-em-mais-uma-edicao-de-sucesso-do-toledo-em-danca.webp\",\"width\":280,\"height\":280,\"caption\":\"Toledo em Dan\u00e7a\"},{\"@type\":\"WebSite\",\"@id\":\"https:\\\/\\\/www.encontraparana.com.br\\\/toledo\\\/#website\",\"url\":\"https:\\\/\\\/www.encontraparana.com.br\\\/toledo\\\/\",\"name\":\"Guia Comercial de Toledo PR\",\"description\":\"ENCONTRA TOLEDO - O guia comercial de neg\u00f3cios e empresas, cultura e divers\u00e3o na cidade de Toledo. Feito 100% para voc\u00ea morador!\",\"potentialAction\":[{\"@type\":\"SearchAction\",\"target\":{\"@type\":\"EntryPoint\",\"urlTemplate\":\"https:\\\/\\\/www.encontraparana.com.br\\\/toledo\\\/?s={search_term_string}\"},\"query-input\":{\"@type\":\"PropertyValueSpecification\",\"valueRequired\":true,\"valueName\":\"search_term_string\"}}],\"inLanguage\":\"pt-BR\"},{\"@type\":\"Person\",\"@id\":\"https:\\\/\\\/www.encontraparana.com.br\\\/toledo\\\/#\\\/schema\\\/person\\\/3b3bd5c0e2969177418b8c8e4729fd0a\",\"name\":\"Encontra Toledo\",\"image\":{\"@type\":\"ImageObject\",\"inLanguage\":\"pt-BR\",\"@id\":\"https:\\\/\\\/secure.gravatar.com\\\/avatar\\\/c50c17820bcf322f0a8fd6b110b8c0918141409dc69076470f6fca5fee70a5d4?s=96&d=mm&r=g\",\"url\":\"https:\\\/\\\/secure.gravatar.com\\\/avatar\\\/c50c17820bcf322f0a8fd6b110b8c0918141409dc69076470f6fca5fee70a5d4?s=96&d=mm&r=g\",\"contentUrl\":\"https:\\\/\\\/secure.gravatar.com\\\/avatar\\\/c50c17820bcf322f0a8fd6b110b8c0918141409dc69076470f6fca5fee70a5d4?s=96&d=mm&r=g\",\"caption\":\"Encontra Toledo\"},\"url\":\"https:\\\/\\\/www.encontraparana.com.br\\\/toledo\\\/author\\\/encontratoledo\\\/\"}]}<\/script>\n<!-- \/ Yoast SEO plugin. -->","yoast_head_json":{"title":"Talentos regionais brilham em mais uma edi\u00e7\u00e3o de sucesso do Toledo em Dan\u00e7a | Guia Comercial de Toledo PR","robots":{"index":"index","follow":"follow","max-snippet":"max-snippet:-1","max-image-preview":"max-image-preview:large","max-video-preview":"max-video-preview:-1"},"canonical":"https:\/\/www.encontraparana.com.br\/toledo\/talentos-regionais-brilham-em-mais-uma-edicao-de-sucesso-do-toledo-em-danca\/","og_locale":"pt_BR","og_type":"article","og_title":"Talentos regionais brilham em mais uma edi\u00e7\u00e3o de sucesso do Toledo em Dan\u00e7a | Guia Comercial de Toledo PR","og_description":"Toledo em Dan\u00e7a revela talentos regionais em apresenta\u00e7\u00f5es emocionantes e premiadas.","og_url":"https:\/\/www.encontraparana.com.br\/toledo\/talentos-regionais-brilham-em-mais-uma-edicao-de-sucesso-do-toledo-em-danca\/","og_site_name":"Guia Comercial de Toledo PR","article_published_time":"2026-06-25T14:42:47+00:00","og_image":[{"width":280,"height":280,"url":"https:\/\/www.encontraparana.com.br\/toledo\/wp-content\/uploads\/2026\/06\/talentos-regionais-brilham-em-mais-uma-edicao-de-sucesso-do-toledo-em-danca.webp","type":"image\/webp"}],"author":"Encontra Toledo","twitter_card":"summary_large_image","twitter_misc":{"Escrito por":"Encontra Toledo","Est. tempo de leitura":"4 minutos"},"schema":{"@context":"https:\/\/schema.org","@graph":[{"@type":"Article","@id":"https:\/\/www.encontraparana.com.br\/toledo\/talentos-regionais-brilham-em-mais-uma-edicao-de-sucesso-do-toledo-em-danca\/#article","isPartOf":{"@id":"https:\/\/www.encontraparana.com.br\/toledo\/talentos-regionais-brilham-em-mais-uma-edicao-de-sucesso-do-toledo-em-danca\/"},"author":{"name":"Encontra Toledo","@id":"https:\/\/www.encontraparana.com.br\/toledo\/#\/schema\/person\/3b3bd5c0e2969177418b8c8e4729fd0a"},"headline":"Talentos regionais brilham em mais uma edi\u00e7\u00e3o de sucesso do Toledo em Dan\u00e7a","datePublished":"2026-06-25T14:42:47+00:00","mainEntityOfPage":{"@id":"https:\/\/www.encontraparana.com.br\/toledo\/talentos-regionais-brilham-em-mais-uma-edicao-de-sucesso-do-toledo-em-danca\/"},"wordCount":818,"commentCount":0,"image":{"@id":"https:\/\/www.encontraparana.com.br\/toledo\/talentos-regionais-brilham-em-mais-uma-edicao-de-sucesso-do-toledo-em-danca\/#primaryimage"},"thumbnailUrl":"https:\/\/www.encontraparana.com.br\/toledo\/wp-content\/uploads\/2026\/06\/talentos-regionais-brilham-em-mais-uma-edicao-de-sucesso-do-toledo-em-danca.webp","articleSection":["Shows Toledo"],"inLanguage":"pt-BR","potentialAction":[{"@type":"CommentAction","name":"Comment","target":["https:\/\/www.encontraparana.com.br\/toledo\/talentos-regionais-brilham-em-mais-uma-edicao-de-sucesso-do-toledo-em-danca\/#respond"]}]},{"@type":"WebPage","@id":"https:\/\/www.encontraparana.com.br\/toledo\/talentos-regionais-brilham-em-mais-uma-edicao-de-sucesso-do-toledo-em-danca\/","url":"https:\/\/www.encontraparana.com.br\/toledo\/talentos-regionais-brilham-em-mais-uma-edicao-de-sucesso-do-toledo-em-danca\/","name":"Talentos regionais brilham em mais uma edi\u00e7\u00e3o de sucesso do Toledo em Dan\u00e7a | Guia Comercial de Toledo PR","isPartOf":{"@id":"https:\/\/www.encontraparana.com.br\/toledo\/#website"},"primaryImageOfPage":{"@id":"https:\/\/www.encontraparana.com.br\/toledo\/talentos-regionais-brilham-em-mais-uma-edicao-de-sucesso-do-toledo-em-danca\/#primaryimage"},"image":{"@id":"https:\/\/www.encontraparana.com.br\/toledo\/talentos-regionais-brilham-em-mais-uma-edicao-de-sucesso-do-toledo-em-danca\/#primaryimage"},"thumbnailUrl":"https:\/\/www.encontraparana.com.br\/toledo\/wp-content\/uploads\/2026\/06\/talentos-regionais-brilham-em-mais-uma-edicao-de-sucesso-do-toledo-em-danca.webp","datePublished":"2026-06-25T14:42:47+00:00","author":{"@id":"https:\/\/www.encontraparana.com.br\/toledo\/#\/schema\/person\/3b3bd5c0e2969177418b8c8e4729fd0a"},"inLanguage":"pt-BR","potentialAction":[{"@type":"ReadAction","target":["https:\/\/www.encontraparana.com.br\/toledo\/talentos-regionais-brilham-em-mais-uma-edicao-de-sucesso-do-toledo-em-danca\/"]}]},{"@type":"ImageObject","inLanguage":"pt-BR","@id":"https:\/\/www.encontraparana.com.br\/toledo\/talentos-regionais-brilham-em-mais-uma-edicao-de-sucesso-do-toledo-em-danca\/#primaryimage","url":"https:\/\/www.encontraparana.com.br\/toledo\/wp-content\/uploads\/2026\/06\/talentos-regionais-brilham-em-mais-uma-edicao-de-sucesso-do-toledo-em-danca.webp","contentUrl":"https:\/\/www.encontraparana.com.br\/toledo\/wp-content\/uploads\/2026\/06\/talentos-regionais-brilham-em-mais-uma-edicao-de-sucesso-do-toledo-em-danca.webp","width":280,"height":280,"caption":"Toledo em Dan\u00e7a"},{"@type":"WebSite","@id":"https:\/\/www.encontraparana.com.br\/toledo\/#website","url":"https:\/\/www.encontraparana.com.br\/toledo\/","name":"Guia Comercial de Toledo PR","description":"ENCONTRA TOLEDO - O guia comercial de neg\u00f3cios e empresas, cultura e divers\u00e3o na cidade de Toledo. Feito 100% para voc\u00ea morador!","potentialAction":[{"@type":"SearchAction","target":{"@type":"EntryPoint","urlTemplate":"https:\/\/www.encontraparana.com.br\/toledo\/?s={search_term_string}"},"query-input":{"@type":"PropertyValueSpecification","valueRequired":true,"valueName":"search_term_string"}}],"inLanguage":"pt-BR"},{"@type":"Person","@id":"https:\/\/www.encontraparana.com.br\/toledo\/#\/schema\/person\/3b3bd5c0e2969177418b8c8e4729fd0a","name":"Encontra Toledo","image":{"@type":"ImageObject","inLanguage":"pt-BR","@id":"https:\/\/secure.gravatar.com\/avatar\/c50c17820bcf322f0a8fd6b110b8c0918141409dc69076470f6fca5fee70a5d4?s=96&d=mm&r=g","url":"https:\/\/secure.gravatar.com\/avatar\/c50c17820bcf322f0a8fd6b110b8c0918141409dc69076470f6fca5fee70a5d4?s=96&d=mm&r=g","contentUrl":"https:\/\/secure.gravatar.com\/avatar\/c50c17820bcf322f0a8fd6b110b8c0918141409dc69076470f6fca5fee70a5d4?s=96&d=mm&r=g","caption":"Encontra Toledo"},"url":"https:\/\/www.encontraparana.com.br\/toledo\/author\/encontratoledo\/"}]}},"_links":{"self":[{"href":"https:\/\/www.encontraparana.com.br\/toledo\/wp-json\/wp\/v2\/posts\/5226","targetHints":{"allow":["GET"]}}],"collection":[{"href":"https:\/\/www.encontraparana.com.br\/toledo\/wp-json\/wp\/v2\/posts"}],"about":[{"href":"https:\/\/www.encontraparana.com.br\/toledo\/wp-json\/wp\/v2\/types\/post"}],"author":[{"embeddable":true,"href":"https:\/\/www.encontraparana.com.br\/toledo\/wp-json\/wp\/v2\/users\/1"}],"replies":[{"embeddable":true,"href":"https:\/\/www.encontraparana.com.br\/toledo\/wp-json\/wp\/v2\/comments?post=5226"}],"version-history":[{"count":0,"href":"https:\/\/www.encontraparana.com.br\/toledo\/wp-json\/wp\/v2\/posts\/5226\/revisions"}],"wp:featuredmedia":[{"embeddable":true,"href":"https:\/\/www.encontraparana.com.br\/toledo\/wp-json\/wp\/v2\/media\/5225"}],"wp:attachment":[{"href":"https:\/\/www.encontraparana.com.br\/toledo\/wp-json\/wp\/v2\/media?parent=5226"}],"wp:term":[{"taxonomy":"category","embeddable":true,"href":"https:\/\/www.encontraparana.com.br\/toledo\/wp-json\/wp\/v2\/categories?post=5226"},{"taxonomy":"post_tag","embeddable":true,"href":"https:\/\/www.encontraparana.com.br\/toledo\/wp-json\/wp\/v2\/tags?post=5226"}],"curies":[{"name":"wp","href":"https:\/\/api.w.org\/{rel}","templated":true}]}}