{"id":5234,"date":"2026-06-27T16:56:47","date_gmt":"2026-06-27T19:56:47","guid":{"rendered":"https:\/\/www.encontraparana.com.br\/toledo\/inicio-de-curso-de-portugues-encerra-em-grande-estilo-semana-do-migrante\/"},"modified":"2026-06-27T16:56:47","modified_gmt":"2026-06-27T19:56:47","slug":"inicio-de-curso-de-portugues-encerra-em-grande-estilo-semana-do-migrante","status":"publish","type":"post","link":"https:\/\/www.encontraparana.com.br\/toledo\/inicio-de-curso-de-portugues-encerra-em-grande-estilo-semana-do-migrante\/","title":{"rendered":"In\u00edcio de curso de portugu\u00eas encerra em grande estilo Semana do Migrante"},"content":{"rendered":"<h2>Celebra\u00e7\u00e3o do In\u00edcio do Curso<\/h2>\n<p>No \u00faltimo s\u00e1bado, dia 20, a Prefeitura de Toledo deu in\u00edcio a mais duas turmas do curso de portugu\u00eas direcionado a migrantes, como parte das comemora\u00e7\u00f5es da Semana do Migrante. Essa iniciativa conta com a colabora\u00e7\u00e3o da Secretaria de Desenvolvimento Humano e Social (SDHS), da C\u00e1ritas Diocesana de Toledo e da Pontif\u00edcia Universidade Cat\u00f3lica do Paran\u00e1 (PUCPR). O objetivo \u00e9 oferecer aos migrantes oportunidades de aprendizado e integra\u00e7\u00e3o cultural na comunidade local.<\/p>\n<h2>Empoderamento atrav\u00e9s da L\u00edngua<\/h2>\n<p>As turmas rec\u00e9m-abertas s\u00e3o de n\u00edvel b\u00e1sico e re\u00fanem 50 participantes oriundos de diversas nacionalidades, incluindo Bangladesh, Cuba, Haiti e Venezuela. O curso \u00e9 realizado nos s\u00e1bados, com uma turma pela manh\u00e3 e outra \u00e0 tarde, totalizando 40 horas-aula em 10 encontros semanais de quatro horas cada. A coordenadora de Pol\u00edticas para Migrantes, Kessi Rudek, enfatiza que esta proposta \u00e9 fundamental para promover a inclus\u00e3o social e ampliar a autonomia dos envolvidos, permitindo acesso a servi\u00e7os e a conviv\u00eancia na cidade.<\/p>\n<h2>A Import\u00e2ncia da Inclus\u00e3o Social<\/h2>\n<p>A abertura regular de novas turmas \u00e9 uma pr\u00e1tica que destaca o compromisso da comunidade em acolher e integrar os cidad\u00e3os migrantes. O curso de portugu\u00eas \u00e9 visto como uma ferramenta vital para que esses indiv\u00edduos se sintam parte da sociedade, facilitando sua adapta\u00e7\u00e3o e intera\u00e7\u00e3o com a cultura local. O aprendizado da l\u00edngua portuguesa \u00e9 uma etapa crucial rumo \u00e0 autonomia e \u00e0 plena participa\u00e7\u00e3o na vida social.<\/p>\n<p><img decoding=\"async\" src=\"https:\/\/www.encontraparana.com.br\/toledo\/wp-content\/uploads\/2026\/06\/inicio-de-curso-de-portugues-encerra-em-grande-estilo-semana-do-migrante.webp\" alt=\"curso de portugu\u00eas\" loading=\"lazy\" \/><\/p>\n<h2>Parcerias que Fazem a Diferen\u00e7a<\/h2>\n<p>A uni\u00e3o entre a SDHS, a PUCPR e a C\u00e1ritas Diocesana tem proporcionado um suporte robusto para os migrantes que buscam se estabelecer na regi\u00e3o. Al\u00e9m das aulas de portugu\u00eas, a programa\u00e7\u00e3o da Semana do Migrante incluiu diversas atividades focadas na valoriza\u00e7\u00e3o das contribui\u00e7\u00f5es dos migrantes para a sociedade e na promo\u00e7\u00e3o de pol\u00edticas p\u00fablicas que garantam seus direitos e bem-estar.<\/p>\n<h2>Aulas para Diferentes Nacionalidades<\/h2>\n<p>O curso de portugu\u00eas n\u00e3o \u00e9 somente um espa\u00e7o de aprendizado lingu\u00edstico, mas tamb\u00e9m um ambiente de troca cultural. Com a presen\u00e7a de alunos de diferentes pa\u00edses, os participantes t\u00eam a oportunidade de compartilhar experi\u00eancias e construir uma rede de apoio entre si. Essa intera\u00e7\u00e3o ajuda a fortalecer o senso de comunidade, um elemento essencial na jornada migrat\u00f3ria.<\/p>\n<h2>A Experi\u00eancia dos Alunos Migrantes<\/h2>\n<p>A participa\u00e7\u00e3o de migrantes de origens diversas enriquece as aulas e possibilita que quest\u00f5es como a adapta\u00e7\u00e3o cultural e os desafios enfrentados no novo ambiente sejam discutidos abertamente. Os alunos expressam entusiasmo por aprender a l\u00edngua e se envolvem ativamente nas aulas, demonstrando uma forte vontade de se integrar e contribuir com a cultura local.<\/p>\n<h2>Oficinas e Semin\u00e1rios Educacionais<\/h2>\n<p>Al\u00e9m das aulas de portugu\u00eas, a Semana do Migrante ofereceu uma variedade de oficinas destinadas a servidores p\u00fablicos. Os temas abordados inclu\u00edram a sa\u00fade da popula\u00e7\u00e3o migrante, estrat\u00e9gias de acolhimento para estudantes e a preven\u00e7\u00e3o de viol\u00eancia contra mulheres. Essas iniciativas t\u00eam sido cruciais para sensibilizar e preparar os profissionais que atuam diretamente com migrantes, garantindo que suas necessidades sejam atendidas de maneira adequada.<\/p>\n<h2>Fortalecimento das Pol\u00edticas P\u00fablicas<\/h2>\n<p>A realiza\u00e7\u00e3o do semin\u00e1rio &#8220;Inclus\u00e3o da Pessoa Migrante na Sociedade&#8221;, que ocorreu no audit\u00f3rio da PUCPR, foi um ponto alto da programa\u00e7\u00e3o. Com a participa\u00e7\u00e3o de autoridades, acad\u00eamicos e migrantes, o evento proporcionou um espa\u00e7o para debater os desafios e oportunidades relacionadas \u00e0 inser\u00e7\u00e3o dos migrantes na sociedade. A discuss\u00e3o girou em torno do conceito de pertencimento e da import\u00e2ncia de garantir que os migrantes n\u00e3o apenas ocupem espa\u00e7os, mas que se sintam integralmente aceitos e valorizados.<\/p>\n<h2>Desafios e Oportunidades para Migrantes<\/h2>\n<p>Durante o semin\u00e1rio, a palestrante Ana Beatriz Francisco de Melo, professora da PUCPR, abordou os processos de adapta\u00e7\u00e3o a novos espa\u00e7os, enquanto um c\u00edrculo de conversa trouxe relatos de vidas e experi\u00eancias de haitianos que se estabeleceram no Brasil. Esses depoimentos destacaram tanto os desafios enfrentados quanto as conquistas, ressaltando a resili\u00eancia dos migrantes e sua luta por um lugar seguro e acolhedor.<\/p>\n<h2>O Futuro do Curso de Portugu\u00eas em Toledo<\/h2>\n<p>O futuro do curso de portugu\u00eas em Toledo parece promissor. Com o compromisso da SDHS e seus parceiros, a expectativa \u00e9 que novas turmas sejam abertas nos pr\u00f3ximos meses, sempre com o intuito de promover a inclus\u00e3o e ajudar os migrantes a se estabelecerem e prosperarem na comunidade. A continuidade desse projeto \u00e9 vital para garantir que o acolhimento inicial se transforme em um verdadeiro pertencimento, fortalecendo a cultura local atrav\u00e9s da diversidade.<\/p>\n<p>Em s\u00edntese, a iniciativa do curso de portugu\u00eas para migrantes \u00e9 uma a\u00e7\u00e3o fundamental para a constru\u00e7\u00e3o de uma sociedade mais justa e inclusiva. Com o apoio de parcerias s\u00f3lidas e a participa\u00e7\u00e3o ativa dos alunos, \u00e9 poss\u00edvel criar um ambiente onde todos se sintam valorizados e integrados, contribuindo assim para o desenvolvimento social e cultural de Toledo. <\/p>\n","protected":false},"excerpt":{"rendered":"<p>In\u00edcio de curso de portugu\u00eas marca um importante passo na Semana do Migrante.<\/p>\n","protected":false},"author":1,"featured_media":5233,"comment_status":"open","ping_status":"open","sticky":false,"template":"","format":"standard","meta":{"footnotes":""},"categories":[896],"tags":[],"class_list":["post-5234","post","type-post","status-publish","format-standard","has-post-thumbnail","hentry","category-cursos","has_thumb"],"yoast_head":"<!-- This site is optimized with the Yoast SEO plugin v28.1 - https:\/\/yoast.com\/product\/yoast-seo-wordpress\/ -->\n<title>In\u00edcio de curso de portugu\u00eas encerra em grande estilo Semana do Migrante | Guia Comercial de Toledo PR<\/title>\n<meta name=\"robots\" content=\"index, follow, max-snippet:-1, max-image-preview:large, max-video-preview:-1\" \/>\n<link rel=\"canonical\" href=\"https:\/\/www.encontraparana.com.br\/toledo\/inicio-de-curso-de-portugues-encerra-em-grande-estilo-semana-do-migrante\/\" \/>\n<meta property=\"og:locale\" content=\"pt_BR\" \/>\n<meta property=\"og:type\" content=\"article\" \/>\n<meta property=\"og:title\" content=\"In\u00edcio de curso de portugu\u00eas encerra em grande estilo Semana do Migrante | Guia Comercial de Toledo PR\" \/>\n<meta property=\"og:description\" content=\"In\u00edcio de curso de portugu\u00eas marca um importante passo na Semana do Migrante.\" \/>\n<meta property=\"og:url\" content=\"https:\/\/www.encontraparana.com.br\/toledo\/inicio-de-curso-de-portugues-encerra-em-grande-estilo-semana-do-migrante\/\" \/>\n<meta property=\"og:site_name\" content=\"Guia Comercial de Toledo PR\" \/>\n<meta property=\"article:published_time\" content=\"2026-06-27T19:56:47+00:00\" \/>\n<meta property=\"og:image\" content=\"https:\/\/www.encontraparana.com.br\/toledo\/wp-content\/uploads\/2026\/06\/inicio-de-curso-de-portugues-encerra-em-grande-estilo-semana-do-migrante.webp\" \/>\n\t<meta property=\"og:image:width\" content=\"280\" \/>\n\t<meta property=\"og:image:height\" content=\"280\" \/>\n\t<meta property=\"og:image:type\" content=\"image\/webp\" \/>\n<meta name=\"author\" content=\"Encontra Toledo\" \/>\n<meta name=\"twitter:card\" content=\"summary_large_image\" \/>\n<meta name=\"twitter:label1\" content=\"Escrito por\" \/>\n\t<meta name=\"twitter:data1\" content=\"Encontra Toledo\" \/>\n\t<meta name=\"twitter:label2\" content=\"Est. tempo de leitura\" \/>\n\t<meta name=\"twitter:data2\" content=\"4 minutos\" \/>\n<script type=\"application\/ld+json\" class=\"yoast-schema-graph\">{\"@context\":\"https:\\\/\\\/schema.org\",\"@graph\":[{\"@type\":\"Article\",\"@id\":\"https:\\\/\\\/www.encontraparana.com.br\\\/toledo\\\/inicio-de-curso-de-portugues-encerra-em-grande-estilo-semana-do-migrante\\\/#article\",\"isPartOf\":{\"@id\":\"https:\\\/\\\/www.encontraparana.com.br\\\/toledo\\\/inicio-de-curso-de-portugues-encerra-em-grande-estilo-semana-do-migrante\\\/\"},\"author\":{\"name\":\"Encontra Toledo\",\"@id\":\"https:\\\/\\\/www.encontraparana.com.br\\\/toledo\\\/#\\\/schema\\\/person\\\/3b3bd5c0e2969177418b8c8e4729fd0a\"},\"headline\":\"In\u00edcio de curso de portugu\u00eas encerra em grande estilo Semana do Migrante\",\"datePublished\":\"2026-06-27T19:56:47+00:00\",\"mainEntityOfPage\":{\"@id\":\"https:\\\/\\\/www.encontraparana.com.br\\\/toledo\\\/inicio-de-curso-de-portugues-encerra-em-grande-estilo-semana-do-migrante\\\/\"},\"wordCount\":880,\"commentCount\":0,\"image\":{\"@id\":\"https:\\\/\\\/www.encontraparana.com.br\\\/toledo\\\/inicio-de-curso-de-portugues-encerra-em-grande-estilo-semana-do-migrante\\\/#primaryimage\"},\"thumbnailUrl\":\"https:\\\/\\\/www.encontraparana.com.br\\\/toledo\\\/wp-content\\\/uploads\\\/2026\\\/06\\\/inicio-de-curso-de-portugues-encerra-em-grande-estilo-semana-do-migrante.webp\",\"articleSection\":[\"Cursos Toledo\"],\"inLanguage\":\"pt-BR\",\"potentialAction\":[{\"@type\":\"CommentAction\",\"name\":\"Comment\",\"target\":[\"https:\\\/\\\/www.encontraparana.com.br\\\/toledo\\\/inicio-de-curso-de-portugues-encerra-em-grande-estilo-semana-do-migrante\\\/#respond\"]}]},{\"@type\":\"WebPage\",\"@id\":\"https:\\\/\\\/www.encontraparana.com.br\\\/toledo\\\/inicio-de-curso-de-portugues-encerra-em-grande-estilo-semana-do-migrante\\\/\",\"url\":\"https:\\\/\\\/www.encontraparana.com.br\\\/toledo\\\/inicio-de-curso-de-portugues-encerra-em-grande-estilo-semana-do-migrante\\\/\",\"name\":\"In\u00edcio de curso de portugu\u00eas encerra em grande estilo Semana do Migrante | Guia Comercial de Toledo PR\",\"isPartOf\":{\"@id\":\"https:\\\/\\\/www.encontraparana.com.br\\\/toledo\\\/#website\"},\"primaryImageOfPage\":{\"@id\":\"https:\\\/\\\/www.encontraparana.com.br\\\/toledo\\\/inicio-de-curso-de-portugues-encerra-em-grande-estilo-semana-do-migrante\\\/#primaryimage\"},\"image\":{\"@id\":\"https:\\\/\\\/www.encontraparana.com.br\\\/toledo\\\/inicio-de-curso-de-portugues-encerra-em-grande-estilo-semana-do-migrante\\\/#primaryimage\"},\"thumbnailUrl\":\"https:\\\/\\\/www.encontraparana.com.br\\\/toledo\\\/wp-content\\\/uploads\\\/2026\\\/06\\\/inicio-de-curso-de-portugues-encerra-em-grande-estilo-semana-do-migrante.webp\",\"datePublished\":\"2026-06-27T19:56:47+00:00\",\"author\":{\"@id\":\"https:\\\/\\\/www.encontraparana.com.br\\\/toledo\\\/#\\\/schema\\\/person\\\/3b3bd5c0e2969177418b8c8e4729fd0a\"},\"inLanguage\":\"pt-BR\",\"potentialAction\":[{\"@type\":\"ReadAction\",\"target\":[\"https:\\\/\\\/www.encontraparana.com.br\\\/toledo\\\/inicio-de-curso-de-portugues-encerra-em-grande-estilo-semana-do-migrante\\\/\"]}]},{\"@type\":\"ImageObject\",\"inLanguage\":\"pt-BR\",\"@id\":\"https:\\\/\\\/www.encontraparana.com.br\\\/toledo\\\/inicio-de-curso-de-portugues-encerra-em-grande-estilo-semana-do-migrante\\\/#primaryimage\",\"url\":\"https:\\\/\\\/www.encontraparana.com.br\\\/toledo\\\/wp-content\\\/uploads\\\/2026\\\/06\\\/inicio-de-curso-de-portugues-encerra-em-grande-estilo-semana-do-migrante.webp\",\"contentUrl\":\"https:\\\/\\\/www.encontraparana.com.br\\\/toledo\\\/wp-content\\\/uploads\\\/2026\\\/06\\\/inicio-de-curso-de-portugues-encerra-em-grande-estilo-semana-do-migrante.webp\",\"width\":280,\"height\":280,\"caption\":\"curso de portugu\u00eas\"},{\"@type\":\"WebSite\",\"@id\":\"https:\\\/\\\/www.encontraparana.com.br\\\/toledo\\\/#website\",\"url\":\"https:\\\/\\\/www.encontraparana.com.br\\\/toledo\\\/\",\"name\":\"Guia Comercial de Toledo PR\",\"description\":\"ENCONTRA TOLEDO - O guia comercial de neg\u00f3cios e empresas, cultura e divers\u00e3o na cidade de Toledo. Feito 100% para voc\u00ea morador!\",\"potentialAction\":[{\"@type\":\"SearchAction\",\"target\":{\"@type\":\"EntryPoint\",\"urlTemplate\":\"https:\\\/\\\/www.encontraparana.com.br\\\/toledo\\\/?s={search_term_string}\"},\"query-input\":{\"@type\":\"PropertyValueSpecification\",\"valueRequired\":true,\"valueName\":\"search_term_string\"}}],\"inLanguage\":\"pt-BR\"},{\"@type\":\"Person\",\"@id\":\"https:\\\/\\\/www.encontraparana.com.br\\\/toledo\\\/#\\\/schema\\\/person\\\/3b3bd5c0e2969177418b8c8e4729fd0a\",\"name\":\"Encontra Toledo\",\"image\":{\"@type\":\"ImageObject\",\"inLanguage\":\"pt-BR\",\"@id\":\"https:\\\/\\\/secure.gravatar.com\\\/avatar\\\/c50c17820bcf322f0a8fd6b110b8c0918141409dc69076470f6fca5fee70a5d4?s=96&d=mm&r=g\",\"url\":\"https:\\\/\\\/secure.gravatar.com\\\/avatar\\\/c50c17820bcf322f0a8fd6b110b8c0918141409dc69076470f6fca5fee70a5d4?s=96&d=mm&r=g\",\"contentUrl\":\"https:\\\/\\\/secure.gravatar.com\\\/avatar\\\/c50c17820bcf322f0a8fd6b110b8c0918141409dc69076470f6fca5fee70a5d4?s=96&d=mm&r=g\",\"caption\":\"Encontra Toledo\"},\"url\":\"https:\\\/\\\/www.encontraparana.com.br\\\/toledo\\\/author\\\/encontratoledo\\\/\"}]}<\/script>\n<!-- \/ Yoast SEO plugin. -->","yoast_head_json":{"title":"In\u00edcio de curso de portugu\u00eas encerra em grande estilo Semana do Migrante | Guia Comercial de Toledo PR","robots":{"index":"index","follow":"follow","max-snippet":"max-snippet:-1","max-image-preview":"max-image-preview:large","max-video-preview":"max-video-preview:-1"},"canonical":"https:\/\/www.encontraparana.com.br\/toledo\/inicio-de-curso-de-portugues-encerra-em-grande-estilo-semana-do-migrante\/","og_locale":"pt_BR","og_type":"article","og_title":"In\u00edcio de curso de portugu\u00eas encerra em grande estilo Semana do Migrante | Guia Comercial de Toledo PR","og_description":"In\u00edcio de curso de portugu\u00eas marca um importante passo na Semana do Migrante.","og_url":"https:\/\/www.encontraparana.com.br\/toledo\/inicio-de-curso-de-portugues-encerra-em-grande-estilo-semana-do-migrante\/","og_site_name":"Guia Comercial de Toledo PR","article_published_time":"2026-06-27T19:56:47+00:00","og_image":[{"width":280,"height":280,"url":"https:\/\/www.encontraparana.com.br\/toledo\/wp-content\/uploads\/2026\/06\/inicio-de-curso-de-portugues-encerra-em-grande-estilo-semana-do-migrante.webp","type":"image\/webp"}],"author":"Encontra Toledo","twitter_card":"summary_large_image","twitter_misc":{"Escrito por":"Encontra Toledo","Est. tempo de leitura":"4 minutos"},"schema":{"@context":"https:\/\/schema.org","@graph":[{"@type":"Article","@id":"https:\/\/www.encontraparana.com.br\/toledo\/inicio-de-curso-de-portugues-encerra-em-grande-estilo-semana-do-migrante\/#article","isPartOf":{"@id":"https:\/\/www.encontraparana.com.br\/toledo\/inicio-de-curso-de-portugues-encerra-em-grande-estilo-semana-do-migrante\/"},"author":{"name":"Encontra Toledo","@id":"https:\/\/www.encontraparana.com.br\/toledo\/#\/schema\/person\/3b3bd5c0e2969177418b8c8e4729fd0a"},"headline":"In\u00edcio de curso de portugu\u00eas encerra em grande estilo Semana do Migrante","datePublished":"2026-06-27T19:56:47+00:00","mainEntityOfPage":{"@id":"https:\/\/www.encontraparana.com.br\/toledo\/inicio-de-curso-de-portugues-encerra-em-grande-estilo-semana-do-migrante\/"},"wordCount":880,"commentCount":0,"image":{"@id":"https:\/\/www.encontraparana.com.br\/toledo\/inicio-de-curso-de-portugues-encerra-em-grande-estilo-semana-do-migrante\/#primaryimage"},"thumbnailUrl":"https:\/\/www.encontraparana.com.br\/toledo\/wp-content\/uploads\/2026\/06\/inicio-de-curso-de-portugues-encerra-em-grande-estilo-semana-do-migrante.webp","articleSection":["Cursos Toledo"],"inLanguage":"pt-BR","potentialAction":[{"@type":"CommentAction","name":"Comment","target":["https:\/\/www.encontraparana.com.br\/toledo\/inicio-de-curso-de-portugues-encerra-em-grande-estilo-semana-do-migrante\/#respond"]}]},{"@type":"WebPage","@id":"https:\/\/www.encontraparana.com.br\/toledo\/inicio-de-curso-de-portugues-encerra-em-grande-estilo-semana-do-migrante\/","url":"https:\/\/www.encontraparana.com.br\/toledo\/inicio-de-curso-de-portugues-encerra-em-grande-estilo-semana-do-migrante\/","name":"In\u00edcio de curso de portugu\u00eas encerra em grande estilo Semana do Migrante | Guia Comercial de Toledo PR","isPartOf":{"@id":"https:\/\/www.encontraparana.com.br\/toledo\/#website"},"primaryImageOfPage":{"@id":"https:\/\/www.encontraparana.com.br\/toledo\/inicio-de-curso-de-portugues-encerra-em-grande-estilo-semana-do-migrante\/#primaryimage"},"image":{"@id":"https:\/\/www.encontraparana.com.br\/toledo\/inicio-de-curso-de-portugues-encerra-em-grande-estilo-semana-do-migrante\/#primaryimage"},"thumbnailUrl":"https:\/\/www.encontraparana.com.br\/toledo\/wp-content\/uploads\/2026\/06\/inicio-de-curso-de-portugues-encerra-em-grande-estilo-semana-do-migrante.webp","datePublished":"2026-06-27T19:56:47+00:00","author":{"@id":"https:\/\/www.encontraparana.com.br\/toledo\/#\/schema\/person\/3b3bd5c0e2969177418b8c8e4729fd0a"},"inLanguage":"pt-BR","potentialAction":[{"@type":"ReadAction","target":["https:\/\/www.encontraparana.com.br\/toledo\/inicio-de-curso-de-portugues-encerra-em-grande-estilo-semana-do-migrante\/"]}]},{"@type":"ImageObject","inLanguage":"pt-BR","@id":"https:\/\/www.encontraparana.com.br\/toledo\/inicio-de-curso-de-portugues-encerra-em-grande-estilo-semana-do-migrante\/#primaryimage","url":"https:\/\/www.encontraparana.com.br\/toledo\/wp-content\/uploads\/2026\/06\/inicio-de-curso-de-portugues-encerra-em-grande-estilo-semana-do-migrante.webp","contentUrl":"https:\/\/www.encontraparana.com.br\/toledo\/wp-content\/uploads\/2026\/06\/inicio-de-curso-de-portugues-encerra-em-grande-estilo-semana-do-migrante.webp","width":280,"height":280,"caption":"curso de portugu\u00eas"},{"@type":"WebSite","@id":"https:\/\/www.encontraparana.com.br\/toledo\/#website","url":"https:\/\/www.encontraparana.com.br\/toledo\/","name":"Guia Comercial de Toledo PR","description":"ENCONTRA TOLEDO - O guia comercial de neg\u00f3cios e empresas, cultura e divers\u00e3o na cidade de Toledo. Feito 100% para voc\u00ea morador!","potentialAction":[{"@type":"SearchAction","target":{"@type":"EntryPoint","urlTemplate":"https:\/\/www.encontraparana.com.br\/toledo\/?s={search_term_string}"},"query-input":{"@type":"PropertyValueSpecification","valueRequired":true,"valueName":"search_term_string"}}],"inLanguage":"pt-BR"},{"@type":"Person","@id":"https:\/\/www.encontraparana.com.br\/toledo\/#\/schema\/person\/3b3bd5c0e2969177418b8c8e4729fd0a","name":"Encontra Toledo","image":{"@type":"ImageObject","inLanguage":"pt-BR","@id":"https:\/\/secure.gravatar.com\/avatar\/c50c17820bcf322f0a8fd6b110b8c0918141409dc69076470f6fca5fee70a5d4?s=96&d=mm&r=g","url":"https:\/\/secure.gravatar.com\/avatar\/c50c17820bcf322f0a8fd6b110b8c0918141409dc69076470f6fca5fee70a5d4?s=96&d=mm&r=g","contentUrl":"https:\/\/secure.gravatar.com\/avatar\/c50c17820bcf322f0a8fd6b110b8c0918141409dc69076470f6fca5fee70a5d4?s=96&d=mm&r=g","caption":"Encontra Toledo"},"url":"https:\/\/www.encontraparana.com.br\/toledo\/author\/encontratoledo\/"}]}},"_links":{"self":[{"href":"https:\/\/www.encontraparana.com.br\/toledo\/wp-json\/wp\/v2\/posts\/5234","targetHints":{"allow":["GET"]}}],"collection":[{"href":"https:\/\/www.encontraparana.com.br\/toledo\/wp-json\/wp\/v2\/posts"}],"about":[{"href":"https:\/\/www.encontraparana.com.br\/toledo\/wp-json\/wp\/v2\/types\/post"}],"author":[{"embeddable":true,"href":"https:\/\/www.encontraparana.com.br\/toledo\/wp-json\/wp\/v2\/users\/1"}],"replies":[{"embeddable":true,"href":"https:\/\/www.encontraparana.com.br\/toledo\/wp-json\/wp\/v2\/comments?post=5234"}],"version-history":[{"count":0,"href":"https:\/\/www.encontraparana.com.br\/toledo\/wp-json\/wp\/v2\/posts\/5234\/revisions"}],"wp:featuredmedia":[{"embeddable":true,"href":"https:\/\/www.encontraparana.com.br\/toledo\/wp-json\/wp\/v2\/media\/5233"}],"wp:attachment":[{"href":"https:\/\/www.encontraparana.com.br\/toledo\/wp-json\/wp\/v2\/media?parent=5234"}],"wp:term":[{"taxonomy":"category","embeddable":true,"href":"https:\/\/www.encontraparana.com.br\/toledo\/wp-json\/wp\/v2\/categories?post=5234"},{"taxonomy":"post_tag","embeddable":true,"href":"https:\/\/www.encontraparana.com.br\/toledo\/wp-json\/wp\/v2\/tags?post=5234"}],"curies":[{"name":"wp","href":"https:\/\/api.w.org\/{rel}","templated":true}]}}