{"id":5262,"date":"2026-07-01T16:23:22","date_gmt":"2026-07-01T19:23:22","guid":{"rendered":"https:\/\/www.encontraparana.com.br\/toledo\/projeto-celebrando-historias-inicia-atividades-na-casa-de-semiliberdade-de-toledo\/"},"modified":"2026-07-01T16:23:22","modified_gmt":"2026-07-01T19:23:22","slug":"projeto-celebrando-historias-inicia-atividades-na-casa-de-semiliberdade-de-toledo","status":"publish","type":"post","link":"https:\/\/www.encontraparana.com.br\/toledo\/projeto-celebrando-historias-inicia-atividades-na-casa-de-semiliberdade-de-toledo\/","title":{"rendered":"Projeto Celebrando Hist\u00f3rias inicia atividades na Casa de Semiliberdade de Toledo"},"content":{"rendered":"<h2>O que \u00e9 o Projeto Celebrando Hist\u00f3rias?<\/h2>\n<p>O Projeto Celebrando Hist\u00f3rias \u00e9 uma iniciativa promovida pela Casa de Semiliberdade de Toledo, sob a responsabilidade da Secretaria da Justi\u00e7a e Cidadania do Estado do Paran\u00e1. Lan\u00e7ado no dia 24 de junho, o projeto tem como foco a realiza\u00e7\u00e3o de comemora\u00e7\u00f5es mensais, especialmente para os adolescentes que fazem anivers\u00e1rio naquele m\u00eas. Esta a\u00e7\u00e3o \u00e9 parte de um esfor\u00e7o mais amplo de integra\u00e7\u00e3o e apoio \u00e0s atividades realizadas na unidade, visando proporcionar momentos de alegria e reflex\u00e3o na vida dos jovens.<\/p>\n<h2>Objetivos do Projeto na Casa de Semiliberdade<\/h2>\n<p>A principal meta do Projeto Celebrando Hist\u00f3rias \u00e9 contribuir significativamente para o processo socioeducativo dos adolescentes. Ele procura estimular experi\u00eancias positivas que ajudem na forma\u00e7\u00e3o de valores fundamentais, como:<\/p>\n<ul>\n<li><strong>Respeito<\/strong>: Valorizando a dignidade de cada indiv\u00edduo.<\/li>\n<li><strong>Empatia<\/strong>: Incentivando a compreens\u00e3o e a solidariedade.<\/li>\n<li><strong>Responsabilidade<\/strong>: Encorajando atitudes que promovam a autonomia e o compromisso com as escolhas.<\/li>\n<\/ul>\n<p>Esses valores s\u00e3o cruciais para a constru\u00e7\u00e3o de um ambiente humano e acolhedor, alinhado \u00e0s diretrizes do Sistema de Atendimento Socioeducativo.<\/p>\n<p><img decoding=\"async\" src=\"https:\/\/www.encontraparana.com.br\/toledo\/wp-content\/uploads\/2026\/07\/projeto-celebrando-historias-inicia-atividades-na-casa-de-semiliberdade-de-toledo.webp\" alt=\"Projeto Celebrando Hist\u00f3rias\" loading=\"lazy\" \/><\/p>\n<h2>Como funcionam as comemora\u00e7\u00f5es mensais<\/h2>\n<p>As comemora\u00e7\u00f5es ocorrer\u00e3o mensalmente, culminando em festas que incluem diversas atividades voltadas aos adolescentes que celebram seus anivers\u00e1rios. Essas festividades se integrar\u00e3o \u00e0s demais oficinas e atividades desenvolvidas na casa, como oficinas de arte, m\u00fasica e esportes. Assim, cada festa n\u00e3o ser\u00e1 apenas uma celebra\u00e7\u00e3o isolada, mas uma oportunidade de fortalecer la\u00e7os e criar mem\u00f3rias significativas dentro do ambiente socioeducativo.<\/p>\n<h2>Parceria com o Grupo T\u00e9cnico Intersetorial<\/h2>\n<p>O projeto \u00e9 realizado em conjunto com o Grupo T\u00e9cnico Intersetorial (GTI), que re\u00fane representantes de diversas \u00e1reas, como sa\u00fade, assist\u00eancia social, juventude e institui\u00e7\u00f5es educacionais. Este grupo se re\u00fane periodicamente para discutir e avaliar a implementa\u00e7\u00e3o do Plano Operativo Municipal (POM), que inclui quest\u00f5es sobre a assist\u00eancia e a sa\u00fade dos adolescentes sob medidas socioeducativas. A colabora\u00e7\u00e3o entre as v\u00e1rias pol\u00edticas p\u00fablicas \u00e9 fundamental para que os servi\u00e7os possam chegar de maneira mais eficaz aos jovens.<\/p>\n<h2>A import\u00e2ncia da integra\u00e7\u00e3o social para adolescentes<\/h2>\n<p>A atua\u00e7\u00e3o do GTI tem demonstrado uma redu\u00e7\u00e3o significativa das barreiras de acesso aos servi\u00e7os p\u00fablicos por parte dos adolescentes. De acordo com a membro do GTI, Elis Francini Souza Coelho, a colabora\u00e7\u00e3o entre as diferentes \u00e1reas tem ampliado as possibilidades de atendimento e reduzido estigmas sociais. Muitos adolescentes atendidos pela Casa de Semiliberdade enfrentaram situa\u00e7\u00f5es de viola\u00e7\u00e3o de direitos que dificultaram o acesso a servi\u00e7os b\u00e1sicos, como consultas m\u00e9dicas e oportunidades de trabalho. A integra\u00e7\u00e3o entre as institui\u00e7\u00f5es promove uma rede de apoio mais robusta, que permite a esses jovens acessarem os atendimentos necess\u00e1rios.<\/p>\n<h2>Experi\u00eancias positivas e seu impacto na vida dos jovens<\/h2>\n<p>Experi\u00eancias positivas s\u00e3o fundamentais para a transforma\u00e7\u00e3o da realidade de muitos adolescentes. Ao participar das comemora\u00e7\u00f5es e das atividades propostas pelo projeto, os jovens t\u00eam a chance de desenvolver novas habilidades, refletir sobre suas viv\u00eancias e, principalmente, se sentirem valorizados. A realiza\u00e7\u00e3o de eventos que celebram a vida e a individualidade de cada um pode se tornar um divisor de \u00e1guas na constru\u00e7\u00e3o de sua autoestima e autoconhecimento. As festividades, al\u00e9m de promoverem a alegria, t\u00eam o potencial de estimular um di\u00e1logo mais aberto entre os adolescentes e os educadores, facilitando a constru\u00e7\u00e3o de v\u00ednculos significativos.<\/p>\n<h2>O papel do assistente social na execu\u00e7\u00e3o do projeto<\/h2>\n<p>O assistente social desempenha um papel crucial na implementa\u00e7\u00e3o do Projeto Celebrando Hist\u00f3rias. Esse profissional \u00e9 respons\u00e1vel por articular as a\u00e7\u00f5es voltadas para a promo\u00e7\u00e3o do bem-estar dos adolescentes e por garantir que as celebra\u00e7\u00f5es estejam alinhadas aos objetivos socioeducativos. Marilia Borges, assistente social da Casa de Semiliberdade, destaca que seu trabalho envolve n\u00e3o s\u00f3 a organiza\u00e7\u00e3o das festas, mas tamb\u00e9m o acompanhamento psicol\u00f3gico dos jovens e a facilita\u00e7\u00e3o de atividades que promovam a constru\u00e7\u00e3o de rela\u00e7\u00f5es sociais saud\u00e1veis. O assistente social atua como um mediador entre as demandas dos adolescentes e os recursos dispon\u00edveis na comunidade, garantindo que suas necessidades sejam atendidas de forma adequada.<\/p>\n<h2>Desafios enfrentados na implementa\u00e7\u00e3o do projeto<\/h2>\n<p>Apesar dos avan\u00e7os, a implementa\u00e7\u00e3o do Projeto Celebrando Hist\u00f3rias n\u00e3o est\u00e1 isenta de desafios. Um dos principais obst\u00e1culos \u00e9 a supera\u00e7\u00e3o do preconceito relacionado aos adolescentes em cumprimento de medidas socioeducativas. Essa estigmatiza\u00e7\u00e3o pode dificultar a aceita\u00e7\u00e3o por parte da sociedade e, em algumas situa\u00e7\u00f5es, at\u00e9 mesmo afetar a motiva\u00e7\u00e3o dos jovens em participarem ativamente das atividades propostas. Garantir que os adolescentes se sintam seguros e bem-vindos nas celebra\u00e7\u00f5es \u00e9 vital para o sucesso do projeto. Para isso, esfor\u00e7os cont\u00ednuos s\u00e3o necess\u00e1rios para fomentar um ambiente inclusivo e acolhedor.<\/p>\n<h2>Depoimentos sobre o impacto do projeto<\/h2>\n<p>Os relatos de adolescentes que participaram do Projeto Celebrando Hist\u00f3rias apontam tend\u00eancias positivas e transformadoras. V\u00e1rios jovens expressam a felicidade de serem lembrados em seus anivers\u00e1rios e de poderem celebrar momentos importantes com seus colegas. Alguns jovens relatam que essas experi\u00eancias t\u00eam um impacto significativo em sua autoimagem e incentivam a mudan\u00e7a de comportamento. A possibilidade de vivenciar momentos alegres e de criar mem\u00f3rias afetivas dentro da Casa de Semiliberdade \u00e9 vista como um passo importante para a reconstru\u00e7\u00e3o de suas hist\u00f3rias pessoais.<\/p>\n<h2>Futuras perspectivas do Projeto Celebrando Hist\u00f3rias<\/h2>\n<p>As perspectivas para o futuro do Projeto Celebrando Hist\u00f3rias s\u00e3o animadoras. Com a continuidade das a\u00e7\u00f5es em parceria com o GTI e a Prefeitura de Toledo, a ideia \u00e9 expandir as atividades e incluir novos elementos que fortale\u00e7am o suporte aos adolescentes. Isso pode incluir atividades culturais, esportivas e educativas que promovam a inclus\u00e3o e a cidadania. Outro foco ser\u00e1 a amplia\u00e7\u00e3o do n\u00famero de parcerias com institui\u00e7\u00f5es de ensino e organiza\u00e7\u00f5es sociais que possam oferecer suporte adicional e garantir que todos os jovens tenham acesso a servi\u00e7os e oportunidades que potenciem seu desenvolvimento. O Projeto Celebrando Hist\u00f3rias se apresenta como uma abordagem inovadora e sens\u00edvel, que n\u00e3o apenas celebra vidas, mas tamb\u00e9m contribui ativamente para a mudan\u00e7a da trajet\u00f3ria social dos adolescentes envolvidos.<\/p>\n","protected":false},"excerpt":{"rendered":"<p>O Projeto Celebrando Hist\u00f3rias inicia suas atividades, promovendo mudan\u00e7as significativas na Casa de Semiliberdade.<\/p>\n","protected":false},"author":1,"featured_media":5261,"comment_status":"open","ping_status":"open","sticky":false,"template":"","format":"standard","meta":{"footnotes":""},"categories":[896],"tags":[],"class_list":["post-5262","post","type-post","status-publish","format-standard","has-post-thumbnail","hentry","category-cursos","has_thumb"],"yoast_head":"<!-- This site is optimized with the Yoast SEO plugin v28.1 - https:\/\/yoast.com\/product\/yoast-seo-wordpress\/ -->\n<title>Projeto Celebrando Hist\u00f3rias inicia atividades na Casa de Semiliberdade de Toledo | Guia Comercial de Toledo PR<\/title>\n<meta name=\"robots\" content=\"index, follow, max-snippet:-1, max-image-preview:large, max-video-preview:-1\" \/>\n<link rel=\"canonical\" href=\"https:\/\/www.encontraparana.com.br\/toledo\/projeto-celebrando-historias-inicia-atividades-na-casa-de-semiliberdade-de-toledo\/\" \/>\n<meta property=\"og:locale\" content=\"pt_BR\" \/>\n<meta property=\"og:type\" content=\"article\" \/>\n<meta property=\"og:title\" content=\"Projeto Celebrando Hist\u00f3rias inicia atividades na Casa de Semiliberdade de Toledo | Guia Comercial de Toledo PR\" \/>\n<meta property=\"og:description\" content=\"O Projeto Celebrando Hist\u00f3rias inicia suas atividades, promovendo mudan\u00e7as significativas na Casa de Semiliberdade.\" \/>\n<meta property=\"og:url\" content=\"https:\/\/www.encontraparana.com.br\/toledo\/projeto-celebrando-historias-inicia-atividades-na-casa-de-semiliberdade-de-toledo\/\" \/>\n<meta property=\"og:site_name\" content=\"Guia Comercial de Toledo PR\" \/>\n<meta property=\"article:published_time\" content=\"2026-07-01T19:23:22+00:00\" \/>\n<meta property=\"og:image\" content=\"https:\/\/www.encontraparana.com.br\/toledo\/wp-content\/uploads\/2026\/07\/projeto-celebrando-historias-inicia-atividades-na-casa-de-semiliberdade-de-toledo.webp\" \/>\n\t<meta property=\"og:image:width\" content=\"280\" \/>\n\t<meta property=\"og:image:height\" content=\"280\" \/>\n\t<meta property=\"og:image:type\" content=\"image\/webp\" \/>\n<meta name=\"author\" content=\"Encontra Toledo\" \/>\n<meta name=\"twitter:card\" content=\"summary_large_image\" \/>\n<meta name=\"twitter:label1\" content=\"Escrito por\" \/>\n\t<meta name=\"twitter:data1\" content=\"Encontra Toledo\" \/>\n\t<meta name=\"twitter:label2\" content=\"Est. tempo de leitura\" \/>\n\t<meta name=\"twitter:data2\" content=\"5 minutos\" \/>\n<script type=\"application\/ld+json\" class=\"yoast-schema-graph\">{\"@context\":\"https:\\\/\\\/schema.org\",\"@graph\":[{\"@type\":\"Article\",\"@id\":\"https:\\\/\\\/www.encontraparana.com.br\\\/toledo\\\/projeto-celebrando-historias-inicia-atividades-na-casa-de-semiliberdade-de-toledo\\\/#article\",\"isPartOf\":{\"@id\":\"https:\\\/\\\/www.encontraparana.com.br\\\/toledo\\\/projeto-celebrando-historias-inicia-atividades-na-casa-de-semiliberdade-de-toledo\\\/\"},\"author\":{\"name\":\"Encontra Toledo\",\"@id\":\"https:\\\/\\\/www.encontraparana.com.br\\\/toledo\\\/#\\\/schema\\\/person\\\/3b3bd5c0e2969177418b8c8e4729fd0a\"},\"headline\":\"Projeto Celebrando Hist\u00f3rias inicia atividades na Casa de Semiliberdade de Toledo\",\"datePublished\":\"2026-07-01T19:23:22+00:00\",\"mainEntityOfPage\":{\"@id\":\"https:\\\/\\\/www.encontraparana.com.br\\\/toledo\\\/projeto-celebrando-historias-inicia-atividades-na-casa-de-semiliberdade-de-toledo\\\/\"},\"wordCount\":1089,\"commentCount\":0,\"image\":{\"@id\":\"https:\\\/\\\/www.encontraparana.com.br\\\/toledo\\\/projeto-celebrando-historias-inicia-atividades-na-casa-de-semiliberdade-de-toledo\\\/#primaryimage\"},\"thumbnailUrl\":\"https:\\\/\\\/www.encontraparana.com.br\\\/toledo\\\/wp-content\\\/uploads\\\/2026\\\/07\\\/projeto-celebrando-historias-inicia-atividades-na-casa-de-semiliberdade-de-toledo.webp\",\"articleSection\":[\"Cursos Toledo\"],\"inLanguage\":\"pt-BR\",\"potentialAction\":[{\"@type\":\"CommentAction\",\"name\":\"Comment\",\"target\":[\"https:\\\/\\\/www.encontraparana.com.br\\\/toledo\\\/projeto-celebrando-historias-inicia-atividades-na-casa-de-semiliberdade-de-toledo\\\/#respond\"]}]},{\"@type\":\"WebPage\",\"@id\":\"https:\\\/\\\/www.encontraparana.com.br\\\/toledo\\\/projeto-celebrando-historias-inicia-atividades-na-casa-de-semiliberdade-de-toledo\\\/\",\"url\":\"https:\\\/\\\/www.encontraparana.com.br\\\/toledo\\\/projeto-celebrando-historias-inicia-atividades-na-casa-de-semiliberdade-de-toledo\\\/\",\"name\":\"Projeto Celebrando Hist\u00f3rias inicia atividades na Casa de Semiliberdade de Toledo | Guia Comercial de Toledo PR\",\"isPartOf\":{\"@id\":\"https:\\\/\\\/www.encontraparana.com.br\\\/toledo\\\/#website\"},\"primaryImageOfPage\":{\"@id\":\"https:\\\/\\\/www.encontraparana.com.br\\\/toledo\\\/projeto-celebrando-historias-inicia-atividades-na-casa-de-semiliberdade-de-toledo\\\/#primaryimage\"},\"image\":{\"@id\":\"https:\\\/\\\/www.encontraparana.com.br\\\/toledo\\\/projeto-celebrando-historias-inicia-atividades-na-casa-de-semiliberdade-de-toledo\\\/#primaryimage\"},\"thumbnailUrl\":\"https:\\\/\\\/www.encontraparana.com.br\\\/toledo\\\/wp-content\\\/uploads\\\/2026\\\/07\\\/projeto-celebrando-historias-inicia-atividades-na-casa-de-semiliberdade-de-toledo.webp\",\"datePublished\":\"2026-07-01T19:23:22+00:00\",\"author\":{\"@id\":\"https:\\\/\\\/www.encontraparana.com.br\\\/toledo\\\/#\\\/schema\\\/person\\\/3b3bd5c0e2969177418b8c8e4729fd0a\"},\"inLanguage\":\"pt-BR\",\"potentialAction\":[{\"@type\":\"ReadAction\",\"target\":[\"https:\\\/\\\/www.encontraparana.com.br\\\/toledo\\\/projeto-celebrando-historias-inicia-atividades-na-casa-de-semiliberdade-de-toledo\\\/\"]}]},{\"@type\":\"ImageObject\",\"inLanguage\":\"pt-BR\",\"@id\":\"https:\\\/\\\/www.encontraparana.com.br\\\/toledo\\\/projeto-celebrando-historias-inicia-atividades-na-casa-de-semiliberdade-de-toledo\\\/#primaryimage\",\"url\":\"https:\\\/\\\/www.encontraparana.com.br\\\/toledo\\\/wp-content\\\/uploads\\\/2026\\\/07\\\/projeto-celebrando-historias-inicia-atividades-na-casa-de-semiliberdade-de-toledo.webp\",\"contentUrl\":\"https:\\\/\\\/www.encontraparana.com.br\\\/toledo\\\/wp-content\\\/uploads\\\/2026\\\/07\\\/projeto-celebrando-historias-inicia-atividades-na-casa-de-semiliberdade-de-toledo.webp\",\"width\":280,\"height\":280,\"caption\":\"Projeto Celebrando Hist\u00f3rias\"},{\"@type\":\"WebSite\",\"@id\":\"https:\\\/\\\/www.encontraparana.com.br\\\/toledo\\\/#website\",\"url\":\"https:\\\/\\\/www.encontraparana.com.br\\\/toledo\\\/\",\"name\":\"Guia Comercial de Toledo PR\",\"description\":\"ENCONTRA TOLEDO - O guia comercial de neg\u00f3cios e empresas, cultura e divers\u00e3o na cidade de Toledo. Feito 100% para voc\u00ea morador!\",\"potentialAction\":[{\"@type\":\"SearchAction\",\"target\":{\"@type\":\"EntryPoint\",\"urlTemplate\":\"https:\\\/\\\/www.encontraparana.com.br\\\/toledo\\\/?s={search_term_string}\"},\"query-input\":{\"@type\":\"PropertyValueSpecification\",\"valueRequired\":true,\"valueName\":\"search_term_string\"}}],\"inLanguage\":\"pt-BR\"},{\"@type\":\"Person\",\"@id\":\"https:\\\/\\\/www.encontraparana.com.br\\\/toledo\\\/#\\\/schema\\\/person\\\/3b3bd5c0e2969177418b8c8e4729fd0a\",\"name\":\"Encontra Toledo\",\"image\":{\"@type\":\"ImageObject\",\"inLanguage\":\"pt-BR\",\"@id\":\"https:\\\/\\\/secure.gravatar.com\\\/avatar\\\/c50c17820bcf322f0a8fd6b110b8c0918141409dc69076470f6fca5fee70a5d4?s=96&d=mm&r=g\",\"url\":\"https:\\\/\\\/secure.gravatar.com\\\/avatar\\\/c50c17820bcf322f0a8fd6b110b8c0918141409dc69076470f6fca5fee70a5d4?s=96&d=mm&r=g\",\"contentUrl\":\"https:\\\/\\\/secure.gravatar.com\\\/avatar\\\/c50c17820bcf322f0a8fd6b110b8c0918141409dc69076470f6fca5fee70a5d4?s=96&d=mm&r=g\",\"caption\":\"Encontra Toledo\"},\"url\":\"https:\\\/\\\/www.encontraparana.com.br\\\/toledo\\\/author\\\/encontratoledo\\\/\"}]}<\/script>\n<!-- \/ Yoast SEO plugin. -->","yoast_head_json":{"title":"Projeto Celebrando Hist\u00f3rias inicia atividades na Casa de Semiliberdade de Toledo | Guia Comercial de Toledo PR","robots":{"index":"index","follow":"follow","max-snippet":"max-snippet:-1","max-image-preview":"max-image-preview:large","max-video-preview":"max-video-preview:-1"},"canonical":"https:\/\/www.encontraparana.com.br\/toledo\/projeto-celebrando-historias-inicia-atividades-na-casa-de-semiliberdade-de-toledo\/","og_locale":"pt_BR","og_type":"article","og_title":"Projeto Celebrando Hist\u00f3rias inicia atividades na Casa de Semiliberdade de Toledo | Guia Comercial de Toledo PR","og_description":"O Projeto Celebrando Hist\u00f3rias inicia suas atividades, promovendo mudan\u00e7as significativas na Casa de Semiliberdade.","og_url":"https:\/\/www.encontraparana.com.br\/toledo\/projeto-celebrando-historias-inicia-atividades-na-casa-de-semiliberdade-de-toledo\/","og_site_name":"Guia Comercial de Toledo PR","article_published_time":"2026-07-01T19:23:22+00:00","og_image":[{"width":280,"height":280,"url":"https:\/\/www.encontraparana.com.br\/toledo\/wp-content\/uploads\/2026\/07\/projeto-celebrando-historias-inicia-atividades-na-casa-de-semiliberdade-de-toledo.webp","type":"image\/webp"}],"author":"Encontra Toledo","twitter_card":"summary_large_image","twitter_misc":{"Escrito por":"Encontra Toledo","Est. tempo de leitura":"5 minutos"},"schema":{"@context":"https:\/\/schema.org","@graph":[{"@type":"Article","@id":"https:\/\/www.encontraparana.com.br\/toledo\/projeto-celebrando-historias-inicia-atividades-na-casa-de-semiliberdade-de-toledo\/#article","isPartOf":{"@id":"https:\/\/www.encontraparana.com.br\/toledo\/projeto-celebrando-historias-inicia-atividades-na-casa-de-semiliberdade-de-toledo\/"},"author":{"name":"Encontra Toledo","@id":"https:\/\/www.encontraparana.com.br\/toledo\/#\/schema\/person\/3b3bd5c0e2969177418b8c8e4729fd0a"},"headline":"Projeto Celebrando Hist\u00f3rias inicia atividades na Casa de Semiliberdade de Toledo","datePublished":"2026-07-01T19:23:22+00:00","mainEntityOfPage":{"@id":"https:\/\/www.encontraparana.com.br\/toledo\/projeto-celebrando-historias-inicia-atividades-na-casa-de-semiliberdade-de-toledo\/"},"wordCount":1089,"commentCount":0,"image":{"@id":"https:\/\/www.encontraparana.com.br\/toledo\/projeto-celebrando-historias-inicia-atividades-na-casa-de-semiliberdade-de-toledo\/#primaryimage"},"thumbnailUrl":"https:\/\/www.encontraparana.com.br\/toledo\/wp-content\/uploads\/2026\/07\/projeto-celebrando-historias-inicia-atividades-na-casa-de-semiliberdade-de-toledo.webp","articleSection":["Cursos Toledo"],"inLanguage":"pt-BR","potentialAction":[{"@type":"CommentAction","name":"Comment","target":["https:\/\/www.encontraparana.com.br\/toledo\/projeto-celebrando-historias-inicia-atividades-na-casa-de-semiliberdade-de-toledo\/#respond"]}]},{"@type":"WebPage","@id":"https:\/\/www.encontraparana.com.br\/toledo\/projeto-celebrando-historias-inicia-atividades-na-casa-de-semiliberdade-de-toledo\/","url":"https:\/\/www.encontraparana.com.br\/toledo\/projeto-celebrando-historias-inicia-atividades-na-casa-de-semiliberdade-de-toledo\/","name":"Projeto Celebrando Hist\u00f3rias inicia atividades na Casa de Semiliberdade de Toledo | Guia Comercial de Toledo PR","isPartOf":{"@id":"https:\/\/www.encontraparana.com.br\/toledo\/#website"},"primaryImageOfPage":{"@id":"https:\/\/www.encontraparana.com.br\/toledo\/projeto-celebrando-historias-inicia-atividades-na-casa-de-semiliberdade-de-toledo\/#primaryimage"},"image":{"@id":"https:\/\/www.encontraparana.com.br\/toledo\/projeto-celebrando-historias-inicia-atividades-na-casa-de-semiliberdade-de-toledo\/#primaryimage"},"thumbnailUrl":"https:\/\/www.encontraparana.com.br\/toledo\/wp-content\/uploads\/2026\/07\/projeto-celebrando-historias-inicia-atividades-na-casa-de-semiliberdade-de-toledo.webp","datePublished":"2026-07-01T19:23:22+00:00","author":{"@id":"https:\/\/www.encontraparana.com.br\/toledo\/#\/schema\/person\/3b3bd5c0e2969177418b8c8e4729fd0a"},"inLanguage":"pt-BR","potentialAction":[{"@type":"ReadAction","target":["https:\/\/www.encontraparana.com.br\/toledo\/projeto-celebrando-historias-inicia-atividades-na-casa-de-semiliberdade-de-toledo\/"]}]},{"@type":"ImageObject","inLanguage":"pt-BR","@id":"https:\/\/www.encontraparana.com.br\/toledo\/projeto-celebrando-historias-inicia-atividades-na-casa-de-semiliberdade-de-toledo\/#primaryimage","url":"https:\/\/www.encontraparana.com.br\/toledo\/wp-content\/uploads\/2026\/07\/projeto-celebrando-historias-inicia-atividades-na-casa-de-semiliberdade-de-toledo.webp","contentUrl":"https:\/\/www.encontraparana.com.br\/toledo\/wp-content\/uploads\/2026\/07\/projeto-celebrando-historias-inicia-atividades-na-casa-de-semiliberdade-de-toledo.webp","width":280,"height":280,"caption":"Projeto Celebrando Hist\u00f3rias"},{"@type":"WebSite","@id":"https:\/\/www.encontraparana.com.br\/toledo\/#website","url":"https:\/\/www.encontraparana.com.br\/toledo\/","name":"Guia Comercial de Toledo PR","description":"ENCONTRA TOLEDO - O guia comercial de neg\u00f3cios e empresas, cultura e divers\u00e3o na cidade de Toledo. Feito 100% para voc\u00ea morador!","potentialAction":[{"@type":"SearchAction","target":{"@type":"EntryPoint","urlTemplate":"https:\/\/www.encontraparana.com.br\/toledo\/?s={search_term_string}"},"query-input":{"@type":"PropertyValueSpecification","valueRequired":true,"valueName":"search_term_string"}}],"inLanguage":"pt-BR"},{"@type":"Person","@id":"https:\/\/www.encontraparana.com.br\/toledo\/#\/schema\/person\/3b3bd5c0e2969177418b8c8e4729fd0a","name":"Encontra Toledo","image":{"@type":"ImageObject","inLanguage":"pt-BR","@id":"https:\/\/secure.gravatar.com\/avatar\/c50c17820bcf322f0a8fd6b110b8c0918141409dc69076470f6fca5fee70a5d4?s=96&d=mm&r=g","url":"https:\/\/secure.gravatar.com\/avatar\/c50c17820bcf322f0a8fd6b110b8c0918141409dc69076470f6fca5fee70a5d4?s=96&d=mm&r=g","contentUrl":"https:\/\/secure.gravatar.com\/avatar\/c50c17820bcf322f0a8fd6b110b8c0918141409dc69076470f6fca5fee70a5d4?s=96&d=mm&r=g","caption":"Encontra Toledo"},"url":"https:\/\/www.encontraparana.com.br\/toledo\/author\/encontratoledo\/"}]}},"_links":{"self":[{"href":"https:\/\/www.encontraparana.com.br\/toledo\/wp-json\/wp\/v2\/posts\/5262","targetHints":{"allow":["GET"]}}],"collection":[{"href":"https:\/\/www.encontraparana.com.br\/toledo\/wp-json\/wp\/v2\/posts"}],"about":[{"href":"https:\/\/www.encontraparana.com.br\/toledo\/wp-json\/wp\/v2\/types\/post"}],"author":[{"embeddable":true,"href":"https:\/\/www.encontraparana.com.br\/toledo\/wp-json\/wp\/v2\/users\/1"}],"replies":[{"embeddable":true,"href":"https:\/\/www.encontraparana.com.br\/toledo\/wp-json\/wp\/v2\/comments?post=5262"}],"version-history":[{"count":0,"href":"https:\/\/www.encontraparana.com.br\/toledo\/wp-json\/wp\/v2\/posts\/5262\/revisions"}],"wp:featuredmedia":[{"embeddable":true,"href":"https:\/\/www.encontraparana.com.br\/toledo\/wp-json\/wp\/v2\/media\/5261"}],"wp:attachment":[{"href":"https:\/\/www.encontraparana.com.br\/toledo\/wp-json\/wp\/v2\/media?parent=5262"}],"wp:term":[{"taxonomy":"category","embeddable":true,"href":"https:\/\/www.encontraparana.com.br\/toledo\/wp-json\/wp\/v2\/categories?post=5262"},{"taxonomy":"post_tag","embeddable":true,"href":"https:\/\/www.encontraparana.com.br\/toledo\/wp-json\/wp\/v2\/tags?post=5262"}],"curies":[{"name":"wp","href":"https:\/\/api.w.org\/{rel}","templated":true}]}}