{"id":5270,"date":"2026-07-03T18:30:02","date_gmt":"2026-07-03T21:30:02","guid":{"rendered":"https:\/\/www.encontraparana.com.br\/toledo\/festival-de-volei-cambio-60-movimenta-mais-de-70-atletas\/"},"modified":"2026-07-03T18:30:02","modified_gmt":"2026-07-03T21:30:02","slug":"festival-de-volei-cambio-60-movimenta-mais-de-70-atletas","status":"publish","type":"post","link":"https:\/\/www.encontraparana.com.br\/toledo\/festival-de-volei-cambio-60-movimenta-mais-de-70-atletas\/","title":{"rendered":"Festival de V\u00f4lei C\u00e2mbio 60+ movimenta mais de 70 atletas"},"content":{"rendered":"<h2>O Que \u00e9 o Festival de V\u00f4lei C\u00e2mbio 60+<\/h2>\n<p>O Festival de V\u00f4lei C\u00e2mbio 60+ \u00e9 um evento esportivo que visa promover a pr\u00e1tica do v\u00f4lei entre pessoas idosas. Realizado em um espa\u00e7o acolhedor, como a arena \u201cPlaneta Sports Indoor\u201d, o festival busca n\u00e3o apenas incentivar a atividade f\u00edsica, mas tamb\u00e9m proporcionar momentos de socializa\u00e7\u00e3o e integra\u00e7\u00e3o entre os participantes. Este evento \u00e9 uma iniciativa da Secretaria de Esportes e Lazer do munic\u00edpio, em especial atrav\u00e9s do Departamento de Atendimento \u00e0 Pessoa Idosa.<\/p>\n<h2>Import\u00e2ncia da Atividade F\u00edsica para Idosos<\/h2>\n<p>A atividade f\u00edsica \u00e9 fundamental em todas as fases da vida, e isso se intensifica na terceira idade. Para os idosos, praticar exerc\u00edcios regulares traz diversos benef\u00edcios, incluindo:<\/p>\n<ul>\n<li><strong>Melhora da sa\u00fade cardiovascular:<\/strong> O exerc\u00edcio fortalece o cora\u00e7\u00e3o e os pulm\u00f5es, aumentando a resist\u00eancia.<\/li>\n<li><strong>Controle do peso:<\/strong> A atividade f\u00edsica ajuda na manuten\u00e7\u00e3o de um peso saud\u00e1vel.<\/li>\n<li><strong>Fortalecimento muscular:<\/strong> Fortalece os m\u00fasculos e ossos, prevenindo quedas e fraturas.<\/li>\n<li><strong>Benef\u00edcios psicol\u00f3gicos:<\/strong> Aumenta a produ\u00e7\u00e3o de endorfinas, promovendo uma sensa\u00e7\u00e3o de bem-estar e reduzindo os sintomas de depress\u00e3o e ansiedade.<\/li>\n<\/ul>\n<h2>Benef\u00edcios do V\u00f4lei na Areia<\/h2>\n<p>Praticar v\u00f4lei na areia oferece vantagens \u00fanicas em compara\u00e7\u00e3o com o v\u00f4lei de quadra. A areia proporciona maior resist\u00eancia, o que contribui para um treino mais intenso:<\/p>\n<p><img decoding=\"async\" src=\"https:\/\/www.encontraparana.com.br\/toledo\/wp-content\/uploads\/2026\/07\/festival-de-volei-cambio-60-movimenta-mais-de-70-atletas.webp\" alt=\"Festival de V\u00f4lei C\u00e2mbio 60+\" loading=\"lazy\" \/><\/p>\n<ul>\n<li><strong>Aumento de for\u00e7a:<\/strong> Jogar na areia exige mais esfor\u00e7o f\u00edsico, ajudando ao fortalecimento muscular.<\/li>\n<li><strong>Desenvolvimento do equil\u00edbrio:<\/strong> O solo arenoso inst\u00e1vel promove o fortalecimento dos m\u00fasculos estabilizadores.<\/li>\n<li><strong>Baixo impacto:<\/strong> A areia absorve o impacto, reduzindo o risco de les\u00f5es.<\/li>\n<\/ul>\n<h2>Como o V\u00f4lei Melhora a Sa\u00fade Mental<\/h2>\n<p>A pr\u00e1tica de esportes, como o v\u00f4lei, \u00e9 uma excelente forma de manter a sa\u00fade mental em dia. Os benef\u00edcios incluem:<\/p>\n<ul>\n<li><strong>Socializa\u00e7\u00e3o:<\/strong> O v\u00f4lei promove intera\u00e7\u00f5es sociais, reduzindo a sensa\u00e7\u00e3o de solid\u00e3o.<\/li>\n<li><strong>Aumento da autoestima:<\/strong> Os desafios do esporte contribuem para o desenvolvimento da confian\u00e7a.<\/li>\n<li><strong>Clareza mental:<\/strong> A atividade f\u00edsica est\u00e1 diretamente relacionada \u00e0 melhora das fun\u00e7\u00f5es cognitivas.<\/li>\n<\/ul>\n<h2>Depoimentos de Atletas Participantes<\/h2>\n<p>Os participantes do festival compartilharam suas experi\u00eancias, revelando a import\u00e2ncia do evento em suas vidas:<\/p>\n<ul>\n<li><strong>Ivete Gheller:<\/strong> \u201cO festival est\u00e1 sendo uma experi\u00eancia incr\u00edvel. Pude me divertir, conversar com amigas e conhecer novas pessoas.\u201d<\/li>\n<li><strong>Jorge Alves:<\/strong> \u201cParticipar desse evento \u00e9 uma forma de manter a sa\u00fade e ainda fazer novas amizades. Estou ansioso para os pr\u00f3ximos eventos.\u201d<\/li>\n<\/ul>\n<h2>A Contribui\u00e7\u00e3o da Secretaria de Esportes<\/h2>\n<p>A organiza\u00e7\u00e3o do festival pelo Departamento de Atendimento \u00e0 Pessoa Idosa \u00e9 um reflexo do compromisso da Secretaria de Esportes com a popula\u00e7\u00e3o idosa. A promo\u00e7\u00e3o de atividades como essa contribui significativamente para a qualidade de vida dos participantes. De acordo com Wellington Silveira, diretor do departamento, as atividades f\u00edsicas s\u00e3o essenciais para manter a sa\u00fade e a intera\u00e7\u00e3o social dos idosos.<\/p>\n<h2>Momentos de Confraterniza\u00e7\u00e3o<\/h2>\n<p>O festival n\u00e3o se resume apenas \u00e0 competi\u00e7\u00e3o; ele tamb\u00e9m \u00e9 um espa\u00e7o para a confraterniza\u00e7\u00e3o entre os participantes. O clima de amizade e solidariedade \u00e9 palp\u00e1vel. Ao final, todos os atletas s\u00e3o agraciados com medalhas de participa\u00e7\u00e3o, o que refor\u00e7a o esp\u00edrito esportivo e a valoriza\u00e7\u00e3o da experi\u00eancia, mais do que do resultado.<\/p>\n<h2>Pr\u00f3ximos Eventos e Atividades<\/h2>\n<p>A Secretaria de Esportes est\u00e1 planejando mais eventos voltados para a terceira idade, com o intuito de estimular a pr\u00e1tica esportiva e promover a socializa\u00e7\u00e3o. Essas iniciativas incluir\u00e3o diferentes esportes e atividades recreativas que garantam divertimento e bem-estar.<\/p>\n<h2>Dicas para Iniciar no V\u00f4lei<\/h2>\n<p>Para aqueles que desejam experimentar o v\u00f4lei, aqui v\u00e3o algumas dicas:<\/p>\n<ul>\n<li><strong>Comece devagar:<\/strong> Para novos participantes, iniciar de forma leve ajuda a evitar les\u00f5es.<\/li>\n<li><strong>Participe de grupos:<\/strong> Juntar-se a uma equipe ou grupo de amigos torna a experi\u00eancia mais agrad\u00e1vel.<\/li>\n<li><strong>Mantenha-se hidratado:<\/strong> A hidrata\u00e7\u00e3o \u00e9 fundamental, especialmente em atividades ao ar livre.<\/li>\n<\/ul>\n<h2>A Import\u00e2ncia da Socializa\u00e7\u00e3o na Idade Avan\u00e7ada<\/h2>\n<p>A socializa\u00e7\u00e3o \u00e9 crucial para os idosos, pois traz diversos benef\u00edcios psicossociais:<\/p>\n<ul>\n<li><strong>Desenvolvimento de novas rela\u00e7\u00f5es:<\/strong> O contato com outras pessoas ajuda a criar la\u00e7os e amizades.<\/li>\n<li><strong>Enriquecimento cultural:<\/strong> Participar de eventos gera troca de experi\u00eancias e aprendizado.<\/li>\n<li><strong>Melhora no estado de \u00e2nimo:<\/strong> A intera\u00e7\u00e3o regular pode trazer felicidade e satisfa\u00e7\u00e3o \u00e0 vida di\u00e1ria.<\/li>\n<\/ul>\n<p>Assim, o Festival de V\u00f4lei C\u00e2mbio 60+ n\u00e3o apenas promove a pr\u00e1tica esportiva entre os idosos, mas tamb\u00e9m refor\u00e7a a import\u00e2ncia da socializa\u00e7\u00e3o e bem-estar em suas vidas. Todos estes fatores contribuem de forma positiva para a qualidade de vida dos participantes e estimulam a continuidade de iniciativas voltadas para essa faixa et\u00e1ria.<\/p>\n","protected":false},"excerpt":{"rendered":"<p>O Festival de V\u00f4lei C\u00e2mbio 60+ promove sa\u00fade e socializa\u00e7\u00e3o para atletas idosos.<\/p>\n","protected":false},"author":1,"featured_media":5269,"comment_status":"open","ping_status":"open","sticky":false,"template":"","format":"standard","meta":{"footnotes":""},"categories":[898],"tags":[],"class_list":["post-5270","post","type-post","status-publish","format-standard","has-post-thumbnail","hentry","category-exposicao","has_thumb"],"yoast_head":"<!-- This site is optimized with the Yoast SEO plugin v28.1 - https:\/\/yoast.com\/product\/yoast-seo-wordpress\/ -->\n<title>Festival de V\u00f4lei C\u00e2mbio 60+ movimenta mais de 70 atletas | Guia Comercial de Toledo PR<\/title>\n<meta name=\"robots\" content=\"index, follow, max-snippet:-1, max-image-preview:large, max-video-preview:-1\" \/>\n<link rel=\"canonical\" href=\"https:\/\/www.encontraparana.com.br\/toledo\/festival-de-volei-cambio-60-movimenta-mais-de-70-atletas\/\" \/>\n<meta property=\"og:locale\" content=\"pt_BR\" \/>\n<meta property=\"og:type\" content=\"article\" \/>\n<meta property=\"og:title\" content=\"Festival de V\u00f4lei C\u00e2mbio 60+ movimenta mais de 70 atletas | Guia Comercial de Toledo PR\" \/>\n<meta property=\"og:description\" content=\"O Festival de V\u00f4lei C\u00e2mbio 60+ promove sa\u00fade e socializa\u00e7\u00e3o para atletas idosos.\" \/>\n<meta property=\"og:url\" content=\"https:\/\/www.encontraparana.com.br\/toledo\/festival-de-volei-cambio-60-movimenta-mais-de-70-atletas\/\" \/>\n<meta property=\"og:site_name\" content=\"Guia Comercial de Toledo PR\" \/>\n<meta property=\"article:published_time\" content=\"2026-07-03T21:30:02+00:00\" \/>\n<meta property=\"og:image\" content=\"https:\/\/www.encontraparana.com.br\/toledo\/wp-content\/uploads\/2026\/07\/festival-de-volei-cambio-60-movimenta-mais-de-70-atletas.webp\" \/>\n\t<meta property=\"og:image:width\" content=\"280\" \/>\n\t<meta property=\"og:image:height\" content=\"280\" \/>\n\t<meta property=\"og:image:type\" content=\"image\/webp\" \/>\n<meta name=\"author\" content=\"Encontra Toledo\" \/>\n<meta name=\"twitter:card\" content=\"summary_large_image\" \/>\n<meta name=\"twitter:label1\" content=\"Escrito por\" \/>\n\t<meta name=\"twitter:data1\" content=\"Encontra Toledo\" \/>\n\t<meta name=\"twitter:label2\" content=\"Est. tempo de leitura\" \/>\n\t<meta name=\"twitter:data2\" content=\"4 minutos\" \/>\n<script type=\"application\/ld+json\" class=\"yoast-schema-graph\">{\"@context\":\"https:\\\/\\\/schema.org\",\"@graph\":[{\"@type\":\"Article\",\"@id\":\"https:\\\/\\\/www.encontraparana.com.br\\\/toledo\\\/festival-de-volei-cambio-60-movimenta-mais-de-70-atletas\\\/#article\",\"isPartOf\":{\"@id\":\"https:\\\/\\\/www.encontraparana.com.br\\\/toledo\\\/festival-de-volei-cambio-60-movimenta-mais-de-70-atletas\\\/\"},\"author\":{\"name\":\"Encontra Toledo\",\"@id\":\"https:\\\/\\\/www.encontraparana.com.br\\\/toledo\\\/#\\\/schema\\\/person\\\/3b3bd5c0e2969177418b8c8e4729fd0a\"},\"headline\":\"Festival de V\u00f4lei C\u00e2mbio 60+ movimenta mais de 70 atletas\",\"datePublished\":\"2026-07-03T21:30:02+00:00\",\"mainEntityOfPage\":{\"@id\":\"https:\\\/\\\/www.encontraparana.com.br\\\/toledo\\\/festival-de-volei-cambio-60-movimenta-mais-de-70-atletas\\\/\"},\"wordCount\":820,\"commentCount\":0,\"image\":{\"@id\":\"https:\\\/\\\/www.encontraparana.com.br\\\/toledo\\\/festival-de-volei-cambio-60-movimenta-mais-de-70-atletas\\\/#primaryimage\"},\"thumbnailUrl\":\"https:\\\/\\\/www.encontraparana.com.br\\\/toledo\\\/wp-content\\\/uploads\\\/2026\\\/07\\\/festival-de-volei-cambio-60-movimenta-mais-de-70-atletas.webp\",\"articleSection\":[\"Exposi\u00e7\u00e3o Toledo\"],\"inLanguage\":\"pt-BR\",\"potentialAction\":[{\"@type\":\"CommentAction\",\"name\":\"Comment\",\"target\":[\"https:\\\/\\\/www.encontraparana.com.br\\\/toledo\\\/festival-de-volei-cambio-60-movimenta-mais-de-70-atletas\\\/#respond\"]}]},{\"@type\":\"WebPage\",\"@id\":\"https:\\\/\\\/www.encontraparana.com.br\\\/toledo\\\/festival-de-volei-cambio-60-movimenta-mais-de-70-atletas\\\/\",\"url\":\"https:\\\/\\\/www.encontraparana.com.br\\\/toledo\\\/festival-de-volei-cambio-60-movimenta-mais-de-70-atletas\\\/\",\"name\":\"Festival de V\u00f4lei C\u00e2mbio 60+ movimenta mais de 70 atletas | Guia Comercial de Toledo PR\",\"isPartOf\":{\"@id\":\"https:\\\/\\\/www.encontraparana.com.br\\\/toledo\\\/#website\"},\"primaryImageOfPage\":{\"@id\":\"https:\\\/\\\/www.encontraparana.com.br\\\/toledo\\\/festival-de-volei-cambio-60-movimenta-mais-de-70-atletas\\\/#primaryimage\"},\"image\":{\"@id\":\"https:\\\/\\\/www.encontraparana.com.br\\\/toledo\\\/festival-de-volei-cambio-60-movimenta-mais-de-70-atletas\\\/#primaryimage\"},\"thumbnailUrl\":\"https:\\\/\\\/www.encontraparana.com.br\\\/toledo\\\/wp-content\\\/uploads\\\/2026\\\/07\\\/festival-de-volei-cambio-60-movimenta-mais-de-70-atletas.webp\",\"datePublished\":\"2026-07-03T21:30:02+00:00\",\"author\":{\"@id\":\"https:\\\/\\\/www.encontraparana.com.br\\\/toledo\\\/#\\\/schema\\\/person\\\/3b3bd5c0e2969177418b8c8e4729fd0a\"},\"inLanguage\":\"pt-BR\",\"potentialAction\":[{\"@type\":\"ReadAction\",\"target\":[\"https:\\\/\\\/www.encontraparana.com.br\\\/toledo\\\/festival-de-volei-cambio-60-movimenta-mais-de-70-atletas\\\/\"]}]},{\"@type\":\"ImageObject\",\"inLanguage\":\"pt-BR\",\"@id\":\"https:\\\/\\\/www.encontraparana.com.br\\\/toledo\\\/festival-de-volei-cambio-60-movimenta-mais-de-70-atletas\\\/#primaryimage\",\"url\":\"https:\\\/\\\/www.encontraparana.com.br\\\/toledo\\\/wp-content\\\/uploads\\\/2026\\\/07\\\/festival-de-volei-cambio-60-movimenta-mais-de-70-atletas.webp\",\"contentUrl\":\"https:\\\/\\\/www.encontraparana.com.br\\\/toledo\\\/wp-content\\\/uploads\\\/2026\\\/07\\\/festival-de-volei-cambio-60-movimenta-mais-de-70-atletas.webp\",\"width\":280,\"height\":280,\"caption\":\"Festival de V\u00f4lei C\u00e2mbio 60+\"},{\"@type\":\"WebSite\",\"@id\":\"https:\\\/\\\/www.encontraparana.com.br\\\/toledo\\\/#website\",\"url\":\"https:\\\/\\\/www.encontraparana.com.br\\\/toledo\\\/\",\"name\":\"Guia Comercial de Toledo PR\",\"description\":\"ENCONTRA TOLEDO - O guia comercial de neg\u00f3cios e empresas, cultura e divers\u00e3o na cidade de Toledo. Feito 100% para voc\u00ea morador!\",\"potentialAction\":[{\"@type\":\"SearchAction\",\"target\":{\"@type\":\"EntryPoint\",\"urlTemplate\":\"https:\\\/\\\/www.encontraparana.com.br\\\/toledo\\\/?s={search_term_string}\"},\"query-input\":{\"@type\":\"PropertyValueSpecification\",\"valueRequired\":true,\"valueName\":\"search_term_string\"}}],\"inLanguage\":\"pt-BR\"},{\"@type\":\"Person\",\"@id\":\"https:\\\/\\\/www.encontraparana.com.br\\\/toledo\\\/#\\\/schema\\\/person\\\/3b3bd5c0e2969177418b8c8e4729fd0a\",\"name\":\"Encontra Toledo\",\"image\":{\"@type\":\"ImageObject\",\"inLanguage\":\"pt-BR\",\"@id\":\"https:\\\/\\\/secure.gravatar.com\\\/avatar\\\/c50c17820bcf322f0a8fd6b110b8c0918141409dc69076470f6fca5fee70a5d4?s=96&d=mm&r=g\",\"url\":\"https:\\\/\\\/secure.gravatar.com\\\/avatar\\\/c50c17820bcf322f0a8fd6b110b8c0918141409dc69076470f6fca5fee70a5d4?s=96&d=mm&r=g\",\"contentUrl\":\"https:\\\/\\\/secure.gravatar.com\\\/avatar\\\/c50c17820bcf322f0a8fd6b110b8c0918141409dc69076470f6fca5fee70a5d4?s=96&d=mm&r=g\",\"caption\":\"Encontra Toledo\"},\"url\":\"https:\\\/\\\/www.encontraparana.com.br\\\/toledo\\\/author\\\/encontratoledo\\\/\"}]}<\/script>\n<!-- \/ Yoast SEO plugin. -->","yoast_head_json":{"title":"Festival de V\u00f4lei C\u00e2mbio 60+ movimenta mais de 70 atletas | Guia Comercial de Toledo PR","robots":{"index":"index","follow":"follow","max-snippet":"max-snippet:-1","max-image-preview":"max-image-preview:large","max-video-preview":"max-video-preview:-1"},"canonical":"https:\/\/www.encontraparana.com.br\/toledo\/festival-de-volei-cambio-60-movimenta-mais-de-70-atletas\/","og_locale":"pt_BR","og_type":"article","og_title":"Festival de V\u00f4lei C\u00e2mbio 60+ movimenta mais de 70 atletas | Guia Comercial de Toledo PR","og_description":"O Festival de V\u00f4lei C\u00e2mbio 60+ promove sa\u00fade e socializa\u00e7\u00e3o para atletas idosos.","og_url":"https:\/\/www.encontraparana.com.br\/toledo\/festival-de-volei-cambio-60-movimenta-mais-de-70-atletas\/","og_site_name":"Guia Comercial de Toledo PR","article_published_time":"2026-07-03T21:30:02+00:00","og_image":[{"width":280,"height":280,"url":"https:\/\/www.encontraparana.com.br\/toledo\/wp-content\/uploads\/2026\/07\/festival-de-volei-cambio-60-movimenta-mais-de-70-atletas.webp","type":"image\/webp"}],"author":"Encontra Toledo","twitter_card":"summary_large_image","twitter_misc":{"Escrito por":"Encontra Toledo","Est. tempo de leitura":"4 minutos"},"schema":{"@context":"https:\/\/schema.org","@graph":[{"@type":"Article","@id":"https:\/\/www.encontraparana.com.br\/toledo\/festival-de-volei-cambio-60-movimenta-mais-de-70-atletas\/#article","isPartOf":{"@id":"https:\/\/www.encontraparana.com.br\/toledo\/festival-de-volei-cambio-60-movimenta-mais-de-70-atletas\/"},"author":{"name":"Encontra Toledo","@id":"https:\/\/www.encontraparana.com.br\/toledo\/#\/schema\/person\/3b3bd5c0e2969177418b8c8e4729fd0a"},"headline":"Festival de V\u00f4lei C\u00e2mbio 60+ movimenta mais de 70 atletas","datePublished":"2026-07-03T21:30:02+00:00","mainEntityOfPage":{"@id":"https:\/\/www.encontraparana.com.br\/toledo\/festival-de-volei-cambio-60-movimenta-mais-de-70-atletas\/"},"wordCount":820,"commentCount":0,"image":{"@id":"https:\/\/www.encontraparana.com.br\/toledo\/festival-de-volei-cambio-60-movimenta-mais-de-70-atletas\/#primaryimage"},"thumbnailUrl":"https:\/\/www.encontraparana.com.br\/toledo\/wp-content\/uploads\/2026\/07\/festival-de-volei-cambio-60-movimenta-mais-de-70-atletas.webp","articleSection":["Exposi\u00e7\u00e3o Toledo"],"inLanguage":"pt-BR","potentialAction":[{"@type":"CommentAction","name":"Comment","target":["https:\/\/www.encontraparana.com.br\/toledo\/festival-de-volei-cambio-60-movimenta-mais-de-70-atletas\/#respond"]}]},{"@type":"WebPage","@id":"https:\/\/www.encontraparana.com.br\/toledo\/festival-de-volei-cambio-60-movimenta-mais-de-70-atletas\/","url":"https:\/\/www.encontraparana.com.br\/toledo\/festival-de-volei-cambio-60-movimenta-mais-de-70-atletas\/","name":"Festival de V\u00f4lei C\u00e2mbio 60+ movimenta mais de 70 atletas | Guia Comercial de Toledo PR","isPartOf":{"@id":"https:\/\/www.encontraparana.com.br\/toledo\/#website"},"primaryImageOfPage":{"@id":"https:\/\/www.encontraparana.com.br\/toledo\/festival-de-volei-cambio-60-movimenta-mais-de-70-atletas\/#primaryimage"},"image":{"@id":"https:\/\/www.encontraparana.com.br\/toledo\/festival-de-volei-cambio-60-movimenta-mais-de-70-atletas\/#primaryimage"},"thumbnailUrl":"https:\/\/www.encontraparana.com.br\/toledo\/wp-content\/uploads\/2026\/07\/festival-de-volei-cambio-60-movimenta-mais-de-70-atletas.webp","datePublished":"2026-07-03T21:30:02+00:00","author":{"@id":"https:\/\/www.encontraparana.com.br\/toledo\/#\/schema\/person\/3b3bd5c0e2969177418b8c8e4729fd0a"},"inLanguage":"pt-BR","potentialAction":[{"@type":"ReadAction","target":["https:\/\/www.encontraparana.com.br\/toledo\/festival-de-volei-cambio-60-movimenta-mais-de-70-atletas\/"]}]},{"@type":"ImageObject","inLanguage":"pt-BR","@id":"https:\/\/www.encontraparana.com.br\/toledo\/festival-de-volei-cambio-60-movimenta-mais-de-70-atletas\/#primaryimage","url":"https:\/\/www.encontraparana.com.br\/toledo\/wp-content\/uploads\/2026\/07\/festival-de-volei-cambio-60-movimenta-mais-de-70-atletas.webp","contentUrl":"https:\/\/www.encontraparana.com.br\/toledo\/wp-content\/uploads\/2026\/07\/festival-de-volei-cambio-60-movimenta-mais-de-70-atletas.webp","width":280,"height":280,"caption":"Festival de V\u00f4lei C\u00e2mbio 60+"},{"@type":"WebSite","@id":"https:\/\/www.encontraparana.com.br\/toledo\/#website","url":"https:\/\/www.encontraparana.com.br\/toledo\/","name":"Guia Comercial de Toledo PR","description":"ENCONTRA TOLEDO - O guia comercial de neg\u00f3cios e empresas, cultura e divers\u00e3o na cidade de Toledo. Feito 100% para voc\u00ea morador!","potentialAction":[{"@type":"SearchAction","target":{"@type":"EntryPoint","urlTemplate":"https:\/\/www.encontraparana.com.br\/toledo\/?s={search_term_string}"},"query-input":{"@type":"PropertyValueSpecification","valueRequired":true,"valueName":"search_term_string"}}],"inLanguage":"pt-BR"},{"@type":"Person","@id":"https:\/\/www.encontraparana.com.br\/toledo\/#\/schema\/person\/3b3bd5c0e2969177418b8c8e4729fd0a","name":"Encontra Toledo","image":{"@type":"ImageObject","inLanguage":"pt-BR","@id":"https:\/\/secure.gravatar.com\/avatar\/c50c17820bcf322f0a8fd6b110b8c0918141409dc69076470f6fca5fee70a5d4?s=96&d=mm&r=g","url":"https:\/\/secure.gravatar.com\/avatar\/c50c17820bcf322f0a8fd6b110b8c0918141409dc69076470f6fca5fee70a5d4?s=96&d=mm&r=g","contentUrl":"https:\/\/secure.gravatar.com\/avatar\/c50c17820bcf322f0a8fd6b110b8c0918141409dc69076470f6fca5fee70a5d4?s=96&d=mm&r=g","caption":"Encontra Toledo"},"url":"https:\/\/www.encontraparana.com.br\/toledo\/author\/encontratoledo\/"}]}},"_links":{"self":[{"href":"https:\/\/www.encontraparana.com.br\/toledo\/wp-json\/wp\/v2\/posts\/5270","targetHints":{"allow":["GET"]}}],"collection":[{"href":"https:\/\/www.encontraparana.com.br\/toledo\/wp-json\/wp\/v2\/posts"}],"about":[{"href":"https:\/\/www.encontraparana.com.br\/toledo\/wp-json\/wp\/v2\/types\/post"}],"author":[{"embeddable":true,"href":"https:\/\/www.encontraparana.com.br\/toledo\/wp-json\/wp\/v2\/users\/1"}],"replies":[{"embeddable":true,"href":"https:\/\/www.encontraparana.com.br\/toledo\/wp-json\/wp\/v2\/comments?post=5270"}],"version-history":[{"count":0,"href":"https:\/\/www.encontraparana.com.br\/toledo\/wp-json\/wp\/v2\/posts\/5270\/revisions"}],"wp:featuredmedia":[{"embeddable":true,"href":"https:\/\/www.encontraparana.com.br\/toledo\/wp-json\/wp\/v2\/media\/5269"}],"wp:attachment":[{"href":"https:\/\/www.encontraparana.com.br\/toledo\/wp-json\/wp\/v2\/media?parent=5270"}],"wp:term":[{"taxonomy":"category","embeddable":true,"href":"https:\/\/www.encontraparana.com.br\/toledo\/wp-json\/wp\/v2\/categories?post=5270"},{"taxonomy":"post_tag","embeddable":true,"href":"https:\/\/www.encontraparana.com.br\/toledo\/wp-json\/wp\/v2\/tags?post=5270"}],"curies":[{"name":"wp","href":"https:\/\/api.w.org\/{rel}","templated":true}]}}