{"id":5272,"date":"2026-07-03T18:31:19","date_gmt":"2026-07-03T21:31:19","guid":{"rendered":"https:\/\/www.encontraparana.com.br\/toledo\/toledo-se-mantem-na-lideranca-estadual-na-geracao-de-emprego-indica-caged\/"},"modified":"2026-07-03T18:31:19","modified_gmt":"2026-07-03T21:31:19","slug":"toledo-se-mantem-na-lideranca-estadual-na-geracao-de-emprego-indica-caged","status":"publish","type":"post","link":"https:\/\/www.encontraparana.com.br\/toledo\/toledo-se-mantem-na-lideranca-estadual-na-geracao-de-emprego-indica-caged\/","title":{"rendered":"Toledo se mant\u00e9m na lideran\u00e7a estadual na gera\u00e7\u00e3o de emprego, indica Caged"},"content":{"rendered":"<h2>Resultados do Cadastro Geral de Empregados e Desempregados<\/h2>\n<p>Os dados mais recentes do Cadastro Geral de Empregados e Desempregados (Caged), divulgados pelo Minist\u00e9rio do Trabalho e Emprego, revelam que Toledo se destaca em termos de gera\u00e7\u00e3o de emprego formal. Em maio, o munic\u00edpio alcan\u00e7ou um saldo positivo de 217 novos postos de trabalho, resultante de 3.185 admiss\u00f5es e 2.968 desligamentos. Este desempenho coloca Toledo na lideran\u00e7a em compara\u00e7\u00e3o com outros munic\u00edpios paranaenses com popula\u00e7\u00e3o superior a 100 mil habitantes, reafirmando sua posi\u00e7\u00e3o de destaque no cen\u00e1rio econ\u00f4mico do estado.<\/p>\n<h2>Desempenho de Toledo em N\u00fameros Proporcionais<\/h2>\n<p>Apesar de um saldo inferior ao do m\u00eas anterior, a propor\u00e7\u00e3o de novos empregos em Toledo \u00e9 impressionante. A cidade apresenta uma taxa de 1.350,33 novas vagas para cada 1 milh\u00e3o de habitantes, o que a torna a mais eficiente nesse aspecto entre as 24 cidades paranaenses. Os munic\u00edpios que se seguem, como Colombo e Arauc\u00e1ria, apresentam n\u00fameros bem inferiores, evidenciando a for\u00e7a do mercado de trabalho local.<\/p>\n<h2>Setores que Mais Geraram Empregos em Toledo<\/h2>\n<p>O setor de servi\u00e7os se destaca como o mais significativo na gera\u00e7\u00e3o de empregos em Toledo, respondendo por um saldo de 118 novas vagas. Este setor foi seguido pela constru\u00e7\u00e3o civil, que agregou 80 postos de trabalho e pela ind\u00fastria, que contribuiu com 36 novas vagas. No entanto, o com\u00e9rcio e a agropecu\u00e1ria tiveram resultados negativos, perdendo 7 e 10 vagas, respectivamente, o que indica uma \u00e1rea a ser observada para futuras interven\u00e7\u00f5es e melhorias.<\/p>\n<p><img decoding=\"async\" src=\"https:\/\/www.encontraparana.com.br\/toledo\/wp-content\/uploads\/2026\/07\/toledo-se-mantem-na-lideranca-estadual-na-geracao-de-emprego-indica-caged.webp\" alt=\"gera\u00e7\u00e3o de emprego\" loading=\"lazy\" \/><\/p>\n<h2>An\u00e1lise do Cen\u00e1rio Econ\u00f4mico Nacional<\/h2>\n<p>\u00c9 importante considerar que o cen\u00e1rio de emprego n\u00e3o ocorre de forma isolada. De acordo com o diretor de Pol\u00edticas de Emprego e Rela\u00e7\u00f5es do Trabalho da Secretaria de Desenvolvimento Econ\u00f4mico e Turismo, Vanderlei Tim\u00f3teo, os resultados devem ser avaliados dentro do contexto econ\u00f4mico mais amplo. Apesar das dificuldades enfrentadas em n\u00edvel nacional, Toledo tem buscado minimizar os impactos e manter uma trajet\u00f3ria de crescimento, especialmente sustentada pela for\u00e7a da agroind\u00fastria.<\/p>\n<h2>Perspectivas para o Mercado de Trabalho em Toledo<\/h2>\n<p>O objetivo das autoridades locais \u00e9 continuar promovendo um ambiente que favore\u00e7a o desenvolvimento econ\u00f4mico e a gera\u00e7\u00e3o de novas oportunidades de emprego. Tim\u00f3teo enfatiza que as estrat\u00e9gias est\u00e3o sendo alinhadas para garantir que os n\u00fameros de emprego sejam continuamente satisfat\u00f3rios e que a comunidade se beneficie disso, refletindo um compromisso em manter o mercado de trabalho aquecido.<\/p>\n<h2>Compara\u00e7\u00e3o com Outras Cidades Paranaenses<\/h2>\n<p>Ao longo deste ano, Toledo se manteve na lideran\u00e7a proporcional entre os munic\u00edpios paranaenses em termos de gera\u00e7\u00e3o de empregos, com uma taxa de 14.100,72 novos postos para cada 1 milh\u00e3o de habitantes. Essa vis\u00e3o comparativa mostra que Toledo superou cidades como Arapongas e Curitiba, colocando a cidade em uma posi\u00e7\u00e3o de destaque no cen\u00e1rio do trabalho no estado.<\/p>\n<h2>Evolu\u00e7\u00e3o do Estoque de Empregos Formais<\/h2>\n<p>Entre o final de 2025 e maio de 2026, Toledo tamb\u00e9m teve um crescimento expressivo no n\u00famero de empregos formais, aumentando de 60.836 para 63.102 trabalhadores com carteira assinada. Isso representa um aumento de 3,72%, o que \u00e9 consider\u00e1vel no contexto do mercado de trabalho paranaense.<\/p>\n<h2>Impacto da Agroind\u00fastria no Emprego Local<\/h2>\n<p>A agroind\u00fastria tem desempenhado um papel essencial no fortalecimento do emprego em Toledo. A seguran\u00e7a proporcionada por esse setor, aliado \u00e0 sua capacidade de absorver m\u00e3o de obra, tem sido fundamental para que a cidade mantenha um saldo positivo em meio a desafios econ\u00f4micos. Essa rela\u00e7\u00e3o entre agroind\u00fastria e emprego local \u00e9 vital para a percep\u00e7\u00e3o de um desenvolvimento sustent\u00e1vel.<\/p>\n<h2>Como Toledo Est\u00e1 Promovendo Oportunidades de Trabalho<\/h2>\n<p>Medidas est\u00e3o sendo implementadas para que a cidade n\u00e3o apenas mantenha, mas expanda suas oportunidades de trabalho. H\u00e1 uma preocupa\u00e7\u00e3o cont\u00ednua em fomentar a empregabilidade atrav\u00e9s de programas de qualifica\u00e7\u00e3o e incentivos \u00e0 inova\u00e7\u00e3o no setor industrial e agr\u00edcola, buscando sempre alian\u00e7as com os setores educacionais e privados.<\/p>\n<h2>Futuro da Gera\u00e7\u00e3o de Emprego em Toledo<\/h2>\n<p>A perspectiva futura para a gera\u00e7\u00e3o de empregos em Toledo \u00e9 positiva. Com a continuidade de pol\u00edticas p\u00fablicas favor\u00e1veis e a resili\u00eancia do setor agroindustrial, a expectativa \u00e9 de que novos postos de trabalho continuem a surgir. O esfor\u00e7o conjunto entre administra\u00e7\u00e3o p\u00fablica e iniciativa privada ser\u00e1 crucial para enfrentar os desafios e garantir um ambiente prop\u00edcio \u00e0 prosperidade.<\/p>\n","protected":false},"excerpt":{"rendered":"<p>Toledo se destaca na gera\u00e7\u00e3o de emprego no Paran\u00e1. Saiba mais sobre os dados do Caged.<\/p>\n","protected":false},"author":1,"featured_media":5271,"comment_status":"open","ping_status":"open","sticky":false,"template":"","format":"standard","meta":{"footnotes":""},"categories":[905],"tags":[],"class_list":["post-5272","post","type-post","status-publish","format-standard","has-post-thumbnail","hentry","category-vagas-de-empregos","has_thumb"],"yoast_head":"<!-- This site is optimized with the Yoast SEO plugin v28.1 - https:\/\/yoast.com\/product\/yoast-seo-wordpress\/ -->\n<title>Toledo se mant\u00e9m na lideran\u00e7a estadual na gera\u00e7\u00e3o de emprego, indica Caged | Guia Comercial de Toledo PR<\/title>\n<meta name=\"robots\" content=\"index, follow, max-snippet:-1, max-image-preview:large, max-video-preview:-1\" \/>\n<link rel=\"canonical\" href=\"https:\/\/www.encontraparana.com.br\/toledo\/toledo-se-mantem-na-lideranca-estadual-na-geracao-de-emprego-indica-caged\/\" \/>\n<meta property=\"og:locale\" content=\"pt_BR\" \/>\n<meta property=\"og:type\" content=\"article\" \/>\n<meta property=\"og:title\" content=\"Toledo se mant\u00e9m na lideran\u00e7a estadual na gera\u00e7\u00e3o de emprego, indica Caged | Guia Comercial de Toledo PR\" \/>\n<meta property=\"og:description\" content=\"Toledo se destaca na gera\u00e7\u00e3o de emprego no Paran\u00e1. Saiba mais sobre os dados do Caged.\" \/>\n<meta property=\"og:url\" content=\"https:\/\/www.encontraparana.com.br\/toledo\/toledo-se-mantem-na-lideranca-estadual-na-geracao-de-emprego-indica-caged\/\" \/>\n<meta property=\"og:site_name\" content=\"Guia Comercial de Toledo PR\" \/>\n<meta property=\"article:published_time\" content=\"2026-07-03T21:31:19+00:00\" \/>\n<meta property=\"og:image\" content=\"https:\/\/www.encontraparana.com.br\/toledo\/wp-content\/uploads\/2026\/07\/toledo-se-mantem-na-lideranca-estadual-na-geracao-de-emprego-indica-caged.webp\" \/>\n\t<meta property=\"og:image:width\" content=\"280\" \/>\n\t<meta property=\"og:image:height\" content=\"280\" \/>\n\t<meta property=\"og:image:type\" content=\"image\/webp\" \/>\n<meta name=\"author\" content=\"Encontra Toledo\" \/>\n<meta name=\"twitter:card\" content=\"summary_large_image\" \/>\n<meta name=\"twitter:label1\" content=\"Escrito por\" \/>\n\t<meta name=\"twitter:data1\" content=\"Encontra Toledo\" \/>\n\t<meta name=\"twitter:label2\" content=\"Est. tempo de leitura\" \/>\n\t<meta name=\"twitter:data2\" content=\"4 minutos\" \/>\n<script type=\"application\/ld+json\" class=\"yoast-schema-graph\">{\"@context\":\"https:\\\/\\\/schema.org\",\"@graph\":[{\"@type\":\"Article\",\"@id\":\"https:\\\/\\\/www.encontraparana.com.br\\\/toledo\\\/toledo-se-mantem-na-lideranca-estadual-na-geracao-de-emprego-indica-caged\\\/#article\",\"isPartOf\":{\"@id\":\"https:\\\/\\\/www.encontraparana.com.br\\\/toledo\\\/toledo-se-mantem-na-lideranca-estadual-na-geracao-de-emprego-indica-caged\\\/\"},\"author\":{\"name\":\"Encontra Toledo\",\"@id\":\"https:\\\/\\\/www.encontraparana.com.br\\\/toledo\\\/#\\\/schema\\\/person\\\/3b3bd5c0e2969177418b8c8e4729fd0a\"},\"headline\":\"Toledo se mant\u00e9m na lideran\u00e7a estadual na gera\u00e7\u00e3o de emprego, indica Caged\",\"datePublished\":\"2026-07-03T21:31:19+00:00\",\"mainEntityOfPage\":{\"@id\":\"https:\\\/\\\/www.encontraparana.com.br\\\/toledo\\\/toledo-se-mantem-na-lideranca-estadual-na-geracao-de-emprego-indica-caged\\\/\"},\"wordCount\":765,\"commentCount\":0,\"image\":{\"@id\":\"https:\\\/\\\/www.encontraparana.com.br\\\/toledo\\\/toledo-se-mantem-na-lideranca-estadual-na-geracao-de-emprego-indica-caged\\\/#primaryimage\"},\"thumbnailUrl\":\"https:\\\/\\\/www.encontraparana.com.br\\\/toledo\\\/wp-content\\\/uploads\\\/2026\\\/07\\\/toledo-se-mantem-na-lideranca-estadual-na-geracao-de-emprego-indica-caged.webp\",\"articleSection\":[\"Vagas de Empregos Toledo\"],\"inLanguage\":\"pt-BR\",\"potentialAction\":[{\"@type\":\"CommentAction\",\"name\":\"Comment\",\"target\":[\"https:\\\/\\\/www.encontraparana.com.br\\\/toledo\\\/toledo-se-mantem-na-lideranca-estadual-na-geracao-de-emprego-indica-caged\\\/#respond\"]}]},{\"@type\":\"WebPage\",\"@id\":\"https:\\\/\\\/www.encontraparana.com.br\\\/toledo\\\/toledo-se-mantem-na-lideranca-estadual-na-geracao-de-emprego-indica-caged\\\/\",\"url\":\"https:\\\/\\\/www.encontraparana.com.br\\\/toledo\\\/toledo-se-mantem-na-lideranca-estadual-na-geracao-de-emprego-indica-caged\\\/\",\"name\":\"Toledo se mant\u00e9m na lideran\u00e7a estadual na gera\u00e7\u00e3o de emprego, indica Caged | Guia Comercial de Toledo PR\",\"isPartOf\":{\"@id\":\"https:\\\/\\\/www.encontraparana.com.br\\\/toledo\\\/#website\"},\"primaryImageOfPage\":{\"@id\":\"https:\\\/\\\/www.encontraparana.com.br\\\/toledo\\\/toledo-se-mantem-na-lideranca-estadual-na-geracao-de-emprego-indica-caged\\\/#primaryimage\"},\"image\":{\"@id\":\"https:\\\/\\\/www.encontraparana.com.br\\\/toledo\\\/toledo-se-mantem-na-lideranca-estadual-na-geracao-de-emprego-indica-caged\\\/#primaryimage\"},\"thumbnailUrl\":\"https:\\\/\\\/www.encontraparana.com.br\\\/toledo\\\/wp-content\\\/uploads\\\/2026\\\/07\\\/toledo-se-mantem-na-lideranca-estadual-na-geracao-de-emprego-indica-caged.webp\",\"datePublished\":\"2026-07-03T21:31:19+00:00\",\"author\":{\"@id\":\"https:\\\/\\\/www.encontraparana.com.br\\\/toledo\\\/#\\\/schema\\\/person\\\/3b3bd5c0e2969177418b8c8e4729fd0a\"},\"inLanguage\":\"pt-BR\",\"potentialAction\":[{\"@type\":\"ReadAction\",\"target\":[\"https:\\\/\\\/www.encontraparana.com.br\\\/toledo\\\/toledo-se-mantem-na-lideranca-estadual-na-geracao-de-emprego-indica-caged\\\/\"]}]},{\"@type\":\"ImageObject\",\"inLanguage\":\"pt-BR\",\"@id\":\"https:\\\/\\\/www.encontraparana.com.br\\\/toledo\\\/toledo-se-mantem-na-lideranca-estadual-na-geracao-de-emprego-indica-caged\\\/#primaryimage\",\"url\":\"https:\\\/\\\/www.encontraparana.com.br\\\/toledo\\\/wp-content\\\/uploads\\\/2026\\\/07\\\/toledo-se-mantem-na-lideranca-estadual-na-geracao-de-emprego-indica-caged.webp\",\"contentUrl\":\"https:\\\/\\\/www.encontraparana.com.br\\\/toledo\\\/wp-content\\\/uploads\\\/2026\\\/07\\\/toledo-se-mantem-na-lideranca-estadual-na-geracao-de-emprego-indica-caged.webp\",\"width\":280,\"height\":280,\"caption\":\"gera\u00e7\u00e3o de emprego\"},{\"@type\":\"WebSite\",\"@id\":\"https:\\\/\\\/www.encontraparana.com.br\\\/toledo\\\/#website\",\"url\":\"https:\\\/\\\/www.encontraparana.com.br\\\/toledo\\\/\",\"name\":\"Guia Comercial de Toledo PR\",\"description\":\"ENCONTRA TOLEDO - O guia comercial de neg\u00f3cios e empresas, cultura e divers\u00e3o na cidade de Toledo. Feito 100% para voc\u00ea morador!\",\"potentialAction\":[{\"@type\":\"SearchAction\",\"target\":{\"@type\":\"EntryPoint\",\"urlTemplate\":\"https:\\\/\\\/www.encontraparana.com.br\\\/toledo\\\/?s={search_term_string}\"},\"query-input\":{\"@type\":\"PropertyValueSpecification\",\"valueRequired\":true,\"valueName\":\"search_term_string\"}}],\"inLanguage\":\"pt-BR\"},{\"@type\":\"Person\",\"@id\":\"https:\\\/\\\/www.encontraparana.com.br\\\/toledo\\\/#\\\/schema\\\/person\\\/3b3bd5c0e2969177418b8c8e4729fd0a\",\"name\":\"Encontra Toledo\",\"image\":{\"@type\":\"ImageObject\",\"inLanguage\":\"pt-BR\",\"@id\":\"https:\\\/\\\/secure.gravatar.com\\\/avatar\\\/c50c17820bcf322f0a8fd6b110b8c0918141409dc69076470f6fca5fee70a5d4?s=96&d=mm&r=g\",\"url\":\"https:\\\/\\\/secure.gravatar.com\\\/avatar\\\/c50c17820bcf322f0a8fd6b110b8c0918141409dc69076470f6fca5fee70a5d4?s=96&d=mm&r=g\",\"contentUrl\":\"https:\\\/\\\/secure.gravatar.com\\\/avatar\\\/c50c17820bcf322f0a8fd6b110b8c0918141409dc69076470f6fca5fee70a5d4?s=96&d=mm&r=g\",\"caption\":\"Encontra Toledo\"},\"url\":\"https:\\\/\\\/www.encontraparana.com.br\\\/toledo\\\/author\\\/encontratoledo\\\/\"}]}<\/script>\n<!-- \/ Yoast SEO plugin. -->","yoast_head_json":{"title":"Toledo se mant\u00e9m na lideran\u00e7a estadual na gera\u00e7\u00e3o de emprego, indica Caged | Guia Comercial de Toledo PR","robots":{"index":"index","follow":"follow","max-snippet":"max-snippet:-1","max-image-preview":"max-image-preview:large","max-video-preview":"max-video-preview:-1"},"canonical":"https:\/\/www.encontraparana.com.br\/toledo\/toledo-se-mantem-na-lideranca-estadual-na-geracao-de-emprego-indica-caged\/","og_locale":"pt_BR","og_type":"article","og_title":"Toledo se mant\u00e9m na lideran\u00e7a estadual na gera\u00e7\u00e3o de emprego, indica Caged | Guia Comercial de Toledo PR","og_description":"Toledo se destaca na gera\u00e7\u00e3o de emprego no Paran\u00e1. Saiba mais sobre os dados do Caged.","og_url":"https:\/\/www.encontraparana.com.br\/toledo\/toledo-se-mantem-na-lideranca-estadual-na-geracao-de-emprego-indica-caged\/","og_site_name":"Guia Comercial de Toledo PR","article_published_time":"2026-07-03T21:31:19+00:00","og_image":[{"width":280,"height":280,"url":"https:\/\/www.encontraparana.com.br\/toledo\/wp-content\/uploads\/2026\/07\/toledo-se-mantem-na-lideranca-estadual-na-geracao-de-emprego-indica-caged.webp","type":"image\/webp"}],"author":"Encontra Toledo","twitter_card":"summary_large_image","twitter_misc":{"Escrito por":"Encontra Toledo","Est. tempo de leitura":"4 minutos"},"schema":{"@context":"https:\/\/schema.org","@graph":[{"@type":"Article","@id":"https:\/\/www.encontraparana.com.br\/toledo\/toledo-se-mantem-na-lideranca-estadual-na-geracao-de-emprego-indica-caged\/#article","isPartOf":{"@id":"https:\/\/www.encontraparana.com.br\/toledo\/toledo-se-mantem-na-lideranca-estadual-na-geracao-de-emprego-indica-caged\/"},"author":{"name":"Encontra Toledo","@id":"https:\/\/www.encontraparana.com.br\/toledo\/#\/schema\/person\/3b3bd5c0e2969177418b8c8e4729fd0a"},"headline":"Toledo se mant\u00e9m na lideran\u00e7a estadual na gera\u00e7\u00e3o de emprego, indica Caged","datePublished":"2026-07-03T21:31:19+00:00","mainEntityOfPage":{"@id":"https:\/\/www.encontraparana.com.br\/toledo\/toledo-se-mantem-na-lideranca-estadual-na-geracao-de-emprego-indica-caged\/"},"wordCount":765,"commentCount":0,"image":{"@id":"https:\/\/www.encontraparana.com.br\/toledo\/toledo-se-mantem-na-lideranca-estadual-na-geracao-de-emprego-indica-caged\/#primaryimage"},"thumbnailUrl":"https:\/\/www.encontraparana.com.br\/toledo\/wp-content\/uploads\/2026\/07\/toledo-se-mantem-na-lideranca-estadual-na-geracao-de-emprego-indica-caged.webp","articleSection":["Vagas de Empregos Toledo"],"inLanguage":"pt-BR","potentialAction":[{"@type":"CommentAction","name":"Comment","target":["https:\/\/www.encontraparana.com.br\/toledo\/toledo-se-mantem-na-lideranca-estadual-na-geracao-de-emprego-indica-caged\/#respond"]}]},{"@type":"WebPage","@id":"https:\/\/www.encontraparana.com.br\/toledo\/toledo-se-mantem-na-lideranca-estadual-na-geracao-de-emprego-indica-caged\/","url":"https:\/\/www.encontraparana.com.br\/toledo\/toledo-se-mantem-na-lideranca-estadual-na-geracao-de-emprego-indica-caged\/","name":"Toledo se mant\u00e9m na lideran\u00e7a estadual na gera\u00e7\u00e3o de emprego, indica Caged | Guia Comercial de Toledo PR","isPartOf":{"@id":"https:\/\/www.encontraparana.com.br\/toledo\/#website"},"primaryImageOfPage":{"@id":"https:\/\/www.encontraparana.com.br\/toledo\/toledo-se-mantem-na-lideranca-estadual-na-geracao-de-emprego-indica-caged\/#primaryimage"},"image":{"@id":"https:\/\/www.encontraparana.com.br\/toledo\/toledo-se-mantem-na-lideranca-estadual-na-geracao-de-emprego-indica-caged\/#primaryimage"},"thumbnailUrl":"https:\/\/www.encontraparana.com.br\/toledo\/wp-content\/uploads\/2026\/07\/toledo-se-mantem-na-lideranca-estadual-na-geracao-de-emprego-indica-caged.webp","datePublished":"2026-07-03T21:31:19+00:00","author":{"@id":"https:\/\/www.encontraparana.com.br\/toledo\/#\/schema\/person\/3b3bd5c0e2969177418b8c8e4729fd0a"},"inLanguage":"pt-BR","potentialAction":[{"@type":"ReadAction","target":["https:\/\/www.encontraparana.com.br\/toledo\/toledo-se-mantem-na-lideranca-estadual-na-geracao-de-emprego-indica-caged\/"]}]},{"@type":"ImageObject","inLanguage":"pt-BR","@id":"https:\/\/www.encontraparana.com.br\/toledo\/toledo-se-mantem-na-lideranca-estadual-na-geracao-de-emprego-indica-caged\/#primaryimage","url":"https:\/\/www.encontraparana.com.br\/toledo\/wp-content\/uploads\/2026\/07\/toledo-se-mantem-na-lideranca-estadual-na-geracao-de-emprego-indica-caged.webp","contentUrl":"https:\/\/www.encontraparana.com.br\/toledo\/wp-content\/uploads\/2026\/07\/toledo-se-mantem-na-lideranca-estadual-na-geracao-de-emprego-indica-caged.webp","width":280,"height":280,"caption":"gera\u00e7\u00e3o de emprego"},{"@type":"WebSite","@id":"https:\/\/www.encontraparana.com.br\/toledo\/#website","url":"https:\/\/www.encontraparana.com.br\/toledo\/","name":"Guia Comercial de Toledo PR","description":"ENCONTRA TOLEDO - O guia comercial de neg\u00f3cios e empresas, cultura e divers\u00e3o na cidade de Toledo. Feito 100% para voc\u00ea morador!","potentialAction":[{"@type":"SearchAction","target":{"@type":"EntryPoint","urlTemplate":"https:\/\/www.encontraparana.com.br\/toledo\/?s={search_term_string}"},"query-input":{"@type":"PropertyValueSpecification","valueRequired":true,"valueName":"search_term_string"}}],"inLanguage":"pt-BR"},{"@type":"Person","@id":"https:\/\/www.encontraparana.com.br\/toledo\/#\/schema\/person\/3b3bd5c0e2969177418b8c8e4729fd0a","name":"Encontra Toledo","image":{"@type":"ImageObject","inLanguage":"pt-BR","@id":"https:\/\/secure.gravatar.com\/avatar\/c50c17820bcf322f0a8fd6b110b8c0918141409dc69076470f6fca5fee70a5d4?s=96&d=mm&r=g","url":"https:\/\/secure.gravatar.com\/avatar\/c50c17820bcf322f0a8fd6b110b8c0918141409dc69076470f6fca5fee70a5d4?s=96&d=mm&r=g","contentUrl":"https:\/\/secure.gravatar.com\/avatar\/c50c17820bcf322f0a8fd6b110b8c0918141409dc69076470f6fca5fee70a5d4?s=96&d=mm&r=g","caption":"Encontra Toledo"},"url":"https:\/\/www.encontraparana.com.br\/toledo\/author\/encontratoledo\/"}]}},"_links":{"self":[{"href":"https:\/\/www.encontraparana.com.br\/toledo\/wp-json\/wp\/v2\/posts\/5272","targetHints":{"allow":["GET"]}}],"collection":[{"href":"https:\/\/www.encontraparana.com.br\/toledo\/wp-json\/wp\/v2\/posts"}],"about":[{"href":"https:\/\/www.encontraparana.com.br\/toledo\/wp-json\/wp\/v2\/types\/post"}],"author":[{"embeddable":true,"href":"https:\/\/www.encontraparana.com.br\/toledo\/wp-json\/wp\/v2\/users\/1"}],"replies":[{"embeddable":true,"href":"https:\/\/www.encontraparana.com.br\/toledo\/wp-json\/wp\/v2\/comments?post=5272"}],"version-history":[{"count":0,"href":"https:\/\/www.encontraparana.com.br\/toledo\/wp-json\/wp\/v2\/posts\/5272\/revisions"}],"wp:featuredmedia":[{"embeddable":true,"href":"https:\/\/www.encontraparana.com.br\/toledo\/wp-json\/wp\/v2\/media\/5271"}],"wp:attachment":[{"href":"https:\/\/www.encontraparana.com.br\/toledo\/wp-json\/wp\/v2\/media?parent=5272"}],"wp:term":[{"taxonomy":"category","embeddable":true,"href":"https:\/\/www.encontraparana.com.br\/toledo\/wp-json\/wp\/v2\/categories?post=5272"},{"taxonomy":"post_tag","embeddable":true,"href":"https:\/\/www.encontraparana.com.br\/toledo\/wp-json\/wp\/v2\/tags?post=5272"}],"curies":[{"name":"wp","href":"https:\/\/api.w.org\/{rel}","templated":true}]}}