{"id":5308,"date":"2026-07-09T04:12:59","date_gmt":"2026-07-09T07:12:59","guid":{"rendered":"https:\/\/www.encontraparana.com.br\/toledo\/parana-em-acao-comeca-nesta-quarta\/"},"modified":"2026-07-09T04:12:59","modified_gmt":"2026-07-09T07:12:59","slug":"parana-em-acao-comeca-nesta-quarta","status":"publish","type":"post","link":"https:\/\/www.encontraparana.com.br\/toledo\/parana-em-acao-comeca-nesta-quarta\/","title":{"rendered":"Paran\u00e1 em A\u00e7\u00e3o come\u00e7a nesta quarta"},"content":{"rendered":"<h2>O que \u00e9 o Paran\u00e1 em A\u00e7\u00e3o?<\/h2>\n<p>O Paran\u00e1 em A\u00e7\u00e3o \u00e9 uma iniciativa que visa proporcionar um conjunto diversificado de servi\u00e7os gratuitos \u00e0 comunidade. Este evento \u00e9 uma oportunidade para que os cidad\u00e3os tenham acesso a atendimentos de diversas \u00e1reas, promovendo inclus\u00e3o e bem-estar social.<\/p>\n<h2>Quando e Onde Acontece o Evento?<\/h2>\n<p>O evento se inicia nesta quarta-feira, dia 8, e se estende at\u00e9 sexta-feira, dia 10, sendo realizado no Centro de Eventos Desir\u00e9e Refosco. O endere\u00e7o \u00e9 Rua Manoel Ribas, 436, situado no bairro Walter Fontana\/Vila Pioneiro. O hor\u00e1rio de funcionamento ser\u00e1 das 9h \u00e0s 17h, sem pausa para intervalos.<\/p>\n<h2>Quais Servi\u00e7os Ser\u00e3o Oferecidos?<\/h2>\n<p>Dentre os diversos servi\u00e7os dispon\u00edveis durante o evento, destacam-se:<\/p>\n<p><img decoding=\"async\" src=\"https:\/\/www.encontraparana.com.br\/toledo\/wp-content\/uploads\/2026\/07\/parana-em-acao-comeca-nesta-quarta.webp\" alt=\"paran\u00e1 em a\u00e7\u00e3o\" loading=\"lazy\" \/><\/p>\n<ul>\n<li>Orienta\u00e7\u00f5es e cadastros relacionados \u00e0 assist\u00eancia social.<\/li>\n<li>Informa\u00e7\u00f5es sobre vagas em Centros Municipais de Educa\u00e7\u00e3o Infantil (CMEIs).<\/li>\n<li>Exposi\u00e7\u00f5es de terr\u00e1rios, maquetes, rob\u00f3tica e jogos diversos.<\/li>\n<li>Inscri\u00e7\u00f5es para cursos espec\u00edficos oferecidos pela Secretaria de Desenvolvimento Humano e Social (SDHS).<\/li>\n<li>Oportunidades de emprego atrav\u00e9s da Ag\u00eancia do Trabalhador.<\/li>\n<li>Atendimentos e orienta\u00e7\u00f5es na \u00e1rea da agricultura, promovidos pela Secretaria da Agricultura e Prote\u00edna Animal (SMAP).<\/li>\n<\/ul>\n<h2>Atividades para Crian\u00e7as e Adultos<\/h2>\n<p>O evento conta tamb\u00e9m com uma variedade de atividades voltadas ao p\u00fablico infantil e adulto. As crian\u00e7as poder\u00e3o se divertir em atra\u00e7\u00f5es como cama el\u00e1stica e brinquedos infl\u00e1veis, organizados pela equipe do RecreA\u00e7\u00e3o, ligada \u00e0 Secretaria Municipal de Esportes e Lazer. Para adultos, haver\u00e1 oficinas e palestras que abordam temas sociais e de desenvolvimento pessoal.<\/p>\n<h2>Como Participar das Atividades?<\/h2>\n<p>A participa\u00e7\u00e3o no Paran\u00e1 em A\u00e7\u00e3o \u00e9 aberta a todos. Para usufruir dos servi\u00e7os, basta comparecer ao local e se registrar. \u00c9 recomend\u00e1vel que os cidad\u00e3os levem consigo a documenta\u00e7\u00e3o necess\u00e1ria para os atendimentos que requerem comprova\u00e7\u00f5es, como identidade e comprovante de endere\u00e7o.<\/p>\n<h2>Estrutura do Evento: Centro de Eventos Desir\u00e9e Refosco<\/h2>\n<p>O Centro de Eventos Desir\u00e9e Refosco ser\u00e1 o espa\u00e7o principal onde acontecer\u00e3o todos os atendimentos. Este local \u00e9 bem equipado para receber os participantes, com \u00e1reas reservadas para cada tipo de servi\u00e7o e infraestrutura para garantir conforto e acessibilidade a todos.<\/p>\n<h2>Orienta\u00e7\u00f5es para Emiss\u00e3o de Documentos<\/h2>\n<p>Durante o evento, ser\u00e3o realizados atendimentos para a emiss\u00e3o de diversos documentos, incluindo a Carteira de Identidade Nacional (CIN). \u00c9 fundamental que os cidad\u00e3os levem as certid\u00f5es necess\u00e1rias e comprovantes de que atendem os requisitos. Os documentos exigidos incluem:<\/p>\n<ul>\n<li>Certid\u00e3o de nascimento (para solteiros) ou certid\u00e3o de casamento.<\/li>\n<li>CPF e comprovante de resid\u00eancia.<\/li>\n<\/ul>\n<p>Al\u00e9m disso, caso necessitem de outros documentos, \u00e9 imprescind\u00edvel levar todas as comprova\u00e7\u00f5es que possam ser exigidas.<\/p>\n<h2>Atendimento da Defensoria P\u00fablica<\/h2>\n<p>A Defensoria P\u00fablica estar\u00e1 presente para oferecer atendimentos relacionados a div\u00f3rcios consensuais, assist\u00eancia jur\u00eddica e solicita\u00e7\u00f5es de exame de DNA. Para o exame de DNA, apenas casos consensuais ser\u00e3o atendidos, e os interessados devem fazer agendamento pr\u00e9vio. Ser\u00e1 necess\u00e1rio apresentar alguns documentos, como certid\u00e3o de nascimento e comprovantes diversos.<\/p>\n<h2>Dicas para Aproveitar Melhor o Evento<\/h2>\n<p>Para garantir uma experi\u00eancia positiva no Paran\u00e1 em A\u00e7\u00e3o, considere as seguintes dicas:<\/p>\n<ul>\n<li>Chegue cedo para evitar filas e garantir um bom atendimento.<\/li>\n<li>Leve todos os documentos necess\u00e1rios para os servi\u00e7os que pretende utilizar.<\/li>\n<li>Participe das atividades e oficinas propostas, elas s\u00e3o \u00f3timas para adquirir novos conhecimentos.<\/li>\n<li>Aproveite os momentos de lazer, especialmente se voc\u00ea estiver com crian\u00e7as.<\/li>\n<\/ul>\n<h2>Expectativas e Resultados de Paran\u00e1 em A\u00e7\u00e3o<\/h2>\n<p>As expectativas para o Paran\u00e1 em A\u00e7\u00e3o s\u00e3o elevadas. O evento busca n\u00e3o apenas oferecer servi\u00e7os, mas tamb\u00e9m promover a integra\u00e7\u00e3o social e o fortalecimento de v\u00ednculos entre os cidad\u00e3os e as autoridades locais. A participa\u00e7\u00e3o em massa \u00e9 esperada, refletindo o desejo da popula\u00e7\u00e3o de ter acesso facilitado a servi\u00e7os essenciais.<\/p>\n","protected":false},"excerpt":{"rendered":"<p>Paran\u00e1 em A\u00e7\u00e3o oferece diversos servi\u00e7os gratuitos a partir de quarta-feira.<\/p>\n","protected":false},"author":1,"featured_media":5307,"comment_status":"open","ping_status":"open","sticky":false,"template":"","format":"standard","meta":{"footnotes":""},"categories":[897],"tags":[],"class_list":["post-5308","post","type-post","status-publish","format-standard","has-post-thumbnail","hentry","category-eventos","has_thumb"],"yoast_head":"<!-- This site is optimized with the Yoast SEO plugin v28.1 - https:\/\/yoast.com\/product\/yoast-seo-wordpress\/ -->\n<title>Paran\u00e1 em A\u00e7\u00e3o come\u00e7a nesta quarta | Guia Comercial de Toledo PR<\/title>\n<meta name=\"robots\" content=\"index, follow, max-snippet:-1, max-image-preview:large, max-video-preview:-1\" \/>\n<link rel=\"canonical\" href=\"https:\/\/www.encontraparana.com.br\/toledo\/parana-em-acao-comeca-nesta-quarta\/\" \/>\n<meta property=\"og:locale\" content=\"pt_BR\" \/>\n<meta property=\"og:type\" content=\"article\" \/>\n<meta property=\"og:title\" content=\"Paran\u00e1 em A\u00e7\u00e3o come\u00e7a nesta quarta | Guia Comercial de Toledo PR\" \/>\n<meta property=\"og:description\" content=\"Paran\u00e1 em A\u00e7\u00e3o oferece diversos servi\u00e7os gratuitos a partir de quarta-feira.\" \/>\n<meta property=\"og:url\" content=\"https:\/\/www.encontraparana.com.br\/toledo\/parana-em-acao-comeca-nesta-quarta\/\" \/>\n<meta property=\"og:site_name\" content=\"Guia Comercial de Toledo PR\" \/>\n<meta property=\"article:published_time\" content=\"2026-07-09T07:12:59+00:00\" \/>\n<meta property=\"og:image\" content=\"https:\/\/www.encontraparana.com.br\/toledo\/wp-content\/uploads\/2026\/07\/parana-em-acao-comeca-nesta-quarta.webp\" \/>\n\t<meta property=\"og:image:width\" content=\"280\" \/>\n\t<meta property=\"og:image:height\" content=\"280\" \/>\n\t<meta property=\"og:image:type\" content=\"image\/webp\" \/>\n<meta name=\"author\" content=\"Encontra Toledo\" \/>\n<meta name=\"twitter:card\" content=\"summary_large_image\" \/>\n<meta name=\"twitter:label1\" content=\"Escrito por\" \/>\n\t<meta name=\"twitter:data1\" content=\"Encontra Toledo\" \/>\n\t<meta name=\"twitter:label2\" content=\"Est. tempo de leitura\" \/>\n\t<meta name=\"twitter:data2\" content=\"3 minutos\" \/>\n<script type=\"application\/ld+json\" class=\"yoast-schema-graph\">{\"@context\":\"https:\\\/\\\/schema.org\",\"@graph\":[{\"@type\":\"Article\",\"@id\":\"https:\\\/\\\/www.encontraparana.com.br\\\/toledo\\\/parana-em-acao-comeca-nesta-quarta\\\/#article\",\"isPartOf\":{\"@id\":\"https:\\\/\\\/www.encontraparana.com.br\\\/toledo\\\/parana-em-acao-comeca-nesta-quarta\\\/\"},\"author\":{\"name\":\"Encontra Toledo\",\"@id\":\"https:\\\/\\\/www.encontraparana.com.br\\\/toledo\\\/#\\\/schema\\\/person\\\/3b3bd5c0e2969177418b8c8e4729fd0a\"},\"headline\":\"Paran\u00e1 em A\u00e7\u00e3o come\u00e7a nesta quarta\",\"datePublished\":\"2026-07-09T07:12:59+00:00\",\"mainEntityOfPage\":{\"@id\":\"https:\\\/\\\/www.encontraparana.com.br\\\/toledo\\\/parana-em-acao-comeca-nesta-quarta\\\/\"},\"wordCount\":665,\"commentCount\":0,\"image\":{\"@id\":\"https:\\\/\\\/www.encontraparana.com.br\\\/toledo\\\/parana-em-acao-comeca-nesta-quarta\\\/#primaryimage\"},\"thumbnailUrl\":\"https:\\\/\\\/www.encontraparana.com.br\\\/toledo\\\/wp-content\\\/uploads\\\/2026\\\/07\\\/parana-em-acao-comeca-nesta-quarta.webp\",\"articleSection\":[\"Eventos Toledo\"],\"inLanguage\":\"pt-BR\",\"potentialAction\":[{\"@type\":\"CommentAction\",\"name\":\"Comment\",\"target\":[\"https:\\\/\\\/www.encontraparana.com.br\\\/toledo\\\/parana-em-acao-comeca-nesta-quarta\\\/#respond\"]}]},{\"@type\":\"WebPage\",\"@id\":\"https:\\\/\\\/www.encontraparana.com.br\\\/toledo\\\/parana-em-acao-comeca-nesta-quarta\\\/\",\"url\":\"https:\\\/\\\/www.encontraparana.com.br\\\/toledo\\\/parana-em-acao-comeca-nesta-quarta\\\/\",\"name\":\"Paran\u00e1 em A\u00e7\u00e3o come\u00e7a nesta quarta | Guia Comercial de Toledo PR\",\"isPartOf\":{\"@id\":\"https:\\\/\\\/www.encontraparana.com.br\\\/toledo\\\/#website\"},\"primaryImageOfPage\":{\"@id\":\"https:\\\/\\\/www.encontraparana.com.br\\\/toledo\\\/parana-em-acao-comeca-nesta-quarta\\\/#primaryimage\"},\"image\":{\"@id\":\"https:\\\/\\\/www.encontraparana.com.br\\\/toledo\\\/parana-em-acao-comeca-nesta-quarta\\\/#primaryimage\"},\"thumbnailUrl\":\"https:\\\/\\\/www.encontraparana.com.br\\\/toledo\\\/wp-content\\\/uploads\\\/2026\\\/07\\\/parana-em-acao-comeca-nesta-quarta.webp\",\"datePublished\":\"2026-07-09T07:12:59+00:00\",\"author\":{\"@id\":\"https:\\\/\\\/www.encontraparana.com.br\\\/toledo\\\/#\\\/schema\\\/person\\\/3b3bd5c0e2969177418b8c8e4729fd0a\"},\"inLanguage\":\"pt-BR\",\"potentialAction\":[{\"@type\":\"ReadAction\",\"target\":[\"https:\\\/\\\/www.encontraparana.com.br\\\/toledo\\\/parana-em-acao-comeca-nesta-quarta\\\/\"]}]},{\"@type\":\"ImageObject\",\"inLanguage\":\"pt-BR\",\"@id\":\"https:\\\/\\\/www.encontraparana.com.br\\\/toledo\\\/parana-em-acao-comeca-nesta-quarta\\\/#primaryimage\",\"url\":\"https:\\\/\\\/www.encontraparana.com.br\\\/toledo\\\/wp-content\\\/uploads\\\/2026\\\/07\\\/parana-em-acao-comeca-nesta-quarta.webp\",\"contentUrl\":\"https:\\\/\\\/www.encontraparana.com.br\\\/toledo\\\/wp-content\\\/uploads\\\/2026\\\/07\\\/parana-em-acao-comeca-nesta-quarta.webp\",\"width\":280,\"height\":280,\"caption\":\"paran\u00e1 em a\u00e7\u00e3o\"},{\"@type\":\"WebSite\",\"@id\":\"https:\\\/\\\/www.encontraparana.com.br\\\/toledo\\\/#website\",\"url\":\"https:\\\/\\\/www.encontraparana.com.br\\\/toledo\\\/\",\"name\":\"Guia Comercial de Toledo PR\",\"description\":\"ENCONTRA TOLEDO - O guia comercial de neg\u00f3cios e empresas, cultura e divers\u00e3o na cidade de Toledo. Feito 100% para voc\u00ea morador!\",\"potentialAction\":[{\"@type\":\"SearchAction\",\"target\":{\"@type\":\"EntryPoint\",\"urlTemplate\":\"https:\\\/\\\/www.encontraparana.com.br\\\/toledo\\\/?s={search_term_string}\"},\"query-input\":{\"@type\":\"PropertyValueSpecification\",\"valueRequired\":true,\"valueName\":\"search_term_string\"}}],\"inLanguage\":\"pt-BR\"},{\"@type\":\"Person\",\"@id\":\"https:\\\/\\\/www.encontraparana.com.br\\\/toledo\\\/#\\\/schema\\\/person\\\/3b3bd5c0e2969177418b8c8e4729fd0a\",\"name\":\"Encontra Toledo\",\"image\":{\"@type\":\"ImageObject\",\"inLanguage\":\"pt-BR\",\"@id\":\"https:\\\/\\\/secure.gravatar.com\\\/avatar\\\/c50c17820bcf322f0a8fd6b110b8c0918141409dc69076470f6fca5fee70a5d4?s=96&d=mm&r=g\",\"url\":\"https:\\\/\\\/secure.gravatar.com\\\/avatar\\\/c50c17820bcf322f0a8fd6b110b8c0918141409dc69076470f6fca5fee70a5d4?s=96&d=mm&r=g\",\"contentUrl\":\"https:\\\/\\\/secure.gravatar.com\\\/avatar\\\/c50c17820bcf322f0a8fd6b110b8c0918141409dc69076470f6fca5fee70a5d4?s=96&d=mm&r=g\",\"caption\":\"Encontra Toledo\"},\"url\":\"https:\\\/\\\/www.encontraparana.com.br\\\/toledo\\\/author\\\/encontratoledo\\\/\"}]}<\/script>\n<!-- \/ Yoast SEO plugin. -->","yoast_head_json":{"title":"Paran\u00e1 em A\u00e7\u00e3o come\u00e7a nesta quarta | Guia Comercial de Toledo PR","robots":{"index":"index","follow":"follow","max-snippet":"max-snippet:-1","max-image-preview":"max-image-preview:large","max-video-preview":"max-video-preview:-1"},"canonical":"https:\/\/www.encontraparana.com.br\/toledo\/parana-em-acao-comeca-nesta-quarta\/","og_locale":"pt_BR","og_type":"article","og_title":"Paran\u00e1 em A\u00e7\u00e3o come\u00e7a nesta quarta | Guia Comercial de Toledo PR","og_description":"Paran\u00e1 em A\u00e7\u00e3o oferece diversos servi\u00e7os gratuitos a partir de quarta-feira.","og_url":"https:\/\/www.encontraparana.com.br\/toledo\/parana-em-acao-comeca-nesta-quarta\/","og_site_name":"Guia Comercial de Toledo PR","article_published_time":"2026-07-09T07:12:59+00:00","og_image":[{"width":280,"height":280,"url":"https:\/\/www.encontraparana.com.br\/toledo\/wp-content\/uploads\/2026\/07\/parana-em-acao-comeca-nesta-quarta.webp","type":"image\/webp"}],"author":"Encontra Toledo","twitter_card":"summary_large_image","twitter_misc":{"Escrito por":"Encontra Toledo","Est. tempo de leitura":"3 minutos"},"schema":{"@context":"https:\/\/schema.org","@graph":[{"@type":"Article","@id":"https:\/\/www.encontraparana.com.br\/toledo\/parana-em-acao-comeca-nesta-quarta\/#article","isPartOf":{"@id":"https:\/\/www.encontraparana.com.br\/toledo\/parana-em-acao-comeca-nesta-quarta\/"},"author":{"name":"Encontra Toledo","@id":"https:\/\/www.encontraparana.com.br\/toledo\/#\/schema\/person\/3b3bd5c0e2969177418b8c8e4729fd0a"},"headline":"Paran\u00e1 em A\u00e7\u00e3o come\u00e7a nesta quarta","datePublished":"2026-07-09T07:12:59+00:00","mainEntityOfPage":{"@id":"https:\/\/www.encontraparana.com.br\/toledo\/parana-em-acao-comeca-nesta-quarta\/"},"wordCount":665,"commentCount":0,"image":{"@id":"https:\/\/www.encontraparana.com.br\/toledo\/parana-em-acao-comeca-nesta-quarta\/#primaryimage"},"thumbnailUrl":"https:\/\/www.encontraparana.com.br\/toledo\/wp-content\/uploads\/2026\/07\/parana-em-acao-comeca-nesta-quarta.webp","articleSection":["Eventos Toledo"],"inLanguage":"pt-BR","potentialAction":[{"@type":"CommentAction","name":"Comment","target":["https:\/\/www.encontraparana.com.br\/toledo\/parana-em-acao-comeca-nesta-quarta\/#respond"]}]},{"@type":"WebPage","@id":"https:\/\/www.encontraparana.com.br\/toledo\/parana-em-acao-comeca-nesta-quarta\/","url":"https:\/\/www.encontraparana.com.br\/toledo\/parana-em-acao-comeca-nesta-quarta\/","name":"Paran\u00e1 em A\u00e7\u00e3o come\u00e7a nesta quarta | Guia Comercial de Toledo PR","isPartOf":{"@id":"https:\/\/www.encontraparana.com.br\/toledo\/#website"},"primaryImageOfPage":{"@id":"https:\/\/www.encontraparana.com.br\/toledo\/parana-em-acao-comeca-nesta-quarta\/#primaryimage"},"image":{"@id":"https:\/\/www.encontraparana.com.br\/toledo\/parana-em-acao-comeca-nesta-quarta\/#primaryimage"},"thumbnailUrl":"https:\/\/www.encontraparana.com.br\/toledo\/wp-content\/uploads\/2026\/07\/parana-em-acao-comeca-nesta-quarta.webp","datePublished":"2026-07-09T07:12:59+00:00","author":{"@id":"https:\/\/www.encontraparana.com.br\/toledo\/#\/schema\/person\/3b3bd5c0e2969177418b8c8e4729fd0a"},"inLanguage":"pt-BR","potentialAction":[{"@type":"ReadAction","target":["https:\/\/www.encontraparana.com.br\/toledo\/parana-em-acao-comeca-nesta-quarta\/"]}]},{"@type":"ImageObject","inLanguage":"pt-BR","@id":"https:\/\/www.encontraparana.com.br\/toledo\/parana-em-acao-comeca-nesta-quarta\/#primaryimage","url":"https:\/\/www.encontraparana.com.br\/toledo\/wp-content\/uploads\/2026\/07\/parana-em-acao-comeca-nesta-quarta.webp","contentUrl":"https:\/\/www.encontraparana.com.br\/toledo\/wp-content\/uploads\/2026\/07\/parana-em-acao-comeca-nesta-quarta.webp","width":280,"height":280,"caption":"paran\u00e1 em a\u00e7\u00e3o"},{"@type":"WebSite","@id":"https:\/\/www.encontraparana.com.br\/toledo\/#website","url":"https:\/\/www.encontraparana.com.br\/toledo\/","name":"Guia Comercial de Toledo PR","description":"ENCONTRA TOLEDO - O guia comercial de neg\u00f3cios e empresas, cultura e divers\u00e3o na cidade de Toledo. Feito 100% para voc\u00ea morador!","potentialAction":[{"@type":"SearchAction","target":{"@type":"EntryPoint","urlTemplate":"https:\/\/www.encontraparana.com.br\/toledo\/?s={search_term_string}"},"query-input":{"@type":"PropertyValueSpecification","valueRequired":true,"valueName":"search_term_string"}}],"inLanguage":"pt-BR"},{"@type":"Person","@id":"https:\/\/www.encontraparana.com.br\/toledo\/#\/schema\/person\/3b3bd5c0e2969177418b8c8e4729fd0a","name":"Encontra Toledo","image":{"@type":"ImageObject","inLanguage":"pt-BR","@id":"https:\/\/secure.gravatar.com\/avatar\/c50c17820bcf322f0a8fd6b110b8c0918141409dc69076470f6fca5fee70a5d4?s=96&d=mm&r=g","url":"https:\/\/secure.gravatar.com\/avatar\/c50c17820bcf322f0a8fd6b110b8c0918141409dc69076470f6fca5fee70a5d4?s=96&d=mm&r=g","contentUrl":"https:\/\/secure.gravatar.com\/avatar\/c50c17820bcf322f0a8fd6b110b8c0918141409dc69076470f6fca5fee70a5d4?s=96&d=mm&r=g","caption":"Encontra Toledo"},"url":"https:\/\/www.encontraparana.com.br\/toledo\/author\/encontratoledo\/"}]}},"_links":{"self":[{"href":"https:\/\/www.encontraparana.com.br\/toledo\/wp-json\/wp\/v2\/posts\/5308","targetHints":{"allow":["GET"]}}],"collection":[{"href":"https:\/\/www.encontraparana.com.br\/toledo\/wp-json\/wp\/v2\/posts"}],"about":[{"href":"https:\/\/www.encontraparana.com.br\/toledo\/wp-json\/wp\/v2\/types\/post"}],"author":[{"embeddable":true,"href":"https:\/\/www.encontraparana.com.br\/toledo\/wp-json\/wp\/v2\/users\/1"}],"replies":[{"embeddable":true,"href":"https:\/\/www.encontraparana.com.br\/toledo\/wp-json\/wp\/v2\/comments?post=5308"}],"version-history":[{"count":0,"href":"https:\/\/www.encontraparana.com.br\/toledo\/wp-json\/wp\/v2\/posts\/5308\/revisions"}],"wp:featuredmedia":[{"embeddable":true,"href":"https:\/\/www.encontraparana.com.br\/toledo\/wp-json\/wp\/v2\/media\/5307"}],"wp:attachment":[{"href":"https:\/\/www.encontraparana.com.br\/toledo\/wp-json\/wp\/v2\/media?parent=5308"}],"wp:term":[{"taxonomy":"category","embeddable":true,"href":"https:\/\/www.encontraparana.com.br\/toledo\/wp-json\/wp\/v2\/categories?post=5308"},{"taxonomy":"post_tag","embeddable":true,"href":"https:\/\/www.encontraparana.com.br\/toledo\/wp-json\/wp\/v2\/tags?post=5308"}],"curies":[{"name":"wp","href":"https:\/\/api.w.org\/{rel}","templated":true}]}}