{"id":5310,"date":"2026-07-09T04:14:11","date_gmt":"2026-07-09T07:14:11","guid":{"rendered":"https:\/\/www.encontraparana.com.br\/toledo\/seminario-debatera-enfrentamento-ao-trafico-de-pessoas-em-toledo\/"},"modified":"2026-07-09T04:14:11","modified_gmt":"2026-07-09T07:14:11","slug":"seminario-debatera-enfrentamento-ao-trafico-de-pessoas-em-toledo","status":"publish","type":"post","link":"https:\/\/www.encontraparana.com.br\/toledo\/seminario-debatera-enfrentamento-ao-trafico-de-pessoas-em-toledo\/","title":{"rendered":"Semin\u00e1rio debater\u00e1 Enfrentamento ao Tr\u00e1fico de Pessoas em Toledo"},"content":{"rendered":"<h2>Import\u00e2ncia do Semin\u00e1rio para a Comunidade<\/h2>\n<p>O V Semin\u00e1rio de Enfrentamento ao Tr\u00e1fico de Pessoas, que ocorrer\u00e1 no dia 31 de julho, no Audit\u00f3rio da Pontif\u00edcia Universidade Cat\u00f3lica do Paran\u00e1 (PUCPR) em Toledo, \u00e9 um evento de grande relev\u00e2ncia. Este semin\u00e1rio tem como meta fomentar a educa\u00e7\u00e3o e a conscientiza\u00e7\u00e3o sobre a problem\u00e1tica do tr\u00e1fico de pessoas, um fen\u00f4meno que afeta diversas comunidades ao redor do mundo, incluindo a brasileira. Nele, ser\u00e3o abordados temas essenciais para o entendimento e combate a essa pr\u00e1tica criminosa.<\/p>\n<p>A realiza\u00e7\u00e3o deste evento promove a uni\u00e3o de diversas entidades e a mobiliza\u00e7\u00e3o da sociedade, buscando fortalecer as estrat\u00e9gias de combate ao tr\u00e1fico humano, sempre focando na prote\u00e7\u00e3o dos direitos das v\u00edtimas e na preven\u00e7\u00e3o de novas ocorr\u00eancias.<\/p>\n<h2>Palestras e Temas Abordados Durante o Evento<\/h2>\n<p>O semin\u00e1rio contar\u00e1 com uma programa\u00e7\u00e3o diversificada que foi cuidadosamente elaborada para engajar os participantes. Durante o evento, ser\u00e3o apresentados tr\u00eas m\u00f3dulos principais:<\/p>\n<p><img decoding=\"async\" src=\"https:\/\/www.encontraparana.com.br\/toledo\/wp-content\/uploads\/2026\/07\/seminario-debatera-enfrentamento-ao-trafico-de-pessoas-em-toledo.webp\" alt=\"enfrentamento ao tr\u00e1fico de pessoas\" loading=\"lazy\" \/><\/p>\n<ul>\n<li><strong>O panorama do tr\u00e1fico de pessoas:<\/strong> Nesta sess\u00e3o, os palestrantes ir\u00e3o discutir as diferentes dimens\u00f5es e realidades que envolvem o tr\u00e1fico humano, al\u00e9m de identificar as vulnerabilidades espec\u00edficas que tornam algumas popula\u00e7\u00f5es mais suscet\u00edveis.<\/li>\n<li><strong>A migra\u00e7\u00e3o venezuelana e a Opera\u00e7\u00e3o Acolhida:<\/strong> Um foco ser\u00e1 dado \u00e0 experi\u00eancia dos migrantes venezuelanos e como as pol\u00edticas de acolhimento podem ser aprimoradas para evitar a explora\u00e7\u00e3o e o tr\u00e1fico.<\/li>\n<li><strong>Prote\u00e7\u00e3o da primeira inf\u00e2ncia e enfrentamento ao tr\u00e1fico de beb\u00eas:<\/strong> Este m\u00f3dulo ter\u00e1 um olhar especial para os direitos das crian\u00e7as, abordando pr\u00e1ticas de prote\u00e7\u00e3o e pol\u00edticas p\u00fablicas eficazes.<\/li>\n<\/ul>\n<p>Os palestrantes ser\u00e3o profissionais experientes, acad\u00eamicos e representantes de institui\u00e7\u00f5es que trabalham diretamente com o tema, assegurando um alto n\u00edvel de conhecimento e troca de ideias.<\/p>\n<h2>O Papel das Institui\u00e7\u00f5es na Luta Contra o Tr\u00e1fico<\/h2>\n<p>As institui\u00e7\u00f5es desempenham um papel crucial na luta contra o tr\u00e1fico de pessoas, atuando em diversas frentes. No semin\u00e1rio, ser\u00e3o discutidas as fun\u00e7\u00f5es de diferentes \u00f3rg\u00e3os, como a Secretaria de Desenvolvimento Humano e Social, a C\u00e1ritas Diocesana e a PUC que, em conjunto, formam uma rede de prote\u00e7\u00e3o e combate a viola\u00e7\u00f5es de direitos.<\/p>\n<p>Essas institui\u00e7\u00f5es colaboram para:<\/p>\n<ul>\n<li><strong>Desenvolver pol\u00edticas p\u00fablicas:<\/strong> Estabelecer a\u00e7\u00f5es efetivas que previnam e combatam o tr\u00e1fico de pessoas.<\/li>\n<li><strong>Prover assist\u00eancia \u00e0s v\u00edtimas:<\/strong> Oferecer suporte psicol\u00f3gico, jur\u00eddico e acolhimento social para aqueles que sofrem com essa viola\u00e7\u00e3o.<\/li>\n<li><strong>Promover campanhas educativas:<\/strong> Conscientizar a popula\u00e7\u00e3o sobre o tr\u00e1fico humano, suas caracter\u00edsticas e como reconhecer situa\u00e7\u00f5es de risco.<\/li>\n<\/ul>\n<h2>Disponibilidade de Inscri\u00e7\u00f5es e Formul\u00e1rio Online<\/h2>\n<p>A participa\u00e7\u00e3o no semin\u00e1rio \u00e9 aberta a todos os interessados. Para se inscrever, basta acessar o <a href=\"https:\/\/docs.google.com\/forms\/d\/e\/1FAIpQLSei5eN5TiYYdP3kIPJnn8ng0owb7H77N8wuDo0GCTW_rTGMLg\/viewform\">formul\u00e1rio online<\/a> disponibilizado pela organiza\u00e7\u00e3o. As vagas s\u00e3o limitadas e a ades\u00e3o antecipada \u00e9 recomendada para garantir um lugar.<\/p>\n<h2>Cronograma do Semin\u00e1rio em Toledo<\/h2>\n<p>O cronograma do semin\u00e1rio \u00e9 bem estruturado para maximizar o aprendizado e a troca entre participantes e palestrantes. A agenda do evento \u00e9 a seguinte:<\/p>\n<table>\n<thead>\n<tr>\n<th>Hor\u00e1rio<\/th>\n<th>Atividade<\/th>\n<\/tr>\n<\/thead>\n<tbody>\n<tr>\n<td>8h \u00e0s 8h30<\/td>\n<td>Credenciamento e acolhida dos participantes<\/td>\n<\/tr>\n<tr>\n<td>8h30 \u00e0s 9h<\/td>\n<td>Abertura oficial<\/td>\n<\/tr>\n<tr>\n<td>9h \u00e0s 9h40<\/td>\n<td>Palestra I \u2013 Rede de prote\u00e7\u00e3o, atendimento e enfrentamento ao Tr\u00e1fico de Pessoas<\/td>\n<\/tr>\n<tr>\n<td>9h40 \u00e0s 10h<\/td>\n<td>Intervalo<\/td>\n<\/tr>\n<tr>\n<td>10h \u00e0s 10h45<\/td>\n<td>Palestra II \u2013 Migra\u00e7\u00e3o venezuelana: a Opera\u00e7\u00e3o Acolhida e o sistema de prote\u00e7\u00e3o ao tr\u00e1fico humano<\/td>\n<\/tr>\n<tr>\n<td>10h45 \u00e0s 11h30<\/td>\n<td>Palestra III &#8211; Prote\u00e7\u00e3o da Primeira Inf\u00e2ncia e Enfrentamento ao Tr\u00e1fico de beb\u00eas<\/td>\n<\/tr>\n<tr>\n<td>11h30 \u00e0s 12h<\/td>\n<td>Debate<\/td>\n<\/tr>\n<tr>\n<td>12h \u00e0s 13h30<\/td>\n<td>Intervalo para almo\u00e7o<\/td>\n<\/tr>\n<tr>\n<td>13h30 \u00e0s 13h45<\/td>\n<td>Apresenta\u00e7\u00e3o Cultural<\/td>\n<\/tr>\n<tr>\n<td>13h45 \u00e0s 15h<\/td>\n<td>Apresenta\u00e7\u00e3o do Comit\u00ea de Enfrentamento ao Tr\u00e1fico de Pessoas de Toledo\/PR<\/td>\n<\/tr>\n<tr>\n<td>15h \u00e0s 15h15<\/td>\n<td>Intervalo<\/td>\n<\/tr>\n<tr>\n<td>15h15 \u00e0s 16h15<\/td>\n<td>Oficinas tem\u00e1ticas por eixos de discuss\u00e3o<\/td>\n<\/tr>\n<tr>\n<td>16h15 \u00e0s 17h<\/td>\n<td>Socializa\u00e7\u00e3o das oficinas<\/td>\n<\/tr>\n<tr>\n<td>17h \u00e0s 17h30<\/td>\n<td>Debate e Encaminhamentos finais<\/td>\n<\/tr>\n<\/tbody>\n<\/table>\n<h2>Aspectos Legais do Enfrentamento ao Tr\u00e1fico<\/h2>\n<p>O combate ao tr\u00e1fico de pessoas no Brasil \u00e9 respaldado por uma s\u00e9rie de normas e leis que buscam proteger as v\u00edtimas e prevenir novas ocorr\u00eancias. Durante o semin\u00e1rio, haver\u00e1 discuss\u00f5es sobre os principais dispositivos legais que garantem a prote\u00e7\u00e3o dos direitos humanos e a atua\u00e7\u00e3o do Estado nesse contexto. Entre as leis mais relevantes, destaca-se a <strong>Lei n\u00ba 13.344\/2016<\/strong>, que define o tr\u00e1fico de pessoas e estabelece mecanismos de preven\u00e7\u00e3o e combate a essa pr\u00e1tica.<\/p>\n<h2>A Vulnerabilidade das V\u00edtimas<\/h2>\n<p>As v\u00edtimas de tr\u00e1fico de pessoas est\u00e3o em sua maioria em situa\u00e7\u00f5es de vulnerabilidade. Durante o semin\u00e1rio, especialistas discutir\u00e3o as diversas condi\u00e7\u00f5es que podem levar uma pessoa a se tornar uma v\u00edtima, como a pobreza, a falta de oportunidades, a desigualdade social e a discrimina\u00e7\u00e3o.<\/p>\n<p>O semin\u00e1rio visa tamb\u00e9m enfatizar a import\u00e2ncia da prote\u00e7\u00e3o a grupos espec\u00edficos que apresentam maiores riscos, tais como crian\u00e7as, adolescentes e mulheres. A compreens\u00e3o das circunst\u00e2ncias que aumentam a vulnerabilidade \u00e9 essencial para desenvolver estrat\u00e9gias de enfrentamento eficazes.<\/p>\n<h2>Hist\u00f3rias de Sucesso na Combate ao Tr\u00e1fico<\/h2>\n<p>Iniciativas bem-sucedidas no enfrentamento ao tr\u00e1fico de pessoas ser\u00e3o apresentadas ao longo do semin\u00e1rio. Exemplos de como programas e pol\u00edticas p\u00fablicas conseguiram fazer a diferen\u00e7a na vida das v\u00edtimas e conscientizar a popula\u00e7\u00e3o sobre esse tema ser\u00e3o compartilhados. Tais hist\u00f3rias oferecem esperan\u00e7a e mostram que, com empenho e coordena\u00e7\u00e3o, \u00e9 poss\u00edvel combater e superar essa grave problem\u00e1tica.<\/p>\n<h2>Caminhos para a Conscientiza\u00e7\u00e3o da Sociedade<\/h2>\n<p>O semin\u00e1rio \u00e9 tamb\u00e9m um espa\u00e7o para fomentar a conscientiza\u00e7\u00e3o social sobre o tr\u00e1fico de pessoas. Ser\u00e3o discutidas formas de engajar a sociedade na luta contra esse crime, destacando a import\u00e2ncia da den\u00fancia e da mobiliza\u00e7\u00e3o coletiva. A educa\u00e7\u00e3o \u00e9 um dos principais caminhos para a mudan\u00e7a, e \u00e9 necess\u00e1rio criar um ambiente onde a popula\u00e7\u00e3o se sinta empoderada para agir.<\/p>\n<h2>Como Participar e Contribuir na Luta Contra o Tr\u00e1fico<\/h2>\n<p>Al\u00e9m de participar do semin\u00e1rio, a popula\u00e7\u00e3o pode se engajar na luta contra o tr\u00e1fico de pessoas de diversas maneiras. Den\u00fancias podem ser realizadas atrav\u00e9s de canais apropriados, como o Disque 100, que \u00e9 uma linha de apoio. Empenhar-se em a\u00e7\u00f5es de conscientiza\u00e7\u00e3o dentro das suas comunidades e institui\u00e7\u00f5es de ensino, bem como apoiar projetos sociais, tamb\u00e9m s\u00e3o maneiras efetivas de contribuir para esse importante enfrentamento.<\/p>\n<p>O evento representa uma oportunidade \u00fanica de aprendizado e de integra\u00e7\u00e3o de esfor\u00e7os, e todos s\u00e3o convidados a tirar proveito desta plataforma para se informar e se mobilizar contra o tr\u00e1fico de pessoas.<\/p>\n","protected":false},"excerpt":{"rendered":"<p>Enfrentamento ao tr\u00e1fego de pessoas ser\u00e1 tema de semin\u00e1rio em Toledo.<\/p>\n","protected":false},"author":1,"featured_media":5309,"comment_status":"open","ping_status":"open","sticky":false,"template":"","format":"standard","meta":{"footnotes":""},"categories":[897],"tags":[],"class_list":["post-5310","post","type-post","status-publish","format-standard","has-post-thumbnail","hentry","category-eventos","has_thumb"],"yoast_head":"<!-- This site is optimized with the Yoast SEO plugin v28.1 - https:\/\/yoast.com\/product\/yoast-seo-wordpress\/ -->\n<title>Semin\u00e1rio debater\u00e1 Enfrentamento ao Tr\u00e1fico de Pessoas em Toledo | Guia Comercial de Toledo PR<\/title>\n<meta name=\"robots\" content=\"index, follow, max-snippet:-1, max-image-preview:large, max-video-preview:-1\" \/>\n<link rel=\"canonical\" href=\"https:\/\/www.encontraparana.com.br\/toledo\/seminario-debatera-enfrentamento-ao-trafico-de-pessoas-em-toledo\/\" \/>\n<meta property=\"og:locale\" content=\"pt_BR\" \/>\n<meta property=\"og:type\" content=\"article\" \/>\n<meta property=\"og:title\" content=\"Semin\u00e1rio debater\u00e1 Enfrentamento ao Tr\u00e1fico de Pessoas em Toledo | Guia Comercial de Toledo PR\" \/>\n<meta property=\"og:description\" content=\"Enfrentamento ao tr\u00e1fego de pessoas ser\u00e1 tema de semin\u00e1rio em Toledo.\" \/>\n<meta property=\"og:url\" content=\"https:\/\/www.encontraparana.com.br\/toledo\/seminario-debatera-enfrentamento-ao-trafico-de-pessoas-em-toledo\/\" \/>\n<meta property=\"og:site_name\" content=\"Guia Comercial de Toledo PR\" \/>\n<meta property=\"article:published_time\" content=\"2026-07-09T07:14:11+00:00\" \/>\n<meta property=\"og:image\" content=\"https:\/\/www.encontraparana.com.br\/toledo\/wp-content\/uploads\/2026\/07\/seminario-debatera-enfrentamento-ao-trafico-de-pessoas-em-toledo.webp\" \/>\n\t<meta property=\"og:image:width\" content=\"280\" \/>\n\t<meta property=\"og:image:height\" content=\"280\" \/>\n\t<meta property=\"og:image:type\" content=\"image\/webp\" \/>\n<meta name=\"author\" content=\"Encontra Toledo\" \/>\n<meta name=\"twitter:card\" content=\"summary_large_image\" \/>\n<meta name=\"twitter:label1\" content=\"Escrito por\" \/>\n\t<meta name=\"twitter:data1\" content=\"Encontra Toledo\" \/>\n\t<meta name=\"twitter:label2\" content=\"Est. tempo de leitura\" \/>\n\t<meta name=\"twitter:data2\" content=\"6 minutos\" \/>\n<script type=\"application\/ld+json\" class=\"yoast-schema-graph\">{\"@context\":\"https:\\\/\\\/schema.org\",\"@graph\":[{\"@type\":\"Article\",\"@id\":\"https:\\\/\\\/www.encontraparana.com.br\\\/toledo\\\/seminario-debatera-enfrentamento-ao-trafico-de-pessoas-em-toledo\\\/#article\",\"isPartOf\":{\"@id\":\"https:\\\/\\\/www.encontraparana.com.br\\\/toledo\\\/seminario-debatera-enfrentamento-ao-trafico-de-pessoas-em-toledo\\\/\"},\"author\":{\"name\":\"Encontra Toledo\",\"@id\":\"https:\\\/\\\/www.encontraparana.com.br\\\/toledo\\\/#\\\/schema\\\/person\\\/3b3bd5c0e2969177418b8c8e4729fd0a\"},\"headline\":\"Semin\u00e1rio debater\u00e1 Enfrentamento ao Tr\u00e1fico de Pessoas em Toledo\",\"datePublished\":\"2026-07-09T07:14:11+00:00\",\"mainEntityOfPage\":{\"@id\":\"https:\\\/\\\/www.encontraparana.com.br\\\/toledo\\\/seminario-debatera-enfrentamento-ao-trafico-de-pessoas-em-toledo\\\/\"},\"wordCount\":1177,\"commentCount\":0,\"image\":{\"@id\":\"https:\\\/\\\/www.encontraparana.com.br\\\/toledo\\\/seminario-debatera-enfrentamento-ao-trafico-de-pessoas-em-toledo\\\/#primaryimage\"},\"thumbnailUrl\":\"https:\\\/\\\/www.encontraparana.com.br\\\/toledo\\\/wp-content\\\/uploads\\\/2026\\\/07\\\/seminario-debatera-enfrentamento-ao-trafico-de-pessoas-em-toledo.webp\",\"articleSection\":[\"Eventos Toledo\"],\"inLanguage\":\"pt-BR\",\"potentialAction\":[{\"@type\":\"CommentAction\",\"name\":\"Comment\",\"target\":[\"https:\\\/\\\/www.encontraparana.com.br\\\/toledo\\\/seminario-debatera-enfrentamento-ao-trafico-de-pessoas-em-toledo\\\/#respond\"]}]},{\"@type\":\"WebPage\",\"@id\":\"https:\\\/\\\/www.encontraparana.com.br\\\/toledo\\\/seminario-debatera-enfrentamento-ao-trafico-de-pessoas-em-toledo\\\/\",\"url\":\"https:\\\/\\\/www.encontraparana.com.br\\\/toledo\\\/seminario-debatera-enfrentamento-ao-trafico-de-pessoas-em-toledo\\\/\",\"name\":\"Semin\u00e1rio debater\u00e1 Enfrentamento ao Tr\u00e1fico de Pessoas em Toledo | Guia Comercial de Toledo PR\",\"isPartOf\":{\"@id\":\"https:\\\/\\\/www.encontraparana.com.br\\\/toledo\\\/#website\"},\"primaryImageOfPage\":{\"@id\":\"https:\\\/\\\/www.encontraparana.com.br\\\/toledo\\\/seminario-debatera-enfrentamento-ao-trafico-de-pessoas-em-toledo\\\/#primaryimage\"},\"image\":{\"@id\":\"https:\\\/\\\/www.encontraparana.com.br\\\/toledo\\\/seminario-debatera-enfrentamento-ao-trafico-de-pessoas-em-toledo\\\/#primaryimage\"},\"thumbnailUrl\":\"https:\\\/\\\/www.encontraparana.com.br\\\/toledo\\\/wp-content\\\/uploads\\\/2026\\\/07\\\/seminario-debatera-enfrentamento-ao-trafico-de-pessoas-em-toledo.webp\",\"datePublished\":\"2026-07-09T07:14:11+00:00\",\"author\":{\"@id\":\"https:\\\/\\\/www.encontraparana.com.br\\\/toledo\\\/#\\\/schema\\\/person\\\/3b3bd5c0e2969177418b8c8e4729fd0a\"},\"inLanguage\":\"pt-BR\",\"potentialAction\":[{\"@type\":\"ReadAction\",\"target\":[\"https:\\\/\\\/www.encontraparana.com.br\\\/toledo\\\/seminario-debatera-enfrentamento-ao-trafico-de-pessoas-em-toledo\\\/\"]}]},{\"@type\":\"ImageObject\",\"inLanguage\":\"pt-BR\",\"@id\":\"https:\\\/\\\/www.encontraparana.com.br\\\/toledo\\\/seminario-debatera-enfrentamento-ao-trafico-de-pessoas-em-toledo\\\/#primaryimage\",\"url\":\"https:\\\/\\\/www.encontraparana.com.br\\\/toledo\\\/wp-content\\\/uploads\\\/2026\\\/07\\\/seminario-debatera-enfrentamento-ao-trafico-de-pessoas-em-toledo.webp\",\"contentUrl\":\"https:\\\/\\\/www.encontraparana.com.br\\\/toledo\\\/wp-content\\\/uploads\\\/2026\\\/07\\\/seminario-debatera-enfrentamento-ao-trafico-de-pessoas-em-toledo.webp\",\"width\":280,\"height\":280,\"caption\":\"enfrentamento ao tr\u00e1fico de pessoas\"},{\"@type\":\"WebSite\",\"@id\":\"https:\\\/\\\/www.encontraparana.com.br\\\/toledo\\\/#website\",\"url\":\"https:\\\/\\\/www.encontraparana.com.br\\\/toledo\\\/\",\"name\":\"Guia Comercial de Toledo PR\",\"description\":\"ENCONTRA TOLEDO - O guia comercial de neg\u00f3cios e empresas, cultura e divers\u00e3o na cidade de Toledo. Feito 100% para voc\u00ea morador!\",\"potentialAction\":[{\"@type\":\"SearchAction\",\"target\":{\"@type\":\"EntryPoint\",\"urlTemplate\":\"https:\\\/\\\/www.encontraparana.com.br\\\/toledo\\\/?s={search_term_string}\"},\"query-input\":{\"@type\":\"PropertyValueSpecification\",\"valueRequired\":true,\"valueName\":\"search_term_string\"}}],\"inLanguage\":\"pt-BR\"},{\"@type\":\"Person\",\"@id\":\"https:\\\/\\\/www.encontraparana.com.br\\\/toledo\\\/#\\\/schema\\\/person\\\/3b3bd5c0e2969177418b8c8e4729fd0a\",\"name\":\"Encontra Toledo\",\"image\":{\"@type\":\"ImageObject\",\"inLanguage\":\"pt-BR\",\"@id\":\"https:\\\/\\\/secure.gravatar.com\\\/avatar\\\/c50c17820bcf322f0a8fd6b110b8c0918141409dc69076470f6fca5fee70a5d4?s=96&d=mm&r=g\",\"url\":\"https:\\\/\\\/secure.gravatar.com\\\/avatar\\\/c50c17820bcf322f0a8fd6b110b8c0918141409dc69076470f6fca5fee70a5d4?s=96&d=mm&r=g\",\"contentUrl\":\"https:\\\/\\\/secure.gravatar.com\\\/avatar\\\/c50c17820bcf322f0a8fd6b110b8c0918141409dc69076470f6fca5fee70a5d4?s=96&d=mm&r=g\",\"caption\":\"Encontra Toledo\"},\"url\":\"https:\\\/\\\/www.encontraparana.com.br\\\/toledo\\\/author\\\/encontratoledo\\\/\"}]}<\/script>\n<!-- \/ Yoast SEO plugin. -->","yoast_head_json":{"title":"Semin\u00e1rio debater\u00e1 Enfrentamento ao Tr\u00e1fico de Pessoas em Toledo | Guia Comercial de Toledo PR","robots":{"index":"index","follow":"follow","max-snippet":"max-snippet:-1","max-image-preview":"max-image-preview:large","max-video-preview":"max-video-preview:-1"},"canonical":"https:\/\/www.encontraparana.com.br\/toledo\/seminario-debatera-enfrentamento-ao-trafico-de-pessoas-em-toledo\/","og_locale":"pt_BR","og_type":"article","og_title":"Semin\u00e1rio debater\u00e1 Enfrentamento ao Tr\u00e1fico de Pessoas em Toledo | Guia Comercial de Toledo PR","og_description":"Enfrentamento ao tr\u00e1fego de pessoas ser\u00e1 tema de semin\u00e1rio em Toledo.","og_url":"https:\/\/www.encontraparana.com.br\/toledo\/seminario-debatera-enfrentamento-ao-trafico-de-pessoas-em-toledo\/","og_site_name":"Guia Comercial de Toledo PR","article_published_time":"2026-07-09T07:14:11+00:00","og_image":[{"width":280,"height":280,"url":"https:\/\/www.encontraparana.com.br\/toledo\/wp-content\/uploads\/2026\/07\/seminario-debatera-enfrentamento-ao-trafico-de-pessoas-em-toledo.webp","type":"image\/webp"}],"author":"Encontra Toledo","twitter_card":"summary_large_image","twitter_misc":{"Escrito por":"Encontra Toledo","Est. tempo de leitura":"6 minutos"},"schema":{"@context":"https:\/\/schema.org","@graph":[{"@type":"Article","@id":"https:\/\/www.encontraparana.com.br\/toledo\/seminario-debatera-enfrentamento-ao-trafico-de-pessoas-em-toledo\/#article","isPartOf":{"@id":"https:\/\/www.encontraparana.com.br\/toledo\/seminario-debatera-enfrentamento-ao-trafico-de-pessoas-em-toledo\/"},"author":{"name":"Encontra Toledo","@id":"https:\/\/www.encontraparana.com.br\/toledo\/#\/schema\/person\/3b3bd5c0e2969177418b8c8e4729fd0a"},"headline":"Semin\u00e1rio debater\u00e1 Enfrentamento ao Tr\u00e1fico de Pessoas em Toledo","datePublished":"2026-07-09T07:14:11+00:00","mainEntityOfPage":{"@id":"https:\/\/www.encontraparana.com.br\/toledo\/seminario-debatera-enfrentamento-ao-trafico-de-pessoas-em-toledo\/"},"wordCount":1177,"commentCount":0,"image":{"@id":"https:\/\/www.encontraparana.com.br\/toledo\/seminario-debatera-enfrentamento-ao-trafico-de-pessoas-em-toledo\/#primaryimage"},"thumbnailUrl":"https:\/\/www.encontraparana.com.br\/toledo\/wp-content\/uploads\/2026\/07\/seminario-debatera-enfrentamento-ao-trafico-de-pessoas-em-toledo.webp","articleSection":["Eventos Toledo"],"inLanguage":"pt-BR","potentialAction":[{"@type":"CommentAction","name":"Comment","target":["https:\/\/www.encontraparana.com.br\/toledo\/seminario-debatera-enfrentamento-ao-trafico-de-pessoas-em-toledo\/#respond"]}]},{"@type":"WebPage","@id":"https:\/\/www.encontraparana.com.br\/toledo\/seminario-debatera-enfrentamento-ao-trafico-de-pessoas-em-toledo\/","url":"https:\/\/www.encontraparana.com.br\/toledo\/seminario-debatera-enfrentamento-ao-trafico-de-pessoas-em-toledo\/","name":"Semin\u00e1rio debater\u00e1 Enfrentamento ao Tr\u00e1fico de Pessoas em Toledo | Guia Comercial de Toledo PR","isPartOf":{"@id":"https:\/\/www.encontraparana.com.br\/toledo\/#website"},"primaryImageOfPage":{"@id":"https:\/\/www.encontraparana.com.br\/toledo\/seminario-debatera-enfrentamento-ao-trafico-de-pessoas-em-toledo\/#primaryimage"},"image":{"@id":"https:\/\/www.encontraparana.com.br\/toledo\/seminario-debatera-enfrentamento-ao-trafico-de-pessoas-em-toledo\/#primaryimage"},"thumbnailUrl":"https:\/\/www.encontraparana.com.br\/toledo\/wp-content\/uploads\/2026\/07\/seminario-debatera-enfrentamento-ao-trafico-de-pessoas-em-toledo.webp","datePublished":"2026-07-09T07:14:11+00:00","author":{"@id":"https:\/\/www.encontraparana.com.br\/toledo\/#\/schema\/person\/3b3bd5c0e2969177418b8c8e4729fd0a"},"inLanguage":"pt-BR","potentialAction":[{"@type":"ReadAction","target":["https:\/\/www.encontraparana.com.br\/toledo\/seminario-debatera-enfrentamento-ao-trafico-de-pessoas-em-toledo\/"]}]},{"@type":"ImageObject","inLanguage":"pt-BR","@id":"https:\/\/www.encontraparana.com.br\/toledo\/seminario-debatera-enfrentamento-ao-trafico-de-pessoas-em-toledo\/#primaryimage","url":"https:\/\/www.encontraparana.com.br\/toledo\/wp-content\/uploads\/2026\/07\/seminario-debatera-enfrentamento-ao-trafico-de-pessoas-em-toledo.webp","contentUrl":"https:\/\/www.encontraparana.com.br\/toledo\/wp-content\/uploads\/2026\/07\/seminario-debatera-enfrentamento-ao-trafico-de-pessoas-em-toledo.webp","width":280,"height":280,"caption":"enfrentamento ao tr\u00e1fico de pessoas"},{"@type":"WebSite","@id":"https:\/\/www.encontraparana.com.br\/toledo\/#website","url":"https:\/\/www.encontraparana.com.br\/toledo\/","name":"Guia Comercial de Toledo PR","description":"ENCONTRA TOLEDO - O guia comercial de neg\u00f3cios e empresas, cultura e divers\u00e3o na cidade de Toledo. Feito 100% para voc\u00ea morador!","potentialAction":[{"@type":"SearchAction","target":{"@type":"EntryPoint","urlTemplate":"https:\/\/www.encontraparana.com.br\/toledo\/?s={search_term_string}"},"query-input":{"@type":"PropertyValueSpecification","valueRequired":true,"valueName":"search_term_string"}}],"inLanguage":"pt-BR"},{"@type":"Person","@id":"https:\/\/www.encontraparana.com.br\/toledo\/#\/schema\/person\/3b3bd5c0e2969177418b8c8e4729fd0a","name":"Encontra Toledo","image":{"@type":"ImageObject","inLanguage":"pt-BR","@id":"https:\/\/secure.gravatar.com\/avatar\/c50c17820bcf322f0a8fd6b110b8c0918141409dc69076470f6fca5fee70a5d4?s=96&d=mm&r=g","url":"https:\/\/secure.gravatar.com\/avatar\/c50c17820bcf322f0a8fd6b110b8c0918141409dc69076470f6fca5fee70a5d4?s=96&d=mm&r=g","contentUrl":"https:\/\/secure.gravatar.com\/avatar\/c50c17820bcf322f0a8fd6b110b8c0918141409dc69076470f6fca5fee70a5d4?s=96&d=mm&r=g","caption":"Encontra Toledo"},"url":"https:\/\/www.encontraparana.com.br\/toledo\/author\/encontratoledo\/"}]}},"_links":{"self":[{"href":"https:\/\/www.encontraparana.com.br\/toledo\/wp-json\/wp\/v2\/posts\/5310","targetHints":{"allow":["GET"]}}],"collection":[{"href":"https:\/\/www.encontraparana.com.br\/toledo\/wp-json\/wp\/v2\/posts"}],"about":[{"href":"https:\/\/www.encontraparana.com.br\/toledo\/wp-json\/wp\/v2\/types\/post"}],"author":[{"embeddable":true,"href":"https:\/\/www.encontraparana.com.br\/toledo\/wp-json\/wp\/v2\/users\/1"}],"replies":[{"embeddable":true,"href":"https:\/\/www.encontraparana.com.br\/toledo\/wp-json\/wp\/v2\/comments?post=5310"}],"version-history":[{"count":0,"href":"https:\/\/www.encontraparana.com.br\/toledo\/wp-json\/wp\/v2\/posts\/5310\/revisions"}],"wp:featuredmedia":[{"embeddable":true,"href":"https:\/\/www.encontraparana.com.br\/toledo\/wp-json\/wp\/v2\/media\/5309"}],"wp:attachment":[{"href":"https:\/\/www.encontraparana.com.br\/toledo\/wp-json\/wp\/v2\/media?parent=5310"}],"wp:term":[{"taxonomy":"category","embeddable":true,"href":"https:\/\/www.encontraparana.com.br\/toledo\/wp-json\/wp\/v2\/categories?post=5310"},{"taxonomy":"post_tag","embeddable":true,"href":"https:\/\/www.encontraparana.com.br\/toledo\/wp-json\/wp\/v2\/tags?post=5310"}],"curies":[{"name":"wp","href":"https:\/\/api.w.org\/{rel}","templated":true}]}}