{"id":5312,"date":"2026-07-10T07:02:52","date_gmt":"2026-07-10T10:02:52","guid":{"rendered":"https:\/\/www.encontraparana.com.br\/toledo\/representantes-de-entidades-se-reunem-sobre-2o-cecitol\/"},"modified":"2026-07-10T07:02:52","modified_gmt":"2026-07-10T10:02:52","slug":"representantes-de-entidades-se-reunem-sobre-2o-cecitol","status":"publish","type":"post","link":"https:\/\/www.encontraparana.com.br\/toledo\/representantes-de-entidades-se-reunem-sobre-2o-cecitol\/","title":{"rendered":"Representantes de entidades se re\u00fanem sobre 2\u00ba Cecitol"},"content":{"rendered":"<h2>O que esperar do 2\u00ba Cecitol?<\/h2>\n<p>De 6 a 8 de outubro, a cidade de Toledo receber\u00e1 a segunda edi\u00e7\u00e3o do Conecta Educa\u00e7\u00e3o, Ci\u00eancia e Inova\u00e7\u00e3o de Toledo, mais conhecido como Cecitol. Este evento promete oferecer uma excelente oportunidade para que todos possam conhecer as inova\u00e7\u00f5es e avan\u00e7os nas \u00e1reas de ci\u00eancia e tecnologia. O Cecitol funcionar\u00e1 como um espa\u00e7o para aprendizado, troca de experi\u00eancias e enriquecimento cultural, reunindo diversas institui\u00e7\u00f5es de ensino superior localizadas na regi\u00e3o.<\/p>\n<h2>Programa\u00e7\u00e3o Diversificada do Evento<\/h2>\n<p>A programa\u00e7\u00e3o do evento foi cuidadosamente planejada para engajar os participantes em diversas atividades. No dia 6, ocorrer\u00e1 a abertura do evento, que incluir\u00e1 a cerim\u00f4nia de premia\u00e7\u00e3o do Professor Pesquisador e do Projeto Inovador, no campus da Unioeste. No dia 7, os participantes poder\u00e3o se inscrever em workshops e minicursos que abordar\u00e3o temas atuais e relevantes. J\u00e1 no \u00faltimo dia, 8, a Usina do Conhecimento ser\u00e1 o palco da Mostra de Cursos, onde as universidades apresentar\u00e3o suas ofertas educacionais.<\/p>\n<h2>A Import\u00e2ncia das Parcerias na Realiza\u00e7\u00e3o<\/h2>\n<p>O sucesso do Cecitol se deve em grande parte \u00e0 colabora\u00e7\u00e3o entre diversas institui\u00e7\u00f5es. A reuni\u00e3o realizada na Usina do Conhecimento contou com a presen\u00e7a de representantes da UTFPR, Faculdade Donaduzzi, UFPR, PUCPR, Unioeste, Igua\u00e7u Valley, al\u00e9m da Funtec e da Prefeitura de Toledo, com as secretarias de Educa\u00e7\u00e3o e Comunica\u00e7\u00e3o. Essas parcerias t\u00eam um papel fundamental na cria\u00e7\u00e3o de um evento que seja relevante e que atenda \u00e0s necessidades da comunidade acad\u00eamica e do p\u00fablico em geral.<\/p>\n<p><img decoding=\"async\" src=\"https:\/\/www.encontraparana.com.br\/toledo\/wp-content\/uploads\/2026\/07\/representantes-de-entidades-se-reunem-sobre-2-cecitol.webp\" alt=\"Cecitol\" loading=\"lazy\" \/><\/p>\n<h2>Como Participar do Cecitol em Toledo<\/h2>\n<p>Para participar do 2\u00ba Cecitol, os interessados devem ficar atentos \u00e0s informa\u00e7\u00f5es que ser\u00e3o disponibilizadas no site oficial do evento. Em agosto, as diretrizes para o concurso que premiar\u00e1 trabalhos inovadores ser\u00e3o divulgadas, juntamente com a programa\u00e7\u00e3o final e as informa\u00e7\u00f5es sobre as oficinas. \u00c9 recomend\u00e1vel que os participantes se inscrevam antecipadamente, uma vez que as vagas para os cursos e oficinas podem ser limitadas.<\/p>\n<h2>O Impacto da Educa\u00e7\u00e3o e Inova\u00e7\u00e3o na Comunidade<\/h2>\n<p>O evento n\u00e3o apenas promove o conhecimento cient\u00edfico e tecnol\u00f3gico, mas tamb\u00e9m desempenha um papel fundamental no desenvolvimento da comunidade. O Cecitol estimula a troca de ideias e a forma\u00e7\u00e3o de redes de colabora\u00e7\u00e3o entre estudantes, professores e profissionais do setor, o que contribui para a implementa\u00e7\u00e3o de solu\u00e7\u00f5es inovadoras. Portanto, a import\u00e2ncia desse evento vai al\u00e9m do conhecimento obtido, refletindo na melhoria da qualidade de vida da popula\u00e7\u00e3o de Toledo.<\/p>\n<h2>Hist\u00f3rico das Edi\u00e7\u00f5es Anteriores do Cecitol<\/h2>\n<p>Desde sua primeira edi\u00e7\u00e3o, o Cecitol se firmou como um evento de destaque na agenda educacional de Toledo. A primeira edi\u00e7\u00e3o atraiu um p\u00fablico consider\u00e1vel e estabeleceu um padr\u00e3o alto para futuros eventos. As edi\u00e7\u00f5es anteriores focaram em temas variados, sempre buscando conectar a academia e o setor produtivo, permitindo uma imers\u00e3o nos mais variados campos de conhecimento e inova\u00e7\u00e3o. Com o feedback positivo, a expectativa para a segunda edi\u00e7\u00e3o \u00e9 ainda maior.<\/p>\n<h2>Entidades Envolvidas no 2\u00ba Cecitol<\/h2>\n<p>O envolvimento de institui\u00e7\u00f5es de ensino superior de renome, como a UTFPR e a Unioeste, refor\u00e7a a credibilidade do Cecitol. A Faculdade Donaduzzi, a UFPR e a PUCPR tamb\u00e9m s\u00e3o participantes ativas, trazendo suas respectivas expertises ao evento. As parcerias com entidades como a Igua\u00e7u Valley e a Funtec garantem que o Cecitol aborde atualiza\u00e7\u00f5es pertinentes e inova\u00e7\u00f5es que estejam em alinhamento com as demandas do mercado de trabalho.<\/p>\n<h2>Relev\u00e2ncia de Eventos Educativos para a Cidade<\/h2>\n<p>Eventos de car\u00e1ter educativo, como o Cecitol, s\u00e3o essenciais para o desenvolvimento social e econ\u00f4mico de Toledo. Eles promovem a educa\u00e7\u00e3o de qualidade e fomentam a pesquisa e a inova\u00e7\u00e3o, aspectos essenciais para a forma\u00e7\u00e3o de profissionais qualificados. Adicionalmente, esses encontros fortalecem a imagem de Toledo como um polo de conhecimento e inova\u00e7\u00e3o no cen\u00e1rio estadual e nacional.<\/p>\n<h2>Testemunhos de Participantes Anteriores<\/h2>\n<p>A participa\u00e7\u00e3o em eventos anteriores da Cecitol teve um impacto significativo na trajet\u00f3ria de muitos alunos e professores. Diversos testemunhos revelam como as trocas de experi\u00eancia e o contato com especialistas ajudaram a remodelar projetos acad\u00eamicos e incentivaram inova\u00e7\u00f5es. Os formando e pesquisadores destacam a relev\u00e2ncia de eventos como esses na aquisi\u00e7\u00e3o de conhecimento pr\u00e1tico e prepara\u00e7\u00e3o para o mercado.<\/p>\n<h2>Pr\u00f3ximos Passos para o Concurso de Inova\u00e7\u00e3o<\/h2>\n<p>Um dos principais destaques do Cecitol ser\u00e1 o concurso de inova\u00e7\u00e3o, que visa reconhecer e premiar projetos e ideias que se destaquem no panorama atual. Os participantes poder\u00e3o submeter suas propostas, que ser\u00e3o avaliadas conforme crit\u00e9rios que incluem inova\u00e7\u00e3o, viabilidade e impacto socioecon\u00f4mico. Detalhes adicionais sobre o edital do concurso ser\u00e3o compartilhados em breve, e a expectativa \u00e9 que ele atraia talentos de v\u00e1rias \u00e1reas, motivando alunos e profissionais a pensar fora da caixa e a trazer solu\u00e7\u00f5es criativas para desafios existentes.<\/p>\n","protected":false},"excerpt":{"rendered":"<p>O 2\u00ba Cecitol traz inova\u00e7\u00f5es e oportunidades para a educa\u00e7\u00e3o e tecnologia em Toledo.<\/p>\n","protected":false},"author":1,"featured_media":5311,"comment_status":"open","ping_status":"open","sticky":false,"template":"","format":"standard","meta":{"footnotes":""},"categories":[897],"tags":[],"class_list":["post-5312","post","type-post","status-publish","format-standard","has-post-thumbnail","hentry","category-eventos","has_thumb"],"yoast_head":"<!-- This site is optimized with the Yoast SEO plugin v28.1 - https:\/\/yoast.com\/product\/yoast-seo-wordpress\/ -->\n<title>Representantes de entidades se re\u00fanem sobre 2\u00ba Cecitol | Guia Comercial de Toledo PR<\/title>\n<meta name=\"robots\" content=\"index, follow, max-snippet:-1, max-image-preview:large, max-video-preview:-1\" \/>\n<link rel=\"canonical\" href=\"https:\/\/www.encontraparana.com.br\/toledo\/representantes-de-entidades-se-reunem-sobre-2o-cecitol\/\" \/>\n<meta property=\"og:locale\" content=\"pt_BR\" \/>\n<meta property=\"og:type\" content=\"article\" \/>\n<meta property=\"og:title\" content=\"Representantes de entidades se re\u00fanem sobre 2\u00ba Cecitol | Guia Comercial de Toledo PR\" \/>\n<meta property=\"og:description\" content=\"O 2\u00ba Cecitol traz inova\u00e7\u00f5es e oportunidades para a educa\u00e7\u00e3o e tecnologia em Toledo.\" \/>\n<meta property=\"og:url\" content=\"https:\/\/www.encontraparana.com.br\/toledo\/representantes-de-entidades-se-reunem-sobre-2o-cecitol\/\" \/>\n<meta property=\"og:site_name\" content=\"Guia Comercial de Toledo PR\" \/>\n<meta property=\"article:published_time\" content=\"2026-07-10T10:02:52+00:00\" \/>\n<meta property=\"og:image\" content=\"https:\/\/www.encontraparana.com.br\/toledo\/wp-content\/uploads\/2026\/07\/representantes-de-entidades-se-reunem-sobre-2-cecitol.webp\" \/>\n\t<meta property=\"og:image:width\" content=\"280\" \/>\n\t<meta property=\"og:image:height\" content=\"280\" \/>\n\t<meta property=\"og:image:type\" content=\"image\/webp\" \/>\n<meta name=\"author\" content=\"Encontra Toledo\" \/>\n<meta name=\"twitter:card\" content=\"summary_large_image\" \/>\n<meta name=\"twitter:label1\" content=\"Escrito por\" \/>\n\t<meta name=\"twitter:data1\" content=\"Encontra Toledo\" \/>\n\t<meta name=\"twitter:label2\" content=\"Est. tempo de leitura\" \/>\n\t<meta name=\"twitter:data2\" content=\"4 minutos\" \/>\n<script type=\"application\/ld+json\" class=\"yoast-schema-graph\">{\"@context\":\"https:\\\/\\\/schema.org\",\"@graph\":[{\"@type\":\"Article\",\"@id\":\"https:\\\/\\\/www.encontraparana.com.br\\\/toledo\\\/representantes-de-entidades-se-reunem-sobre-2o-cecitol\\\/#article\",\"isPartOf\":{\"@id\":\"https:\\\/\\\/www.encontraparana.com.br\\\/toledo\\\/representantes-de-entidades-se-reunem-sobre-2o-cecitol\\\/\"},\"author\":{\"name\":\"Encontra Toledo\",\"@id\":\"https:\\\/\\\/www.encontraparana.com.br\\\/toledo\\\/#\\\/schema\\\/person\\\/3b3bd5c0e2969177418b8c8e4729fd0a\"},\"headline\":\"Representantes de entidades se re\u00fanem sobre 2\u00ba Cecitol\",\"datePublished\":\"2026-07-10T10:02:52+00:00\",\"mainEntityOfPage\":{\"@id\":\"https:\\\/\\\/www.encontraparana.com.br\\\/toledo\\\/representantes-de-entidades-se-reunem-sobre-2o-cecitol\\\/\"},\"wordCount\":860,\"commentCount\":0,\"image\":{\"@id\":\"https:\\\/\\\/www.encontraparana.com.br\\\/toledo\\\/representantes-de-entidades-se-reunem-sobre-2o-cecitol\\\/#primaryimage\"},\"thumbnailUrl\":\"https:\\\/\\\/www.encontraparana.com.br\\\/toledo\\\/wp-content\\\/uploads\\\/2026\\\/07\\\/representantes-de-entidades-se-reunem-sobre-2-cecitol.webp\",\"articleSection\":[\"Eventos Toledo\"],\"inLanguage\":\"pt-BR\",\"potentialAction\":[{\"@type\":\"CommentAction\",\"name\":\"Comment\",\"target\":[\"https:\\\/\\\/www.encontraparana.com.br\\\/toledo\\\/representantes-de-entidades-se-reunem-sobre-2o-cecitol\\\/#respond\"]}]},{\"@type\":\"WebPage\",\"@id\":\"https:\\\/\\\/www.encontraparana.com.br\\\/toledo\\\/representantes-de-entidades-se-reunem-sobre-2o-cecitol\\\/\",\"url\":\"https:\\\/\\\/www.encontraparana.com.br\\\/toledo\\\/representantes-de-entidades-se-reunem-sobre-2o-cecitol\\\/\",\"name\":\"Representantes de entidades se re\u00fanem sobre 2\u00ba Cecitol | Guia Comercial de Toledo PR\",\"isPartOf\":{\"@id\":\"https:\\\/\\\/www.encontraparana.com.br\\\/toledo\\\/#website\"},\"primaryImageOfPage\":{\"@id\":\"https:\\\/\\\/www.encontraparana.com.br\\\/toledo\\\/representantes-de-entidades-se-reunem-sobre-2o-cecitol\\\/#primaryimage\"},\"image\":{\"@id\":\"https:\\\/\\\/www.encontraparana.com.br\\\/toledo\\\/representantes-de-entidades-se-reunem-sobre-2o-cecitol\\\/#primaryimage\"},\"thumbnailUrl\":\"https:\\\/\\\/www.encontraparana.com.br\\\/toledo\\\/wp-content\\\/uploads\\\/2026\\\/07\\\/representantes-de-entidades-se-reunem-sobre-2-cecitol.webp\",\"datePublished\":\"2026-07-10T10:02:52+00:00\",\"author\":{\"@id\":\"https:\\\/\\\/www.encontraparana.com.br\\\/toledo\\\/#\\\/schema\\\/person\\\/3b3bd5c0e2969177418b8c8e4729fd0a\"},\"inLanguage\":\"pt-BR\",\"potentialAction\":[{\"@type\":\"ReadAction\",\"target\":[\"https:\\\/\\\/www.encontraparana.com.br\\\/toledo\\\/representantes-de-entidades-se-reunem-sobre-2o-cecitol\\\/\"]}]},{\"@type\":\"ImageObject\",\"inLanguage\":\"pt-BR\",\"@id\":\"https:\\\/\\\/www.encontraparana.com.br\\\/toledo\\\/representantes-de-entidades-se-reunem-sobre-2o-cecitol\\\/#primaryimage\",\"url\":\"https:\\\/\\\/www.encontraparana.com.br\\\/toledo\\\/wp-content\\\/uploads\\\/2026\\\/07\\\/representantes-de-entidades-se-reunem-sobre-2-cecitol.webp\",\"contentUrl\":\"https:\\\/\\\/www.encontraparana.com.br\\\/toledo\\\/wp-content\\\/uploads\\\/2026\\\/07\\\/representantes-de-entidades-se-reunem-sobre-2-cecitol.webp\",\"width\":280,\"height\":280,\"caption\":\"Cecitol\"},{\"@type\":\"WebSite\",\"@id\":\"https:\\\/\\\/www.encontraparana.com.br\\\/toledo\\\/#website\",\"url\":\"https:\\\/\\\/www.encontraparana.com.br\\\/toledo\\\/\",\"name\":\"Guia Comercial de Toledo PR\",\"description\":\"ENCONTRA TOLEDO - O guia comercial de neg\u00f3cios e empresas, cultura e divers\u00e3o na cidade de Toledo. Feito 100% para voc\u00ea morador!\",\"potentialAction\":[{\"@type\":\"SearchAction\",\"target\":{\"@type\":\"EntryPoint\",\"urlTemplate\":\"https:\\\/\\\/www.encontraparana.com.br\\\/toledo\\\/?s={search_term_string}\"},\"query-input\":{\"@type\":\"PropertyValueSpecification\",\"valueRequired\":true,\"valueName\":\"search_term_string\"}}],\"inLanguage\":\"pt-BR\"},{\"@type\":\"Person\",\"@id\":\"https:\\\/\\\/www.encontraparana.com.br\\\/toledo\\\/#\\\/schema\\\/person\\\/3b3bd5c0e2969177418b8c8e4729fd0a\",\"name\":\"Encontra Toledo\",\"image\":{\"@type\":\"ImageObject\",\"inLanguage\":\"pt-BR\",\"@id\":\"https:\\\/\\\/secure.gravatar.com\\\/avatar\\\/c50c17820bcf322f0a8fd6b110b8c0918141409dc69076470f6fca5fee70a5d4?s=96&d=mm&r=g\",\"url\":\"https:\\\/\\\/secure.gravatar.com\\\/avatar\\\/c50c17820bcf322f0a8fd6b110b8c0918141409dc69076470f6fca5fee70a5d4?s=96&d=mm&r=g\",\"contentUrl\":\"https:\\\/\\\/secure.gravatar.com\\\/avatar\\\/c50c17820bcf322f0a8fd6b110b8c0918141409dc69076470f6fca5fee70a5d4?s=96&d=mm&r=g\",\"caption\":\"Encontra Toledo\"},\"url\":\"https:\\\/\\\/www.encontraparana.com.br\\\/toledo\\\/author\\\/encontratoledo\\\/\"}]}<\/script>\n<!-- \/ Yoast SEO plugin. -->","yoast_head_json":{"title":"Representantes de entidades se re\u00fanem sobre 2\u00ba Cecitol | Guia Comercial de Toledo PR","robots":{"index":"index","follow":"follow","max-snippet":"max-snippet:-1","max-image-preview":"max-image-preview:large","max-video-preview":"max-video-preview:-1"},"canonical":"https:\/\/www.encontraparana.com.br\/toledo\/representantes-de-entidades-se-reunem-sobre-2o-cecitol\/","og_locale":"pt_BR","og_type":"article","og_title":"Representantes de entidades se re\u00fanem sobre 2\u00ba Cecitol | Guia Comercial de Toledo PR","og_description":"O 2\u00ba Cecitol traz inova\u00e7\u00f5es e oportunidades para a educa\u00e7\u00e3o e tecnologia em Toledo.","og_url":"https:\/\/www.encontraparana.com.br\/toledo\/representantes-de-entidades-se-reunem-sobre-2o-cecitol\/","og_site_name":"Guia Comercial de Toledo PR","article_published_time":"2026-07-10T10:02:52+00:00","og_image":[{"width":280,"height":280,"url":"https:\/\/www.encontraparana.com.br\/toledo\/wp-content\/uploads\/2026\/07\/representantes-de-entidades-se-reunem-sobre-2-cecitol.webp","type":"image\/webp"}],"author":"Encontra Toledo","twitter_card":"summary_large_image","twitter_misc":{"Escrito por":"Encontra Toledo","Est. tempo de leitura":"4 minutos"},"schema":{"@context":"https:\/\/schema.org","@graph":[{"@type":"Article","@id":"https:\/\/www.encontraparana.com.br\/toledo\/representantes-de-entidades-se-reunem-sobre-2o-cecitol\/#article","isPartOf":{"@id":"https:\/\/www.encontraparana.com.br\/toledo\/representantes-de-entidades-se-reunem-sobre-2o-cecitol\/"},"author":{"name":"Encontra Toledo","@id":"https:\/\/www.encontraparana.com.br\/toledo\/#\/schema\/person\/3b3bd5c0e2969177418b8c8e4729fd0a"},"headline":"Representantes de entidades se re\u00fanem sobre 2\u00ba Cecitol","datePublished":"2026-07-10T10:02:52+00:00","mainEntityOfPage":{"@id":"https:\/\/www.encontraparana.com.br\/toledo\/representantes-de-entidades-se-reunem-sobre-2o-cecitol\/"},"wordCount":860,"commentCount":0,"image":{"@id":"https:\/\/www.encontraparana.com.br\/toledo\/representantes-de-entidades-se-reunem-sobre-2o-cecitol\/#primaryimage"},"thumbnailUrl":"https:\/\/www.encontraparana.com.br\/toledo\/wp-content\/uploads\/2026\/07\/representantes-de-entidades-se-reunem-sobre-2-cecitol.webp","articleSection":["Eventos Toledo"],"inLanguage":"pt-BR","potentialAction":[{"@type":"CommentAction","name":"Comment","target":["https:\/\/www.encontraparana.com.br\/toledo\/representantes-de-entidades-se-reunem-sobre-2o-cecitol\/#respond"]}]},{"@type":"WebPage","@id":"https:\/\/www.encontraparana.com.br\/toledo\/representantes-de-entidades-se-reunem-sobre-2o-cecitol\/","url":"https:\/\/www.encontraparana.com.br\/toledo\/representantes-de-entidades-se-reunem-sobre-2o-cecitol\/","name":"Representantes de entidades se re\u00fanem sobre 2\u00ba Cecitol | Guia Comercial de Toledo PR","isPartOf":{"@id":"https:\/\/www.encontraparana.com.br\/toledo\/#website"},"primaryImageOfPage":{"@id":"https:\/\/www.encontraparana.com.br\/toledo\/representantes-de-entidades-se-reunem-sobre-2o-cecitol\/#primaryimage"},"image":{"@id":"https:\/\/www.encontraparana.com.br\/toledo\/representantes-de-entidades-se-reunem-sobre-2o-cecitol\/#primaryimage"},"thumbnailUrl":"https:\/\/www.encontraparana.com.br\/toledo\/wp-content\/uploads\/2026\/07\/representantes-de-entidades-se-reunem-sobre-2-cecitol.webp","datePublished":"2026-07-10T10:02:52+00:00","author":{"@id":"https:\/\/www.encontraparana.com.br\/toledo\/#\/schema\/person\/3b3bd5c0e2969177418b8c8e4729fd0a"},"inLanguage":"pt-BR","potentialAction":[{"@type":"ReadAction","target":["https:\/\/www.encontraparana.com.br\/toledo\/representantes-de-entidades-se-reunem-sobre-2o-cecitol\/"]}]},{"@type":"ImageObject","inLanguage":"pt-BR","@id":"https:\/\/www.encontraparana.com.br\/toledo\/representantes-de-entidades-se-reunem-sobre-2o-cecitol\/#primaryimage","url":"https:\/\/www.encontraparana.com.br\/toledo\/wp-content\/uploads\/2026\/07\/representantes-de-entidades-se-reunem-sobre-2-cecitol.webp","contentUrl":"https:\/\/www.encontraparana.com.br\/toledo\/wp-content\/uploads\/2026\/07\/representantes-de-entidades-se-reunem-sobre-2-cecitol.webp","width":280,"height":280,"caption":"Cecitol"},{"@type":"WebSite","@id":"https:\/\/www.encontraparana.com.br\/toledo\/#website","url":"https:\/\/www.encontraparana.com.br\/toledo\/","name":"Guia Comercial de Toledo PR","description":"ENCONTRA TOLEDO - O guia comercial de neg\u00f3cios e empresas, cultura e divers\u00e3o na cidade de Toledo. Feito 100% para voc\u00ea morador!","potentialAction":[{"@type":"SearchAction","target":{"@type":"EntryPoint","urlTemplate":"https:\/\/www.encontraparana.com.br\/toledo\/?s={search_term_string}"},"query-input":{"@type":"PropertyValueSpecification","valueRequired":true,"valueName":"search_term_string"}}],"inLanguage":"pt-BR"},{"@type":"Person","@id":"https:\/\/www.encontraparana.com.br\/toledo\/#\/schema\/person\/3b3bd5c0e2969177418b8c8e4729fd0a","name":"Encontra Toledo","image":{"@type":"ImageObject","inLanguage":"pt-BR","@id":"https:\/\/secure.gravatar.com\/avatar\/c50c17820bcf322f0a8fd6b110b8c0918141409dc69076470f6fca5fee70a5d4?s=96&d=mm&r=g","url":"https:\/\/secure.gravatar.com\/avatar\/c50c17820bcf322f0a8fd6b110b8c0918141409dc69076470f6fca5fee70a5d4?s=96&d=mm&r=g","contentUrl":"https:\/\/secure.gravatar.com\/avatar\/c50c17820bcf322f0a8fd6b110b8c0918141409dc69076470f6fca5fee70a5d4?s=96&d=mm&r=g","caption":"Encontra Toledo"},"url":"https:\/\/www.encontraparana.com.br\/toledo\/author\/encontratoledo\/"}]}},"_links":{"self":[{"href":"https:\/\/www.encontraparana.com.br\/toledo\/wp-json\/wp\/v2\/posts\/5312","targetHints":{"allow":["GET"]}}],"collection":[{"href":"https:\/\/www.encontraparana.com.br\/toledo\/wp-json\/wp\/v2\/posts"}],"about":[{"href":"https:\/\/www.encontraparana.com.br\/toledo\/wp-json\/wp\/v2\/types\/post"}],"author":[{"embeddable":true,"href":"https:\/\/www.encontraparana.com.br\/toledo\/wp-json\/wp\/v2\/users\/1"}],"replies":[{"embeddable":true,"href":"https:\/\/www.encontraparana.com.br\/toledo\/wp-json\/wp\/v2\/comments?post=5312"}],"version-history":[{"count":0,"href":"https:\/\/www.encontraparana.com.br\/toledo\/wp-json\/wp\/v2\/posts\/5312\/revisions"}],"wp:featuredmedia":[{"embeddable":true,"href":"https:\/\/www.encontraparana.com.br\/toledo\/wp-json\/wp\/v2\/media\/5311"}],"wp:attachment":[{"href":"https:\/\/www.encontraparana.com.br\/toledo\/wp-json\/wp\/v2\/media?parent=5312"}],"wp:term":[{"taxonomy":"category","embeddable":true,"href":"https:\/\/www.encontraparana.com.br\/toledo\/wp-json\/wp\/v2\/categories?post=5312"},{"taxonomy":"post_tag","embeddable":true,"href":"https:\/\/www.encontraparana.com.br\/toledo\/wp-json\/wp\/v2\/tags?post=5312"}],"curies":[{"name":"wp","href":"https:\/\/api.w.org\/{rel}","templated":true}]}}