{"id":5332,"date":"2026-07-13T10:22:47","date_gmt":"2026-07-13T13:22:47","guid":{"rendered":"https:\/\/www.encontraparana.com.br\/toledo\/food-capacita-agro-inicia-capacitacao-para-fortalecer-agroindustrias-familiares\/"},"modified":"2026-07-13T10:22:47","modified_gmt":"2026-07-13T13:22:47","slug":"food-capacita-agro-inicia-capacitacao-para-fortalecer-agroindustrias-familiares","status":"publish","type":"post","link":"https:\/\/www.encontraparana.com.br\/toledo\/food-capacita-agro-inicia-capacitacao-para-fortalecer-agroindustrias-familiares\/","title":{"rendered":"Food Capacita Agro inicia capacita\u00e7\u00e3o para fortalecer agroind\u00fastrias familiares"},"content":{"rendered":"<h2>O que \u00e9 o Food Capacita Agro?<\/h2>\n<p>O <strong>Food Capacita Agro<\/strong> \u00e9 uma iniciativa pensada para impulsionar a capacita\u00e7\u00e3o de agroind\u00fastrias familiares, oferecendo uma s\u00e9rie de encontros e oficinas com foco em melhorar a comercializa\u00e7\u00e3o de produtos. O programa busca proporcionar conhecimento t\u00e9cnico e pr\u00e1tico aos envolvidos na agricultura familiar, ajudando-os a enfrentar os desafios do mercado e aumentar sua competitividade.<\/p>\n<h2>A import\u00e2ncia da capacita\u00e7\u00e3o para agroind\u00fastrias<\/h2>\n<p>A capacita\u00e7\u00e3o das agroind\u00fastrias \u00e9 fundamental para promover a sustentabilidade e o crescimento do setor rural. Atrav\u00e9s de cursos e oficinas, os participantes conseguem entender melhor os custos de produ\u00e7\u00e3o, estrat\u00e9gias de marketing e potencial de mercado, o que resulta em produtos de maior qualidade e competitividade. Dessa forma, as agroind\u00fastrias familiares t\u00eam a oportunidade de se desenvolverem e expandirem suas opera\u00e7\u00f5es.<\/p>\n<h2>Metodologia de ensino aplicada nas oficinas<\/h2>\n<p>As oficinas do Food Capacita Agro s\u00e3o desenvolvidas utilizando uma metodologia interativa e pr\u00e1tica. Os participantes s\u00e3o incentivados a trabalhar em grupos, discutir ideias e aplicar os conhecimentos adquiridos em situa\u00e7\u00f5es reais. Esse formato aprende-se n\u00e3o apenas pela teoria, mas tamb\u00e9m pela aplica\u00e7\u00e3o pr\u00e1tica, o que potencializa o aprendizado e a fixa\u00e7\u00e3o de conceitos. Essa abordagem \u00e9 essencial para garantir que os produtores consigam aplicar efetivamente o que aprendem em suas atividades di\u00e1rias.<\/p>\n<p><img decoding=\"async\" src=\"https:\/\/www.encontraparana.com.br\/toledo\/wp-content\/uploads\/2026\/07\/food-capacita-agro-inicia-capacitacao-para-fortalecer-agroindustrias-familiares.webp\" alt=\"Food Capacita Agro\" loading=\"lazy\" \/><\/p>\n<h2>Palestrantes e especialistas envolvidos<\/h2>\n<p>Os encontros contam com a presen\u00e7a de especialistas renomados em suas \u00e1reas de atua\u00e7\u00e3o, como professores universit\u00e1rios, consultores de neg\u00f3cios e profissionais do setor agroindustrial. Esses palestrantes trazem uma vasta experi\u00eancia e conhecimento pr\u00e1tico que enriquecem as discuss\u00f5es e garantem que os participantes tenham acesso \u00e0s melhores pr\u00e1ticas e tend\u00eancias do mercado.<\/p>\n<h2>Temas abordados nas jornadas de capacita\u00e7\u00e3o<\/h2>\n<p>Durante as jornadas de capacita\u00e7\u00e3o, diversos temas s\u00e3o abordados, incluindo:<\/p>\n<ul>\n<li><strong>Precifica\u00e7\u00e3o de produtos:<\/strong> Entender como calcular o custo real \u00e9 essencial para a forma\u00e7\u00e3o de pre\u00e7os que assegurem a rentabilidade.<\/li>\n<li><strong>Fluxo de caixa:<\/strong> A gest\u00e3o financeira \u00e9 crucial, e o dom\u00ednio do fluxo de caixa ajuda a manter a sa\u00fade financeira da agroind\u00fastria.<\/li>\n<li><strong>Custos fixos e vari\u00e1veis:<\/strong> Diferenciar e identificar esses custos \u00e9 fundamental para um bom gerenciamento dos recursos.<\/li>\n<li><strong>Marketing e vendas:<\/strong> Estrat\u00e9gias para promover e vender produtos de forma eficaz no mercado.<\/li>\n<li><strong>Rodadas de neg\u00f3cios:<\/strong> Oportunidades para que os participantes apresentem seus produtos a potenciais compradores.<\/li>\n<\/ul>\n<h2>Como se inscrever nos pr\u00f3ximos encontros<\/h2>\n<p>Para participar das futuras oficinas e encontros do Food Capacita Agro, os interessados devem se inscrever atrav\u00e9s do site oficial ou de links espec\u00edficos disponibilizados pela organiza\u00e7\u00e3o. \u00c9 recomendado que os agricultores familiares se mantenham atualizados sobre a programa\u00e7\u00e3o e se inscrevam o quanto antes, j\u00e1 que as vagas podem ser limitadas.<\/p>\n<h2>Benef\u00edcios da participa\u00e7\u00e3o no Food Capacita Agro<\/h2>\n<p>Participar do Food Capacita Agro oferece aos produtores rurais uma s\u00e9rie de benef\u00edcios significativos, tais como:<\/p>\n<ul>\n<li><strong>Conhecimento especializado:<\/strong> Acesso a informa\u00e7\u00f5es pr\u00e1ticas que podem ser aplicadas diretamente na produ\u00e7\u00e3o e gest\u00e3o da agroind\u00fastria.<\/li>\n<li><strong>Networking:<\/strong> Oportunidade de conhecer outros produtores e formar parcerias que podem resultar em colabora\u00e7\u00f5es ben\u00e9ficas.<\/li>\n<li><strong>Visibilidade:<\/strong> A participa\u00e7\u00e3o em rodadas de neg\u00f3cios pode abrir novas portas e oportunidades de mercado.<\/li>\n<li><strong>Melhoria cont\u00ednua:<\/strong> O aprendizado adquirido contribui para a melhoria cont\u00ednua dos processos e produtos oferecidos.<\/li>\n<\/ul>\n<h2>Impacto da capacita\u00e7\u00e3o na comunidade local<\/h2>\n<p>A capacita\u00e7\u00e3o das agroind\u00fastrias familiares tem um impacto positivo n\u00e3o apenas nos neg\u00f3cios individuais, mas tamb\u00e9m na comunidade como um todo. Quando agroind\u00fastrias se tornam mais competitivas e rent\u00e1veis, isso pode resultar em um aumento na gera\u00e7\u00e3o de empregos e no desenvolvimento econ\u00f4mico local. Al\u00e9m disso, produtos de qualidade levam a uma melhor oferta no mercado, beneficiando os consumidores.<\/p>\n<h2>Parcerias estrat\u00e9gicas para o sucesso do projeto<\/h2>\n<p>O sucesso do Food Capacita Agro \u00e9 impulsionado por uma rede de parcerias estrat\u00e9gicas com diversas institui\u00e7\u00f5es, como:<\/p>\n<ul>\n<li><strong>Prefeitura de Toledo:<\/strong> Apoio fundamental para a viabiliza\u00e7\u00e3o das a\u00e7\u00f5es e eventos do programa.<\/li>\n<li><strong>Instituto de Desenvolvimento Rural do Paran\u00e1 (IDR-Paran\u00e1):<\/strong> Oferece expertise em desenvolvimento rural.<\/li>\n<li><strong>Sebrae:<\/strong> Proporciona consultorias e orienta\u00e7\u00f5es sobre gest\u00e3o e neg\u00f3cios.<\/li>\n<li><strong>Centro Universit\u00e1rio FAG:<\/strong> Envolve acad\u00eamicos e professores que contribuem com seu conhecimento.<\/li>\n<li><strong>Agente Regional de Inova\u00e7\u00e3o (ARI):<\/strong> Facilita a conex\u00e3o com inova\u00e7\u00f5es e melhorias nas pr\u00e1ticas agroindustriais.<\/li>\n<\/ul>\n<h2>O futuro das agroind\u00fastrias familiares em Toledo<\/h2>\n<p>As agroind\u00fastrias familiares em Toledo est\u00e3o se preparando para um futuro promissor ao participar de programas como o Food Capacita Agro. Com a continuidade da capacita\u00e7\u00e3o e a ado\u00e7\u00e3o de pr\u00e1ticas de inova\u00e7\u00e3o, os produtores estar\u00e3o cada vez mais aptos a atender as demandas do mercado e a se destacar em meio \u00e0 concorr\u00eancia. Atrav\u00e9s do fortalecimento das suas capacidades, esses pequenos empreendimentos ter\u00e3o a chance de expandir suas opera\u00e7\u00f5es e consolidar-se como pilares do desenvolvimento econ\u00f4mico local.<\/p>\n","protected":false},"excerpt":{"rendered":"<p>Food Capacita Agro fortalece agroind\u00fastrias familiares com capacita\u00e7\u00e3o pr\u00e1tica e orienta\u00e7\u00f5es valiosas.<\/p>\n","protected":false},"author":1,"featured_media":5331,"comment_status":"open","ping_status":"open","sticky":false,"template":"","format":"standard","meta":{"footnotes":""},"categories":[896],"tags":[],"class_list":["post-5332","post","type-post","status-publish","format-standard","has-post-thumbnail","hentry","category-cursos","has_thumb"],"yoast_head":"<!-- This site is optimized with the Yoast SEO plugin v28.1 - https:\/\/yoast.com\/product\/yoast-seo-wordpress\/ -->\n<title>Food Capacita Agro inicia capacita\u00e7\u00e3o para fortalecer agroind\u00fastrias familiares | Guia Comercial de Toledo PR<\/title>\n<meta name=\"robots\" content=\"index, follow, max-snippet:-1, max-image-preview:large, max-video-preview:-1\" \/>\n<link rel=\"canonical\" href=\"https:\/\/www.encontraparana.com.br\/toledo\/food-capacita-agro-inicia-capacitacao-para-fortalecer-agroindustrias-familiares\/\" \/>\n<meta property=\"og:locale\" content=\"pt_BR\" \/>\n<meta property=\"og:type\" content=\"article\" \/>\n<meta property=\"og:title\" content=\"Food Capacita Agro inicia capacita\u00e7\u00e3o para fortalecer agroind\u00fastrias familiares | Guia Comercial de Toledo PR\" \/>\n<meta property=\"og:description\" content=\"Food Capacita Agro fortalece agroind\u00fastrias familiares com capacita\u00e7\u00e3o pr\u00e1tica e orienta\u00e7\u00f5es valiosas.\" \/>\n<meta property=\"og:url\" content=\"https:\/\/www.encontraparana.com.br\/toledo\/food-capacita-agro-inicia-capacitacao-para-fortalecer-agroindustrias-familiares\/\" \/>\n<meta property=\"og:site_name\" content=\"Guia Comercial de Toledo PR\" \/>\n<meta property=\"article:published_time\" content=\"2026-07-13T13:22:47+00:00\" \/>\n<meta property=\"og:image\" content=\"https:\/\/www.encontraparana.com.br\/toledo\/wp-content\/uploads\/2026\/07\/food-capacita-agro-inicia-capacitacao-para-fortalecer-agroindustrias-familiares.webp\" \/>\n\t<meta property=\"og:image:width\" content=\"280\" \/>\n\t<meta property=\"og:image:height\" content=\"280\" \/>\n\t<meta property=\"og:image:type\" content=\"image\/webp\" \/>\n<meta name=\"author\" content=\"Encontra Toledo\" \/>\n<meta name=\"twitter:card\" content=\"summary_large_image\" \/>\n<meta name=\"twitter:label1\" content=\"Escrito por\" \/>\n\t<meta name=\"twitter:data1\" content=\"Encontra Toledo\" \/>\n\t<meta name=\"twitter:label2\" content=\"Est. tempo de leitura\" \/>\n\t<meta name=\"twitter:data2\" content=\"4 minutos\" \/>\n<script type=\"application\/ld+json\" class=\"yoast-schema-graph\">{\"@context\":\"https:\\\/\\\/schema.org\",\"@graph\":[{\"@type\":\"Article\",\"@id\":\"https:\\\/\\\/www.encontraparana.com.br\\\/toledo\\\/food-capacita-agro-inicia-capacitacao-para-fortalecer-agroindustrias-familiares\\\/#article\",\"isPartOf\":{\"@id\":\"https:\\\/\\\/www.encontraparana.com.br\\\/toledo\\\/food-capacita-agro-inicia-capacitacao-para-fortalecer-agroindustrias-familiares\\\/\"},\"author\":{\"name\":\"Encontra Toledo\",\"@id\":\"https:\\\/\\\/www.encontraparana.com.br\\\/toledo\\\/#\\\/schema\\\/person\\\/3b3bd5c0e2969177418b8c8e4729fd0a\"},\"headline\":\"Food Capacita Agro inicia capacita\u00e7\u00e3o para fortalecer agroind\u00fastrias familiares\",\"datePublished\":\"2026-07-13T13:22:47+00:00\",\"mainEntityOfPage\":{\"@id\":\"https:\\\/\\\/www.encontraparana.com.br\\\/toledo\\\/food-capacita-agro-inicia-capacitacao-para-fortalecer-agroindustrias-familiares\\\/\"},\"wordCount\":856,\"commentCount\":0,\"image\":{\"@id\":\"https:\\\/\\\/www.encontraparana.com.br\\\/toledo\\\/food-capacita-agro-inicia-capacitacao-para-fortalecer-agroindustrias-familiares\\\/#primaryimage\"},\"thumbnailUrl\":\"https:\\\/\\\/www.encontraparana.com.br\\\/toledo\\\/wp-content\\\/uploads\\\/2026\\\/07\\\/food-capacita-agro-inicia-capacitacao-para-fortalecer-agroindustrias-familiares.webp\",\"articleSection\":[\"Cursos Toledo\"],\"inLanguage\":\"pt-BR\",\"potentialAction\":[{\"@type\":\"CommentAction\",\"name\":\"Comment\",\"target\":[\"https:\\\/\\\/www.encontraparana.com.br\\\/toledo\\\/food-capacita-agro-inicia-capacitacao-para-fortalecer-agroindustrias-familiares\\\/#respond\"]}]},{\"@type\":\"WebPage\",\"@id\":\"https:\\\/\\\/www.encontraparana.com.br\\\/toledo\\\/food-capacita-agro-inicia-capacitacao-para-fortalecer-agroindustrias-familiares\\\/\",\"url\":\"https:\\\/\\\/www.encontraparana.com.br\\\/toledo\\\/food-capacita-agro-inicia-capacitacao-para-fortalecer-agroindustrias-familiares\\\/\",\"name\":\"Food Capacita Agro inicia capacita\u00e7\u00e3o para fortalecer agroind\u00fastrias familiares | Guia Comercial de Toledo PR\",\"isPartOf\":{\"@id\":\"https:\\\/\\\/www.encontraparana.com.br\\\/toledo\\\/#website\"},\"primaryImageOfPage\":{\"@id\":\"https:\\\/\\\/www.encontraparana.com.br\\\/toledo\\\/food-capacita-agro-inicia-capacitacao-para-fortalecer-agroindustrias-familiares\\\/#primaryimage\"},\"image\":{\"@id\":\"https:\\\/\\\/www.encontraparana.com.br\\\/toledo\\\/food-capacita-agro-inicia-capacitacao-para-fortalecer-agroindustrias-familiares\\\/#primaryimage\"},\"thumbnailUrl\":\"https:\\\/\\\/www.encontraparana.com.br\\\/toledo\\\/wp-content\\\/uploads\\\/2026\\\/07\\\/food-capacita-agro-inicia-capacitacao-para-fortalecer-agroindustrias-familiares.webp\",\"datePublished\":\"2026-07-13T13:22:47+00:00\",\"author\":{\"@id\":\"https:\\\/\\\/www.encontraparana.com.br\\\/toledo\\\/#\\\/schema\\\/person\\\/3b3bd5c0e2969177418b8c8e4729fd0a\"},\"inLanguage\":\"pt-BR\",\"potentialAction\":[{\"@type\":\"ReadAction\",\"target\":[\"https:\\\/\\\/www.encontraparana.com.br\\\/toledo\\\/food-capacita-agro-inicia-capacitacao-para-fortalecer-agroindustrias-familiares\\\/\"]}]},{\"@type\":\"ImageObject\",\"inLanguage\":\"pt-BR\",\"@id\":\"https:\\\/\\\/www.encontraparana.com.br\\\/toledo\\\/food-capacita-agro-inicia-capacitacao-para-fortalecer-agroindustrias-familiares\\\/#primaryimage\",\"url\":\"https:\\\/\\\/www.encontraparana.com.br\\\/toledo\\\/wp-content\\\/uploads\\\/2026\\\/07\\\/food-capacita-agro-inicia-capacitacao-para-fortalecer-agroindustrias-familiares.webp\",\"contentUrl\":\"https:\\\/\\\/www.encontraparana.com.br\\\/toledo\\\/wp-content\\\/uploads\\\/2026\\\/07\\\/food-capacita-agro-inicia-capacitacao-para-fortalecer-agroindustrias-familiares.webp\",\"width\":280,\"height\":280,\"caption\":\"Food Capacita Agro\"},{\"@type\":\"WebSite\",\"@id\":\"https:\\\/\\\/www.encontraparana.com.br\\\/toledo\\\/#website\",\"url\":\"https:\\\/\\\/www.encontraparana.com.br\\\/toledo\\\/\",\"name\":\"Guia Comercial de Toledo PR\",\"description\":\"ENCONTRA TOLEDO - O guia comercial de neg\u00f3cios e empresas, cultura e divers\u00e3o na cidade de Toledo. Feito 100% para voc\u00ea morador!\",\"potentialAction\":[{\"@type\":\"SearchAction\",\"target\":{\"@type\":\"EntryPoint\",\"urlTemplate\":\"https:\\\/\\\/www.encontraparana.com.br\\\/toledo\\\/?s={search_term_string}\"},\"query-input\":{\"@type\":\"PropertyValueSpecification\",\"valueRequired\":true,\"valueName\":\"search_term_string\"}}],\"inLanguage\":\"pt-BR\"},{\"@type\":\"Person\",\"@id\":\"https:\\\/\\\/www.encontraparana.com.br\\\/toledo\\\/#\\\/schema\\\/person\\\/3b3bd5c0e2969177418b8c8e4729fd0a\",\"name\":\"Encontra Toledo\",\"image\":{\"@type\":\"ImageObject\",\"inLanguage\":\"pt-BR\",\"@id\":\"https:\\\/\\\/secure.gravatar.com\\\/avatar\\\/c50c17820bcf322f0a8fd6b110b8c0918141409dc69076470f6fca5fee70a5d4?s=96&d=mm&r=g\",\"url\":\"https:\\\/\\\/secure.gravatar.com\\\/avatar\\\/c50c17820bcf322f0a8fd6b110b8c0918141409dc69076470f6fca5fee70a5d4?s=96&d=mm&r=g\",\"contentUrl\":\"https:\\\/\\\/secure.gravatar.com\\\/avatar\\\/c50c17820bcf322f0a8fd6b110b8c0918141409dc69076470f6fca5fee70a5d4?s=96&d=mm&r=g\",\"caption\":\"Encontra Toledo\"},\"url\":\"https:\\\/\\\/www.encontraparana.com.br\\\/toledo\\\/author\\\/encontratoledo\\\/\"}]}<\/script>\n<!-- \/ Yoast SEO plugin. -->","yoast_head_json":{"title":"Food Capacita Agro inicia capacita\u00e7\u00e3o para fortalecer agroind\u00fastrias familiares | Guia Comercial de Toledo PR","robots":{"index":"index","follow":"follow","max-snippet":"max-snippet:-1","max-image-preview":"max-image-preview:large","max-video-preview":"max-video-preview:-1"},"canonical":"https:\/\/www.encontraparana.com.br\/toledo\/food-capacita-agro-inicia-capacitacao-para-fortalecer-agroindustrias-familiares\/","og_locale":"pt_BR","og_type":"article","og_title":"Food Capacita Agro inicia capacita\u00e7\u00e3o para fortalecer agroind\u00fastrias familiares | Guia Comercial de Toledo PR","og_description":"Food Capacita Agro fortalece agroind\u00fastrias familiares com capacita\u00e7\u00e3o pr\u00e1tica e orienta\u00e7\u00f5es valiosas.","og_url":"https:\/\/www.encontraparana.com.br\/toledo\/food-capacita-agro-inicia-capacitacao-para-fortalecer-agroindustrias-familiares\/","og_site_name":"Guia Comercial de Toledo PR","article_published_time":"2026-07-13T13:22:47+00:00","og_image":[{"width":280,"height":280,"url":"https:\/\/www.encontraparana.com.br\/toledo\/wp-content\/uploads\/2026\/07\/food-capacita-agro-inicia-capacitacao-para-fortalecer-agroindustrias-familiares.webp","type":"image\/webp"}],"author":"Encontra Toledo","twitter_card":"summary_large_image","twitter_misc":{"Escrito por":"Encontra Toledo","Est. tempo de leitura":"4 minutos"},"schema":{"@context":"https:\/\/schema.org","@graph":[{"@type":"Article","@id":"https:\/\/www.encontraparana.com.br\/toledo\/food-capacita-agro-inicia-capacitacao-para-fortalecer-agroindustrias-familiares\/#article","isPartOf":{"@id":"https:\/\/www.encontraparana.com.br\/toledo\/food-capacita-agro-inicia-capacitacao-para-fortalecer-agroindustrias-familiares\/"},"author":{"name":"Encontra Toledo","@id":"https:\/\/www.encontraparana.com.br\/toledo\/#\/schema\/person\/3b3bd5c0e2969177418b8c8e4729fd0a"},"headline":"Food Capacita Agro inicia capacita\u00e7\u00e3o para fortalecer agroind\u00fastrias familiares","datePublished":"2026-07-13T13:22:47+00:00","mainEntityOfPage":{"@id":"https:\/\/www.encontraparana.com.br\/toledo\/food-capacita-agro-inicia-capacitacao-para-fortalecer-agroindustrias-familiares\/"},"wordCount":856,"commentCount":0,"image":{"@id":"https:\/\/www.encontraparana.com.br\/toledo\/food-capacita-agro-inicia-capacitacao-para-fortalecer-agroindustrias-familiares\/#primaryimage"},"thumbnailUrl":"https:\/\/www.encontraparana.com.br\/toledo\/wp-content\/uploads\/2026\/07\/food-capacita-agro-inicia-capacitacao-para-fortalecer-agroindustrias-familiares.webp","articleSection":["Cursos Toledo"],"inLanguage":"pt-BR","potentialAction":[{"@type":"CommentAction","name":"Comment","target":["https:\/\/www.encontraparana.com.br\/toledo\/food-capacita-agro-inicia-capacitacao-para-fortalecer-agroindustrias-familiares\/#respond"]}]},{"@type":"WebPage","@id":"https:\/\/www.encontraparana.com.br\/toledo\/food-capacita-agro-inicia-capacitacao-para-fortalecer-agroindustrias-familiares\/","url":"https:\/\/www.encontraparana.com.br\/toledo\/food-capacita-agro-inicia-capacitacao-para-fortalecer-agroindustrias-familiares\/","name":"Food Capacita Agro inicia capacita\u00e7\u00e3o para fortalecer agroind\u00fastrias familiares | Guia Comercial de Toledo PR","isPartOf":{"@id":"https:\/\/www.encontraparana.com.br\/toledo\/#website"},"primaryImageOfPage":{"@id":"https:\/\/www.encontraparana.com.br\/toledo\/food-capacita-agro-inicia-capacitacao-para-fortalecer-agroindustrias-familiares\/#primaryimage"},"image":{"@id":"https:\/\/www.encontraparana.com.br\/toledo\/food-capacita-agro-inicia-capacitacao-para-fortalecer-agroindustrias-familiares\/#primaryimage"},"thumbnailUrl":"https:\/\/www.encontraparana.com.br\/toledo\/wp-content\/uploads\/2026\/07\/food-capacita-agro-inicia-capacitacao-para-fortalecer-agroindustrias-familiares.webp","datePublished":"2026-07-13T13:22:47+00:00","author":{"@id":"https:\/\/www.encontraparana.com.br\/toledo\/#\/schema\/person\/3b3bd5c0e2969177418b8c8e4729fd0a"},"inLanguage":"pt-BR","potentialAction":[{"@type":"ReadAction","target":["https:\/\/www.encontraparana.com.br\/toledo\/food-capacita-agro-inicia-capacitacao-para-fortalecer-agroindustrias-familiares\/"]}]},{"@type":"ImageObject","inLanguage":"pt-BR","@id":"https:\/\/www.encontraparana.com.br\/toledo\/food-capacita-agro-inicia-capacitacao-para-fortalecer-agroindustrias-familiares\/#primaryimage","url":"https:\/\/www.encontraparana.com.br\/toledo\/wp-content\/uploads\/2026\/07\/food-capacita-agro-inicia-capacitacao-para-fortalecer-agroindustrias-familiares.webp","contentUrl":"https:\/\/www.encontraparana.com.br\/toledo\/wp-content\/uploads\/2026\/07\/food-capacita-agro-inicia-capacitacao-para-fortalecer-agroindustrias-familiares.webp","width":280,"height":280,"caption":"Food Capacita Agro"},{"@type":"WebSite","@id":"https:\/\/www.encontraparana.com.br\/toledo\/#website","url":"https:\/\/www.encontraparana.com.br\/toledo\/","name":"Guia Comercial de Toledo PR","description":"ENCONTRA TOLEDO - O guia comercial de neg\u00f3cios e empresas, cultura e divers\u00e3o na cidade de Toledo. Feito 100% para voc\u00ea morador!","potentialAction":[{"@type":"SearchAction","target":{"@type":"EntryPoint","urlTemplate":"https:\/\/www.encontraparana.com.br\/toledo\/?s={search_term_string}"},"query-input":{"@type":"PropertyValueSpecification","valueRequired":true,"valueName":"search_term_string"}}],"inLanguage":"pt-BR"},{"@type":"Person","@id":"https:\/\/www.encontraparana.com.br\/toledo\/#\/schema\/person\/3b3bd5c0e2969177418b8c8e4729fd0a","name":"Encontra Toledo","image":{"@type":"ImageObject","inLanguage":"pt-BR","@id":"https:\/\/secure.gravatar.com\/avatar\/c50c17820bcf322f0a8fd6b110b8c0918141409dc69076470f6fca5fee70a5d4?s=96&d=mm&r=g","url":"https:\/\/secure.gravatar.com\/avatar\/c50c17820bcf322f0a8fd6b110b8c0918141409dc69076470f6fca5fee70a5d4?s=96&d=mm&r=g","contentUrl":"https:\/\/secure.gravatar.com\/avatar\/c50c17820bcf322f0a8fd6b110b8c0918141409dc69076470f6fca5fee70a5d4?s=96&d=mm&r=g","caption":"Encontra Toledo"},"url":"https:\/\/www.encontraparana.com.br\/toledo\/author\/encontratoledo\/"}]}},"_links":{"self":[{"href":"https:\/\/www.encontraparana.com.br\/toledo\/wp-json\/wp\/v2\/posts\/5332","targetHints":{"allow":["GET"]}}],"collection":[{"href":"https:\/\/www.encontraparana.com.br\/toledo\/wp-json\/wp\/v2\/posts"}],"about":[{"href":"https:\/\/www.encontraparana.com.br\/toledo\/wp-json\/wp\/v2\/types\/post"}],"author":[{"embeddable":true,"href":"https:\/\/www.encontraparana.com.br\/toledo\/wp-json\/wp\/v2\/users\/1"}],"replies":[{"embeddable":true,"href":"https:\/\/www.encontraparana.com.br\/toledo\/wp-json\/wp\/v2\/comments?post=5332"}],"version-history":[{"count":0,"href":"https:\/\/www.encontraparana.com.br\/toledo\/wp-json\/wp\/v2\/posts\/5332\/revisions"}],"wp:featuredmedia":[{"embeddable":true,"href":"https:\/\/www.encontraparana.com.br\/toledo\/wp-json\/wp\/v2\/media\/5331"}],"wp:attachment":[{"href":"https:\/\/www.encontraparana.com.br\/toledo\/wp-json\/wp\/v2\/media?parent=5332"}],"wp:term":[{"taxonomy":"category","embeddable":true,"href":"https:\/\/www.encontraparana.com.br\/toledo\/wp-json\/wp\/v2\/categories?post=5332"},{"taxonomy":"post_tag","embeddable":true,"href":"https:\/\/www.encontraparana.com.br\/toledo\/wp-json\/wp\/v2\/tags?post=5332"}],"curies":[{"name":"wp","href":"https:\/\/api.w.org\/{rel}","templated":true}]}}