{"id":5340,"date":"2026-07-15T09:29:11","date_gmt":"2026-07-15T12:29:11","guid":{"rendered":"https:\/\/www.encontraparana.com.br\/toledo\/5a-flit-tera-sete-dias-de-programacao-voltada-a-literatura-em-agosto\/"},"modified":"2026-07-15T09:29:11","modified_gmt":"2026-07-15T12:29:11","slug":"5a-flit-tera-sete-dias-de-programacao-voltada-a-literatura-em-agosto","status":"publish","type":"post","link":"https:\/\/www.encontraparana.com.br\/toledo\/5a-flit-tera-sete-dias-de-programacao-voltada-a-literatura-em-agosto\/","title":{"rendered":"5\u00aa FLIT ter\u00e1 sete dias de programa\u00e7\u00e3o voltada \u00e0 literatura em agosto"},"content":{"rendered":"<h2>O que esperar da 5\u00aa FLIT<\/h2>\n<p>A 5\u00aa Festa Liter\u00e1ria de Toledo (FLIT) promete ser um evento marcante no calend\u00e1rio cultural da cidade, com uma extensa programa\u00e7\u00e3o dedicada ao fomento da literatura e das diversas express\u00f5es culturais. De 1\u00ba a 7 de agosto, a festa acontecer\u00e1 em dois locais principais: a Pra\u00e7a Willy Barth e a Biblioteca P\u00fablica Municipal, proporcionando acesso gratuito a todas as atividades programadas. Esta edi\u00e7\u00e3o se destaca por engajar tanto a popula\u00e7\u00e3o quanto os visitantes em um ambiente festivo e educacional.<\/p>\n<h2>Feira do Livro: Um Espa\u00e7o para Todos<\/h2>\n<p>A Feira do Livro ser\u00e1 uma das principais atra\u00e7\u00f5es da 5\u00aa FLIT, funcionando diariamente das 9h \u00e0s 20h. Este espa\u00e7o foi concebido para que leitores de todas as idades possam explorar um vasto acervo de obras liter\u00e1rias, incluindo romances, contos, poesias e publica\u00e7\u00e3o de autores locais. Al\u00e9m disso, a Feira promover\u00e1 a intera\u00e7\u00e3o entre os visitantes e os escritores que poder\u00e3o apresentar suas obras e interagir com o p\u00fablico. As feiras do livro s\u00e3o tamb\u00e9m \u00f3timas oportunidades para incentivar a leitura e a aprecia\u00e7\u00e3o liter\u00e1ria em diversas faixas et\u00e1rias.<\/p>\n<h2>Oficinas Criativas para Inspirar<\/h2>\n<p>As oficinas oferecem uma experi\u00eancia pr\u00e1tica e envolvente, sendo uma excelente oportunidade para aqueles que desejam se aventurar na escrita e nas artes. Entre as atividades programadas, destaca-se a oficina &#8220;Um conto para contar: oficina pr\u00e1tica de escrita&#8221;, que ocorrer\u00e1 no primeiro dia do evento. A participa\u00e7\u00e3o nas oficinas \u00e9 gratuita, mas requer inscri\u00e7\u00e3o pr\u00e9via, uma medida que assegura uma melhor organiza\u00e7\u00e3o e aproveitamento das atividades. Outras oficinas abordar\u00e3o temas como resist\u00eancia feminina na literatura e desnaturaliza\u00e7\u00e3o de estere\u00f3tipos, refletindo a diversidade e a inclus\u00e3o entre os participantes.<\/p>\n<p><img decoding=\"async\" src=\"https:\/\/www.encontraparana.com.br\/toledo\/wp-content\/uploads\/2026\/07\/5-flit-tera-sete-dias-de-programacao-voltada-a-literatura-em-agosto.webp\" alt=\"5\u00aa FLIT\" loading=\"lazy\" \/><\/p>\n<h2>Conta\u00e7\u00f5es de Hist\u00f3rias para Encantar<\/h2>\n<p>A arte de contar hist\u00f3rias ser\u00e1 amplamente explorada durante a FLIT com diversas sess\u00f5es de conta\u00e7\u00e3o que busca encantar tanto crian\u00e7as quanto adultos. As conta\u00e7\u00f5es acontecer\u00e3o em m\u00faltiplos hor\u00e1rios ao longo do evento, proporcionando um espa\u00e7o m\u00e1gico onde a imagina\u00e7\u00e3o pode fluir livremente. Essas atividades n\u00e3o apenas entret\u00eam, mas tamb\u00e9m promovem a oralidade e a tradi\u00e7\u00e3o da narrativa, aquecendo os cora\u00e7\u00f5es dos aficionados por hist\u00f3rias.<\/p>\n<h2>Intera\u00e7\u00f5es com Autores Convidados<\/h2>\n<p>Uma das grandes riquezas da 5\u00aa FLIT ser\u00e1 a presen\u00e7a de autores renomados do cen\u00e1rio nacional, que estar\u00e3o dispon\u00edveis para encontros, palestras e sess\u00f5es de aut\u00f3grafos. A possibilidade de intera\u00e7\u00e3o com escritores proporciona aos participantes uma experi\u00eancia \u00fanica, onde podem trocar ideias e obter insights sobre o processo criativo. As mesas-redondas e bate-papos trar\u00e3o temas relevantes, possibilitando discuss\u00f5es enriquecedoras que podem inspirar novos leitores e escritores. Por exemplo, a mesa-redonda &#8220;Literatura e direitos humanos&#8221; visa fomentar reflex\u00f5es sobre o papel da literatura na promo\u00e7\u00e3o da dignidade e da justi\u00e7a social.<\/p>\n<h2>Microfone Aberto: D\u00ea Voz \u00e0 Sua Arte<\/h2>\n<p>O Microfone Aberto ser\u00e1 uma das plataformas mais din\u00e2micas da 5\u00aa FLIT, permitindo que qualquer pessoa possa se apresentar e compartilhar sua arte em forma de m\u00fasica, poesia, ou performances diversas. O evento ocorrer\u00e1 entre os dias 3 e 6 de agosto, na Feira do Livro. Qualquer pessoa pode se inscrever gratuitamente, e todos t\u00eam a chance de mostrar seu talento por cerca de 15 minutos. Essa atividade n\u00e3o apenas promove a express\u00e3o individual, mas tamb\u00e9m fortalece a comunidade art\u00edstica local, permitindo que talentos emergentes se apresentem em um espa\u00e7o respeitoso e acolhedor.<\/p>\n<h2>Sarau da FLIT: Celebre a Criatividade<\/h2>\n<p>No \u00faltimo dia do evento, ser\u00e1 realizado o Sarau da FLIT, um espa\u00e7o onde poetas, m\u00fasicos e performers poder\u00e3o se apresentar e celebrar a criatividade. Esta atividade ocorrer\u00e1 no dia 7 de agosto, e as apresenta\u00e7\u00f5es tamb\u00e9m ter\u00e3o a mesma dura\u00e7\u00e3o de 15 minutos, aproveitando toda a infraestrutura oferecida pela organiza\u00e7\u00e3o. O Sarau oferecer\u00e1 uma atmosfera de confraterniza\u00e7\u00e3o e interc\u00e2mbio cultural, onde os participantes poder\u00e3o compartilhar suas experi\u00eancias e emo\u00e7\u00f5es atrav\u00e9s da arte.<\/p>\n<h2>Atividades para Crian\u00e7as e Fam\u00edlias<\/h2>\n<p>A inclus\u00e3o de atividades voltadas para crian\u00e7as e fam\u00edlias \u00e9 uma das prioridades desta edi\u00e7\u00e3o da FLIT. Isso garante que o evento seja acess\u00edvel e convidativo para todos os membros da popula\u00e7\u00e3o. Ser\u00e3o programadas conta\u00e7\u00f5es de hist\u00f3rias e apresenta\u00e7\u00f5es culturais especialmente voltadas para o p\u00fablico jovem, a fim de instigar o prazer pela literatura desde a inf\u00e2ncia. Tais iniciativas s\u00e3o essenciais para cultivar uma nova gera\u00e7\u00e3o de leitores em potencial.<\/p>\n<h2>Concurso de Contos e Cr\u00f4nicas<\/h2>\n<p>Um aspecto estimulante da 5\u00aa FLIT \u00e9 a realiza\u00e7\u00e3o de concursos de contos e cr\u00f4nicas, valorizando a produ\u00e7\u00e3o liter\u00e1ria local. A premia\u00e7\u00e3o dos vencedores ser\u00e1 realizada durante o evento, destacando o talento e a criatividade de novos escritores. Esse tipo de competi\u00e7\u00e3o n\u00e3o s\u00f3 enriquece o cen\u00e1rio liter\u00e1rio da cidade, mas tamb\u00e9m incentiva muitos a escrever e compartilhar suas narrativas com o mundo.<\/p>\n<h2>Como Participar e Inscrever-se<\/h2>\n<p>Para participar das atividades da 5\u00aa FLIT, os interessados dever\u00e3o ficar atentos aos prazos de inscri\u00e7\u00e3o, que s\u00e3o disponibilizados por meio do site oficial do evento. A maioria das atividades, como oficinas e Microfone Aberto, requer inscri\u00e7\u00e3o pr\u00e9via, que pode ser feita online. Assim, \u00e9 importante que todos os participantes se organizem e garantam suas vagas para n\u00e3o perder a oportunidade de fazer parte deste grande evento cultural.<\/p>\n<h2>Programa\u00e7\u00e3o Completa da 5\u00aa FLIT<\/h2>\n<p>A programa\u00e7\u00e3o est\u00e1 repleta de eventos que prometem agradar a todos os gostos e faixas et\u00e1rias. \u00c9 essencial que os visitantes conferiram a agenda completa para planejar sua participa\u00e7\u00e3o e aproveitar ao m\u00e1ximo as atividades oferecidas. Cada dia da FLIT proporciona uma riqueza de oportunidades para a troca cultural e o interc\u00e2mbio de ideias, fazendo do evento um marco significativo para todos que amam a literatura e a arte. Confira a gama de eventos, desde feiras de livros, at\u00e9 debates e conta\u00e7\u00f5es, e engaje-se nas m\u00faltiplas experi\u00eancias que a Festa Liter\u00e1ria de Toledo tem a oferecer!<\/p>\n","protected":false},"excerpt":{"rendered":"<p>A 5\u00aa FLIT traz uma programa\u00e7\u00e3o repleta de atividades liter\u00e1rias em Toledo.<\/p>\n","protected":false},"author":1,"featured_media":5339,"comment_status":"open","ping_status":"open","sticky":false,"template":"","format":"standard","meta":{"footnotes":""},"categories":[896],"tags":[],"class_list":["post-5340","post","type-post","status-publish","format-standard","has-post-thumbnail","hentry","category-cursos","has_thumb"],"yoast_head":"<!-- This site is optimized with the Yoast SEO plugin v28.1 - https:\/\/yoast.com\/product\/yoast-seo-wordpress\/ -->\n<title>5\u00aa FLIT ter\u00e1 sete dias de programa\u00e7\u00e3o voltada \u00e0 literatura em agosto | Guia Comercial de Toledo PR<\/title>\n<meta name=\"robots\" content=\"index, follow, max-snippet:-1, max-image-preview:large, max-video-preview:-1\" \/>\n<link rel=\"canonical\" href=\"https:\/\/www.encontraparana.com.br\/toledo\/5a-flit-tera-sete-dias-de-programacao-voltada-a-literatura-em-agosto\/\" \/>\n<meta property=\"og:locale\" content=\"pt_BR\" \/>\n<meta property=\"og:type\" content=\"article\" \/>\n<meta property=\"og:title\" content=\"5\u00aa FLIT ter\u00e1 sete dias de programa\u00e7\u00e3o voltada \u00e0 literatura em agosto | Guia Comercial de Toledo PR\" \/>\n<meta property=\"og:description\" content=\"A 5\u00aa FLIT traz uma programa\u00e7\u00e3o repleta de atividades liter\u00e1rias em Toledo.\" \/>\n<meta property=\"og:url\" content=\"https:\/\/www.encontraparana.com.br\/toledo\/5a-flit-tera-sete-dias-de-programacao-voltada-a-literatura-em-agosto\/\" \/>\n<meta property=\"og:site_name\" content=\"Guia Comercial de Toledo PR\" \/>\n<meta property=\"article:published_time\" content=\"2026-07-15T12:29:11+00:00\" \/>\n<meta property=\"og:image\" content=\"https:\/\/www.encontraparana.com.br\/toledo\/wp-content\/uploads\/2026\/07\/5-flit-tera-sete-dias-de-programacao-voltada-a-literatura-em-agosto.webp\" \/>\n\t<meta property=\"og:image:width\" content=\"280\" \/>\n\t<meta property=\"og:image:height\" content=\"280\" \/>\n\t<meta property=\"og:image:type\" content=\"image\/webp\" \/>\n<meta name=\"author\" content=\"Encontra Toledo\" \/>\n<meta name=\"twitter:card\" content=\"summary_large_image\" \/>\n<meta name=\"twitter:label1\" content=\"Escrito por\" \/>\n\t<meta name=\"twitter:data1\" content=\"Encontra Toledo\" \/>\n\t<meta name=\"twitter:label2\" content=\"Est. tempo de leitura\" \/>\n\t<meta name=\"twitter:data2\" content=\"5 minutos\" \/>\n<script type=\"application\/ld+json\" class=\"yoast-schema-graph\">{\"@context\":\"https:\\\/\\\/schema.org\",\"@graph\":[{\"@type\":\"Article\",\"@id\":\"https:\\\/\\\/www.encontraparana.com.br\\\/toledo\\\/5a-flit-tera-sete-dias-de-programacao-voltada-a-literatura-em-agosto\\\/#article\",\"isPartOf\":{\"@id\":\"https:\\\/\\\/www.encontraparana.com.br\\\/toledo\\\/5a-flit-tera-sete-dias-de-programacao-voltada-a-literatura-em-agosto\\\/\"},\"author\":{\"name\":\"Encontra Toledo\",\"@id\":\"https:\\\/\\\/www.encontraparana.com.br\\\/toledo\\\/#\\\/schema\\\/person\\\/3b3bd5c0e2969177418b8c8e4729fd0a\"},\"headline\":\"5\u00aa FLIT ter\u00e1 sete dias de programa\u00e7\u00e3o voltada \u00e0 literatura em agosto\",\"datePublished\":\"2026-07-15T12:29:11+00:00\",\"mainEntityOfPage\":{\"@id\":\"https:\\\/\\\/www.encontraparana.com.br\\\/toledo\\\/5a-flit-tera-sete-dias-de-programacao-voltada-a-literatura-em-agosto\\\/\"},\"wordCount\":1054,\"commentCount\":0,\"image\":{\"@id\":\"https:\\\/\\\/www.encontraparana.com.br\\\/toledo\\\/5a-flit-tera-sete-dias-de-programacao-voltada-a-literatura-em-agosto\\\/#primaryimage\"},\"thumbnailUrl\":\"https:\\\/\\\/www.encontraparana.com.br\\\/toledo\\\/wp-content\\\/uploads\\\/2026\\\/07\\\/5-flit-tera-sete-dias-de-programacao-voltada-a-literatura-em-agosto.webp\",\"articleSection\":[\"Cursos Toledo\"],\"inLanguage\":\"pt-BR\",\"potentialAction\":[{\"@type\":\"CommentAction\",\"name\":\"Comment\",\"target\":[\"https:\\\/\\\/www.encontraparana.com.br\\\/toledo\\\/5a-flit-tera-sete-dias-de-programacao-voltada-a-literatura-em-agosto\\\/#respond\"]}]},{\"@type\":\"WebPage\",\"@id\":\"https:\\\/\\\/www.encontraparana.com.br\\\/toledo\\\/5a-flit-tera-sete-dias-de-programacao-voltada-a-literatura-em-agosto\\\/\",\"url\":\"https:\\\/\\\/www.encontraparana.com.br\\\/toledo\\\/5a-flit-tera-sete-dias-de-programacao-voltada-a-literatura-em-agosto\\\/\",\"name\":\"5\u00aa FLIT ter\u00e1 sete dias de programa\u00e7\u00e3o voltada \u00e0 literatura em agosto | Guia Comercial de Toledo PR\",\"isPartOf\":{\"@id\":\"https:\\\/\\\/www.encontraparana.com.br\\\/toledo\\\/#website\"},\"primaryImageOfPage\":{\"@id\":\"https:\\\/\\\/www.encontraparana.com.br\\\/toledo\\\/5a-flit-tera-sete-dias-de-programacao-voltada-a-literatura-em-agosto\\\/#primaryimage\"},\"image\":{\"@id\":\"https:\\\/\\\/www.encontraparana.com.br\\\/toledo\\\/5a-flit-tera-sete-dias-de-programacao-voltada-a-literatura-em-agosto\\\/#primaryimage\"},\"thumbnailUrl\":\"https:\\\/\\\/www.encontraparana.com.br\\\/toledo\\\/wp-content\\\/uploads\\\/2026\\\/07\\\/5-flit-tera-sete-dias-de-programacao-voltada-a-literatura-em-agosto.webp\",\"datePublished\":\"2026-07-15T12:29:11+00:00\",\"author\":{\"@id\":\"https:\\\/\\\/www.encontraparana.com.br\\\/toledo\\\/#\\\/schema\\\/person\\\/3b3bd5c0e2969177418b8c8e4729fd0a\"},\"inLanguage\":\"pt-BR\",\"potentialAction\":[{\"@type\":\"ReadAction\",\"target\":[\"https:\\\/\\\/www.encontraparana.com.br\\\/toledo\\\/5a-flit-tera-sete-dias-de-programacao-voltada-a-literatura-em-agosto\\\/\"]}]},{\"@type\":\"ImageObject\",\"inLanguage\":\"pt-BR\",\"@id\":\"https:\\\/\\\/www.encontraparana.com.br\\\/toledo\\\/5a-flit-tera-sete-dias-de-programacao-voltada-a-literatura-em-agosto\\\/#primaryimage\",\"url\":\"https:\\\/\\\/www.encontraparana.com.br\\\/toledo\\\/wp-content\\\/uploads\\\/2026\\\/07\\\/5-flit-tera-sete-dias-de-programacao-voltada-a-literatura-em-agosto.webp\",\"contentUrl\":\"https:\\\/\\\/www.encontraparana.com.br\\\/toledo\\\/wp-content\\\/uploads\\\/2026\\\/07\\\/5-flit-tera-sete-dias-de-programacao-voltada-a-literatura-em-agosto.webp\",\"width\":280,\"height\":280,\"caption\":\"5\u00aa FLIT\"},{\"@type\":\"WebSite\",\"@id\":\"https:\\\/\\\/www.encontraparana.com.br\\\/toledo\\\/#website\",\"url\":\"https:\\\/\\\/www.encontraparana.com.br\\\/toledo\\\/\",\"name\":\"Guia Comercial de Toledo PR\",\"description\":\"ENCONTRA TOLEDO - O guia comercial de neg\u00f3cios e empresas, cultura e divers\u00e3o na cidade de Toledo. Feito 100% para voc\u00ea morador!\",\"potentialAction\":[{\"@type\":\"SearchAction\",\"target\":{\"@type\":\"EntryPoint\",\"urlTemplate\":\"https:\\\/\\\/www.encontraparana.com.br\\\/toledo\\\/?s={search_term_string}\"},\"query-input\":{\"@type\":\"PropertyValueSpecification\",\"valueRequired\":true,\"valueName\":\"search_term_string\"}}],\"inLanguage\":\"pt-BR\"},{\"@type\":\"Person\",\"@id\":\"https:\\\/\\\/www.encontraparana.com.br\\\/toledo\\\/#\\\/schema\\\/person\\\/3b3bd5c0e2969177418b8c8e4729fd0a\",\"name\":\"Encontra Toledo\",\"image\":{\"@type\":\"ImageObject\",\"inLanguage\":\"pt-BR\",\"@id\":\"https:\\\/\\\/secure.gravatar.com\\\/avatar\\\/c50c17820bcf322f0a8fd6b110b8c0918141409dc69076470f6fca5fee70a5d4?s=96&d=mm&r=g\",\"url\":\"https:\\\/\\\/secure.gravatar.com\\\/avatar\\\/c50c17820bcf322f0a8fd6b110b8c0918141409dc69076470f6fca5fee70a5d4?s=96&d=mm&r=g\",\"contentUrl\":\"https:\\\/\\\/secure.gravatar.com\\\/avatar\\\/c50c17820bcf322f0a8fd6b110b8c0918141409dc69076470f6fca5fee70a5d4?s=96&d=mm&r=g\",\"caption\":\"Encontra Toledo\"},\"url\":\"https:\\\/\\\/www.encontraparana.com.br\\\/toledo\\\/author\\\/encontratoledo\\\/\"}]}<\/script>\n<!-- \/ Yoast SEO plugin. -->","yoast_head_json":{"title":"5\u00aa FLIT ter\u00e1 sete dias de programa\u00e7\u00e3o voltada \u00e0 literatura em agosto | Guia Comercial de Toledo PR","robots":{"index":"index","follow":"follow","max-snippet":"max-snippet:-1","max-image-preview":"max-image-preview:large","max-video-preview":"max-video-preview:-1"},"canonical":"https:\/\/www.encontraparana.com.br\/toledo\/5a-flit-tera-sete-dias-de-programacao-voltada-a-literatura-em-agosto\/","og_locale":"pt_BR","og_type":"article","og_title":"5\u00aa FLIT ter\u00e1 sete dias de programa\u00e7\u00e3o voltada \u00e0 literatura em agosto | Guia Comercial de Toledo PR","og_description":"A 5\u00aa FLIT traz uma programa\u00e7\u00e3o repleta de atividades liter\u00e1rias em Toledo.","og_url":"https:\/\/www.encontraparana.com.br\/toledo\/5a-flit-tera-sete-dias-de-programacao-voltada-a-literatura-em-agosto\/","og_site_name":"Guia Comercial de Toledo PR","article_published_time":"2026-07-15T12:29:11+00:00","og_image":[{"width":280,"height":280,"url":"https:\/\/www.encontraparana.com.br\/toledo\/wp-content\/uploads\/2026\/07\/5-flit-tera-sete-dias-de-programacao-voltada-a-literatura-em-agosto.webp","type":"image\/webp"}],"author":"Encontra Toledo","twitter_card":"summary_large_image","twitter_misc":{"Escrito por":"Encontra Toledo","Est. tempo de leitura":"5 minutos"},"schema":{"@context":"https:\/\/schema.org","@graph":[{"@type":"Article","@id":"https:\/\/www.encontraparana.com.br\/toledo\/5a-flit-tera-sete-dias-de-programacao-voltada-a-literatura-em-agosto\/#article","isPartOf":{"@id":"https:\/\/www.encontraparana.com.br\/toledo\/5a-flit-tera-sete-dias-de-programacao-voltada-a-literatura-em-agosto\/"},"author":{"name":"Encontra Toledo","@id":"https:\/\/www.encontraparana.com.br\/toledo\/#\/schema\/person\/3b3bd5c0e2969177418b8c8e4729fd0a"},"headline":"5\u00aa FLIT ter\u00e1 sete dias de programa\u00e7\u00e3o voltada \u00e0 literatura em agosto","datePublished":"2026-07-15T12:29:11+00:00","mainEntityOfPage":{"@id":"https:\/\/www.encontraparana.com.br\/toledo\/5a-flit-tera-sete-dias-de-programacao-voltada-a-literatura-em-agosto\/"},"wordCount":1054,"commentCount":0,"image":{"@id":"https:\/\/www.encontraparana.com.br\/toledo\/5a-flit-tera-sete-dias-de-programacao-voltada-a-literatura-em-agosto\/#primaryimage"},"thumbnailUrl":"https:\/\/www.encontraparana.com.br\/toledo\/wp-content\/uploads\/2026\/07\/5-flit-tera-sete-dias-de-programacao-voltada-a-literatura-em-agosto.webp","articleSection":["Cursos Toledo"],"inLanguage":"pt-BR","potentialAction":[{"@type":"CommentAction","name":"Comment","target":["https:\/\/www.encontraparana.com.br\/toledo\/5a-flit-tera-sete-dias-de-programacao-voltada-a-literatura-em-agosto\/#respond"]}]},{"@type":"WebPage","@id":"https:\/\/www.encontraparana.com.br\/toledo\/5a-flit-tera-sete-dias-de-programacao-voltada-a-literatura-em-agosto\/","url":"https:\/\/www.encontraparana.com.br\/toledo\/5a-flit-tera-sete-dias-de-programacao-voltada-a-literatura-em-agosto\/","name":"5\u00aa FLIT ter\u00e1 sete dias de programa\u00e7\u00e3o voltada \u00e0 literatura em agosto | Guia Comercial de Toledo PR","isPartOf":{"@id":"https:\/\/www.encontraparana.com.br\/toledo\/#website"},"primaryImageOfPage":{"@id":"https:\/\/www.encontraparana.com.br\/toledo\/5a-flit-tera-sete-dias-de-programacao-voltada-a-literatura-em-agosto\/#primaryimage"},"image":{"@id":"https:\/\/www.encontraparana.com.br\/toledo\/5a-flit-tera-sete-dias-de-programacao-voltada-a-literatura-em-agosto\/#primaryimage"},"thumbnailUrl":"https:\/\/www.encontraparana.com.br\/toledo\/wp-content\/uploads\/2026\/07\/5-flit-tera-sete-dias-de-programacao-voltada-a-literatura-em-agosto.webp","datePublished":"2026-07-15T12:29:11+00:00","author":{"@id":"https:\/\/www.encontraparana.com.br\/toledo\/#\/schema\/person\/3b3bd5c0e2969177418b8c8e4729fd0a"},"inLanguage":"pt-BR","potentialAction":[{"@type":"ReadAction","target":["https:\/\/www.encontraparana.com.br\/toledo\/5a-flit-tera-sete-dias-de-programacao-voltada-a-literatura-em-agosto\/"]}]},{"@type":"ImageObject","inLanguage":"pt-BR","@id":"https:\/\/www.encontraparana.com.br\/toledo\/5a-flit-tera-sete-dias-de-programacao-voltada-a-literatura-em-agosto\/#primaryimage","url":"https:\/\/www.encontraparana.com.br\/toledo\/wp-content\/uploads\/2026\/07\/5-flit-tera-sete-dias-de-programacao-voltada-a-literatura-em-agosto.webp","contentUrl":"https:\/\/www.encontraparana.com.br\/toledo\/wp-content\/uploads\/2026\/07\/5-flit-tera-sete-dias-de-programacao-voltada-a-literatura-em-agosto.webp","width":280,"height":280,"caption":"5\u00aa FLIT"},{"@type":"WebSite","@id":"https:\/\/www.encontraparana.com.br\/toledo\/#website","url":"https:\/\/www.encontraparana.com.br\/toledo\/","name":"Guia Comercial de Toledo PR","description":"ENCONTRA TOLEDO - O guia comercial de neg\u00f3cios e empresas, cultura e divers\u00e3o na cidade de Toledo. Feito 100% para voc\u00ea morador!","potentialAction":[{"@type":"SearchAction","target":{"@type":"EntryPoint","urlTemplate":"https:\/\/www.encontraparana.com.br\/toledo\/?s={search_term_string}"},"query-input":{"@type":"PropertyValueSpecification","valueRequired":true,"valueName":"search_term_string"}}],"inLanguage":"pt-BR"},{"@type":"Person","@id":"https:\/\/www.encontraparana.com.br\/toledo\/#\/schema\/person\/3b3bd5c0e2969177418b8c8e4729fd0a","name":"Encontra Toledo","image":{"@type":"ImageObject","inLanguage":"pt-BR","@id":"https:\/\/secure.gravatar.com\/avatar\/c50c17820bcf322f0a8fd6b110b8c0918141409dc69076470f6fca5fee70a5d4?s=96&d=mm&r=g","url":"https:\/\/secure.gravatar.com\/avatar\/c50c17820bcf322f0a8fd6b110b8c0918141409dc69076470f6fca5fee70a5d4?s=96&d=mm&r=g","contentUrl":"https:\/\/secure.gravatar.com\/avatar\/c50c17820bcf322f0a8fd6b110b8c0918141409dc69076470f6fca5fee70a5d4?s=96&d=mm&r=g","caption":"Encontra Toledo"},"url":"https:\/\/www.encontraparana.com.br\/toledo\/author\/encontratoledo\/"}]}},"_links":{"self":[{"href":"https:\/\/www.encontraparana.com.br\/toledo\/wp-json\/wp\/v2\/posts\/5340","targetHints":{"allow":["GET"]}}],"collection":[{"href":"https:\/\/www.encontraparana.com.br\/toledo\/wp-json\/wp\/v2\/posts"}],"about":[{"href":"https:\/\/www.encontraparana.com.br\/toledo\/wp-json\/wp\/v2\/types\/post"}],"author":[{"embeddable":true,"href":"https:\/\/www.encontraparana.com.br\/toledo\/wp-json\/wp\/v2\/users\/1"}],"replies":[{"embeddable":true,"href":"https:\/\/www.encontraparana.com.br\/toledo\/wp-json\/wp\/v2\/comments?post=5340"}],"version-history":[{"count":0,"href":"https:\/\/www.encontraparana.com.br\/toledo\/wp-json\/wp\/v2\/posts\/5340\/revisions"}],"wp:featuredmedia":[{"embeddable":true,"href":"https:\/\/www.encontraparana.com.br\/toledo\/wp-json\/wp\/v2\/media\/5339"}],"wp:attachment":[{"href":"https:\/\/www.encontraparana.com.br\/toledo\/wp-json\/wp\/v2\/media?parent=5340"}],"wp:term":[{"taxonomy":"category","embeddable":true,"href":"https:\/\/www.encontraparana.com.br\/toledo\/wp-json\/wp\/v2\/categories?post=5340"},{"taxonomy":"post_tag","embeddable":true,"href":"https:\/\/www.encontraparana.com.br\/toledo\/wp-json\/wp\/v2\/tags?post=5340"}],"curies":[{"name":"wp","href":"https:\/\/api.w.org\/{rel}","templated":true}]}}