{"id":5366,"date":"2026-07-19T03:02:54","date_gmt":"2026-07-19T06:02:54","guid":{"rendered":"https:\/\/www.encontraparana.com.br\/toledo\/com-almocos-a-venda-2a-festa-do-agricultor-de-toledo-tera-desfile-de-tratores\/"},"modified":"2026-07-19T03:02:54","modified_gmt":"2026-07-19T06:02:54","slug":"com-almocos-a-venda-2a-festa-do-agricultor-de-toledo-tera-desfile-de-tratores","status":"publish","type":"post","link":"https:\/\/www.encontraparana.com.br\/toledo\/com-almocos-a-venda-2a-festa-do-agricultor-de-toledo-tera-desfile-de-tratores\/","title":{"rendered":"Com almo\u00e7os \u00e0 venda, 2\u00aa Festa do Agricultor de Toledo ter\u00e1 desfile de tratores"},"content":{"rendered":"<h2>Data e Hor\u00e1rio da Festa do Agricultor<\/h2>\n<p>A 2\u00aa Festa do Agricultor de Toledo est\u00e1 agendada para o dia 25 de julho, um s\u00e1bado, onde ser\u00e1 realizado um desfile de tratores \u00e0 partir das 9h no Parque Ecol\u00f3gico Diva Paim Barth. Este evento especial ser\u00e1 encerrado ao meio-dia no Centro de Eventos Ismael Sperafico, onde tamb\u00e9m ter\u00e1 in\u00edcio o almo\u00e7o, programado para come\u00e7ar \u00e0s 11h.<\/p>\n<h2>O Que Esperar do Desfile de Tratores<\/h2>\n<p>O desfile de tratores \u00e9 uma das principais atra\u00e7\u00f5es da festa, proporcionando \u00e0 comunidade uma oportunidade de ver de perto as m\u00e1quinas que desempenham um papel vital na agricultura local. Este evento tem como objetivo celebrar a import\u00e2ncia dos agricultores e sua contribui\u00e7\u00e3o para a sociedade. Tratores de diversos tamanhos e modelos estar\u00e3o em exibi\u00e7\u00e3o, demonstrando a evolu\u00e7\u00e3o da tecnologia agr\u00edcola ao longo dos anos.<\/p>\n<h2>Ingressos para o Almo\u00e7o T\u00edpico<\/h2>\n<p>Os ingressos para o almo\u00e7o da festa est\u00e3o \u00e0 venda por R$ 60,00 e podem ser adquiridos em quatro pontos de venda, que incluem a Secretaria Municipal da Agricultura e Prote\u00edna Animal, o Sindicato dos Trabalhadores da Agricultura Familiar (Staf), o Sindicato Rural de Toledo e a Associa\u00e7\u00e3o Regional de Suinocultores do Oeste (Assuinoeste). Os participantes s\u00e3o incentivados a levar seus pr\u00f3prios pratos e talheres para o evento.<\/p>\n<p><img decoding=\"async\" src=\"https:\/\/www.encontraparana.com.br\/toledo\/wp-content\/uploads\/2026\/07\/com-almocos-a-venda-2-festa-do-agricultor-de-toledo-tera-desfile-de-tratores.webp\" alt=\"Festa do Agricultor de Toledo\" loading=\"lazy\" \/><\/p>\n<h2>Pratos T\u00edpicos das Comunidades Participantes<\/h2>\n<p>Durante o almo\u00e7o, cada comunidade representar\u00e1 sua heran\u00e7a culin\u00e1ria com pratos tradicionais. A variedade de alimentos dispon\u00edveis incluir\u00e1:<\/p>\n<ul>\n<li><strong>Conc\u00f3rdia do Oeste:<\/strong> Porco desossado grelhado<\/li>\n<li><strong>S\u00e3o Luiz do Oeste:<\/strong> Costel\u00e3o fogo de ch\u00e3o<\/li>\n<li><strong>Novo Sarandi:<\/strong> Leit\u00e3o \u00e0 Sarandi<\/li>\n<li><strong>Vila Nova:<\/strong> Leit\u00e3o assado na estufa<\/li>\n<li><strong>Clube Ca\u00e7a e Pesca:<\/strong> Porco no rolete<\/li>\n<li><strong>Xaxim:<\/strong> Leit\u00e3o desossado \u00e0 Xaxim<\/li>\n<li><strong>Ouro Preto:<\/strong> Carne bovina e frango<\/li>\n<\/ul>\n<p>Al\u00e9m dos pratos principais, acompanhamentos como salada de tomate com cebola, repolho, mandioca, arroz e cuca estar\u00e3o dispon\u00edveis para todos os gostos.<\/p>\n<h2>Homenagens a Fam\u00edlias Tradicionais<\/h2>\n<p>Um aspecto tocante da festa ser\u00e1 a homenagem a fam\u00edlias que t\u00eam gera\u00e7\u00f5es de agricultores residindo na mesma propriedade. Durante o almo\u00e7o, trof\u00e9us ser\u00e3o entregues a essas fam\u00edlias, destacando a relev\u00e2ncia do legado familiar na agricultura. O tema deste ano \u00e9 &#8220;O amor pela terra de gera\u00e7\u00e3o em gera\u00e7\u00e3o&#8221;, conforme explica Daliana Uemura, diretora de Desenvolvimento Agropecu\u00e1rio e Abastecimento da Smap. As indica\u00e7\u00f5es para as homenagens vir\u00e3o dos sindicatos e associa\u00e7\u00f5es que est\u00e3o envolvidos em cadeias produtivas da prote\u00edna animal.<\/p>\n<h2>Atividades e Entretenimento Durante o Evento<\/h2>\n<p>Al\u00e9m do desfile e do almo\u00e7o, o evento contar\u00e1 com v\u00e1rias atividades que prometem entreter o p\u00fablico. Shows de m\u00fasica ao vivo, exposi\u00e7\u00f5es de produtos agr\u00edcolas e intera\u00e7\u00f5es com agricultores locais s\u00e3o apenas algumas das op\u00e7\u00f5es que estar\u00e3o dispon\u00edveis para as pessoas que participarem. Assim, a festa se torna uma \u00f3tima oportunidade para aprender sobre a agricultura e apreciar a cultura local.<\/p>\n<h2>Import\u00e2ncia da Agricultura para Toledo<\/h2>\n<p>A festa \u00e9 promovida pela Secretaria Municipal da Agricultura e Prote\u00edna Animal com o apoio de diversas entidades locais, refletindo a import\u00e2ncia da agricultura para a economia de Toledo. O evento n\u00e3o apenas valoriza o trabalho \u00e1rduo dos agricultores, mas tamb\u00e9m educa a comunidade sobre a relev\u00e2ncia do setor agr\u00edcola para o desenvolvimento econ\u00f4mico e social da cidade.<\/p>\n<h2>Como Participar da 2\u00aa Festa do Agricultor<\/h2>\n<p>Participar da festa \u00e9 uma excelente maneira de se envolver com a sua comunidade e apoiar os agricultores locais. Adquirindo o ingresso para o almo\u00e7o, os participantes n\u00e3o apenas desfrutam de uma refei\u00e7\u00e3o deliciosa, mas tamb\u00e9m t\u00eam a chance de se conectar com outros membros da comunidade e trocar experi\u00eancias sobre a vida rural.<\/p>\n<h2>Apoio das Entidades Locais<\/h2>\n<p>O sucesso da 2\u00aa Festa do Agricultor \u00e9 resultado da colabora\u00e7\u00e3o entre diversas institui\u00e7\u00f5es, incluindo o Sindicato Rural de Toledo, a Associa\u00e7\u00e3o Regional de Suinocultores do Oeste e cooperativas de agricultores. Essa uni\u00e3o \u00e9 fundamental para promover as atividades agr\u00edcolas e fortalecer o setor no munic\u00edpio.<\/p>\n<h2>Expectativa de P\u00fablico e Impacto na Comunidade<\/h2>\n<p>A expectativa \u00e9 que aproximadamente 1.000 pessoas compare\u00e7am ao evento, incluindo agricultores, suas fam\u00edlias, l\u00edderes comunit\u00e1rios e autoridades locais. A participa\u00e7\u00e3o em massa no evento refor\u00e7a a import\u00e2ncia do setor agr\u00edcola e promove a integra\u00e7\u00e3o entre as comunidades urbanas e rurais, destacando a relev\u00e2ncia da agricultura para a identidade de Toledo.<\/p>\n","protected":false},"excerpt":{"rendered":"<p>A 2\u00aa Festa do Agricultor de Toledo ter\u00e1 desfile de tratores e almo\u00e7os t\u00edpicos dispon\u00edveis para venda.<\/p>\n","protected":false},"author":1,"featured_media":5365,"comment_status":"open","ping_status":"open","sticky":false,"template":"","format":"standard","meta":{"footnotes":""},"categories":[897],"tags":[],"class_list":["post-5366","post","type-post","status-publish","format-standard","has-post-thumbnail","hentry","category-eventos","has_thumb"],"yoast_head":"<!-- This site is optimized with the Yoast SEO plugin v28.1 - https:\/\/yoast.com\/product\/yoast-seo-wordpress\/ -->\n<title>Com almo\u00e7os \u00e0 venda, 2\u00aa Festa do Agricultor de Toledo ter\u00e1 desfile de tratores | Guia Comercial de Toledo PR<\/title>\n<meta name=\"robots\" content=\"index, follow, max-snippet:-1, max-image-preview:large, max-video-preview:-1\" \/>\n<link rel=\"canonical\" href=\"https:\/\/www.encontraparana.com.br\/toledo\/com-almocos-a-venda-2a-festa-do-agricultor-de-toledo-tera-desfile-de-tratores\/\" \/>\n<meta property=\"og:locale\" content=\"pt_BR\" \/>\n<meta property=\"og:type\" content=\"article\" \/>\n<meta property=\"og:title\" content=\"Com almo\u00e7os \u00e0 venda, 2\u00aa Festa do Agricultor de Toledo ter\u00e1 desfile de tratores | Guia Comercial de Toledo PR\" \/>\n<meta property=\"og:description\" content=\"A 2\u00aa Festa do Agricultor de Toledo ter\u00e1 desfile de tratores e almo\u00e7os t\u00edpicos dispon\u00edveis para venda.\" \/>\n<meta property=\"og:url\" content=\"https:\/\/www.encontraparana.com.br\/toledo\/com-almocos-a-venda-2a-festa-do-agricultor-de-toledo-tera-desfile-de-tratores\/\" \/>\n<meta property=\"og:site_name\" content=\"Guia Comercial de Toledo PR\" \/>\n<meta property=\"article:published_time\" content=\"2026-07-19T06:02:54+00:00\" \/>\n<meta property=\"og:image\" content=\"https:\/\/www.encontraparana.com.br\/toledo\/wp-content\/uploads\/2026\/07\/com-almocos-a-venda-2-festa-do-agricultor-de-toledo-tera-desfile-de-tratores.webp\" \/>\n\t<meta property=\"og:image:width\" content=\"280\" \/>\n\t<meta property=\"og:image:height\" content=\"280\" \/>\n\t<meta property=\"og:image:type\" content=\"image\/webp\" \/>\n<meta name=\"author\" content=\"Encontra Toledo\" \/>\n<meta name=\"twitter:card\" content=\"summary_large_image\" \/>\n<meta name=\"twitter:label1\" content=\"Escrito por\" \/>\n\t<meta name=\"twitter:data1\" content=\"Encontra Toledo\" \/>\n\t<meta name=\"twitter:label2\" content=\"Est. tempo de leitura\" \/>\n\t<meta name=\"twitter:data2\" content=\"4 minutos\" \/>\n<script type=\"application\/ld+json\" class=\"yoast-schema-graph\">{\"@context\":\"https:\\\/\\\/schema.org\",\"@graph\":[{\"@type\":\"Article\",\"@id\":\"https:\\\/\\\/www.encontraparana.com.br\\\/toledo\\\/com-almocos-a-venda-2a-festa-do-agricultor-de-toledo-tera-desfile-de-tratores\\\/#article\",\"isPartOf\":{\"@id\":\"https:\\\/\\\/www.encontraparana.com.br\\\/toledo\\\/com-almocos-a-venda-2a-festa-do-agricultor-de-toledo-tera-desfile-de-tratores\\\/\"},\"author\":{\"name\":\"Encontra Toledo\",\"@id\":\"https:\\\/\\\/www.encontraparana.com.br\\\/toledo\\\/#\\\/schema\\\/person\\\/3b3bd5c0e2969177418b8c8e4729fd0a\"},\"headline\":\"Com almo\u00e7os \u00e0 venda, 2\u00aa Festa do Agricultor de Toledo ter\u00e1 desfile de tratores\",\"datePublished\":\"2026-07-19T06:02:54+00:00\",\"mainEntityOfPage\":{\"@id\":\"https:\\\/\\\/www.encontraparana.com.br\\\/toledo\\\/com-almocos-a-venda-2a-festa-do-agricultor-de-toledo-tera-desfile-de-tratores\\\/\"},\"wordCount\":776,\"commentCount\":0,\"image\":{\"@id\":\"https:\\\/\\\/www.encontraparana.com.br\\\/toledo\\\/com-almocos-a-venda-2a-festa-do-agricultor-de-toledo-tera-desfile-de-tratores\\\/#primaryimage\"},\"thumbnailUrl\":\"https:\\\/\\\/www.encontraparana.com.br\\\/toledo\\\/wp-content\\\/uploads\\\/2026\\\/07\\\/com-almocos-a-venda-2-festa-do-agricultor-de-toledo-tera-desfile-de-tratores.webp\",\"articleSection\":[\"Eventos Toledo\"],\"inLanguage\":\"pt-BR\",\"potentialAction\":[{\"@type\":\"CommentAction\",\"name\":\"Comment\",\"target\":[\"https:\\\/\\\/www.encontraparana.com.br\\\/toledo\\\/com-almocos-a-venda-2a-festa-do-agricultor-de-toledo-tera-desfile-de-tratores\\\/#respond\"]}]},{\"@type\":\"WebPage\",\"@id\":\"https:\\\/\\\/www.encontraparana.com.br\\\/toledo\\\/com-almocos-a-venda-2a-festa-do-agricultor-de-toledo-tera-desfile-de-tratores\\\/\",\"url\":\"https:\\\/\\\/www.encontraparana.com.br\\\/toledo\\\/com-almocos-a-venda-2a-festa-do-agricultor-de-toledo-tera-desfile-de-tratores\\\/\",\"name\":\"Com almo\u00e7os \u00e0 venda, 2\u00aa Festa do Agricultor de Toledo ter\u00e1 desfile de tratores | Guia Comercial de Toledo PR\",\"isPartOf\":{\"@id\":\"https:\\\/\\\/www.encontraparana.com.br\\\/toledo\\\/#website\"},\"primaryImageOfPage\":{\"@id\":\"https:\\\/\\\/www.encontraparana.com.br\\\/toledo\\\/com-almocos-a-venda-2a-festa-do-agricultor-de-toledo-tera-desfile-de-tratores\\\/#primaryimage\"},\"image\":{\"@id\":\"https:\\\/\\\/www.encontraparana.com.br\\\/toledo\\\/com-almocos-a-venda-2a-festa-do-agricultor-de-toledo-tera-desfile-de-tratores\\\/#primaryimage\"},\"thumbnailUrl\":\"https:\\\/\\\/www.encontraparana.com.br\\\/toledo\\\/wp-content\\\/uploads\\\/2026\\\/07\\\/com-almocos-a-venda-2-festa-do-agricultor-de-toledo-tera-desfile-de-tratores.webp\",\"datePublished\":\"2026-07-19T06:02:54+00:00\",\"author\":{\"@id\":\"https:\\\/\\\/www.encontraparana.com.br\\\/toledo\\\/#\\\/schema\\\/person\\\/3b3bd5c0e2969177418b8c8e4729fd0a\"},\"inLanguage\":\"pt-BR\",\"potentialAction\":[{\"@type\":\"ReadAction\",\"target\":[\"https:\\\/\\\/www.encontraparana.com.br\\\/toledo\\\/com-almocos-a-venda-2a-festa-do-agricultor-de-toledo-tera-desfile-de-tratores\\\/\"]}]},{\"@type\":\"ImageObject\",\"inLanguage\":\"pt-BR\",\"@id\":\"https:\\\/\\\/www.encontraparana.com.br\\\/toledo\\\/com-almocos-a-venda-2a-festa-do-agricultor-de-toledo-tera-desfile-de-tratores\\\/#primaryimage\",\"url\":\"https:\\\/\\\/www.encontraparana.com.br\\\/toledo\\\/wp-content\\\/uploads\\\/2026\\\/07\\\/com-almocos-a-venda-2-festa-do-agricultor-de-toledo-tera-desfile-de-tratores.webp\",\"contentUrl\":\"https:\\\/\\\/www.encontraparana.com.br\\\/toledo\\\/wp-content\\\/uploads\\\/2026\\\/07\\\/com-almocos-a-venda-2-festa-do-agricultor-de-toledo-tera-desfile-de-tratores.webp\",\"width\":280,\"height\":280,\"caption\":\"Festa do Agricultor de Toledo\"},{\"@type\":\"WebSite\",\"@id\":\"https:\\\/\\\/www.encontraparana.com.br\\\/toledo\\\/#website\",\"url\":\"https:\\\/\\\/www.encontraparana.com.br\\\/toledo\\\/\",\"name\":\"Guia Comercial de Toledo PR\",\"description\":\"ENCONTRA TOLEDO - O guia comercial de neg\u00f3cios e empresas, cultura e divers\u00e3o na cidade de Toledo. Feito 100% para voc\u00ea morador!\",\"potentialAction\":[{\"@type\":\"SearchAction\",\"target\":{\"@type\":\"EntryPoint\",\"urlTemplate\":\"https:\\\/\\\/www.encontraparana.com.br\\\/toledo\\\/?s={search_term_string}\"},\"query-input\":{\"@type\":\"PropertyValueSpecification\",\"valueRequired\":true,\"valueName\":\"search_term_string\"}}],\"inLanguage\":\"pt-BR\"},{\"@type\":\"Person\",\"@id\":\"https:\\\/\\\/www.encontraparana.com.br\\\/toledo\\\/#\\\/schema\\\/person\\\/3b3bd5c0e2969177418b8c8e4729fd0a\",\"name\":\"Encontra Toledo\",\"image\":{\"@type\":\"ImageObject\",\"inLanguage\":\"pt-BR\",\"@id\":\"https:\\\/\\\/secure.gravatar.com\\\/avatar\\\/c50c17820bcf322f0a8fd6b110b8c0918141409dc69076470f6fca5fee70a5d4?s=96&d=mm&r=g\",\"url\":\"https:\\\/\\\/secure.gravatar.com\\\/avatar\\\/c50c17820bcf322f0a8fd6b110b8c0918141409dc69076470f6fca5fee70a5d4?s=96&d=mm&r=g\",\"contentUrl\":\"https:\\\/\\\/secure.gravatar.com\\\/avatar\\\/c50c17820bcf322f0a8fd6b110b8c0918141409dc69076470f6fca5fee70a5d4?s=96&d=mm&r=g\",\"caption\":\"Encontra Toledo\"},\"url\":\"https:\\\/\\\/www.encontraparana.com.br\\\/toledo\\\/author\\\/encontratoledo\\\/\"}]}<\/script>\n<!-- \/ Yoast SEO plugin. -->","yoast_head_json":{"title":"Com almo\u00e7os \u00e0 venda, 2\u00aa Festa do Agricultor de Toledo ter\u00e1 desfile de tratores | Guia Comercial de Toledo PR","robots":{"index":"index","follow":"follow","max-snippet":"max-snippet:-1","max-image-preview":"max-image-preview:large","max-video-preview":"max-video-preview:-1"},"canonical":"https:\/\/www.encontraparana.com.br\/toledo\/com-almocos-a-venda-2a-festa-do-agricultor-de-toledo-tera-desfile-de-tratores\/","og_locale":"pt_BR","og_type":"article","og_title":"Com almo\u00e7os \u00e0 venda, 2\u00aa Festa do Agricultor de Toledo ter\u00e1 desfile de tratores | Guia Comercial de Toledo PR","og_description":"A 2\u00aa Festa do Agricultor de Toledo ter\u00e1 desfile de tratores e almo\u00e7os t\u00edpicos dispon\u00edveis para venda.","og_url":"https:\/\/www.encontraparana.com.br\/toledo\/com-almocos-a-venda-2a-festa-do-agricultor-de-toledo-tera-desfile-de-tratores\/","og_site_name":"Guia Comercial de Toledo PR","article_published_time":"2026-07-19T06:02:54+00:00","og_image":[{"width":280,"height":280,"url":"https:\/\/www.encontraparana.com.br\/toledo\/wp-content\/uploads\/2026\/07\/com-almocos-a-venda-2-festa-do-agricultor-de-toledo-tera-desfile-de-tratores.webp","type":"image\/webp"}],"author":"Encontra Toledo","twitter_card":"summary_large_image","twitter_misc":{"Escrito por":"Encontra Toledo","Est. tempo de leitura":"4 minutos"},"schema":{"@context":"https:\/\/schema.org","@graph":[{"@type":"Article","@id":"https:\/\/www.encontraparana.com.br\/toledo\/com-almocos-a-venda-2a-festa-do-agricultor-de-toledo-tera-desfile-de-tratores\/#article","isPartOf":{"@id":"https:\/\/www.encontraparana.com.br\/toledo\/com-almocos-a-venda-2a-festa-do-agricultor-de-toledo-tera-desfile-de-tratores\/"},"author":{"name":"Encontra Toledo","@id":"https:\/\/www.encontraparana.com.br\/toledo\/#\/schema\/person\/3b3bd5c0e2969177418b8c8e4729fd0a"},"headline":"Com almo\u00e7os \u00e0 venda, 2\u00aa Festa do Agricultor de Toledo ter\u00e1 desfile de tratores","datePublished":"2026-07-19T06:02:54+00:00","mainEntityOfPage":{"@id":"https:\/\/www.encontraparana.com.br\/toledo\/com-almocos-a-venda-2a-festa-do-agricultor-de-toledo-tera-desfile-de-tratores\/"},"wordCount":776,"commentCount":0,"image":{"@id":"https:\/\/www.encontraparana.com.br\/toledo\/com-almocos-a-venda-2a-festa-do-agricultor-de-toledo-tera-desfile-de-tratores\/#primaryimage"},"thumbnailUrl":"https:\/\/www.encontraparana.com.br\/toledo\/wp-content\/uploads\/2026\/07\/com-almocos-a-venda-2-festa-do-agricultor-de-toledo-tera-desfile-de-tratores.webp","articleSection":["Eventos Toledo"],"inLanguage":"pt-BR","potentialAction":[{"@type":"CommentAction","name":"Comment","target":["https:\/\/www.encontraparana.com.br\/toledo\/com-almocos-a-venda-2a-festa-do-agricultor-de-toledo-tera-desfile-de-tratores\/#respond"]}]},{"@type":"WebPage","@id":"https:\/\/www.encontraparana.com.br\/toledo\/com-almocos-a-venda-2a-festa-do-agricultor-de-toledo-tera-desfile-de-tratores\/","url":"https:\/\/www.encontraparana.com.br\/toledo\/com-almocos-a-venda-2a-festa-do-agricultor-de-toledo-tera-desfile-de-tratores\/","name":"Com almo\u00e7os \u00e0 venda, 2\u00aa Festa do Agricultor de Toledo ter\u00e1 desfile de tratores | Guia Comercial de Toledo PR","isPartOf":{"@id":"https:\/\/www.encontraparana.com.br\/toledo\/#website"},"primaryImageOfPage":{"@id":"https:\/\/www.encontraparana.com.br\/toledo\/com-almocos-a-venda-2a-festa-do-agricultor-de-toledo-tera-desfile-de-tratores\/#primaryimage"},"image":{"@id":"https:\/\/www.encontraparana.com.br\/toledo\/com-almocos-a-venda-2a-festa-do-agricultor-de-toledo-tera-desfile-de-tratores\/#primaryimage"},"thumbnailUrl":"https:\/\/www.encontraparana.com.br\/toledo\/wp-content\/uploads\/2026\/07\/com-almocos-a-venda-2-festa-do-agricultor-de-toledo-tera-desfile-de-tratores.webp","datePublished":"2026-07-19T06:02:54+00:00","author":{"@id":"https:\/\/www.encontraparana.com.br\/toledo\/#\/schema\/person\/3b3bd5c0e2969177418b8c8e4729fd0a"},"inLanguage":"pt-BR","potentialAction":[{"@type":"ReadAction","target":["https:\/\/www.encontraparana.com.br\/toledo\/com-almocos-a-venda-2a-festa-do-agricultor-de-toledo-tera-desfile-de-tratores\/"]}]},{"@type":"ImageObject","inLanguage":"pt-BR","@id":"https:\/\/www.encontraparana.com.br\/toledo\/com-almocos-a-venda-2a-festa-do-agricultor-de-toledo-tera-desfile-de-tratores\/#primaryimage","url":"https:\/\/www.encontraparana.com.br\/toledo\/wp-content\/uploads\/2026\/07\/com-almocos-a-venda-2-festa-do-agricultor-de-toledo-tera-desfile-de-tratores.webp","contentUrl":"https:\/\/www.encontraparana.com.br\/toledo\/wp-content\/uploads\/2026\/07\/com-almocos-a-venda-2-festa-do-agricultor-de-toledo-tera-desfile-de-tratores.webp","width":280,"height":280,"caption":"Festa do Agricultor de Toledo"},{"@type":"WebSite","@id":"https:\/\/www.encontraparana.com.br\/toledo\/#website","url":"https:\/\/www.encontraparana.com.br\/toledo\/","name":"Guia Comercial de Toledo PR","description":"ENCONTRA TOLEDO - O guia comercial de neg\u00f3cios e empresas, cultura e divers\u00e3o na cidade de Toledo. Feito 100% para voc\u00ea morador!","potentialAction":[{"@type":"SearchAction","target":{"@type":"EntryPoint","urlTemplate":"https:\/\/www.encontraparana.com.br\/toledo\/?s={search_term_string}"},"query-input":{"@type":"PropertyValueSpecification","valueRequired":true,"valueName":"search_term_string"}}],"inLanguage":"pt-BR"},{"@type":"Person","@id":"https:\/\/www.encontraparana.com.br\/toledo\/#\/schema\/person\/3b3bd5c0e2969177418b8c8e4729fd0a","name":"Encontra Toledo","image":{"@type":"ImageObject","inLanguage":"pt-BR","@id":"https:\/\/secure.gravatar.com\/avatar\/c50c17820bcf322f0a8fd6b110b8c0918141409dc69076470f6fca5fee70a5d4?s=96&d=mm&r=g","url":"https:\/\/secure.gravatar.com\/avatar\/c50c17820bcf322f0a8fd6b110b8c0918141409dc69076470f6fca5fee70a5d4?s=96&d=mm&r=g","contentUrl":"https:\/\/secure.gravatar.com\/avatar\/c50c17820bcf322f0a8fd6b110b8c0918141409dc69076470f6fca5fee70a5d4?s=96&d=mm&r=g","caption":"Encontra Toledo"},"url":"https:\/\/www.encontraparana.com.br\/toledo\/author\/encontratoledo\/"}]}},"_links":{"self":[{"href":"https:\/\/www.encontraparana.com.br\/toledo\/wp-json\/wp\/v2\/posts\/5366","targetHints":{"allow":["GET"]}}],"collection":[{"href":"https:\/\/www.encontraparana.com.br\/toledo\/wp-json\/wp\/v2\/posts"}],"about":[{"href":"https:\/\/www.encontraparana.com.br\/toledo\/wp-json\/wp\/v2\/types\/post"}],"author":[{"embeddable":true,"href":"https:\/\/www.encontraparana.com.br\/toledo\/wp-json\/wp\/v2\/users\/1"}],"replies":[{"embeddable":true,"href":"https:\/\/www.encontraparana.com.br\/toledo\/wp-json\/wp\/v2\/comments?post=5366"}],"version-history":[{"count":0,"href":"https:\/\/www.encontraparana.com.br\/toledo\/wp-json\/wp\/v2\/posts\/5366\/revisions"}],"wp:featuredmedia":[{"embeddable":true,"href":"https:\/\/www.encontraparana.com.br\/toledo\/wp-json\/wp\/v2\/media\/5365"}],"wp:attachment":[{"href":"https:\/\/www.encontraparana.com.br\/toledo\/wp-json\/wp\/v2\/media?parent=5366"}],"wp:term":[{"taxonomy":"category","embeddable":true,"href":"https:\/\/www.encontraparana.com.br\/toledo\/wp-json\/wp\/v2\/categories?post=5366"},{"taxonomy":"post_tag","embeddable":true,"href":"https:\/\/www.encontraparana.com.br\/toledo\/wp-json\/wp\/v2\/tags?post=5366"}],"curies":[{"name":"wp","href":"https:\/\/api.w.org\/{rel}","templated":true}]}}