{"id":5374,"date":"2026-07-20T16:10:41","date_gmt":"2026-07-20T19:10:41","guid":{"rendered":"https:\/\/www.encontraparana.com.br\/toledo\/toledo-promove-capacitacao-tecnica-em-comercializacao-de-produtos\/"},"modified":"2026-07-20T16:10:41","modified_gmt":"2026-07-20T19:10:41","slug":"toledo-promove-capacitacao-tecnica-em-comercializacao-de-produtos","status":"publish","type":"post","link":"https:\/\/www.encontraparana.com.br\/toledo\/toledo-promove-capacitacao-tecnica-em-comercializacao-de-produtos\/","title":{"rendered":"Toledo promove capacita\u00e7\u00e3o t\u00e9cnica em comercializa\u00e7\u00e3o de produtos"},"content":{"rendered":"<h2>A Capacita\u00e7\u00e3o T\u00e9cnica em Comercializa\u00e7\u00e3o de Produtos<\/h2>\n<p>Em Toledo, ser\u00e3o oferecidas oportunidades valiosas para propriet\u00e1rios, respons\u00e1veis legais e gestores de estabelecimentos que atuam na venda de produtos aliment\u00edcios de origem animal e vegetal. A capacita\u00e7\u00e3o t\u00e9cnica, organizada pela Secretaria Municipal da Sa\u00fade, com o aux\u00edlio da Vigil\u00e2ncia Sanit\u00e1ria, e pela Secretaria Municipal da Agricultura e Prote\u00edna Animal atrav\u00e9s do Servi\u00e7o de Inspe\u00e7\u00e3o Municipal (SIM), visa aprimorar as habilidades e conhecimentos sobre a comercializa\u00e7\u00e3o desses produtos. Este curso est\u00e1 programado para o audit\u00f3rio do Centro de Eventos Ismael Sperafico, com duas op\u00e7\u00f5es de datas: a primeira acontece na ter\u00e7a-feira (21), das 8h \u00e0s 9h30, e a segunda no dia 30, das 20h \u00e0s 21h30.<\/p>\n<h2>Objetivos da Capacita\u00e7\u00e3o<\/h2>\n<p>O principal objetivo dessa capacita\u00e7\u00e3o \u00e9 proporcionar um entendimento abrangente sobre as normativas que regem a comercializa\u00e7\u00e3o de alimentos. Durante as aulas, os participantes ter\u00e3o a chance de se familiarizar com detalhes legais essenciais, como:<\/p>\n<ul>\n<li>Defini\u00e7\u00f5es de alimentos e produtos: diferen\u00e7a entre coloniais, artesanais, industrializados e clandestinos.<\/li>\n<li>Orienta\u00e7\u00f5es sobre a responsabilidade de estabelecimentos que comercializam alimentos.<\/li>\n<li>Papel da Vigil\u00e2ncia Sanit\u00e1ria e do Servi\u00e7o de Inspe\u00e7\u00e3o Municipal na supervis\u00e3o e apoio ao setor.<\/li>\n<\/ul>\n<h2>Quem Pode Participar<\/h2>\n<p>A capacita\u00e7\u00e3o \u00e9 destinada a diversas pessoas envolvidas na comercializa\u00e7\u00e3o de alimentos. Entre os p\u00fablicos-alvo, destacam-se:<\/p>\n<p><img decoding=\"async\" src=\"https:\/\/www.encontraparana.com.br\/toledo\/wp-content\/uploads\/2026\/07\/toledo-promove-capacitacao-tecnica-em-comercializacao-de-produtos.webp\" alt=\"capacita\u00e7\u00e3o\" loading=\"lazy\" \/><\/p>\n<ul>\n<li>Propriet\u00e1rios de estabelecimentos comerciais.<\/li>\n<li>Gestores respons\u00e1veis por produtos aliment\u00edcios.<\/li>\n<li>Respons\u00e1veis legais que atuam na vigil\u00e2ncia da seguran\u00e7a alimentar em seus com\u00e9rcios.<\/li>\n<\/ul>\n<h2>Datas e Local do Curso<\/h2>\n<p>Os interessados podem escolher entre duas datas para participar:<\/p>\n<ul>\n<li><strong>Data 1:<\/strong> Ter\u00e7a-feira, 21 de julho, das 8h \u00e0s 9h30.<\/li>\n<li><strong>Data 2:<\/strong> Ter\u00e7a-feira, 30 de julho, das 20h \u00e0s 21h30.<\/li>\n<\/ul>\n<p>Todas as atividades ocorrer\u00e3o no audit\u00f3rio do Centro de Eventos Ismael Sperafico, um espa\u00e7o adequado e equipado para proporcionar um aprendizado de qualidade.<\/p>\n<h2>Conte\u00fado do Curso<\/h2>\n<p>A capacita\u00e7\u00e3o abordar\u00e1 diversos t\u00f3picos cr\u00edticos e relevantes para a comercializa\u00e7\u00e3o de produtos aliment\u00edcios. Os principais pontos a serem discutidos incluem:<\/p>\n<ul>\n<li>Legisla\u00e7\u00e3o atual sobre a venda de alimentos.<\/li>\n<li>Diferen\u00e7as entre os tipos de produtos e suas adequa\u00e7\u00f5es legais.<\/li>\n<li>Responsabilidades dos comerciantes na garantia da seguran\u00e7a alimentar.<\/li>\n<li>Execu\u00e7\u00e3o de boas pr\u00e1ticas de higiene e manipula\u00e7\u00e3o de alimentos.<\/li>\n<li>Como o SIM e a Vigil\u00e2ncia Sanit\u00e1ria atuam na fiscaliza\u00e7\u00e3o e na orienta\u00e7\u00e3o aos estabelecimentos comerciais.<\/li>\n<\/ul>\n<h2>Import\u00e2ncia da Vigil\u00e2ncia Sanit\u00e1ria<\/h2>\n<p>A Vigil\u00e2ncia Sanit\u00e1ria desempenha um papel vital no controle e na supervis\u00e3o dos alimentos comercializados na cidade. Entre suas atribui\u00e7\u00f5es, est\u00e3o:<\/p>\n<ul>\n<li>Realizar inspe\u00e7\u00f5es regulares nos estabelecimentos para garantir a conformidade com as normas de sa\u00fade.<\/li>\n<li>Orientar os comerciantes sobre as melhores pr\u00e1ticas de seguran\u00e7a alimentar.<\/li>\n<li>Promover a\u00e7\u00f5es educativas que ajudem a prevenir riscos \u00e0 sa\u00fade p\u00fablica associados a alimentos.<\/li>\n<\/ul>\n<h2>Inscri\u00e7\u00f5es e Como Participar<\/h2>\n<p>As inscri\u00e7\u00f5es para a capacita\u00e7\u00e3o s\u00e3o obrigat\u00f3rias e devem ser efetuadas at\u00e9 o dia 19 de julho. Para realizar a inscri\u00e7\u00e3o, os interessados precisam acessar um formul\u00e1rio eletr\u00f4nico dispon\u00edvel no seguinte link: <a href=\"https:\/\/tinyurl.com\/capacitacaotecnica\">https:\/\/tinyurl.com\/capacitacaotecnica<\/a>. Durante o preenchimento, o participante dever\u00e1 indicar qual data escolher\u00e1 para participar do curso.<\/p>\n<h2>M\u00f3dulos do Curso<\/h2>\n<p>O curso est\u00e1 dividido em m\u00f3dulos que objetivam cobrir todos os aspectos relevantes da comercializa\u00e7\u00e3o de alimentos. Cada m\u00f3dulo ser\u00e1 conduzido por profissionais capacitados e abordar\u00e1 de maneira detalhada:<\/p>\n<ul>\n<li>M\u00f3dulo I: Aspectos Legais da Comercializa\u00e7\u00e3o de Produtos Aliment\u00edcios.<\/li>\n<li>M\u00f3dulo II: Classifica\u00e7\u00e3o de Produtos e suas Implica\u00e7\u00f5es na Venda.<\/li>\n<li>M\u00f3dulo III: A\u00e7\u00f5es da Vigil\u00e2ncia Sanit\u00e1ria e do Servi\u00e7o de Inspe\u00e7\u00e3o Municipal.<\/li>\n<li>M\u00f3dulo IV: Pr\u00e1ticas de Higiene e Manipula\u00e7\u00e3o nos Estabelecimentos Comerciais.<\/li>\n<li>M\u00f3dulo V: Estudos de Caso e Exemplos Pr\u00e1ticos de Situa\u00e7\u00f5es Corriqueiras.<\/li>\n<\/ul>\n<h2>Dicas para uma Boa Comercializa\u00e7\u00e3o<\/h2>\n<p>Para otimizar a comercializa\u00e7\u00e3o de produtos aliment\u00edcios, algumas dicas pr\u00e1ticas podem ser seguidas:<\/p>\n<ul>\n<li>Invista na qualidade dos produtos que voc\u00ea oferece ao consumidor.<\/li>\n<li>Esteja sempre atualizado sobre as legisla\u00e7\u00f5es pertinentes ao setor.<\/li>\n<li>Mantenha boa comunica\u00e7\u00e3o com os clientes, esclarecendo suas d\u00favidas e fornecendo informa\u00e7\u00f5es pertinentes sobre os produtos.<\/li>\n<li>Elabore estrat\u00e9gias de marketing que destaquem a qualidade e seguran\u00e7a dos seus produtos.<\/li>\n<\/ul>\n<h2>Perspectivas para o Setor Aliment\u00edcio<\/h2>\n<p>O setor aliment\u00edcio \u00e9 uma \u00e1rea em constante evolu\u00e7\u00e3o. Com o aumento da consci\u00eancia dos consumidores sobre seguran\u00e7a alimentar e qualidade, os estabelecimentos que adotam boas pr\u00e1ticas estar\u00e3o melhor posicionados no mercado. As tend\u00eancias futuras apontam para:<\/p>\n<ul>\n<li>Ado\u00e7\u00e3o crescente de pr\u00e1ticas sustent\u00e1veis e org\u00e2nicas na produ\u00e7\u00e3o e comercializa\u00e7\u00e3o de alimentos.<\/li>\n<li>Incremento no uso de tecnologia para rastreamento e controle de qualidade dos alimentos.<\/li>\n<li>Melhoria cont\u00ednua da capacita\u00e7\u00e3o profissional na \u00e1rea de seguran\u00e7a alimentar.<\/li>\n<\/ul>\n<h2>Impacto na Comunidade Local<\/h2>\n<p>A capacita\u00e7\u00e3o e o entendimento das pr\u00e1ticas adequadas na comercializa\u00e7\u00e3o de alimentos t\u00eam um impacto direto na comunidade local. Um conhecimento s\u00f3lido sobre seguran\u00e7a alimentar beneficia a sa\u00fade p\u00fablica e fortalece a confian\u00e7a do consumidor. Al\u00e9m disso, o aumento da qualidade nos produtos influencia positivamente:<\/p>\n<ul>\n<li>Redu\u00e7\u00e3o de doen\u00e7as alimentares que podem comprometer a sa\u00fade da popula\u00e7\u00e3o.<\/li>\n<li>Fortalecimento da economia local por meio do aumento de vendas e atra\u00e7\u00e3o de mais consumidores.<\/li>\n<li>Promo\u00e7\u00e3o de um ambiente mais competitivo e respons\u00e1vel entre os comerciantes.<\/li>\n<\/ul>\n","protected":false},"excerpt":{"rendered":"<p>Capacita\u00e7\u00e3o t\u00e9cnica em Toledo foca na comercializa\u00e7\u00e3o de produtos aliment\u00edcios.<\/p>\n","protected":false},"author":1,"featured_media":5373,"comment_status":"open","ping_status":"open","sticky":false,"template":"","format":"standard","meta":{"footnotes":""},"categories":[896],"tags":[],"class_list":["post-5374","post","type-post","status-publish","format-standard","has-post-thumbnail","hentry","category-cursos","has_thumb"],"yoast_head":"<!-- This site is optimized with the Yoast SEO plugin v28.1 - https:\/\/yoast.com\/product\/yoast-seo-wordpress\/ -->\n<title>Toledo promove capacita\u00e7\u00e3o t\u00e9cnica em comercializa\u00e7\u00e3o de produtos | Guia Comercial de Toledo PR<\/title>\n<meta name=\"robots\" content=\"index, follow, max-snippet:-1, max-image-preview:large, max-video-preview:-1\" \/>\n<link rel=\"canonical\" href=\"https:\/\/www.encontraparana.com.br\/toledo\/toledo-promove-capacitacao-tecnica-em-comercializacao-de-produtos\/\" \/>\n<meta property=\"og:locale\" content=\"pt_BR\" \/>\n<meta property=\"og:type\" content=\"article\" \/>\n<meta property=\"og:title\" content=\"Toledo promove capacita\u00e7\u00e3o t\u00e9cnica em comercializa\u00e7\u00e3o de produtos | Guia Comercial de Toledo PR\" \/>\n<meta property=\"og:description\" content=\"Capacita\u00e7\u00e3o t\u00e9cnica em Toledo foca na comercializa\u00e7\u00e3o de produtos aliment\u00edcios.\" \/>\n<meta property=\"og:url\" content=\"https:\/\/www.encontraparana.com.br\/toledo\/toledo-promove-capacitacao-tecnica-em-comercializacao-de-produtos\/\" \/>\n<meta property=\"og:site_name\" content=\"Guia Comercial de Toledo PR\" \/>\n<meta property=\"article:published_time\" content=\"2026-07-20T19:10:41+00:00\" \/>\n<meta property=\"og:image\" content=\"https:\/\/www.encontraparana.com.br\/toledo\/wp-content\/uploads\/2026\/07\/toledo-promove-capacitacao-tecnica-em-comercializacao-de-produtos.webp\" \/>\n\t<meta property=\"og:image:width\" content=\"280\" \/>\n\t<meta property=\"og:image:height\" content=\"280\" \/>\n\t<meta property=\"og:image:type\" content=\"image\/webp\" \/>\n<meta name=\"author\" content=\"Encontra Toledo\" \/>\n<meta name=\"twitter:card\" content=\"summary_large_image\" \/>\n<meta name=\"twitter:label1\" content=\"Escrito por\" \/>\n\t<meta name=\"twitter:data1\" content=\"Encontra Toledo\" \/>\n\t<meta name=\"twitter:label2\" content=\"Est. tempo de leitura\" \/>\n\t<meta name=\"twitter:data2\" content=\"5 minutos\" \/>\n<script type=\"application\/ld+json\" class=\"yoast-schema-graph\">{\"@context\":\"https:\\\/\\\/schema.org\",\"@graph\":[{\"@type\":\"Article\",\"@id\":\"https:\\\/\\\/www.encontraparana.com.br\\\/toledo\\\/toledo-promove-capacitacao-tecnica-em-comercializacao-de-produtos\\\/#article\",\"isPartOf\":{\"@id\":\"https:\\\/\\\/www.encontraparana.com.br\\\/toledo\\\/toledo-promove-capacitacao-tecnica-em-comercializacao-de-produtos\\\/\"},\"author\":{\"name\":\"Encontra Toledo\",\"@id\":\"https:\\\/\\\/www.encontraparana.com.br\\\/toledo\\\/#\\\/schema\\\/person\\\/3b3bd5c0e2969177418b8c8e4729fd0a\"},\"headline\":\"Toledo promove capacita\u00e7\u00e3o t\u00e9cnica em comercializa\u00e7\u00e3o de produtos\",\"datePublished\":\"2026-07-20T19:10:41+00:00\",\"mainEntityOfPage\":{\"@id\":\"https:\\\/\\\/www.encontraparana.com.br\\\/toledo\\\/toledo-promove-capacitacao-tecnica-em-comercializacao-de-produtos\\\/\"},\"wordCount\":946,\"commentCount\":0,\"image\":{\"@id\":\"https:\\\/\\\/www.encontraparana.com.br\\\/toledo\\\/toledo-promove-capacitacao-tecnica-em-comercializacao-de-produtos\\\/#primaryimage\"},\"thumbnailUrl\":\"https:\\\/\\\/www.encontraparana.com.br\\\/toledo\\\/wp-content\\\/uploads\\\/2026\\\/07\\\/toledo-promove-capacitacao-tecnica-em-comercializacao-de-produtos.webp\",\"articleSection\":[\"Cursos Toledo\"],\"inLanguage\":\"pt-BR\",\"potentialAction\":[{\"@type\":\"CommentAction\",\"name\":\"Comment\",\"target\":[\"https:\\\/\\\/www.encontraparana.com.br\\\/toledo\\\/toledo-promove-capacitacao-tecnica-em-comercializacao-de-produtos\\\/#respond\"]}]},{\"@type\":\"WebPage\",\"@id\":\"https:\\\/\\\/www.encontraparana.com.br\\\/toledo\\\/toledo-promove-capacitacao-tecnica-em-comercializacao-de-produtos\\\/\",\"url\":\"https:\\\/\\\/www.encontraparana.com.br\\\/toledo\\\/toledo-promove-capacitacao-tecnica-em-comercializacao-de-produtos\\\/\",\"name\":\"Toledo promove capacita\u00e7\u00e3o t\u00e9cnica em comercializa\u00e7\u00e3o de produtos | Guia Comercial de Toledo PR\",\"isPartOf\":{\"@id\":\"https:\\\/\\\/www.encontraparana.com.br\\\/toledo\\\/#website\"},\"primaryImageOfPage\":{\"@id\":\"https:\\\/\\\/www.encontraparana.com.br\\\/toledo\\\/toledo-promove-capacitacao-tecnica-em-comercializacao-de-produtos\\\/#primaryimage\"},\"image\":{\"@id\":\"https:\\\/\\\/www.encontraparana.com.br\\\/toledo\\\/toledo-promove-capacitacao-tecnica-em-comercializacao-de-produtos\\\/#primaryimage\"},\"thumbnailUrl\":\"https:\\\/\\\/www.encontraparana.com.br\\\/toledo\\\/wp-content\\\/uploads\\\/2026\\\/07\\\/toledo-promove-capacitacao-tecnica-em-comercializacao-de-produtos.webp\",\"datePublished\":\"2026-07-20T19:10:41+00:00\",\"author\":{\"@id\":\"https:\\\/\\\/www.encontraparana.com.br\\\/toledo\\\/#\\\/schema\\\/person\\\/3b3bd5c0e2969177418b8c8e4729fd0a\"},\"inLanguage\":\"pt-BR\",\"potentialAction\":[{\"@type\":\"ReadAction\",\"target\":[\"https:\\\/\\\/www.encontraparana.com.br\\\/toledo\\\/toledo-promove-capacitacao-tecnica-em-comercializacao-de-produtos\\\/\"]}]},{\"@type\":\"ImageObject\",\"inLanguage\":\"pt-BR\",\"@id\":\"https:\\\/\\\/www.encontraparana.com.br\\\/toledo\\\/toledo-promove-capacitacao-tecnica-em-comercializacao-de-produtos\\\/#primaryimage\",\"url\":\"https:\\\/\\\/www.encontraparana.com.br\\\/toledo\\\/wp-content\\\/uploads\\\/2026\\\/07\\\/toledo-promove-capacitacao-tecnica-em-comercializacao-de-produtos.webp\",\"contentUrl\":\"https:\\\/\\\/www.encontraparana.com.br\\\/toledo\\\/wp-content\\\/uploads\\\/2026\\\/07\\\/toledo-promove-capacitacao-tecnica-em-comercializacao-de-produtos.webp\",\"width\":280,\"height\":280,\"caption\":\"capacita\u00e7\u00e3o\"},{\"@type\":\"WebSite\",\"@id\":\"https:\\\/\\\/www.encontraparana.com.br\\\/toledo\\\/#website\",\"url\":\"https:\\\/\\\/www.encontraparana.com.br\\\/toledo\\\/\",\"name\":\"Guia Comercial de Toledo PR\",\"description\":\"ENCONTRA TOLEDO - O guia comercial de neg\u00f3cios e empresas, cultura e divers\u00e3o na cidade de Toledo. Feito 100% para voc\u00ea morador!\",\"potentialAction\":[{\"@type\":\"SearchAction\",\"target\":{\"@type\":\"EntryPoint\",\"urlTemplate\":\"https:\\\/\\\/www.encontraparana.com.br\\\/toledo\\\/?s={search_term_string}\"},\"query-input\":{\"@type\":\"PropertyValueSpecification\",\"valueRequired\":true,\"valueName\":\"search_term_string\"}}],\"inLanguage\":\"pt-BR\"},{\"@type\":\"Person\",\"@id\":\"https:\\\/\\\/www.encontraparana.com.br\\\/toledo\\\/#\\\/schema\\\/person\\\/3b3bd5c0e2969177418b8c8e4729fd0a\",\"name\":\"Encontra Toledo\",\"image\":{\"@type\":\"ImageObject\",\"inLanguage\":\"pt-BR\",\"@id\":\"https:\\\/\\\/secure.gravatar.com\\\/avatar\\\/c50c17820bcf322f0a8fd6b110b8c0918141409dc69076470f6fca5fee70a5d4?s=96&d=mm&r=g\",\"url\":\"https:\\\/\\\/secure.gravatar.com\\\/avatar\\\/c50c17820bcf322f0a8fd6b110b8c0918141409dc69076470f6fca5fee70a5d4?s=96&d=mm&r=g\",\"contentUrl\":\"https:\\\/\\\/secure.gravatar.com\\\/avatar\\\/c50c17820bcf322f0a8fd6b110b8c0918141409dc69076470f6fca5fee70a5d4?s=96&d=mm&r=g\",\"caption\":\"Encontra Toledo\"},\"url\":\"https:\\\/\\\/www.encontraparana.com.br\\\/toledo\\\/author\\\/encontratoledo\\\/\"}]}<\/script>\n<!-- \/ Yoast SEO plugin. -->","yoast_head_json":{"title":"Toledo promove capacita\u00e7\u00e3o t\u00e9cnica em comercializa\u00e7\u00e3o de produtos | Guia Comercial de Toledo PR","robots":{"index":"index","follow":"follow","max-snippet":"max-snippet:-1","max-image-preview":"max-image-preview:large","max-video-preview":"max-video-preview:-1"},"canonical":"https:\/\/www.encontraparana.com.br\/toledo\/toledo-promove-capacitacao-tecnica-em-comercializacao-de-produtos\/","og_locale":"pt_BR","og_type":"article","og_title":"Toledo promove capacita\u00e7\u00e3o t\u00e9cnica em comercializa\u00e7\u00e3o de produtos | Guia Comercial de Toledo PR","og_description":"Capacita\u00e7\u00e3o t\u00e9cnica em Toledo foca na comercializa\u00e7\u00e3o de produtos aliment\u00edcios.","og_url":"https:\/\/www.encontraparana.com.br\/toledo\/toledo-promove-capacitacao-tecnica-em-comercializacao-de-produtos\/","og_site_name":"Guia Comercial de Toledo PR","article_published_time":"2026-07-20T19:10:41+00:00","og_image":[{"width":280,"height":280,"url":"https:\/\/www.encontraparana.com.br\/toledo\/wp-content\/uploads\/2026\/07\/toledo-promove-capacitacao-tecnica-em-comercializacao-de-produtos.webp","type":"image\/webp"}],"author":"Encontra Toledo","twitter_card":"summary_large_image","twitter_misc":{"Escrito por":"Encontra Toledo","Est. tempo de leitura":"5 minutos"},"schema":{"@context":"https:\/\/schema.org","@graph":[{"@type":"Article","@id":"https:\/\/www.encontraparana.com.br\/toledo\/toledo-promove-capacitacao-tecnica-em-comercializacao-de-produtos\/#article","isPartOf":{"@id":"https:\/\/www.encontraparana.com.br\/toledo\/toledo-promove-capacitacao-tecnica-em-comercializacao-de-produtos\/"},"author":{"name":"Encontra Toledo","@id":"https:\/\/www.encontraparana.com.br\/toledo\/#\/schema\/person\/3b3bd5c0e2969177418b8c8e4729fd0a"},"headline":"Toledo promove capacita\u00e7\u00e3o t\u00e9cnica em comercializa\u00e7\u00e3o de produtos","datePublished":"2026-07-20T19:10:41+00:00","mainEntityOfPage":{"@id":"https:\/\/www.encontraparana.com.br\/toledo\/toledo-promove-capacitacao-tecnica-em-comercializacao-de-produtos\/"},"wordCount":946,"commentCount":0,"image":{"@id":"https:\/\/www.encontraparana.com.br\/toledo\/toledo-promove-capacitacao-tecnica-em-comercializacao-de-produtos\/#primaryimage"},"thumbnailUrl":"https:\/\/www.encontraparana.com.br\/toledo\/wp-content\/uploads\/2026\/07\/toledo-promove-capacitacao-tecnica-em-comercializacao-de-produtos.webp","articleSection":["Cursos Toledo"],"inLanguage":"pt-BR","potentialAction":[{"@type":"CommentAction","name":"Comment","target":["https:\/\/www.encontraparana.com.br\/toledo\/toledo-promove-capacitacao-tecnica-em-comercializacao-de-produtos\/#respond"]}]},{"@type":"WebPage","@id":"https:\/\/www.encontraparana.com.br\/toledo\/toledo-promove-capacitacao-tecnica-em-comercializacao-de-produtos\/","url":"https:\/\/www.encontraparana.com.br\/toledo\/toledo-promove-capacitacao-tecnica-em-comercializacao-de-produtos\/","name":"Toledo promove capacita\u00e7\u00e3o t\u00e9cnica em comercializa\u00e7\u00e3o de produtos | Guia Comercial de Toledo PR","isPartOf":{"@id":"https:\/\/www.encontraparana.com.br\/toledo\/#website"},"primaryImageOfPage":{"@id":"https:\/\/www.encontraparana.com.br\/toledo\/toledo-promove-capacitacao-tecnica-em-comercializacao-de-produtos\/#primaryimage"},"image":{"@id":"https:\/\/www.encontraparana.com.br\/toledo\/toledo-promove-capacitacao-tecnica-em-comercializacao-de-produtos\/#primaryimage"},"thumbnailUrl":"https:\/\/www.encontraparana.com.br\/toledo\/wp-content\/uploads\/2026\/07\/toledo-promove-capacitacao-tecnica-em-comercializacao-de-produtos.webp","datePublished":"2026-07-20T19:10:41+00:00","author":{"@id":"https:\/\/www.encontraparana.com.br\/toledo\/#\/schema\/person\/3b3bd5c0e2969177418b8c8e4729fd0a"},"inLanguage":"pt-BR","potentialAction":[{"@type":"ReadAction","target":["https:\/\/www.encontraparana.com.br\/toledo\/toledo-promove-capacitacao-tecnica-em-comercializacao-de-produtos\/"]}]},{"@type":"ImageObject","inLanguage":"pt-BR","@id":"https:\/\/www.encontraparana.com.br\/toledo\/toledo-promove-capacitacao-tecnica-em-comercializacao-de-produtos\/#primaryimage","url":"https:\/\/www.encontraparana.com.br\/toledo\/wp-content\/uploads\/2026\/07\/toledo-promove-capacitacao-tecnica-em-comercializacao-de-produtos.webp","contentUrl":"https:\/\/www.encontraparana.com.br\/toledo\/wp-content\/uploads\/2026\/07\/toledo-promove-capacitacao-tecnica-em-comercializacao-de-produtos.webp","width":280,"height":280,"caption":"capacita\u00e7\u00e3o"},{"@type":"WebSite","@id":"https:\/\/www.encontraparana.com.br\/toledo\/#website","url":"https:\/\/www.encontraparana.com.br\/toledo\/","name":"Guia Comercial de Toledo PR","description":"ENCONTRA TOLEDO - O guia comercial de neg\u00f3cios e empresas, cultura e divers\u00e3o na cidade de Toledo. Feito 100% para voc\u00ea morador!","potentialAction":[{"@type":"SearchAction","target":{"@type":"EntryPoint","urlTemplate":"https:\/\/www.encontraparana.com.br\/toledo\/?s={search_term_string}"},"query-input":{"@type":"PropertyValueSpecification","valueRequired":true,"valueName":"search_term_string"}}],"inLanguage":"pt-BR"},{"@type":"Person","@id":"https:\/\/www.encontraparana.com.br\/toledo\/#\/schema\/person\/3b3bd5c0e2969177418b8c8e4729fd0a","name":"Encontra Toledo","image":{"@type":"ImageObject","inLanguage":"pt-BR","@id":"https:\/\/secure.gravatar.com\/avatar\/c50c17820bcf322f0a8fd6b110b8c0918141409dc69076470f6fca5fee70a5d4?s=96&d=mm&r=g","url":"https:\/\/secure.gravatar.com\/avatar\/c50c17820bcf322f0a8fd6b110b8c0918141409dc69076470f6fca5fee70a5d4?s=96&d=mm&r=g","contentUrl":"https:\/\/secure.gravatar.com\/avatar\/c50c17820bcf322f0a8fd6b110b8c0918141409dc69076470f6fca5fee70a5d4?s=96&d=mm&r=g","caption":"Encontra Toledo"},"url":"https:\/\/www.encontraparana.com.br\/toledo\/author\/encontratoledo\/"}]}},"_links":{"self":[{"href":"https:\/\/www.encontraparana.com.br\/toledo\/wp-json\/wp\/v2\/posts\/5374","targetHints":{"allow":["GET"]}}],"collection":[{"href":"https:\/\/www.encontraparana.com.br\/toledo\/wp-json\/wp\/v2\/posts"}],"about":[{"href":"https:\/\/www.encontraparana.com.br\/toledo\/wp-json\/wp\/v2\/types\/post"}],"author":[{"embeddable":true,"href":"https:\/\/www.encontraparana.com.br\/toledo\/wp-json\/wp\/v2\/users\/1"}],"replies":[{"embeddable":true,"href":"https:\/\/www.encontraparana.com.br\/toledo\/wp-json\/wp\/v2\/comments?post=5374"}],"version-history":[{"count":0,"href":"https:\/\/www.encontraparana.com.br\/toledo\/wp-json\/wp\/v2\/posts\/5374\/revisions"}],"wp:featuredmedia":[{"embeddable":true,"href":"https:\/\/www.encontraparana.com.br\/toledo\/wp-json\/wp\/v2\/media\/5373"}],"wp:attachment":[{"href":"https:\/\/www.encontraparana.com.br\/toledo\/wp-json\/wp\/v2\/media?parent=5374"}],"wp:term":[{"taxonomy":"category","embeddable":true,"href":"https:\/\/www.encontraparana.com.br\/toledo\/wp-json\/wp\/v2\/categories?post=5374"},{"taxonomy":"post_tag","embeddable":true,"href":"https:\/\/www.encontraparana.com.br\/toledo\/wp-json\/wp\/v2\/tags?post=5374"}],"curies":[{"name":"wp","href":"https:\/\/api.w.org\/{rel}","templated":true}]}}