{"id":5388,"date":"2026-07-22T11:36:11","date_gmt":"2026-07-22T14:36:11","guid":{"rendered":"https:\/\/www.encontraparana.com.br\/toledo\/toledo-tera-delegacao-recorde-na-edicao-do-parana-combate\/"},"modified":"2026-07-22T11:36:11","modified_gmt":"2026-07-22T14:36:11","slug":"toledo-tera-delegacao-recorde-na-edicao-do-parana-combate","status":"publish","type":"post","link":"https:\/\/www.encontraparana.com.br\/toledo\/toledo-tera-delegacao-recorde-na-edicao-do-parana-combate\/","title":{"rendered":"Toledo ter\u00e1 delega\u00e7\u00e3o recorde na edi\u00e7\u00e3o do Paran\u00e1 Combate"},"content":{"rendered":"<h2>A Trajet\u00f3ria de Toledo nas Artes Marciais<\/h2>\n<p>Toledo tem se destacado como um polo significativo no cen\u00e1rio das artes marciais no Paran\u00e1. Nos \u00faltimos anos, o munic\u00edpio tem investido em infraestrutura e forma\u00e7\u00e3o de atletas, promovendo a pr\u00e1tica esportiva em diferentes modalidades. O compromisso com a forma\u00e7\u00e3o de novos talentos e o apoio a atletas experientes t\u00eam contribu\u00eddo para a evolu\u00e7\u00e3o do esporte na cidade.<\/p>\n<h2>Modalidades em Destaque na Delega\u00e7\u00e3o<\/h2>\n<p>Nesta edi\u00e7\u00e3o do Paran\u00e1 Combate, Toledo inscreveu 109 atletas que representar\u00e3o o munic\u00edpio em dez modalidades distintas. As modalidades que far\u00e3o parte da competi\u00e7\u00e3o incluem:<\/p>\n<ul>\n<li><strong>Boxe<\/strong><\/li>\n<li><strong>Jud\u00f4<\/strong><\/li>\n<li><strong>Jiu-Jitsu<\/strong><\/li>\n<li><strong>Kung-Fu<\/strong><\/li>\n<li><strong>Kickboxing<\/strong><\/li>\n<li><strong>Muay Thai<\/strong><\/li>\n<li><strong>Karat\u00ea<\/strong><\/li>\n<li><strong>Taekwondo<\/strong><\/li>\n<li><strong>Wrestling<\/strong><\/li>\n<li><strong>Capoeira<\/strong><\/li>\n<\/ul>\n<p>Dentre essas modalidades, a capoeira se destaca por buscar seu segundo t\u00edtulo consecutivo na competi\u00e7\u00e3o.<\/p>\n<p><img decoding=\"async\" src=\"https:\/\/www.encontraparana.com.br\/toledo\/wp-content\/uploads\/2026\/07\/toledo-tera-delegacao-recorde-na-edicao-do-parana-combate.webp\" alt=\"delega\u00e7\u00e3o recorde Toledo Paran\u00e1 Combate\" loading=\"lazy\" \/><\/p>\n<h2>Expectativas do Secret\u00e1rio de Esportes<\/h2>\n<p>O secret\u00e1rio de Esportes e Lazer, Jozimar Polasso, expressou otimismo em rela\u00e7\u00e3o ao desempenho da delega\u00e7\u00e3o este ano. Ap\u00f3s uma coloca\u00e7\u00e3o de s\u00e9timo lugar na edi\u00e7\u00e3o anterior, o objetivo \u00e9 inserir Toledo entre os tr\u00eas primeiros na classifica\u00e7\u00e3o final. Ele ressalta a import\u00e2ncia do suporte aos atletas, que s\u00e3o atendidos pela sua equipe ou por meio de parcerias com academias locais, incentivando o desenvolvimento do talento esportivo.<\/p>\n<h2>A Evolu\u00e7\u00e3o do Esporte em Toledo<\/h2>\n<p>O aumento da delega\u00e7\u00e3o de atletas de Toledo no Paran\u00e1 Combate \u00e9 um reflexo de como o esporte evoluiu na cidade. O crescimento no n\u00famero de participantes \u00e9 um indicativo de que o trabalho realizado nos \u00faltimos anos est\u00e1 dando resultados, impulsionando o interesse da comunidade e, consequentemente, a participa\u00e7\u00e3o em eventos esportivos de grande envergadura.<\/p>\n<h2>O Desempenho da Delega\u00e7\u00e3o em Competi\u00e7\u00f5es Passadas<\/h2>\n<p>No ano passado, a delega\u00e7\u00e3o de Toledo conseguiu um resultado consider\u00e1vel ao garantir a s\u00e9tima posi\u00e7\u00e3o entre os munic\u00edpios participantes. Contudo, a crescente ades\u00e3o de atletas nas diversas modalidades e o preparo intensivo para a competi\u00e7\u00e3o deste ano trazem um novo \u00e2nimo para a equipe, que acredita possuir as condi\u00e7\u00f5es necess\u00e1rias para alcan\u00e7ar um desempenho ainda mais satisfat\u00f3rio.<\/p>\n<h2>A Prepara\u00e7\u00e3o dos Atletas para o Paran\u00e1 Combate<\/h2>\n<p>Os atletas de Toledo t\u00eam se preparado arduamente para a competi\u00e7\u00e3o. As pr\u00e1ticas s\u00e3o intensificadas conforme a data do evento se aproxima, garantindo que todos estejam em condi\u00e7\u00f5es ideais para competir. Essa prepara\u00e7\u00e3o inclui treinos t\u00e9cnicos, planejamento estrat\u00e9gico e fortalecimento f\u00edsico, assegurando que cada participante esteja pronto para dar o melhor de si durante a competi\u00e7\u00e3o.<\/p>\n<h2>A Import\u00e2ncia do Suporte das Academias Locais<\/h2>\n<p>As academias de Toledo t\u00eam desempenhado um papel fundamental no apoio aos atletas locais. Al\u00e9m de oferecer treinamento especializado, as parcerias com a Secretaria de Esportes t\u00eam permitido a troca de conhecimentos e a forma\u00e7\u00e3o de novos atletas. Esse suporte \u00e9 vital para garantir que atletas de diferentes modalidades tenham acesso a recursos que aprimorem seus desempenhos.<\/p>\n<h2>O Papel do Prefeito na Promo\u00e7\u00e3o do Esporte<\/h2>\n<p>O prefeito Mario Costenaro enfatiza que o n\u00famero recorde de atletas representando Toledo \u00e9 uma demonstra\u00e7\u00e3o clara da evolu\u00e7\u00e3o do esporte na cidade. Ele acredita que os resultados positivos s\u00e3o frutos do trabalho conjunto entre a prefeitura e as institui\u00e7\u00f5es de ensino e academias, fortalecendo a cultura esportiva no munic\u00edpio e criando oportunidades para todos os envolvidos.<\/p>\n<h2>Impacto Social do Esporte na Comunidade<\/h2>\n<p>O esporte vai al\u00e9m da mera competi\u00e7\u00e3o, exercendo um papel transformador na sociedade. Em Toledo, a pr\u00e1tica de artes marciais estimula valores como disciplina, respeito e supera\u00e7\u00e3o, contribuindo para o desenvolvimento pessoal e social dos atletas. A participa\u00e7\u00e3o em competi\u00e7\u00f5es n\u00e3o s\u00f3 promove a sa\u00fade f\u00edsica, mas tamb\u00e9m fortalece la\u00e7os comunit\u00e1rios e incentiva uma vida ativa e saud\u00e1vel.<\/p>\n<h2>Como Torcer pelos Atletas de Toledo<\/h2>\n<p>A torcida e o apoio da comunidade s\u00e3o essenciais para motivar os atletas. A participa\u00e7\u00e3o ativa nas competi\u00e7\u00f5es, seja comparecendo a eventos ou atrav\u00e9s das redes sociais, ajuda a elevar a moral dos competidores. Aplaudir e celebrar cada conquista, por menor que seja, refor\u00e7a o sentimento de uni\u00e3o e for\u00e7a dentro da equipe, servindo como uma fonte de inspira\u00e7\u00e3o para todos os atletas.<\/p>\n<p>O Paran\u00e1 Combate promete ser um grande evento, e a expectativa \u00e9 de que a delega\u00e7\u00e3o de Toledo n\u00e3o apenas represente bem a cidade, mas tamb\u00e9m colha frutos de todo o esfor\u00e7o empenhado ao longo do tempo.<\/p>\n","protected":false},"excerpt":{"rendered":"<p>Toledo se destaca no Paran\u00e1 Combate com uma delega\u00e7\u00e3o recorde de 109 atletas competindo em diversas modalidades.<\/p>\n","protected":false},"author":1,"featured_media":5387,"comment_status":"open","ping_status":"open","sticky":false,"template":"","format":"standard","meta":{"footnotes":""},"categories":[897],"tags":[],"class_list":["post-5388","post","type-post","status-publish","format-standard","has-post-thumbnail","hentry","category-eventos","has_thumb"],"yoast_head":"<!-- This site is optimized with the Yoast SEO plugin v28.1 - https:\/\/yoast.com\/product\/yoast-seo-wordpress\/ -->\n<title>Toledo ter\u00e1 delega\u00e7\u00e3o recorde na edi\u00e7\u00e3o do Paran\u00e1 Combate | Guia Comercial de Toledo PR<\/title>\n<meta name=\"robots\" content=\"index, follow, max-snippet:-1, max-image-preview:large, max-video-preview:-1\" \/>\n<link rel=\"canonical\" href=\"https:\/\/www.encontraparana.com.br\/toledo\/toledo-tera-delegacao-recorde-na-edicao-do-parana-combate\/\" \/>\n<meta property=\"og:locale\" content=\"pt_BR\" \/>\n<meta property=\"og:type\" content=\"article\" \/>\n<meta property=\"og:title\" content=\"Toledo ter\u00e1 delega\u00e7\u00e3o recorde na edi\u00e7\u00e3o do Paran\u00e1 Combate | Guia Comercial de Toledo PR\" \/>\n<meta property=\"og:description\" content=\"Toledo se destaca no Paran\u00e1 Combate com uma delega\u00e7\u00e3o recorde de 109 atletas competindo em diversas modalidades.\" \/>\n<meta property=\"og:url\" content=\"https:\/\/www.encontraparana.com.br\/toledo\/toledo-tera-delegacao-recorde-na-edicao-do-parana-combate\/\" \/>\n<meta property=\"og:site_name\" content=\"Guia Comercial de Toledo PR\" \/>\n<meta property=\"article:published_time\" content=\"2026-07-22T14:36:11+00:00\" \/>\n<meta property=\"og:image\" content=\"https:\/\/www.encontraparana.com.br\/toledo\/wp-content\/uploads\/2026\/07\/toledo-tera-delegacao-recorde-na-edicao-do-parana-combate.webp\" \/>\n\t<meta property=\"og:image:width\" content=\"280\" \/>\n\t<meta property=\"og:image:height\" content=\"280\" \/>\n\t<meta property=\"og:image:type\" content=\"image\/webp\" \/>\n<meta name=\"author\" content=\"Encontra Toledo\" \/>\n<meta name=\"twitter:card\" content=\"summary_large_image\" \/>\n<meta name=\"twitter:label1\" content=\"Escrito por\" \/>\n\t<meta name=\"twitter:data1\" content=\"Encontra Toledo\" \/>\n\t<meta name=\"twitter:label2\" content=\"Est. tempo de leitura\" \/>\n\t<meta name=\"twitter:data2\" content=\"4 minutos\" \/>\n<script type=\"application\/ld+json\" class=\"yoast-schema-graph\">{\"@context\":\"https:\\\/\\\/schema.org\",\"@graph\":[{\"@type\":\"Article\",\"@id\":\"https:\\\/\\\/www.encontraparana.com.br\\\/toledo\\\/toledo-tera-delegacao-recorde-na-edicao-do-parana-combate\\\/#article\",\"isPartOf\":{\"@id\":\"https:\\\/\\\/www.encontraparana.com.br\\\/toledo\\\/toledo-tera-delegacao-recorde-na-edicao-do-parana-combate\\\/\"},\"author\":{\"name\":\"Encontra Toledo\",\"@id\":\"https:\\\/\\\/www.encontraparana.com.br\\\/toledo\\\/#\\\/schema\\\/person\\\/3b3bd5c0e2969177418b8c8e4729fd0a\"},\"headline\":\"Toledo ter\u00e1 delega\u00e7\u00e3o recorde na edi\u00e7\u00e3o do Paran\u00e1 Combate\",\"datePublished\":\"2026-07-22T14:36:11+00:00\",\"mainEntityOfPage\":{\"@id\":\"https:\\\/\\\/www.encontraparana.com.br\\\/toledo\\\/toledo-tera-delegacao-recorde-na-edicao-do-parana-combate\\\/\"},\"wordCount\":781,\"commentCount\":0,\"image\":{\"@id\":\"https:\\\/\\\/www.encontraparana.com.br\\\/toledo\\\/toledo-tera-delegacao-recorde-na-edicao-do-parana-combate\\\/#primaryimage\"},\"thumbnailUrl\":\"https:\\\/\\\/www.encontraparana.com.br\\\/toledo\\\/wp-content\\\/uploads\\\/2026\\\/07\\\/toledo-tera-delegacao-recorde-na-edicao-do-parana-combate.webp\",\"articleSection\":[\"Eventos Toledo\"],\"inLanguage\":\"pt-BR\",\"potentialAction\":[{\"@type\":\"CommentAction\",\"name\":\"Comment\",\"target\":[\"https:\\\/\\\/www.encontraparana.com.br\\\/toledo\\\/toledo-tera-delegacao-recorde-na-edicao-do-parana-combate\\\/#respond\"]}]},{\"@type\":\"WebPage\",\"@id\":\"https:\\\/\\\/www.encontraparana.com.br\\\/toledo\\\/toledo-tera-delegacao-recorde-na-edicao-do-parana-combate\\\/\",\"url\":\"https:\\\/\\\/www.encontraparana.com.br\\\/toledo\\\/toledo-tera-delegacao-recorde-na-edicao-do-parana-combate\\\/\",\"name\":\"Toledo ter\u00e1 delega\u00e7\u00e3o recorde na edi\u00e7\u00e3o do Paran\u00e1 Combate | Guia Comercial de Toledo PR\",\"isPartOf\":{\"@id\":\"https:\\\/\\\/www.encontraparana.com.br\\\/toledo\\\/#website\"},\"primaryImageOfPage\":{\"@id\":\"https:\\\/\\\/www.encontraparana.com.br\\\/toledo\\\/toledo-tera-delegacao-recorde-na-edicao-do-parana-combate\\\/#primaryimage\"},\"image\":{\"@id\":\"https:\\\/\\\/www.encontraparana.com.br\\\/toledo\\\/toledo-tera-delegacao-recorde-na-edicao-do-parana-combate\\\/#primaryimage\"},\"thumbnailUrl\":\"https:\\\/\\\/www.encontraparana.com.br\\\/toledo\\\/wp-content\\\/uploads\\\/2026\\\/07\\\/toledo-tera-delegacao-recorde-na-edicao-do-parana-combate.webp\",\"datePublished\":\"2026-07-22T14:36:11+00:00\",\"author\":{\"@id\":\"https:\\\/\\\/www.encontraparana.com.br\\\/toledo\\\/#\\\/schema\\\/person\\\/3b3bd5c0e2969177418b8c8e4729fd0a\"},\"inLanguage\":\"pt-BR\",\"potentialAction\":[{\"@type\":\"ReadAction\",\"target\":[\"https:\\\/\\\/www.encontraparana.com.br\\\/toledo\\\/toledo-tera-delegacao-recorde-na-edicao-do-parana-combate\\\/\"]}]},{\"@type\":\"ImageObject\",\"inLanguage\":\"pt-BR\",\"@id\":\"https:\\\/\\\/www.encontraparana.com.br\\\/toledo\\\/toledo-tera-delegacao-recorde-na-edicao-do-parana-combate\\\/#primaryimage\",\"url\":\"https:\\\/\\\/www.encontraparana.com.br\\\/toledo\\\/wp-content\\\/uploads\\\/2026\\\/07\\\/toledo-tera-delegacao-recorde-na-edicao-do-parana-combate.webp\",\"contentUrl\":\"https:\\\/\\\/www.encontraparana.com.br\\\/toledo\\\/wp-content\\\/uploads\\\/2026\\\/07\\\/toledo-tera-delegacao-recorde-na-edicao-do-parana-combate.webp\",\"width\":280,\"height\":280,\"caption\":\"delega\u00e7\u00e3o recorde Toledo Paran\u00e1 Combate\"},{\"@type\":\"WebSite\",\"@id\":\"https:\\\/\\\/www.encontraparana.com.br\\\/toledo\\\/#website\",\"url\":\"https:\\\/\\\/www.encontraparana.com.br\\\/toledo\\\/\",\"name\":\"Guia Comercial de Toledo PR\",\"description\":\"ENCONTRA TOLEDO - O guia comercial de neg\u00f3cios e empresas, cultura e divers\u00e3o na cidade de Toledo. Feito 100% para voc\u00ea morador!\",\"potentialAction\":[{\"@type\":\"SearchAction\",\"target\":{\"@type\":\"EntryPoint\",\"urlTemplate\":\"https:\\\/\\\/www.encontraparana.com.br\\\/toledo\\\/?s={search_term_string}\"},\"query-input\":{\"@type\":\"PropertyValueSpecification\",\"valueRequired\":true,\"valueName\":\"search_term_string\"}}],\"inLanguage\":\"pt-BR\"},{\"@type\":\"Person\",\"@id\":\"https:\\\/\\\/www.encontraparana.com.br\\\/toledo\\\/#\\\/schema\\\/person\\\/3b3bd5c0e2969177418b8c8e4729fd0a\",\"name\":\"Encontra Toledo\",\"image\":{\"@type\":\"ImageObject\",\"inLanguage\":\"pt-BR\",\"@id\":\"https:\\\/\\\/secure.gravatar.com\\\/avatar\\\/c50c17820bcf322f0a8fd6b110b8c0918141409dc69076470f6fca5fee70a5d4?s=96&d=mm&r=g\",\"url\":\"https:\\\/\\\/secure.gravatar.com\\\/avatar\\\/c50c17820bcf322f0a8fd6b110b8c0918141409dc69076470f6fca5fee70a5d4?s=96&d=mm&r=g\",\"contentUrl\":\"https:\\\/\\\/secure.gravatar.com\\\/avatar\\\/c50c17820bcf322f0a8fd6b110b8c0918141409dc69076470f6fca5fee70a5d4?s=96&d=mm&r=g\",\"caption\":\"Encontra Toledo\"},\"url\":\"https:\\\/\\\/www.encontraparana.com.br\\\/toledo\\\/author\\\/encontratoledo\\\/\"}]}<\/script>\n<!-- \/ Yoast SEO plugin. -->","yoast_head_json":{"title":"Toledo ter\u00e1 delega\u00e7\u00e3o recorde na edi\u00e7\u00e3o do Paran\u00e1 Combate | Guia Comercial de Toledo PR","robots":{"index":"index","follow":"follow","max-snippet":"max-snippet:-1","max-image-preview":"max-image-preview:large","max-video-preview":"max-video-preview:-1"},"canonical":"https:\/\/www.encontraparana.com.br\/toledo\/toledo-tera-delegacao-recorde-na-edicao-do-parana-combate\/","og_locale":"pt_BR","og_type":"article","og_title":"Toledo ter\u00e1 delega\u00e7\u00e3o recorde na edi\u00e7\u00e3o do Paran\u00e1 Combate | Guia Comercial de Toledo PR","og_description":"Toledo se destaca no Paran\u00e1 Combate com uma delega\u00e7\u00e3o recorde de 109 atletas competindo em diversas modalidades.","og_url":"https:\/\/www.encontraparana.com.br\/toledo\/toledo-tera-delegacao-recorde-na-edicao-do-parana-combate\/","og_site_name":"Guia Comercial de Toledo PR","article_published_time":"2026-07-22T14:36:11+00:00","og_image":[{"width":280,"height":280,"url":"https:\/\/www.encontraparana.com.br\/toledo\/wp-content\/uploads\/2026\/07\/toledo-tera-delegacao-recorde-na-edicao-do-parana-combate.webp","type":"image\/webp"}],"author":"Encontra Toledo","twitter_card":"summary_large_image","twitter_misc":{"Escrito por":"Encontra Toledo","Est. tempo de leitura":"4 minutos"},"schema":{"@context":"https:\/\/schema.org","@graph":[{"@type":"Article","@id":"https:\/\/www.encontraparana.com.br\/toledo\/toledo-tera-delegacao-recorde-na-edicao-do-parana-combate\/#article","isPartOf":{"@id":"https:\/\/www.encontraparana.com.br\/toledo\/toledo-tera-delegacao-recorde-na-edicao-do-parana-combate\/"},"author":{"name":"Encontra Toledo","@id":"https:\/\/www.encontraparana.com.br\/toledo\/#\/schema\/person\/3b3bd5c0e2969177418b8c8e4729fd0a"},"headline":"Toledo ter\u00e1 delega\u00e7\u00e3o recorde na edi\u00e7\u00e3o do Paran\u00e1 Combate","datePublished":"2026-07-22T14:36:11+00:00","mainEntityOfPage":{"@id":"https:\/\/www.encontraparana.com.br\/toledo\/toledo-tera-delegacao-recorde-na-edicao-do-parana-combate\/"},"wordCount":781,"commentCount":0,"image":{"@id":"https:\/\/www.encontraparana.com.br\/toledo\/toledo-tera-delegacao-recorde-na-edicao-do-parana-combate\/#primaryimage"},"thumbnailUrl":"https:\/\/www.encontraparana.com.br\/toledo\/wp-content\/uploads\/2026\/07\/toledo-tera-delegacao-recorde-na-edicao-do-parana-combate.webp","articleSection":["Eventos Toledo"],"inLanguage":"pt-BR","potentialAction":[{"@type":"CommentAction","name":"Comment","target":["https:\/\/www.encontraparana.com.br\/toledo\/toledo-tera-delegacao-recorde-na-edicao-do-parana-combate\/#respond"]}]},{"@type":"WebPage","@id":"https:\/\/www.encontraparana.com.br\/toledo\/toledo-tera-delegacao-recorde-na-edicao-do-parana-combate\/","url":"https:\/\/www.encontraparana.com.br\/toledo\/toledo-tera-delegacao-recorde-na-edicao-do-parana-combate\/","name":"Toledo ter\u00e1 delega\u00e7\u00e3o recorde na edi\u00e7\u00e3o do Paran\u00e1 Combate | Guia Comercial de Toledo PR","isPartOf":{"@id":"https:\/\/www.encontraparana.com.br\/toledo\/#website"},"primaryImageOfPage":{"@id":"https:\/\/www.encontraparana.com.br\/toledo\/toledo-tera-delegacao-recorde-na-edicao-do-parana-combate\/#primaryimage"},"image":{"@id":"https:\/\/www.encontraparana.com.br\/toledo\/toledo-tera-delegacao-recorde-na-edicao-do-parana-combate\/#primaryimage"},"thumbnailUrl":"https:\/\/www.encontraparana.com.br\/toledo\/wp-content\/uploads\/2026\/07\/toledo-tera-delegacao-recorde-na-edicao-do-parana-combate.webp","datePublished":"2026-07-22T14:36:11+00:00","author":{"@id":"https:\/\/www.encontraparana.com.br\/toledo\/#\/schema\/person\/3b3bd5c0e2969177418b8c8e4729fd0a"},"inLanguage":"pt-BR","potentialAction":[{"@type":"ReadAction","target":["https:\/\/www.encontraparana.com.br\/toledo\/toledo-tera-delegacao-recorde-na-edicao-do-parana-combate\/"]}]},{"@type":"ImageObject","inLanguage":"pt-BR","@id":"https:\/\/www.encontraparana.com.br\/toledo\/toledo-tera-delegacao-recorde-na-edicao-do-parana-combate\/#primaryimage","url":"https:\/\/www.encontraparana.com.br\/toledo\/wp-content\/uploads\/2026\/07\/toledo-tera-delegacao-recorde-na-edicao-do-parana-combate.webp","contentUrl":"https:\/\/www.encontraparana.com.br\/toledo\/wp-content\/uploads\/2026\/07\/toledo-tera-delegacao-recorde-na-edicao-do-parana-combate.webp","width":280,"height":280,"caption":"delega\u00e7\u00e3o recorde Toledo Paran\u00e1 Combate"},{"@type":"WebSite","@id":"https:\/\/www.encontraparana.com.br\/toledo\/#website","url":"https:\/\/www.encontraparana.com.br\/toledo\/","name":"Guia Comercial de Toledo PR","description":"ENCONTRA TOLEDO - O guia comercial de neg\u00f3cios e empresas, cultura e divers\u00e3o na cidade de Toledo. Feito 100% para voc\u00ea morador!","potentialAction":[{"@type":"SearchAction","target":{"@type":"EntryPoint","urlTemplate":"https:\/\/www.encontraparana.com.br\/toledo\/?s={search_term_string}"},"query-input":{"@type":"PropertyValueSpecification","valueRequired":true,"valueName":"search_term_string"}}],"inLanguage":"pt-BR"},{"@type":"Person","@id":"https:\/\/www.encontraparana.com.br\/toledo\/#\/schema\/person\/3b3bd5c0e2969177418b8c8e4729fd0a","name":"Encontra Toledo","image":{"@type":"ImageObject","inLanguage":"pt-BR","@id":"https:\/\/secure.gravatar.com\/avatar\/c50c17820bcf322f0a8fd6b110b8c0918141409dc69076470f6fca5fee70a5d4?s=96&d=mm&r=g","url":"https:\/\/secure.gravatar.com\/avatar\/c50c17820bcf322f0a8fd6b110b8c0918141409dc69076470f6fca5fee70a5d4?s=96&d=mm&r=g","contentUrl":"https:\/\/secure.gravatar.com\/avatar\/c50c17820bcf322f0a8fd6b110b8c0918141409dc69076470f6fca5fee70a5d4?s=96&d=mm&r=g","caption":"Encontra Toledo"},"url":"https:\/\/www.encontraparana.com.br\/toledo\/author\/encontratoledo\/"}]}},"_links":{"self":[{"href":"https:\/\/www.encontraparana.com.br\/toledo\/wp-json\/wp\/v2\/posts\/5388","targetHints":{"allow":["GET"]}}],"collection":[{"href":"https:\/\/www.encontraparana.com.br\/toledo\/wp-json\/wp\/v2\/posts"}],"about":[{"href":"https:\/\/www.encontraparana.com.br\/toledo\/wp-json\/wp\/v2\/types\/post"}],"author":[{"embeddable":true,"href":"https:\/\/www.encontraparana.com.br\/toledo\/wp-json\/wp\/v2\/users\/1"}],"replies":[{"embeddable":true,"href":"https:\/\/www.encontraparana.com.br\/toledo\/wp-json\/wp\/v2\/comments?post=5388"}],"version-history":[{"count":0,"href":"https:\/\/www.encontraparana.com.br\/toledo\/wp-json\/wp\/v2\/posts\/5388\/revisions"}],"wp:featuredmedia":[{"embeddable":true,"href":"https:\/\/www.encontraparana.com.br\/toledo\/wp-json\/wp\/v2\/media\/5387"}],"wp:attachment":[{"href":"https:\/\/www.encontraparana.com.br\/toledo\/wp-json\/wp\/v2\/media?parent=5388"}],"wp:term":[{"taxonomy":"category","embeddable":true,"href":"https:\/\/www.encontraparana.com.br\/toledo\/wp-json\/wp\/v2\/categories?post=5388"},{"taxonomy":"post_tag","embeddable":true,"href":"https:\/\/www.encontraparana.com.br\/toledo\/wp-json\/wp\/v2\/tags?post=5388"}],"curies":[{"name":"wp","href":"https:\/\/api.w.org\/{rel}","templated":true}]}}