{"id":5396,"date":"2026-07-23T09:39:06","date_gmt":"2026-07-23T12:39:06","guid":{"rendered":"https:\/\/www.encontraparana.com.br\/toledo\/semana-do-agricultor-e-oficialmente-aberta-em-toledo\/"},"modified":"2026-07-23T09:39:06","modified_gmt":"2026-07-23T12:39:06","slug":"semana-do-agricultor-e-oficialmente-aberta-em-toledo","status":"publish","type":"post","link":"https:\/\/www.encontraparana.com.br\/toledo\/semana-do-agricultor-e-oficialmente-aberta-em-toledo\/","title":{"rendered":"Semana do Agricultor \u00e9 oficialmente aberta em Toledo"},"content":{"rendered":"<h2>O que \u00e9 a Semana do Agricultor?<\/h2>\n<p>A Semana do Agricultor \u00e9 uma celebra\u00e7\u00e3o anual que visa homenagear os trabalhadores do campo e a produ\u00e7\u00e3o agr\u00edcola. Com atividades programadas para promover a valoriza\u00e7\u00e3o da agricultura, este evento ocorre em v\u00e1rias cidades, incluindo Toledo, onde \u00e9 uma tradi\u00e7\u00e3o significativa. Durante essa semana, s\u00e3o realizados diversos eventos que destacam a import\u00e2ncia do produtor rural na economia local e na sociedade.<\/p>\n<h2>Hist\u00f3ria da Celebra\u00e7\u00e3o<\/h2>\n<p>A origem des Semana do Agricultor remonta a iniciativas locais que buscavam reconhecer o papel fundamental dos agricultores na produ\u00e7\u00e3o de alimentos e na sustentabilidade do meio rural. Ao longo dos anos, essa festa evoluiu, incorporando uma s\u00e9rie de atividades que v\u00e3o desde feiras de produtos agr\u00edcolas at\u00e9 eventos culturais e educativos que ressaltam a import\u00e2ncia da agricultura familiar e da agroind\u00fastria.<\/p>\n<h2>Atividades Programadas para 2026<\/h2>\n<p>A programa\u00e7\u00e3o da Semana do Agricultor de 2026 \u00e9 rica e variada, com foco nas comunidades rurais e na intera\u00e7\u00e3o com a popula\u00e7\u00e3o urbana. Entre as atividades destacadas, est\u00e3o:<\/p>\n<p><img decoding=\"async\" src=\"https:\/\/www.encontraparana.com.br\/toledo\/wp-content\/uploads\/2026\/07\/semana-do-agricultor-e-oficialmente-aberta-em-toledo.webp\" alt=\"Semana do Agricultor\" loading=\"lazy\" \/><\/p>\n<ul>\n<li>Exposi\u00e7\u00f5es no Museu Hist\u00f3rico Willy Barth;<\/li>\n<li>Gincanas e atividades escolares que estimulam o aprendizado sobre o setor agr\u00edcola;<\/li>\n<li>Caf\u00e9 colonial, onde os participantes podem degustar del\u00edcias t\u00edpicas;<\/li>\n<li>O Encontro da Mulher Rural, que visa fortalecer a presen\u00e7a feminina no campo;<\/li>\n<li>Capacita\u00e7\u00f5es t\u00e9cnicas para melhorar as pr\u00e1ticas agr\u00edcolas;<\/li>\n<li>Visitas a propriedades rurais e feiras de produ\u00e7\u00e3o;<\/li>\n<li>A t\u00e3o aguardada 2\u00aa Festa do Agricultor, com pratos t\u00edpicos da culin\u00e1ria local.<\/li>\n<\/ul>\n<h2>Import\u00e2ncia do Evento para a Comunidade<\/h2>\n<p>O evento \u00e9 de grande relev\u00e2ncia para a comunidade, pois proporciona a oportunidade de reconhecer e valorizar os produtores locais que contribuem n\u00e3o apenas para a economia mas tamb\u00e9m para a seguran\u00e7a alimentar. A programa\u00e7\u00e3o incentiva o fortalecimento das rela\u00e7\u00f5es comunit\u00e1rias, promovendo o di\u00e1logo entre agricultores e consumidores. Al\u00e9m disso, a Semana do Agricultor permite que as novas gera\u00e7\u00f5es tenham um contato mais estreito com o mundo rural, promovendo a conscientiza\u00e7\u00e3o sobre a import\u00e2ncia de pr\u00e1ticas sustent\u00e1veis e da produ\u00e7\u00e3o local.<\/p>\n<h2>Atra\u00e7\u00f5es da 2\u00aa Festa do Agricultor<\/h2>\n<p>A 2\u00aa Festa do Agricultor \u00e9 uma das atra\u00e7\u00f5es principais desta celebra\u00e7\u00e3o, oferecendo uma variedade de pratos t\u00edpicos que representam a culin\u00e1ria da regi\u00e3o. Entre os detalhes, destacam-se:<\/p>\n<ul>\n<li>Sete pratos tradicionais, preparados com ingredientes frescos e locais, ao pre\u00e7o de R$ 60 por pessoa;<\/li>\n<li>Desfile de tratores que ocorrer\u00e1 na manh\u00e3 do evento, iniciando no Parque Ecol\u00f3gico Diva Paim Barth e culminando no Centro de Eventos Ismael Sperafico;<\/li>\n<li>Atividades culturais e apresenta\u00e7\u00f5es ao vivo, que enriquecem a experi\u00eancia dos participantes;<\/li>\n<li>Espa\u00e7os para intera\u00e7\u00e3o entre os participantes e troca de experi\u00eancias.<\/li>\n<\/ul>\n<h2>Como Participar das Atividades<\/h2>\n<p>A participa\u00e7\u00e3o nas atividades da Semana do Agricultor \u00e9 facilitada, com ingressos \u00e0 venda em locais definidos. Os interessados podem adquirir bilhetes para a 2\u00aa Festa do Agricultor atrav\u00e9s de:<\/p>\n<ul>\n<li>Secretaria da Agricultura, com contato pelo n\u00famero: 45 9828-0432;<\/li>\n<li>Sindicato dos Trabalhadores da Agricultura Familiar &#8211; STAF, telefone: 45 9917-2558;<\/li>\n<li>Sindicato Rural de Toledo &#8211; SRT, que pode ser contatado pelo n\u00famero: 45 9801-8642;<\/li>\n<li>Associa\u00e7\u00e3o dos Suinocultores &#8211; Assuinoeste, dispon\u00edvel pelo telefone: 45 9113-7321.<\/li>\n<\/ul>\n<h2>Opini\u00f5es de Autoridades Locais<\/h2>\n<p>Durante o evento de abertura deste ano, v\u00e1rias autoridades expressaram seu apoio e entusiasmo. O prefeito Mario Costenaro enfatizou a import\u00e2ncia de iniciar a Semana na Piscicultura Nossa Senhora Aparecida, destacando a diversidade da produ\u00e7\u00e3o rural em Toledo. &#8220;Esse evento \u00e9 uma oportunidade de valoriza\u00e7\u00e3o e reconhecimento do trabalho \u00e1rduo das fam\u00edlias que produzem nossos alimentos&#8221;, disse. O secret\u00e1rio de Agricultura, Luiz Carlos Bombardelli, ressaltou que as a\u00e7\u00f5es programadas visam fortalecer o v\u00ednculo entre os produtores e a comunidade, enfatizando a continuidade da produ\u00e7\u00e3o nas novas gera\u00e7\u00f5es.<\/p>\n<h2>O Papel da Agricultura na Economia<\/h2>\n<p>A agricultura desempenha um papel vital na economia de Toledo e da regi\u00e3o. N\u00e3o s\u00f3 contribui para o desenvolvimento econ\u00f4mico, mas tamb\u00e9m garante a seguran\u00e7a alimentar da popula\u00e7\u00e3o. Eventos como a Semana do Agricultor ajudam a promover produtos locais, incentivar o consumo consciente e refor\u00e7ar a cadeia produtiva, o que \u00e9 crucial para sustentar a economia local.<\/p>\n<h2>Expectativas para o Futuro da Agricultura<\/h2>\n<p>O futuro da agricultura passa por inova\u00e7\u00f5es e mudan\u00e7as significativas, especialmente com a integra\u00e7\u00e3o de novas tecnologias e pr\u00e1ticas sustent\u00e1veis. A expectativa \u00e9 de que iniciativas como a Semana do Agricultor continuem a florescer, engajando a comunidade e trazendo novas gera\u00e7\u00f5es para o campo. Essas pr\u00e1ticas s\u00e3o essenciais para garantir que a produ\u00e7\u00e3o agr\u00edcola se adapte \u00e0s demandas contempor\u00e2neas e permane\u00e7a vi\u00e1vel e rent\u00e1vel.<\/p>\n<h2>Dicas para Aproveitar a Semana do Agricultor<\/h2>\n<p>Para aproveitar ao m\u00e1ximo a Semana do Agricultor, considere as seguintes dicas:<\/p>\n<ul>\n<li>Planeje sua visita, escolhendo as atividades que mais lhe interessam;<\/li>\n<li>Desfrute das degusta\u00e7\u00f5es na Festa do Agricultor e valorize os produtos locais;<\/li>\n<li>Participe de gincanas e atividades voltadas para a fam\u00edlia, promovendo a intera\u00e7\u00e3o entre crian\u00e7as e adultos;<\/li>\n<li>Fique atento \u00e0s palestras e capacita\u00e7\u00f5es que podem trazer novos conhecimentos sobre o setor;<\/li>\n<li>Converse com os produtores e conhe\u00e7a de perto o trabalho que eles realizam;<\/li>\n<li>Utilize as redes sociais para compartilhar sua experi\u00eancia e incentivar outros a participar.<\/li>\n<\/ul>\n","protected":false},"excerpt":{"rendered":"<p>Semana do Agricultor em Toledo celebra a import\u00e2ncia da agricultura e do agricultor.<\/p>\n","protected":false},"author":1,"featured_media":5395,"comment_status":"open","ping_status":"open","sticky":false,"template":"","format":"standard","meta":{"footnotes":""},"categories":[897],"tags":[],"class_list":["post-5396","post","type-post","status-publish","format-standard","has-post-thumbnail","hentry","category-eventos","has_thumb"],"yoast_head":"<!-- This site is optimized with the Yoast SEO plugin v28.1 - https:\/\/yoast.com\/product\/yoast-seo-wordpress\/ -->\n<title>Semana do Agricultor \u00e9 oficialmente aberta em Toledo | Guia Comercial de Toledo PR<\/title>\n<meta name=\"robots\" content=\"index, follow, max-snippet:-1, max-image-preview:large, max-video-preview:-1\" \/>\n<link rel=\"canonical\" href=\"https:\/\/www.encontraparana.com.br\/toledo\/semana-do-agricultor-e-oficialmente-aberta-em-toledo\/\" \/>\n<meta property=\"og:locale\" content=\"pt_BR\" \/>\n<meta property=\"og:type\" content=\"article\" \/>\n<meta property=\"og:title\" content=\"Semana do Agricultor \u00e9 oficialmente aberta em Toledo | Guia Comercial de Toledo PR\" \/>\n<meta property=\"og:description\" content=\"Semana do Agricultor em Toledo celebra a import\u00e2ncia da agricultura e do agricultor.\" \/>\n<meta property=\"og:url\" content=\"https:\/\/www.encontraparana.com.br\/toledo\/semana-do-agricultor-e-oficialmente-aberta-em-toledo\/\" \/>\n<meta property=\"og:site_name\" content=\"Guia Comercial de Toledo PR\" \/>\n<meta property=\"article:published_time\" content=\"2026-07-23T12:39:06+00:00\" \/>\n<meta property=\"og:image\" content=\"https:\/\/www.encontraparana.com.br\/toledo\/wp-content\/uploads\/2026\/07\/semana-do-agricultor-e-oficialmente-aberta-em-toledo.webp\" \/>\n\t<meta property=\"og:image:width\" content=\"280\" \/>\n\t<meta property=\"og:image:height\" content=\"280\" \/>\n\t<meta property=\"og:image:type\" content=\"image\/webp\" \/>\n<meta name=\"author\" content=\"Encontra Toledo\" \/>\n<meta name=\"twitter:card\" content=\"summary_large_image\" \/>\n<meta name=\"twitter:label1\" content=\"Escrito por\" \/>\n\t<meta name=\"twitter:data1\" content=\"Encontra Toledo\" \/>\n\t<meta name=\"twitter:label2\" content=\"Est. tempo de leitura\" \/>\n\t<meta name=\"twitter:data2\" content=\"4 minutos\" \/>\n<script type=\"application\/ld+json\" class=\"yoast-schema-graph\">{\"@context\":\"https:\\\/\\\/schema.org\",\"@graph\":[{\"@type\":\"Article\",\"@id\":\"https:\\\/\\\/www.encontraparana.com.br\\\/toledo\\\/semana-do-agricultor-e-oficialmente-aberta-em-toledo\\\/#article\",\"isPartOf\":{\"@id\":\"https:\\\/\\\/www.encontraparana.com.br\\\/toledo\\\/semana-do-agricultor-e-oficialmente-aberta-em-toledo\\\/\"},\"author\":{\"name\":\"Encontra Toledo\",\"@id\":\"https:\\\/\\\/www.encontraparana.com.br\\\/toledo\\\/#\\\/schema\\\/person\\\/3b3bd5c0e2969177418b8c8e4729fd0a\"},\"headline\":\"Semana do Agricultor \u00e9 oficialmente aberta em Toledo\",\"datePublished\":\"2026-07-23T12:39:06+00:00\",\"mainEntityOfPage\":{\"@id\":\"https:\\\/\\\/www.encontraparana.com.br\\\/toledo\\\/semana-do-agricultor-e-oficialmente-aberta-em-toledo\\\/\"},\"wordCount\":910,\"commentCount\":0,\"image\":{\"@id\":\"https:\\\/\\\/www.encontraparana.com.br\\\/toledo\\\/semana-do-agricultor-e-oficialmente-aberta-em-toledo\\\/#primaryimage\"},\"thumbnailUrl\":\"https:\\\/\\\/www.encontraparana.com.br\\\/toledo\\\/wp-content\\\/uploads\\\/2026\\\/07\\\/semana-do-agricultor-e-oficialmente-aberta-em-toledo.webp\",\"articleSection\":[\"Eventos Toledo\"],\"inLanguage\":\"pt-BR\",\"potentialAction\":[{\"@type\":\"CommentAction\",\"name\":\"Comment\",\"target\":[\"https:\\\/\\\/www.encontraparana.com.br\\\/toledo\\\/semana-do-agricultor-e-oficialmente-aberta-em-toledo\\\/#respond\"]}]},{\"@type\":\"WebPage\",\"@id\":\"https:\\\/\\\/www.encontraparana.com.br\\\/toledo\\\/semana-do-agricultor-e-oficialmente-aberta-em-toledo\\\/\",\"url\":\"https:\\\/\\\/www.encontraparana.com.br\\\/toledo\\\/semana-do-agricultor-e-oficialmente-aberta-em-toledo\\\/\",\"name\":\"Semana do Agricultor \u00e9 oficialmente aberta em Toledo | Guia Comercial de Toledo PR\",\"isPartOf\":{\"@id\":\"https:\\\/\\\/www.encontraparana.com.br\\\/toledo\\\/#website\"},\"primaryImageOfPage\":{\"@id\":\"https:\\\/\\\/www.encontraparana.com.br\\\/toledo\\\/semana-do-agricultor-e-oficialmente-aberta-em-toledo\\\/#primaryimage\"},\"image\":{\"@id\":\"https:\\\/\\\/www.encontraparana.com.br\\\/toledo\\\/semana-do-agricultor-e-oficialmente-aberta-em-toledo\\\/#primaryimage\"},\"thumbnailUrl\":\"https:\\\/\\\/www.encontraparana.com.br\\\/toledo\\\/wp-content\\\/uploads\\\/2026\\\/07\\\/semana-do-agricultor-e-oficialmente-aberta-em-toledo.webp\",\"datePublished\":\"2026-07-23T12:39:06+00:00\",\"author\":{\"@id\":\"https:\\\/\\\/www.encontraparana.com.br\\\/toledo\\\/#\\\/schema\\\/person\\\/3b3bd5c0e2969177418b8c8e4729fd0a\"},\"inLanguage\":\"pt-BR\",\"potentialAction\":[{\"@type\":\"ReadAction\",\"target\":[\"https:\\\/\\\/www.encontraparana.com.br\\\/toledo\\\/semana-do-agricultor-e-oficialmente-aberta-em-toledo\\\/\"]}]},{\"@type\":\"ImageObject\",\"inLanguage\":\"pt-BR\",\"@id\":\"https:\\\/\\\/www.encontraparana.com.br\\\/toledo\\\/semana-do-agricultor-e-oficialmente-aberta-em-toledo\\\/#primaryimage\",\"url\":\"https:\\\/\\\/www.encontraparana.com.br\\\/toledo\\\/wp-content\\\/uploads\\\/2026\\\/07\\\/semana-do-agricultor-e-oficialmente-aberta-em-toledo.webp\",\"contentUrl\":\"https:\\\/\\\/www.encontraparana.com.br\\\/toledo\\\/wp-content\\\/uploads\\\/2026\\\/07\\\/semana-do-agricultor-e-oficialmente-aberta-em-toledo.webp\",\"width\":280,\"height\":280,\"caption\":\"Semana do Agricultor\"},{\"@type\":\"WebSite\",\"@id\":\"https:\\\/\\\/www.encontraparana.com.br\\\/toledo\\\/#website\",\"url\":\"https:\\\/\\\/www.encontraparana.com.br\\\/toledo\\\/\",\"name\":\"Guia Comercial de Toledo PR\",\"description\":\"ENCONTRA TOLEDO - O guia comercial de neg\u00f3cios e empresas, cultura e divers\u00e3o na cidade de Toledo. Feito 100% para voc\u00ea morador!\",\"potentialAction\":[{\"@type\":\"SearchAction\",\"target\":{\"@type\":\"EntryPoint\",\"urlTemplate\":\"https:\\\/\\\/www.encontraparana.com.br\\\/toledo\\\/?s={search_term_string}\"},\"query-input\":{\"@type\":\"PropertyValueSpecification\",\"valueRequired\":true,\"valueName\":\"search_term_string\"}}],\"inLanguage\":\"pt-BR\"},{\"@type\":\"Person\",\"@id\":\"https:\\\/\\\/www.encontraparana.com.br\\\/toledo\\\/#\\\/schema\\\/person\\\/3b3bd5c0e2969177418b8c8e4729fd0a\",\"name\":\"Encontra Toledo\",\"image\":{\"@type\":\"ImageObject\",\"inLanguage\":\"pt-BR\",\"@id\":\"https:\\\/\\\/secure.gravatar.com\\\/avatar\\\/c50c17820bcf322f0a8fd6b110b8c0918141409dc69076470f6fca5fee70a5d4?s=96&d=mm&r=g\",\"url\":\"https:\\\/\\\/secure.gravatar.com\\\/avatar\\\/c50c17820bcf322f0a8fd6b110b8c0918141409dc69076470f6fca5fee70a5d4?s=96&d=mm&r=g\",\"contentUrl\":\"https:\\\/\\\/secure.gravatar.com\\\/avatar\\\/c50c17820bcf322f0a8fd6b110b8c0918141409dc69076470f6fca5fee70a5d4?s=96&d=mm&r=g\",\"caption\":\"Encontra Toledo\"},\"url\":\"https:\\\/\\\/www.encontraparana.com.br\\\/toledo\\\/author\\\/encontratoledo\\\/\"}]}<\/script>\n<!-- \/ Yoast SEO plugin. -->","yoast_head_json":{"title":"Semana do Agricultor \u00e9 oficialmente aberta em Toledo | Guia Comercial de Toledo PR","robots":{"index":"index","follow":"follow","max-snippet":"max-snippet:-1","max-image-preview":"max-image-preview:large","max-video-preview":"max-video-preview:-1"},"canonical":"https:\/\/www.encontraparana.com.br\/toledo\/semana-do-agricultor-e-oficialmente-aberta-em-toledo\/","og_locale":"pt_BR","og_type":"article","og_title":"Semana do Agricultor \u00e9 oficialmente aberta em Toledo | Guia Comercial de Toledo PR","og_description":"Semana do Agricultor em Toledo celebra a import\u00e2ncia da agricultura e do agricultor.","og_url":"https:\/\/www.encontraparana.com.br\/toledo\/semana-do-agricultor-e-oficialmente-aberta-em-toledo\/","og_site_name":"Guia Comercial de Toledo PR","article_published_time":"2026-07-23T12:39:06+00:00","og_image":[{"width":280,"height":280,"url":"https:\/\/www.encontraparana.com.br\/toledo\/wp-content\/uploads\/2026\/07\/semana-do-agricultor-e-oficialmente-aberta-em-toledo.webp","type":"image\/webp"}],"author":"Encontra Toledo","twitter_card":"summary_large_image","twitter_misc":{"Escrito por":"Encontra Toledo","Est. tempo de leitura":"4 minutos"},"schema":{"@context":"https:\/\/schema.org","@graph":[{"@type":"Article","@id":"https:\/\/www.encontraparana.com.br\/toledo\/semana-do-agricultor-e-oficialmente-aberta-em-toledo\/#article","isPartOf":{"@id":"https:\/\/www.encontraparana.com.br\/toledo\/semana-do-agricultor-e-oficialmente-aberta-em-toledo\/"},"author":{"name":"Encontra Toledo","@id":"https:\/\/www.encontraparana.com.br\/toledo\/#\/schema\/person\/3b3bd5c0e2969177418b8c8e4729fd0a"},"headline":"Semana do Agricultor \u00e9 oficialmente aberta em Toledo","datePublished":"2026-07-23T12:39:06+00:00","mainEntityOfPage":{"@id":"https:\/\/www.encontraparana.com.br\/toledo\/semana-do-agricultor-e-oficialmente-aberta-em-toledo\/"},"wordCount":910,"commentCount":0,"image":{"@id":"https:\/\/www.encontraparana.com.br\/toledo\/semana-do-agricultor-e-oficialmente-aberta-em-toledo\/#primaryimage"},"thumbnailUrl":"https:\/\/www.encontraparana.com.br\/toledo\/wp-content\/uploads\/2026\/07\/semana-do-agricultor-e-oficialmente-aberta-em-toledo.webp","articleSection":["Eventos Toledo"],"inLanguage":"pt-BR","potentialAction":[{"@type":"CommentAction","name":"Comment","target":["https:\/\/www.encontraparana.com.br\/toledo\/semana-do-agricultor-e-oficialmente-aberta-em-toledo\/#respond"]}]},{"@type":"WebPage","@id":"https:\/\/www.encontraparana.com.br\/toledo\/semana-do-agricultor-e-oficialmente-aberta-em-toledo\/","url":"https:\/\/www.encontraparana.com.br\/toledo\/semana-do-agricultor-e-oficialmente-aberta-em-toledo\/","name":"Semana do Agricultor \u00e9 oficialmente aberta em Toledo | Guia Comercial de Toledo PR","isPartOf":{"@id":"https:\/\/www.encontraparana.com.br\/toledo\/#website"},"primaryImageOfPage":{"@id":"https:\/\/www.encontraparana.com.br\/toledo\/semana-do-agricultor-e-oficialmente-aberta-em-toledo\/#primaryimage"},"image":{"@id":"https:\/\/www.encontraparana.com.br\/toledo\/semana-do-agricultor-e-oficialmente-aberta-em-toledo\/#primaryimage"},"thumbnailUrl":"https:\/\/www.encontraparana.com.br\/toledo\/wp-content\/uploads\/2026\/07\/semana-do-agricultor-e-oficialmente-aberta-em-toledo.webp","datePublished":"2026-07-23T12:39:06+00:00","author":{"@id":"https:\/\/www.encontraparana.com.br\/toledo\/#\/schema\/person\/3b3bd5c0e2969177418b8c8e4729fd0a"},"inLanguage":"pt-BR","potentialAction":[{"@type":"ReadAction","target":["https:\/\/www.encontraparana.com.br\/toledo\/semana-do-agricultor-e-oficialmente-aberta-em-toledo\/"]}]},{"@type":"ImageObject","inLanguage":"pt-BR","@id":"https:\/\/www.encontraparana.com.br\/toledo\/semana-do-agricultor-e-oficialmente-aberta-em-toledo\/#primaryimage","url":"https:\/\/www.encontraparana.com.br\/toledo\/wp-content\/uploads\/2026\/07\/semana-do-agricultor-e-oficialmente-aberta-em-toledo.webp","contentUrl":"https:\/\/www.encontraparana.com.br\/toledo\/wp-content\/uploads\/2026\/07\/semana-do-agricultor-e-oficialmente-aberta-em-toledo.webp","width":280,"height":280,"caption":"Semana do Agricultor"},{"@type":"WebSite","@id":"https:\/\/www.encontraparana.com.br\/toledo\/#website","url":"https:\/\/www.encontraparana.com.br\/toledo\/","name":"Guia Comercial de Toledo PR","description":"ENCONTRA TOLEDO - O guia comercial de neg\u00f3cios e empresas, cultura e divers\u00e3o na cidade de Toledo. Feito 100% para voc\u00ea morador!","potentialAction":[{"@type":"SearchAction","target":{"@type":"EntryPoint","urlTemplate":"https:\/\/www.encontraparana.com.br\/toledo\/?s={search_term_string}"},"query-input":{"@type":"PropertyValueSpecification","valueRequired":true,"valueName":"search_term_string"}}],"inLanguage":"pt-BR"},{"@type":"Person","@id":"https:\/\/www.encontraparana.com.br\/toledo\/#\/schema\/person\/3b3bd5c0e2969177418b8c8e4729fd0a","name":"Encontra Toledo","image":{"@type":"ImageObject","inLanguage":"pt-BR","@id":"https:\/\/secure.gravatar.com\/avatar\/c50c17820bcf322f0a8fd6b110b8c0918141409dc69076470f6fca5fee70a5d4?s=96&d=mm&r=g","url":"https:\/\/secure.gravatar.com\/avatar\/c50c17820bcf322f0a8fd6b110b8c0918141409dc69076470f6fca5fee70a5d4?s=96&d=mm&r=g","contentUrl":"https:\/\/secure.gravatar.com\/avatar\/c50c17820bcf322f0a8fd6b110b8c0918141409dc69076470f6fca5fee70a5d4?s=96&d=mm&r=g","caption":"Encontra Toledo"},"url":"https:\/\/www.encontraparana.com.br\/toledo\/author\/encontratoledo\/"}]}},"_links":{"self":[{"href":"https:\/\/www.encontraparana.com.br\/toledo\/wp-json\/wp\/v2\/posts\/5396","targetHints":{"allow":["GET"]}}],"collection":[{"href":"https:\/\/www.encontraparana.com.br\/toledo\/wp-json\/wp\/v2\/posts"}],"about":[{"href":"https:\/\/www.encontraparana.com.br\/toledo\/wp-json\/wp\/v2\/types\/post"}],"author":[{"embeddable":true,"href":"https:\/\/www.encontraparana.com.br\/toledo\/wp-json\/wp\/v2\/users\/1"}],"replies":[{"embeddable":true,"href":"https:\/\/www.encontraparana.com.br\/toledo\/wp-json\/wp\/v2\/comments?post=5396"}],"version-history":[{"count":0,"href":"https:\/\/www.encontraparana.com.br\/toledo\/wp-json\/wp\/v2\/posts\/5396\/revisions"}],"wp:featuredmedia":[{"embeddable":true,"href":"https:\/\/www.encontraparana.com.br\/toledo\/wp-json\/wp\/v2\/media\/5395"}],"wp:attachment":[{"href":"https:\/\/www.encontraparana.com.br\/toledo\/wp-json\/wp\/v2\/media?parent=5396"}],"wp:term":[{"taxonomy":"category","embeddable":true,"href":"https:\/\/www.encontraparana.com.br\/toledo\/wp-json\/wp\/v2\/categories?post=5396"},{"taxonomy":"post_tag","embeddable":true,"href":"https:\/\/www.encontraparana.com.br\/toledo\/wp-json\/wp\/v2\/tags?post=5396"}],"curies":[{"name":"wp","href":"https:\/\/api.w.org\/{rel}","templated":true}]}}