{"id":5410,"date":"2026-07-25T14:40:40","date_gmt":"2026-07-25T17:40:40","guid":{"rendered":"https:\/\/www.encontraparana.com.br\/toledo\/no-masculino-e-no-feminino-toledo-vence-2o-regional-de-volei-no-escuro-70\/"},"modified":"2026-07-25T14:40:40","modified_gmt":"2026-07-25T17:40:40","slug":"no-masculino-e-no-feminino-toledo-vence-2o-regional-de-volei-no-escuro-70","status":"publish","type":"post","link":"https:\/\/www.encontraparana.com.br\/toledo\/no-masculino-e-no-feminino-toledo-vence-2o-regional-de-volei-no-escuro-70\/","title":{"rendered":"No masculino e no feminino, Toledo vence 2\u00ba Regional de V\u00f4lei no Escuro 70+"},"content":{"rendered":"<h2>O que \u00e9 o V\u00f4lei no Escuro?<\/h2>\n<p>O <strong>V\u00f4lei no Escuro<\/strong> \u00e9 uma modalidade esportiva adaptada que proporciona uma experi\u00eancia \u00fanica para os atletas. Nessa vers\u00e3o do v\u00f4lei, as partidas ocorrem em uma quadra convencional, por\u00e9m, com algumas modifica\u00e7\u00f5es significativas. A principal caracter\u00edstica \u00e9 a utiliza\u00e7\u00e3o de uma bola maior, que tem 45 cent\u00edmetros de di\u00e2metro, e a presen\u00e7a de uma lona escura na rede, que obstrui a vis\u00e3o uma das equipes. O objetivo \u00e9 permitir que os boleadores joguem sem a percep\u00e7\u00e3o visual, enfatizando habilidades como a comunica\u00e7\u00e3o e a coordena\u00e7\u00e3o entre os membros da equipe.<\/p>\n<h2>Hist\u00f3ria do Campeonato Regional de V\u00f4lei no Escuro<\/h2>\n<p>O Campeonato Regional de V\u00f4lei no Escuro come\u00e7ou a ganhar for\u00e7a com a iniciativa da Federa\u00e7\u00e3o Paranaense de Esportes Adaptados para Idosos (FPEAI). Com a finalidade de promover a inclus\u00e3o e a pr\u00e1tica esportiva entre os idosos, o torneio busca n\u00e3o apenas a competitividade, mas tamb\u00e9m o bem-estar social e a intera\u00e7\u00e3o entre os participantes. A proposta \u00e9 que cada edi\u00e7\u00e3o do campeonato re\u00fana equipes de diversas cidades, fomentando a amizade e a colabora\u00e7\u00e3o entre os atletas da terceira idade.<\/p>\n<h2>Resultados do V\u00f4lei Masculino em Toledo<\/h2>\n<p>No \u00faltimo torneio, realizado no dia 21 de julho de 2026, a equipe masculina de Toledo se destacou ao conquistar o t\u00edtulo. Competindo contra oito equipes formadas somente por atletas com 70 anos ou mais, Toledo venceu a final com um impressionante placar de 15 a 5 contra Quatro Pontes. Antes da final, a equipe j\u00e1 havia demonstrado um desempenho excelente na fase classificat\u00f3ria, superando Mandaguari com 15 a 3 e vencendo outros advers\u00e1rios por margens confort\u00e1veis.<\/p>\n<p><img decoding=\"async\" src=\"https:\/\/www.encontraparana.com.br\/toledo\/wp-content\/uploads\/2026\/07\/no-masculino-e-no-feminino-toledo-vence-2-regional-de-volei-no-escuro-70.webp\" alt=\"volei no escuro\" loading=\"lazy\" \/><\/p>\n<h2>Desempenho das Mulheres no V\u00f4lei no Escuro<\/h2>\n<p>As mulheres de Toledo tamb\u00e9m mostraram sua garra e talento. Apesar de uma estreia desafiadora diante da equipe de Mandaguari, onde perderam por 11 a 10, elas se recuperaram brilhantemente ao vencer S\u00e3o Miguel do Igua\u00e7u e Cafezal do Sul nas fases subsequentes. No semifinal, a equipe feminina venceu Quatro Pontes em um jogo apertado, terminando com o placar de 12 a 11. Na grande final, reencontraram Mandaguari e conquistaram a vit\u00f3ria com 14 a 8, assegurando assim o campeonato regional.<\/p>\n<h2>Import\u00e2ncia do V\u00f4lei para Atletas Idosos<\/h2>\n<p>O v\u00f4lei no escuro n\u00e3o apenas proporciona competi\u00e7\u00e3o, mas tamb\u00e9m diversos benef\u00edcios para os atletas idosos. Essa modalidade estimula o racioc\u00ednio r\u00e1pido, melhora a agilidade e trabalha a capacidade motora e f\u00edsica dos participantes. Jogar v\u00f4lei no escuro n\u00e3o \u00e9 apenas uma atividade f\u00edsica; \u00e9 uma oportunidade para os idosos socializarem e se manterem ativos, contribuindo para uma melhor qualidade de vida.<\/p>\n<h2>Treinamento e Prepara\u00e7\u00e3o das Equipes<\/h2>\n<p>A prepara\u00e7\u00e3o das equipes e o treinamento s\u00e3o fundamentais para o sucesso no v\u00f4lei no escuro. Em Toledo, os atletas t\u00eam acesso ao Centro de Treinamento para Idosos (CTI), onde treinam duas vezes por semana. O esfor\u00e7o coletivo e a dedica\u00e7\u00e3o de cada um s\u00e3o reconhecidos pela equipe de coordena\u00e7\u00e3o, que acredita que esse investimento em treinamento resulta em melhorias significativas no desempenho durante os torneios.<\/p>\n<h2>Impacto do Esporte na Sa\u00fade dos Idosos<\/h2>\n<p>Praticar o v\u00f4lei no escuro impacta positivamente a sa\u00fade dos idosos. Segundo especialistas, a atividade melhora a resist\u00eancia cardiorrespirat\u00f3ria, aumenta a for\u00e7a muscular e eleva a autoestima dos participantes. Adilma Boffo, coordenadora do Departamento da Pessoa Idosa em Movimento, refor\u00e7a que esse tipo de esporte \u00e9 essencial para manter a sa\u00fade f\u00edsica e mental, al\u00e9m de promover a intera\u00e7\u00e3o social entre os idosos.<\/p>\n<h2>Expectativas para Futuras Competi\u00e7\u00f5es<\/h2>\n<p>Os organizadores do Campeonato Regional de V\u00f4lei no Escuro esperam expandir a participa\u00e7\u00e3o de mais munic\u00edpios a cada edi\u00e7\u00e3o. A crescente aceita\u00e7\u00e3o e popularidade da modalidade criam um cen\u00e1rio promissor para o futuro. A expectativa \u00e9 que mais atletas se juntem aos times e que eventos futuros tragam ainda mais competi\u00e7\u00f5es e oportunidades para os idosos se destacarem e mostrarem suas habilidades.<\/p>\n<h2>Depoimentos de Atletas do V\u00f4lei no Escuro<\/h2>\n<p>A experi\u00eancia de jogar v\u00f4lei no escuro tem gerado impactos positivos significativos. Osmar Guzzo, um dos atletas de Toledo, destaca que muitos dos companheiros deixaram de praticar esportes convencionais devido \u00e0s limita\u00e7\u00f5es impostas pela idade. Com o v\u00f4lei no escuro, eles encontraram uma nova chance de se manter ativos, enfatizando que \u00e9 emocionante ver pessoas pr\u00f3ximas dos 80 anos se esfor\u00e7ando ao m\u00e1ximo durante as partidas. Ele tamb\u00e9m incentiva os idosos a praticarem atividades f\u00edsicas, ressaltando que essa \u00e9 uma maneira de prolongar a sa\u00fade e qualidade de vida.<\/p>\n<h2>Como Participar do V\u00f4lei no Escuro em Toledo<\/h2>\n<p>Para quem deseja se envolver com o v\u00f4lei no escuro em Toledo, o processo \u00e9 simples. Os interessados podem se inscrever no Centro de Treinamento para Idosos, local onde s\u00e3o realizadas as pr\u00e1ticas duas vezes por semana. Al\u00e9m disso, os controladores do departamento incentivam a participa\u00e7\u00e3o nas competi\u00e7\u00f5es regionais, que s\u00e3o abertas a novos atletas, proporcionando a todos a oportunidade de competir e se divertir. Assim, a pr\u00e1tica esportiva se torna uma bela forma de socializa\u00e7\u00e3o e auto supera\u00e7\u00e3o para os idosos.<\/p>\n","protected":false},"excerpt":{"rendered":"<p>Toledo venceu o 2\u00ba Regional de V\u00f4lei no Escuro 70+ com equipes masculina e feminina.<\/p>\n","protected":false},"author":1,"featured_media":5409,"comment_status":"open","ping_status":"open","sticky":false,"template":"","format":"standard","meta":{"footnotes":""},"categories":[897],"tags":[],"class_list":["post-5410","post","type-post","status-publish","format-standard","has-post-thumbnail","hentry","category-eventos","has_thumb"],"yoast_head":"<!-- This site is optimized with the Yoast SEO plugin v28.1 - https:\/\/yoast.com\/product\/yoast-seo-wordpress\/ -->\n<title>No masculino e no feminino, Toledo vence 2\u00ba Regional de V\u00f4lei no Escuro 70+ | Guia Comercial de Toledo PR<\/title>\n<meta name=\"robots\" content=\"index, follow, max-snippet:-1, max-image-preview:large, max-video-preview:-1\" \/>\n<link rel=\"canonical\" href=\"https:\/\/www.encontraparana.com.br\/toledo\/no-masculino-e-no-feminino-toledo-vence-2o-regional-de-volei-no-escuro-70\/\" \/>\n<meta property=\"og:locale\" content=\"pt_BR\" \/>\n<meta property=\"og:type\" content=\"article\" \/>\n<meta property=\"og:title\" content=\"No masculino e no feminino, Toledo vence 2\u00ba Regional de V\u00f4lei no Escuro 70+ | Guia Comercial de Toledo PR\" \/>\n<meta property=\"og:description\" content=\"Toledo venceu o 2\u00ba Regional de V\u00f4lei no Escuro 70+ com equipes masculina e feminina.\" \/>\n<meta property=\"og:url\" content=\"https:\/\/www.encontraparana.com.br\/toledo\/no-masculino-e-no-feminino-toledo-vence-2o-regional-de-volei-no-escuro-70\/\" \/>\n<meta property=\"og:site_name\" content=\"Guia Comercial de Toledo PR\" \/>\n<meta property=\"article:published_time\" content=\"2026-07-25T17:40:40+00:00\" \/>\n<meta property=\"og:image\" content=\"https:\/\/www.encontraparana.com.br\/toledo\/wp-content\/uploads\/2026\/07\/no-masculino-e-no-feminino-toledo-vence-2-regional-de-volei-no-escuro-70.webp\" \/>\n\t<meta property=\"og:image:width\" content=\"280\" \/>\n\t<meta property=\"og:image:height\" content=\"280\" \/>\n\t<meta property=\"og:image:type\" content=\"image\/webp\" \/>\n<meta name=\"author\" content=\"Encontra Toledo\" \/>\n<meta name=\"twitter:card\" content=\"summary_large_image\" \/>\n<meta name=\"twitter:label1\" content=\"Escrito por\" \/>\n\t<meta name=\"twitter:data1\" content=\"Encontra Toledo\" \/>\n\t<meta name=\"twitter:label2\" content=\"Est. tempo de leitura\" \/>\n\t<meta name=\"twitter:data2\" content=\"4 minutos\" \/>\n<script type=\"application\/ld+json\" class=\"yoast-schema-graph\">{\"@context\":\"https:\\\/\\\/schema.org\",\"@graph\":[{\"@type\":\"Article\",\"@id\":\"https:\\\/\\\/www.encontraparana.com.br\\\/toledo\\\/no-masculino-e-no-feminino-toledo-vence-2o-regional-de-volei-no-escuro-70\\\/#article\",\"isPartOf\":{\"@id\":\"https:\\\/\\\/www.encontraparana.com.br\\\/toledo\\\/no-masculino-e-no-feminino-toledo-vence-2o-regional-de-volei-no-escuro-70\\\/\"},\"author\":{\"name\":\"Encontra Toledo\",\"@id\":\"https:\\\/\\\/www.encontraparana.com.br\\\/toledo\\\/#\\\/schema\\\/person\\\/3b3bd5c0e2969177418b8c8e4729fd0a\"},\"headline\":\"No masculino e no feminino, Toledo vence 2\u00ba Regional de V\u00f4lei no Escuro 70+\",\"datePublished\":\"2026-07-25T17:40:40+00:00\",\"mainEntityOfPage\":{\"@id\":\"https:\\\/\\\/www.encontraparana.com.br\\\/toledo\\\/no-masculino-e-no-feminino-toledo-vence-2o-regional-de-volei-no-escuro-70\\\/\"},\"wordCount\":906,\"commentCount\":0,\"image\":{\"@id\":\"https:\\\/\\\/www.encontraparana.com.br\\\/toledo\\\/no-masculino-e-no-feminino-toledo-vence-2o-regional-de-volei-no-escuro-70\\\/#primaryimage\"},\"thumbnailUrl\":\"https:\\\/\\\/www.encontraparana.com.br\\\/toledo\\\/wp-content\\\/uploads\\\/2026\\\/07\\\/no-masculino-e-no-feminino-toledo-vence-2-regional-de-volei-no-escuro-70.webp\",\"articleSection\":[\"Eventos Toledo\"],\"inLanguage\":\"pt-BR\",\"potentialAction\":[{\"@type\":\"CommentAction\",\"name\":\"Comment\",\"target\":[\"https:\\\/\\\/www.encontraparana.com.br\\\/toledo\\\/no-masculino-e-no-feminino-toledo-vence-2o-regional-de-volei-no-escuro-70\\\/#respond\"]}]},{\"@type\":\"WebPage\",\"@id\":\"https:\\\/\\\/www.encontraparana.com.br\\\/toledo\\\/no-masculino-e-no-feminino-toledo-vence-2o-regional-de-volei-no-escuro-70\\\/\",\"url\":\"https:\\\/\\\/www.encontraparana.com.br\\\/toledo\\\/no-masculino-e-no-feminino-toledo-vence-2o-regional-de-volei-no-escuro-70\\\/\",\"name\":\"No masculino e no feminino, Toledo vence 2\u00ba Regional de V\u00f4lei no Escuro 70+ | Guia Comercial de Toledo PR\",\"isPartOf\":{\"@id\":\"https:\\\/\\\/www.encontraparana.com.br\\\/toledo\\\/#website\"},\"primaryImageOfPage\":{\"@id\":\"https:\\\/\\\/www.encontraparana.com.br\\\/toledo\\\/no-masculino-e-no-feminino-toledo-vence-2o-regional-de-volei-no-escuro-70\\\/#primaryimage\"},\"image\":{\"@id\":\"https:\\\/\\\/www.encontraparana.com.br\\\/toledo\\\/no-masculino-e-no-feminino-toledo-vence-2o-regional-de-volei-no-escuro-70\\\/#primaryimage\"},\"thumbnailUrl\":\"https:\\\/\\\/www.encontraparana.com.br\\\/toledo\\\/wp-content\\\/uploads\\\/2026\\\/07\\\/no-masculino-e-no-feminino-toledo-vence-2-regional-de-volei-no-escuro-70.webp\",\"datePublished\":\"2026-07-25T17:40:40+00:00\",\"author\":{\"@id\":\"https:\\\/\\\/www.encontraparana.com.br\\\/toledo\\\/#\\\/schema\\\/person\\\/3b3bd5c0e2969177418b8c8e4729fd0a\"},\"inLanguage\":\"pt-BR\",\"potentialAction\":[{\"@type\":\"ReadAction\",\"target\":[\"https:\\\/\\\/www.encontraparana.com.br\\\/toledo\\\/no-masculino-e-no-feminino-toledo-vence-2o-regional-de-volei-no-escuro-70\\\/\"]}]},{\"@type\":\"ImageObject\",\"inLanguage\":\"pt-BR\",\"@id\":\"https:\\\/\\\/www.encontraparana.com.br\\\/toledo\\\/no-masculino-e-no-feminino-toledo-vence-2o-regional-de-volei-no-escuro-70\\\/#primaryimage\",\"url\":\"https:\\\/\\\/www.encontraparana.com.br\\\/toledo\\\/wp-content\\\/uploads\\\/2026\\\/07\\\/no-masculino-e-no-feminino-toledo-vence-2-regional-de-volei-no-escuro-70.webp\",\"contentUrl\":\"https:\\\/\\\/www.encontraparana.com.br\\\/toledo\\\/wp-content\\\/uploads\\\/2026\\\/07\\\/no-masculino-e-no-feminino-toledo-vence-2-regional-de-volei-no-escuro-70.webp\",\"width\":280,\"height\":280,\"caption\":\"volei no escuro\"},{\"@type\":\"WebSite\",\"@id\":\"https:\\\/\\\/www.encontraparana.com.br\\\/toledo\\\/#website\",\"url\":\"https:\\\/\\\/www.encontraparana.com.br\\\/toledo\\\/\",\"name\":\"Guia Comercial de Toledo PR\",\"description\":\"ENCONTRA TOLEDO - O guia comercial de neg\u00f3cios e empresas, cultura e divers\u00e3o na cidade de Toledo. Feito 100% para voc\u00ea morador!\",\"potentialAction\":[{\"@type\":\"SearchAction\",\"target\":{\"@type\":\"EntryPoint\",\"urlTemplate\":\"https:\\\/\\\/www.encontraparana.com.br\\\/toledo\\\/?s={search_term_string}\"},\"query-input\":{\"@type\":\"PropertyValueSpecification\",\"valueRequired\":true,\"valueName\":\"search_term_string\"}}],\"inLanguage\":\"pt-BR\"},{\"@type\":\"Person\",\"@id\":\"https:\\\/\\\/www.encontraparana.com.br\\\/toledo\\\/#\\\/schema\\\/person\\\/3b3bd5c0e2969177418b8c8e4729fd0a\",\"name\":\"Encontra Toledo\",\"image\":{\"@type\":\"ImageObject\",\"inLanguage\":\"pt-BR\",\"@id\":\"https:\\\/\\\/secure.gravatar.com\\\/avatar\\\/c50c17820bcf322f0a8fd6b110b8c0918141409dc69076470f6fca5fee70a5d4?s=96&d=mm&r=g\",\"url\":\"https:\\\/\\\/secure.gravatar.com\\\/avatar\\\/c50c17820bcf322f0a8fd6b110b8c0918141409dc69076470f6fca5fee70a5d4?s=96&d=mm&r=g\",\"contentUrl\":\"https:\\\/\\\/secure.gravatar.com\\\/avatar\\\/c50c17820bcf322f0a8fd6b110b8c0918141409dc69076470f6fca5fee70a5d4?s=96&d=mm&r=g\",\"caption\":\"Encontra Toledo\"},\"url\":\"https:\\\/\\\/www.encontraparana.com.br\\\/toledo\\\/author\\\/encontratoledo\\\/\"}]}<\/script>\n<!-- \/ Yoast SEO plugin. -->","yoast_head_json":{"title":"No masculino e no feminino, Toledo vence 2\u00ba Regional de V\u00f4lei no Escuro 70+ | Guia Comercial de Toledo PR","robots":{"index":"index","follow":"follow","max-snippet":"max-snippet:-1","max-image-preview":"max-image-preview:large","max-video-preview":"max-video-preview:-1"},"canonical":"https:\/\/www.encontraparana.com.br\/toledo\/no-masculino-e-no-feminino-toledo-vence-2o-regional-de-volei-no-escuro-70\/","og_locale":"pt_BR","og_type":"article","og_title":"No masculino e no feminino, Toledo vence 2\u00ba Regional de V\u00f4lei no Escuro 70+ | Guia Comercial de Toledo PR","og_description":"Toledo venceu o 2\u00ba Regional de V\u00f4lei no Escuro 70+ com equipes masculina e feminina.","og_url":"https:\/\/www.encontraparana.com.br\/toledo\/no-masculino-e-no-feminino-toledo-vence-2o-regional-de-volei-no-escuro-70\/","og_site_name":"Guia Comercial de Toledo PR","article_published_time":"2026-07-25T17:40:40+00:00","og_image":[{"width":280,"height":280,"url":"https:\/\/www.encontraparana.com.br\/toledo\/wp-content\/uploads\/2026\/07\/no-masculino-e-no-feminino-toledo-vence-2-regional-de-volei-no-escuro-70.webp","type":"image\/webp"}],"author":"Encontra Toledo","twitter_card":"summary_large_image","twitter_misc":{"Escrito por":"Encontra Toledo","Est. tempo de leitura":"4 minutos"},"schema":{"@context":"https:\/\/schema.org","@graph":[{"@type":"Article","@id":"https:\/\/www.encontraparana.com.br\/toledo\/no-masculino-e-no-feminino-toledo-vence-2o-regional-de-volei-no-escuro-70\/#article","isPartOf":{"@id":"https:\/\/www.encontraparana.com.br\/toledo\/no-masculino-e-no-feminino-toledo-vence-2o-regional-de-volei-no-escuro-70\/"},"author":{"name":"Encontra Toledo","@id":"https:\/\/www.encontraparana.com.br\/toledo\/#\/schema\/person\/3b3bd5c0e2969177418b8c8e4729fd0a"},"headline":"No masculino e no feminino, Toledo vence 2\u00ba Regional de V\u00f4lei no Escuro 70+","datePublished":"2026-07-25T17:40:40+00:00","mainEntityOfPage":{"@id":"https:\/\/www.encontraparana.com.br\/toledo\/no-masculino-e-no-feminino-toledo-vence-2o-regional-de-volei-no-escuro-70\/"},"wordCount":906,"commentCount":0,"image":{"@id":"https:\/\/www.encontraparana.com.br\/toledo\/no-masculino-e-no-feminino-toledo-vence-2o-regional-de-volei-no-escuro-70\/#primaryimage"},"thumbnailUrl":"https:\/\/www.encontraparana.com.br\/toledo\/wp-content\/uploads\/2026\/07\/no-masculino-e-no-feminino-toledo-vence-2-regional-de-volei-no-escuro-70.webp","articleSection":["Eventos Toledo"],"inLanguage":"pt-BR","potentialAction":[{"@type":"CommentAction","name":"Comment","target":["https:\/\/www.encontraparana.com.br\/toledo\/no-masculino-e-no-feminino-toledo-vence-2o-regional-de-volei-no-escuro-70\/#respond"]}]},{"@type":"WebPage","@id":"https:\/\/www.encontraparana.com.br\/toledo\/no-masculino-e-no-feminino-toledo-vence-2o-regional-de-volei-no-escuro-70\/","url":"https:\/\/www.encontraparana.com.br\/toledo\/no-masculino-e-no-feminino-toledo-vence-2o-regional-de-volei-no-escuro-70\/","name":"No masculino e no feminino, Toledo vence 2\u00ba Regional de V\u00f4lei no Escuro 70+ | Guia Comercial de Toledo PR","isPartOf":{"@id":"https:\/\/www.encontraparana.com.br\/toledo\/#website"},"primaryImageOfPage":{"@id":"https:\/\/www.encontraparana.com.br\/toledo\/no-masculino-e-no-feminino-toledo-vence-2o-regional-de-volei-no-escuro-70\/#primaryimage"},"image":{"@id":"https:\/\/www.encontraparana.com.br\/toledo\/no-masculino-e-no-feminino-toledo-vence-2o-regional-de-volei-no-escuro-70\/#primaryimage"},"thumbnailUrl":"https:\/\/www.encontraparana.com.br\/toledo\/wp-content\/uploads\/2026\/07\/no-masculino-e-no-feminino-toledo-vence-2-regional-de-volei-no-escuro-70.webp","datePublished":"2026-07-25T17:40:40+00:00","author":{"@id":"https:\/\/www.encontraparana.com.br\/toledo\/#\/schema\/person\/3b3bd5c0e2969177418b8c8e4729fd0a"},"inLanguage":"pt-BR","potentialAction":[{"@type":"ReadAction","target":["https:\/\/www.encontraparana.com.br\/toledo\/no-masculino-e-no-feminino-toledo-vence-2o-regional-de-volei-no-escuro-70\/"]}]},{"@type":"ImageObject","inLanguage":"pt-BR","@id":"https:\/\/www.encontraparana.com.br\/toledo\/no-masculino-e-no-feminino-toledo-vence-2o-regional-de-volei-no-escuro-70\/#primaryimage","url":"https:\/\/www.encontraparana.com.br\/toledo\/wp-content\/uploads\/2026\/07\/no-masculino-e-no-feminino-toledo-vence-2-regional-de-volei-no-escuro-70.webp","contentUrl":"https:\/\/www.encontraparana.com.br\/toledo\/wp-content\/uploads\/2026\/07\/no-masculino-e-no-feminino-toledo-vence-2-regional-de-volei-no-escuro-70.webp","width":280,"height":280,"caption":"volei no escuro"},{"@type":"WebSite","@id":"https:\/\/www.encontraparana.com.br\/toledo\/#website","url":"https:\/\/www.encontraparana.com.br\/toledo\/","name":"Guia Comercial de Toledo PR","description":"ENCONTRA TOLEDO - O guia comercial de neg\u00f3cios e empresas, cultura e divers\u00e3o na cidade de Toledo. Feito 100% para voc\u00ea morador!","potentialAction":[{"@type":"SearchAction","target":{"@type":"EntryPoint","urlTemplate":"https:\/\/www.encontraparana.com.br\/toledo\/?s={search_term_string}"},"query-input":{"@type":"PropertyValueSpecification","valueRequired":true,"valueName":"search_term_string"}}],"inLanguage":"pt-BR"},{"@type":"Person","@id":"https:\/\/www.encontraparana.com.br\/toledo\/#\/schema\/person\/3b3bd5c0e2969177418b8c8e4729fd0a","name":"Encontra Toledo","image":{"@type":"ImageObject","inLanguage":"pt-BR","@id":"https:\/\/secure.gravatar.com\/avatar\/c50c17820bcf322f0a8fd6b110b8c0918141409dc69076470f6fca5fee70a5d4?s=96&d=mm&r=g","url":"https:\/\/secure.gravatar.com\/avatar\/c50c17820bcf322f0a8fd6b110b8c0918141409dc69076470f6fca5fee70a5d4?s=96&d=mm&r=g","contentUrl":"https:\/\/secure.gravatar.com\/avatar\/c50c17820bcf322f0a8fd6b110b8c0918141409dc69076470f6fca5fee70a5d4?s=96&d=mm&r=g","caption":"Encontra Toledo"},"url":"https:\/\/www.encontraparana.com.br\/toledo\/author\/encontratoledo\/"}]}},"_links":{"self":[{"href":"https:\/\/www.encontraparana.com.br\/toledo\/wp-json\/wp\/v2\/posts\/5410","targetHints":{"allow":["GET"]}}],"collection":[{"href":"https:\/\/www.encontraparana.com.br\/toledo\/wp-json\/wp\/v2\/posts"}],"about":[{"href":"https:\/\/www.encontraparana.com.br\/toledo\/wp-json\/wp\/v2\/types\/post"}],"author":[{"embeddable":true,"href":"https:\/\/www.encontraparana.com.br\/toledo\/wp-json\/wp\/v2\/users\/1"}],"replies":[{"embeddable":true,"href":"https:\/\/www.encontraparana.com.br\/toledo\/wp-json\/wp\/v2\/comments?post=5410"}],"version-history":[{"count":0,"href":"https:\/\/www.encontraparana.com.br\/toledo\/wp-json\/wp\/v2\/posts\/5410\/revisions"}],"wp:featuredmedia":[{"embeddable":true,"href":"https:\/\/www.encontraparana.com.br\/toledo\/wp-json\/wp\/v2\/media\/5409"}],"wp:attachment":[{"href":"https:\/\/www.encontraparana.com.br\/toledo\/wp-json\/wp\/v2\/media?parent=5410"}],"wp:term":[{"taxonomy":"category","embeddable":true,"href":"https:\/\/www.encontraparana.com.br\/toledo\/wp-json\/wp\/v2\/categories?post=5410"},{"taxonomy":"post_tag","embeddable":true,"href":"https:\/\/www.encontraparana.com.br\/toledo\/wp-json\/wp\/v2\/tags?post=5410"}],"curies":[{"name":"wp","href":"https:\/\/api.w.org\/{rel}","templated":true}]}}