{"id":5414,"date":"2026-07-26T16:43:30","date_gmt":"2026-07-26T19:43:30","guid":{"rendered":"https:\/\/www.encontraparana.com.br\/toledo\/cras-iv-em-acao-volta-a-vila-nova-com-servicos-para-a-populacao\/"},"modified":"2026-07-26T16:43:30","modified_gmt":"2026-07-26T19:43:30","slug":"cras-iv-em-acao-volta-a-vila-nova-com-servicos-para-a-populacao","status":"publish","type":"post","link":"https:\/\/www.encontraparana.com.br\/toledo\/cras-iv-em-acao-volta-a-vila-nova-com-servicos-para-a-populacao\/","title":{"rendered":"Cras IV em A\u00e7\u00e3o volta a Vila Nova com servi\u00e7os para a popula\u00e7\u00e3o"},"content":{"rendered":"<h2>O que \u00e9 o Cras IV em A\u00e7\u00e3o?<\/h2>\n<p>O <strong>Cras IV em A\u00e7\u00e3o<\/strong> \u00e9 uma iniciativa que visa levar servi\u00e7os de assist\u00eancia social e outros servi\u00e7os p\u00fablicos municipais diretamente para as comunidades, facilitando o acesso da popula\u00e7\u00e3o a informa\u00e7\u00f5es e atendimentos essenciais. Essa a\u00e7\u00e3o \u00e9 promovida pelo Centro de Refer\u00eancia de Assist\u00eancia Social (Cras) e tem como objetivo atender as necessidades dos cidad\u00e3os nos distritos, promovendo inclus\u00e3o e apoiando diversas demandas sociais.<\/p>\n<h2>Servi\u00e7os Dispon\u00edveis na 6\u00aa Edi\u00e7\u00e3o<\/h2>\n<p>Na pr\u00f3xima edi\u00e7\u00e3o do <strong>Cras IV em A\u00e7\u00e3o<\/strong>, os moradores de Vila Nova poder\u00e3o contar com uma variedade de servi\u00e7os, tais como:<\/p>\n<ul>\n<li><strong>Orienta\u00e7\u00f5es sobre o Cadastro \u00danico (Cad\u00danico):<\/strong> Os moradores podem agendar e obter informa\u00e7\u00f5es sobre este programa vital do Governo Federal.<\/li>\n<li><strong>Emiss\u00e3o de Carteira da Pessoa Idosa:<\/strong> Permite que idosos tenham acesso a benef\u00edcios em viagens intermunicipais e interestaduais.<\/li>\n<li><strong>Credenciais de Estacionamento:<\/strong> Para idosos e pessoas com defici\u00eancia, facilitando a mobilidade.<\/li>\n<li><strong>Atendimentos nas \u00e1reas de assist\u00eancia social e habita\u00e7\u00e3o:<\/strong> Incluindo orienta\u00e7\u00f5es sobre direitos e benef\u00edcios sociais.<\/li>\n<li><strong>Sa\u00fade e Desenvolvimento Humano:<\/strong> Informa\u00e7\u00f5es sobre programas de sa\u00fade e apoio psicol\u00f3gico.<\/li>\n<li><strong>Orienta\u00e7\u00e3o ao Consumidor:<\/strong> Ajuda a esclarecer d\u00favidas e problemas relacionados ao consumo.<\/li>\n<\/ul>\n<h2>Hor\u00e1rio e Local do Evento<\/h2>\n<p>O evento acontecer\u00e1 na quarta-feira, dia 29, das 9h \u00e0s 11h30, na <strong>sede do Clube de Idosos Cora\u00e7\u00f5es Alegres<\/strong>. Este local foi escolhido por ser um espa\u00e7o conhecido e acess\u00edvel, prop\u00edcio para acolher a popula\u00e7\u00e3o e facilitar a conex\u00e3o com os servi\u00e7os disponibilizados.<\/p>\n<p><img decoding=\"async\" src=\"https:\/\/www.encontraparana.com.br\/toledo\/wp-content\/uploads\/2026\/07\/cras-iv-em-acao-volta-a-vila-nova-com-servicos-para-a-populacao.webp\" alt=\"Cras IV em A\u00e7\u00e3o\" loading=\"lazy\" \/><\/p>\n<h2>Como o Cras Facilita Acesso aos Servi\u00e7os<\/h2>\n<p>A proposta do <strong>Cras IV em A\u00e7\u00e3o<\/strong> \u00e9 eliminar barreiras que muitas vezes dificultam o acesso da popula\u00e7\u00e3o aos servi\u00e7os p\u00fablicos. Ao centralizar diversas ofertas de atendimento em um \u00fanico local, o Cras permite que os cidad\u00e3os resolvam m\u00faltiplas demandas em um \u00fanico deslocamento, economizando tempo e recursos. Al\u00e9m disso, a presen\u00e7a dos diversos \u00f3rg\u00e3os p\u00fablicos em uma \u00fanica a\u00e7\u00e3o torna o atendimento mais eficiente.<\/p>\n<h2>Programa\u00e7\u00e3o do Evento<\/h2>\n<p>A programa\u00e7\u00e3o do evento incluir\u00e1 n\u00e3o apenas o atendimento direto, mas tamb\u00e9m o fornecimento de informa\u00e7\u00f5es educativas sobre como acessar e aproveitar os servi\u00e7os sociais dispon\u00edveis. Haver\u00e1 tamb\u00e9m uma intera\u00e7\u00e3o constante entre os cidad\u00e3os e os servidores p\u00fablicos, possibilitando uma troca de experi\u00eancias e esclarecimento de d\u00favidas.<\/p>\n<h2>Import\u00e2ncia da Descentraliza\u00e7\u00e3o dos Servi\u00e7os P\u00fablicos<\/h2>\n<p>A descentraliza\u00e7\u00e3o dos servi\u00e7os p\u00fablicos, como promovido pelo <strong>Cras IV em A\u00e7\u00e3o<\/strong>, \u00e9 essencial para garantir que mais pessoas possam usufruir de seus direitos. Muitas vezes, moradores de \u00e1reas perif\u00e9ricas ou distritos enfrentam dificuldades para se deslocar at\u00e9 os centros urbanos em busca de atendimento. Com a a\u00e7\u00e3o itinerante do Cras, esses servi\u00e7os chegam de forma mais pr\u00f3xima e acess\u00edvel \u00e0 popula\u00e7\u00e3o, promovendo equidade no acesso aos direitos sociais.<\/p>\n<h2>Parcerias que Potencializam o Cras IV<\/h2>\n<p>O sucesso do <strong>Cras IV em A\u00e7\u00e3o<\/strong> n\u00e3o seria poss\u00edvel sem as parcerias firmadas com diversos \u00f3rg\u00e3os e entidades. A Ag\u00eancia do Trabalhador, por exemplo, participa do evento oferecendo informa\u00e7\u00f5es sobre oportunidades de emprego e encaminhamentos aos candidatos. Al\u00e9m disso, o Instituto Nacional do Seguro Social (INSS) tamb\u00e9m disponibiliza servidores durante o evento para esclarecer d\u00favidas da popula\u00e7\u00e3o sobre benef\u00edcios e aposentadorias. Essas parcerias fortalecem a atua\u00e7\u00e3o do Cras e amplificam o alcance dos servi\u00e7os oferecidos.<\/p>\n<h2>Benef\u00edcios para a Comunidade<\/h2>\n<p>A realiza\u00e7\u00e3o do <strong>Cras IV em A\u00e7\u00e3o<\/strong> gera diversos benef\u00edcios para a comunidade local, entre os quais se destacam:<\/p>\n<ul>\n<li><strong>Agilidade no Acesso aos Servi\u00e7os:<\/strong> Os moradores podem acessar diversos servi\u00e7os de forma r\u00e1pida e pr\u00e1tica.<\/li>\n<li><strong>Fortalecimento da Comunidade:<\/strong> A a\u00e7\u00e3o promove a intera\u00e7\u00e3o entre os cidad\u00e3os e a administra\u00e7\u00e3o p\u00fablica, contribuindo para a constru\u00e7\u00e3o de uma sociedade mais participativa.<\/li>\n<li><strong>Informa\u00e7\u00e3o e Conscientiza\u00e7\u00e3o:<\/strong> A popula\u00e7\u00e3o se torna mais informada sobre seus direitos e servi\u00e7os dispon\u00edveis, o que \u00e9 essencial para exercer sua cidadania.<\/li>\n<\/ul>\n<h2>Feedback da Popula\u00e7\u00e3o Sobre o Evento Anterior<\/h2>\n<p>A primeira edi\u00e7\u00e3o do <strong>Cras IV em A\u00e7\u00e3o<\/strong> em Vila Nova e as subsequentes em outros distritos mostraram-se um sucesso. O feedback da popula\u00e7\u00e3o foi extremamente positivo, onde muitos destacaram a facilidade de acesso e a utilidade dos servi\u00e7os disponibilizados. As opini\u00f5es coletadas indicam uma grande satisfa\u00e7\u00e3o com a qualidade do atendimento e a relev\u00e2ncia das informa\u00e7\u00f5es prestadas.<\/p>\n<h2>Pr\u00f3ximas Etapas do Cras IV em A\u00e7\u00e3o<\/h2>\n<p>Ap\u00f3s a realiza\u00e7\u00e3o da 6\u00aa edi\u00e7\u00e3o em Vila Nova, outras localidades tamb\u00e9m ser\u00e3o contempladas com a a\u00e7\u00e3o do <strong>Cras IV<\/strong>. O planejamento inclui levar os servi\u00e7os a diferentes distritos, sempre com o objetivo de atender a popula\u00e7\u00e3o de maneira eficiente e pr\u00f3xima. Al\u00e9m disso, a equipe do Cras est\u00e1 sempre atenta \u00e0s necessidades locais, buscando constantemente adaptar os servi\u00e7os \u00e0s demandas da comunidade.<\/p>\n","protected":false},"excerpt":{"rendered":"<p>Cras IV em A\u00e7\u00e3o traz servi\u00e7os essenciais para a popula\u00e7\u00e3o de Vila Nova.<\/p>\n","protected":false},"author":1,"featured_media":5413,"comment_status":"open","ping_status":"open","sticky":false,"template":"","format":"standard","meta":{"footnotes":""},"categories":[901],"tags":[],"class_list":["post-5414","post","type-post","status-publish","format-standard","has-post-thumbnail","hentry","category-servicos-noticias","has_thumb"],"yoast_head":"<!-- This site is optimized with the Yoast SEO plugin v28.1 - https:\/\/yoast.com\/product\/yoast-seo-wordpress\/ -->\n<title>Cras IV em A\u00e7\u00e3o volta a Vila Nova com servi\u00e7os para a popula\u00e7\u00e3o | Guia Comercial de Toledo PR<\/title>\n<meta name=\"robots\" content=\"index, follow, max-snippet:-1, max-image-preview:large, max-video-preview:-1\" \/>\n<link rel=\"canonical\" href=\"https:\/\/www.encontraparana.com.br\/toledo\/cras-iv-em-acao-volta-a-vila-nova-com-servicos-para-a-populacao\/\" \/>\n<meta property=\"og:locale\" content=\"pt_BR\" \/>\n<meta property=\"og:type\" content=\"article\" \/>\n<meta property=\"og:title\" content=\"Cras IV em A\u00e7\u00e3o volta a Vila Nova com servi\u00e7os para a popula\u00e7\u00e3o | Guia Comercial de Toledo PR\" \/>\n<meta property=\"og:description\" content=\"Cras IV em A\u00e7\u00e3o traz servi\u00e7os essenciais para a popula\u00e7\u00e3o de Vila Nova.\" \/>\n<meta property=\"og:url\" content=\"https:\/\/www.encontraparana.com.br\/toledo\/cras-iv-em-acao-volta-a-vila-nova-com-servicos-para-a-populacao\/\" \/>\n<meta property=\"og:site_name\" content=\"Guia Comercial de Toledo PR\" \/>\n<meta property=\"article:published_time\" content=\"2026-07-26T19:43:30+00:00\" \/>\n<meta property=\"og:image\" content=\"https:\/\/www.encontraparana.com.br\/toledo\/wp-content\/uploads\/2026\/07\/cras-iv-em-acao-volta-a-vila-nova-com-servicos-para-a-populacao.webp\" \/>\n\t<meta property=\"og:image:width\" content=\"280\" \/>\n\t<meta property=\"og:image:height\" content=\"280\" \/>\n\t<meta property=\"og:image:type\" content=\"image\/webp\" \/>\n<meta name=\"author\" content=\"Encontra Toledo\" \/>\n<meta name=\"twitter:card\" content=\"summary_large_image\" \/>\n<meta name=\"twitter:label1\" content=\"Escrito por\" \/>\n\t<meta name=\"twitter:data1\" content=\"Encontra Toledo\" \/>\n\t<meta name=\"twitter:label2\" content=\"Est. tempo de leitura\" \/>\n\t<meta name=\"twitter:data2\" content=\"4 minutos\" \/>\n<script type=\"application\/ld+json\" class=\"yoast-schema-graph\">{\"@context\":\"https:\\\/\\\/schema.org\",\"@graph\":[{\"@type\":\"Article\",\"@id\":\"https:\\\/\\\/www.encontraparana.com.br\\\/toledo\\\/cras-iv-em-acao-volta-a-vila-nova-com-servicos-para-a-populacao\\\/#article\",\"isPartOf\":{\"@id\":\"https:\\\/\\\/www.encontraparana.com.br\\\/toledo\\\/cras-iv-em-acao-volta-a-vila-nova-com-servicos-para-a-populacao\\\/\"},\"author\":{\"name\":\"Encontra Toledo\",\"@id\":\"https:\\\/\\\/www.encontraparana.com.br\\\/toledo\\\/#\\\/schema\\\/person\\\/3b3bd5c0e2969177418b8c8e4729fd0a\"},\"headline\":\"Cras IV em A\u00e7\u00e3o volta a Vila Nova com servi\u00e7os para a popula\u00e7\u00e3o\",\"datePublished\":\"2026-07-26T19:43:30+00:00\",\"mainEntityOfPage\":{\"@id\":\"https:\\\/\\\/www.encontraparana.com.br\\\/toledo\\\/cras-iv-em-acao-volta-a-vila-nova-com-servicos-para-a-populacao\\\/\"},\"wordCount\":880,\"commentCount\":0,\"image\":{\"@id\":\"https:\\\/\\\/www.encontraparana.com.br\\\/toledo\\\/cras-iv-em-acao-volta-a-vila-nova-com-servicos-para-a-populacao\\\/#primaryimage\"},\"thumbnailUrl\":\"https:\\\/\\\/www.encontraparana.com.br\\\/toledo\\\/wp-content\\\/uploads\\\/2026\\\/07\\\/cras-iv-em-acao-volta-a-vila-nova-com-servicos-para-a-populacao.webp\",\"articleSection\":[\"Servi\u00e7os Toledo\"],\"inLanguage\":\"pt-BR\",\"potentialAction\":[{\"@type\":\"CommentAction\",\"name\":\"Comment\",\"target\":[\"https:\\\/\\\/www.encontraparana.com.br\\\/toledo\\\/cras-iv-em-acao-volta-a-vila-nova-com-servicos-para-a-populacao\\\/#respond\"]}]},{\"@type\":\"WebPage\",\"@id\":\"https:\\\/\\\/www.encontraparana.com.br\\\/toledo\\\/cras-iv-em-acao-volta-a-vila-nova-com-servicos-para-a-populacao\\\/\",\"url\":\"https:\\\/\\\/www.encontraparana.com.br\\\/toledo\\\/cras-iv-em-acao-volta-a-vila-nova-com-servicos-para-a-populacao\\\/\",\"name\":\"Cras IV em A\u00e7\u00e3o volta a Vila Nova com servi\u00e7os para a popula\u00e7\u00e3o | Guia Comercial de Toledo PR\",\"isPartOf\":{\"@id\":\"https:\\\/\\\/www.encontraparana.com.br\\\/toledo\\\/#website\"},\"primaryImageOfPage\":{\"@id\":\"https:\\\/\\\/www.encontraparana.com.br\\\/toledo\\\/cras-iv-em-acao-volta-a-vila-nova-com-servicos-para-a-populacao\\\/#primaryimage\"},\"image\":{\"@id\":\"https:\\\/\\\/www.encontraparana.com.br\\\/toledo\\\/cras-iv-em-acao-volta-a-vila-nova-com-servicos-para-a-populacao\\\/#primaryimage\"},\"thumbnailUrl\":\"https:\\\/\\\/www.encontraparana.com.br\\\/toledo\\\/wp-content\\\/uploads\\\/2026\\\/07\\\/cras-iv-em-acao-volta-a-vila-nova-com-servicos-para-a-populacao.webp\",\"datePublished\":\"2026-07-26T19:43:30+00:00\",\"author\":{\"@id\":\"https:\\\/\\\/www.encontraparana.com.br\\\/toledo\\\/#\\\/schema\\\/person\\\/3b3bd5c0e2969177418b8c8e4729fd0a\"},\"inLanguage\":\"pt-BR\",\"potentialAction\":[{\"@type\":\"ReadAction\",\"target\":[\"https:\\\/\\\/www.encontraparana.com.br\\\/toledo\\\/cras-iv-em-acao-volta-a-vila-nova-com-servicos-para-a-populacao\\\/\"]}]},{\"@type\":\"ImageObject\",\"inLanguage\":\"pt-BR\",\"@id\":\"https:\\\/\\\/www.encontraparana.com.br\\\/toledo\\\/cras-iv-em-acao-volta-a-vila-nova-com-servicos-para-a-populacao\\\/#primaryimage\",\"url\":\"https:\\\/\\\/www.encontraparana.com.br\\\/toledo\\\/wp-content\\\/uploads\\\/2026\\\/07\\\/cras-iv-em-acao-volta-a-vila-nova-com-servicos-para-a-populacao.webp\",\"contentUrl\":\"https:\\\/\\\/www.encontraparana.com.br\\\/toledo\\\/wp-content\\\/uploads\\\/2026\\\/07\\\/cras-iv-em-acao-volta-a-vila-nova-com-servicos-para-a-populacao.webp\",\"width\":280,\"height\":280,\"caption\":\"Cras IV em A\u00e7\u00e3o\"},{\"@type\":\"WebSite\",\"@id\":\"https:\\\/\\\/www.encontraparana.com.br\\\/toledo\\\/#website\",\"url\":\"https:\\\/\\\/www.encontraparana.com.br\\\/toledo\\\/\",\"name\":\"Guia Comercial de Toledo PR\",\"description\":\"ENCONTRA TOLEDO - O guia comercial de neg\u00f3cios e empresas, cultura e divers\u00e3o na cidade de Toledo. Feito 100% para voc\u00ea morador!\",\"potentialAction\":[{\"@type\":\"SearchAction\",\"target\":{\"@type\":\"EntryPoint\",\"urlTemplate\":\"https:\\\/\\\/www.encontraparana.com.br\\\/toledo\\\/?s={search_term_string}\"},\"query-input\":{\"@type\":\"PropertyValueSpecification\",\"valueRequired\":true,\"valueName\":\"search_term_string\"}}],\"inLanguage\":\"pt-BR\"},{\"@type\":\"Person\",\"@id\":\"https:\\\/\\\/www.encontraparana.com.br\\\/toledo\\\/#\\\/schema\\\/person\\\/3b3bd5c0e2969177418b8c8e4729fd0a\",\"name\":\"Encontra Toledo\",\"image\":{\"@type\":\"ImageObject\",\"inLanguage\":\"pt-BR\",\"@id\":\"https:\\\/\\\/secure.gravatar.com\\\/avatar\\\/c50c17820bcf322f0a8fd6b110b8c0918141409dc69076470f6fca5fee70a5d4?s=96&d=mm&r=g\",\"url\":\"https:\\\/\\\/secure.gravatar.com\\\/avatar\\\/c50c17820bcf322f0a8fd6b110b8c0918141409dc69076470f6fca5fee70a5d4?s=96&d=mm&r=g\",\"contentUrl\":\"https:\\\/\\\/secure.gravatar.com\\\/avatar\\\/c50c17820bcf322f0a8fd6b110b8c0918141409dc69076470f6fca5fee70a5d4?s=96&d=mm&r=g\",\"caption\":\"Encontra Toledo\"},\"url\":\"https:\\\/\\\/www.encontraparana.com.br\\\/toledo\\\/author\\\/encontratoledo\\\/\"}]}<\/script>\n<!-- \/ Yoast SEO plugin. -->","yoast_head_json":{"title":"Cras IV em A\u00e7\u00e3o volta a Vila Nova com servi\u00e7os para a popula\u00e7\u00e3o | Guia Comercial de Toledo PR","robots":{"index":"index","follow":"follow","max-snippet":"max-snippet:-1","max-image-preview":"max-image-preview:large","max-video-preview":"max-video-preview:-1"},"canonical":"https:\/\/www.encontraparana.com.br\/toledo\/cras-iv-em-acao-volta-a-vila-nova-com-servicos-para-a-populacao\/","og_locale":"pt_BR","og_type":"article","og_title":"Cras IV em A\u00e7\u00e3o volta a Vila Nova com servi\u00e7os para a popula\u00e7\u00e3o | Guia Comercial de Toledo PR","og_description":"Cras IV em A\u00e7\u00e3o traz servi\u00e7os essenciais para a popula\u00e7\u00e3o de Vila Nova.","og_url":"https:\/\/www.encontraparana.com.br\/toledo\/cras-iv-em-acao-volta-a-vila-nova-com-servicos-para-a-populacao\/","og_site_name":"Guia Comercial de Toledo PR","article_published_time":"2026-07-26T19:43:30+00:00","og_image":[{"width":280,"height":280,"url":"https:\/\/www.encontraparana.com.br\/toledo\/wp-content\/uploads\/2026\/07\/cras-iv-em-acao-volta-a-vila-nova-com-servicos-para-a-populacao.webp","type":"image\/webp"}],"author":"Encontra Toledo","twitter_card":"summary_large_image","twitter_misc":{"Escrito por":"Encontra Toledo","Est. tempo de leitura":"4 minutos"},"schema":{"@context":"https:\/\/schema.org","@graph":[{"@type":"Article","@id":"https:\/\/www.encontraparana.com.br\/toledo\/cras-iv-em-acao-volta-a-vila-nova-com-servicos-para-a-populacao\/#article","isPartOf":{"@id":"https:\/\/www.encontraparana.com.br\/toledo\/cras-iv-em-acao-volta-a-vila-nova-com-servicos-para-a-populacao\/"},"author":{"name":"Encontra Toledo","@id":"https:\/\/www.encontraparana.com.br\/toledo\/#\/schema\/person\/3b3bd5c0e2969177418b8c8e4729fd0a"},"headline":"Cras IV em A\u00e7\u00e3o volta a Vila Nova com servi\u00e7os para a popula\u00e7\u00e3o","datePublished":"2026-07-26T19:43:30+00:00","mainEntityOfPage":{"@id":"https:\/\/www.encontraparana.com.br\/toledo\/cras-iv-em-acao-volta-a-vila-nova-com-servicos-para-a-populacao\/"},"wordCount":880,"commentCount":0,"image":{"@id":"https:\/\/www.encontraparana.com.br\/toledo\/cras-iv-em-acao-volta-a-vila-nova-com-servicos-para-a-populacao\/#primaryimage"},"thumbnailUrl":"https:\/\/www.encontraparana.com.br\/toledo\/wp-content\/uploads\/2026\/07\/cras-iv-em-acao-volta-a-vila-nova-com-servicos-para-a-populacao.webp","articleSection":["Servi\u00e7os Toledo"],"inLanguage":"pt-BR","potentialAction":[{"@type":"CommentAction","name":"Comment","target":["https:\/\/www.encontraparana.com.br\/toledo\/cras-iv-em-acao-volta-a-vila-nova-com-servicos-para-a-populacao\/#respond"]}]},{"@type":"WebPage","@id":"https:\/\/www.encontraparana.com.br\/toledo\/cras-iv-em-acao-volta-a-vila-nova-com-servicos-para-a-populacao\/","url":"https:\/\/www.encontraparana.com.br\/toledo\/cras-iv-em-acao-volta-a-vila-nova-com-servicos-para-a-populacao\/","name":"Cras IV em A\u00e7\u00e3o volta a Vila Nova com servi\u00e7os para a popula\u00e7\u00e3o | Guia Comercial de Toledo PR","isPartOf":{"@id":"https:\/\/www.encontraparana.com.br\/toledo\/#website"},"primaryImageOfPage":{"@id":"https:\/\/www.encontraparana.com.br\/toledo\/cras-iv-em-acao-volta-a-vila-nova-com-servicos-para-a-populacao\/#primaryimage"},"image":{"@id":"https:\/\/www.encontraparana.com.br\/toledo\/cras-iv-em-acao-volta-a-vila-nova-com-servicos-para-a-populacao\/#primaryimage"},"thumbnailUrl":"https:\/\/www.encontraparana.com.br\/toledo\/wp-content\/uploads\/2026\/07\/cras-iv-em-acao-volta-a-vila-nova-com-servicos-para-a-populacao.webp","datePublished":"2026-07-26T19:43:30+00:00","author":{"@id":"https:\/\/www.encontraparana.com.br\/toledo\/#\/schema\/person\/3b3bd5c0e2969177418b8c8e4729fd0a"},"inLanguage":"pt-BR","potentialAction":[{"@type":"ReadAction","target":["https:\/\/www.encontraparana.com.br\/toledo\/cras-iv-em-acao-volta-a-vila-nova-com-servicos-para-a-populacao\/"]}]},{"@type":"ImageObject","inLanguage":"pt-BR","@id":"https:\/\/www.encontraparana.com.br\/toledo\/cras-iv-em-acao-volta-a-vila-nova-com-servicos-para-a-populacao\/#primaryimage","url":"https:\/\/www.encontraparana.com.br\/toledo\/wp-content\/uploads\/2026\/07\/cras-iv-em-acao-volta-a-vila-nova-com-servicos-para-a-populacao.webp","contentUrl":"https:\/\/www.encontraparana.com.br\/toledo\/wp-content\/uploads\/2026\/07\/cras-iv-em-acao-volta-a-vila-nova-com-servicos-para-a-populacao.webp","width":280,"height":280,"caption":"Cras IV em A\u00e7\u00e3o"},{"@type":"WebSite","@id":"https:\/\/www.encontraparana.com.br\/toledo\/#website","url":"https:\/\/www.encontraparana.com.br\/toledo\/","name":"Guia Comercial de Toledo PR","description":"ENCONTRA TOLEDO - O guia comercial de neg\u00f3cios e empresas, cultura e divers\u00e3o na cidade de Toledo. Feito 100% para voc\u00ea morador!","potentialAction":[{"@type":"SearchAction","target":{"@type":"EntryPoint","urlTemplate":"https:\/\/www.encontraparana.com.br\/toledo\/?s={search_term_string}"},"query-input":{"@type":"PropertyValueSpecification","valueRequired":true,"valueName":"search_term_string"}}],"inLanguage":"pt-BR"},{"@type":"Person","@id":"https:\/\/www.encontraparana.com.br\/toledo\/#\/schema\/person\/3b3bd5c0e2969177418b8c8e4729fd0a","name":"Encontra Toledo","image":{"@type":"ImageObject","inLanguage":"pt-BR","@id":"https:\/\/secure.gravatar.com\/avatar\/c50c17820bcf322f0a8fd6b110b8c0918141409dc69076470f6fca5fee70a5d4?s=96&d=mm&r=g","url":"https:\/\/secure.gravatar.com\/avatar\/c50c17820bcf322f0a8fd6b110b8c0918141409dc69076470f6fca5fee70a5d4?s=96&d=mm&r=g","contentUrl":"https:\/\/secure.gravatar.com\/avatar\/c50c17820bcf322f0a8fd6b110b8c0918141409dc69076470f6fca5fee70a5d4?s=96&d=mm&r=g","caption":"Encontra Toledo"},"url":"https:\/\/www.encontraparana.com.br\/toledo\/author\/encontratoledo\/"}]}},"_links":{"self":[{"href":"https:\/\/www.encontraparana.com.br\/toledo\/wp-json\/wp\/v2\/posts\/5414","targetHints":{"allow":["GET"]}}],"collection":[{"href":"https:\/\/www.encontraparana.com.br\/toledo\/wp-json\/wp\/v2\/posts"}],"about":[{"href":"https:\/\/www.encontraparana.com.br\/toledo\/wp-json\/wp\/v2\/types\/post"}],"author":[{"embeddable":true,"href":"https:\/\/www.encontraparana.com.br\/toledo\/wp-json\/wp\/v2\/users\/1"}],"replies":[{"embeddable":true,"href":"https:\/\/www.encontraparana.com.br\/toledo\/wp-json\/wp\/v2\/comments?post=5414"}],"version-history":[{"count":0,"href":"https:\/\/www.encontraparana.com.br\/toledo\/wp-json\/wp\/v2\/posts\/5414\/revisions"}],"wp:featuredmedia":[{"embeddable":true,"href":"https:\/\/www.encontraparana.com.br\/toledo\/wp-json\/wp\/v2\/media\/5413"}],"wp:attachment":[{"href":"https:\/\/www.encontraparana.com.br\/toledo\/wp-json\/wp\/v2\/media?parent=5414"}],"wp:term":[{"taxonomy":"category","embeddable":true,"href":"https:\/\/www.encontraparana.com.br\/toledo\/wp-json\/wp\/v2\/categories?post=5414"},{"taxonomy":"post_tag","embeddable":true,"href":"https:\/\/www.encontraparana.com.br\/toledo\/wp-json\/wp\/v2\/tags?post=5414"}],"curies":[{"name":"wp","href":"https:\/\/api.w.org\/{rel}","templated":true}]}}