{"id":5446,"date":"2026-07-31T10:38:47","date_gmt":"2026-07-31T13:38:47","guid":{"rendered":"https:\/\/www.encontraparana.com.br\/toledo\/desfile-pratos-tipicos-e-homenagens-marcam-2a-festa-do-agricultor-de-toledo\/"},"modified":"2026-07-31T10:38:47","modified_gmt":"2026-07-31T13:38:47","slug":"desfile-pratos-tipicos-e-homenagens-marcam-2a-festa-do-agricultor-de-toledo","status":"publish","type":"post","link":"https:\/\/www.encontraparana.com.br\/toledo\/desfile-pratos-tipicos-e-homenagens-marcam-2a-festa-do-agricultor-de-toledo\/","title":{"rendered":"Desfile, pratos t\u00edpicos e homenagens marcam 2\u00aa Festa do Agricultor de Toledo"},"content":{"rendered":"<h2>O Que Aconteceu na 2\u00aa Festa do Agricultor<\/h2>\n<p>No \u00faltimo s\u00e1bado, dia 25, o Centro de Eventos Ismael Sperafico foi palco da 2\u00aa edi\u00e7\u00e3o da Festa do Agricultor de Toledo, um evento altamente esperado durante a Semana do Agricultor 2026. A festa conseguiu reunir um grande n\u00famero de pessoas que se uniram em torno de uma rica programa\u00e7\u00e3o que englobou gastronomia t\u00edpica, um desfile de tratores e homenagens a fam\u00edlias que t\u00eam representado a continuidade da produ\u00e7\u00e3o rural ao longo das gera\u00e7\u00f5es.<\/p>\n<h2>Pratos T\u00edpicos que Encantaram os Visitantes<\/h2>\n<p>Durante o evento, sete comunidades do interior se uniram para oferecer um card\u00e1pio variado de pratos tradicionais, que foram servidos durante o almo\u00e7o. As del\u00edcias inclu\u00edram:<\/p>\n<ul>\n<li><strong>Conc\u00f3rdia do Oeste:<\/strong> Porco desossado grelhado<\/li>\n<li><strong>S\u00e3o Luiz do Oeste:<\/strong> Costel\u00e3o fogo de ch\u00e3o<\/li>\n<li><strong>Novo Sarandi:<\/strong> Leit\u00e3o \u00e0 Sarandi<\/li>\n<li><strong>Vila Nova:<\/strong> Leit\u00e3o assado na estufa<\/li>\n<li><strong>Clube Ca\u00e7a e Pesca:<\/strong> Porco no rolete<\/li>\n<li><strong>Xaxim:<\/strong> Leit\u00e3o desossado \u00e0 Xaxim<\/li>\n<li><strong>Ouro Preto:<\/strong> Pratos de carne bovina e de frango<\/li>\n<\/ul>\n<p>Essas iguarias foram acompanhadas de saladas frescas, mandioca, arroz e uma deliciosa cuca, proporcionando uma verdadeira imers\u00e3o nos sabores locais.<\/p>\n<p><img decoding=\"async\" src=\"https:\/\/www.encontraparana.com.br\/toledo\/wp-content\/uploads\/2026\/07\/desfile-pratos-tipicos-e-homenagens-marcam-2-festa-do-agricultor-de-toledo.webp\" alt=\"Festa do Agricultor\" loading=\"lazy\" \/><\/p>\n<h2>O Tradicional Desfile de Tratores<\/h2>\n<p>Um dos pontos altos da festa foi o Desfile de Tratores, que percorreu as ruas de Toledo e culminou no Centro de Eventos. Organizado pela Associa\u00e7\u00e3o Conservadora de Direita de Toledo, o desfile contou com a colabora\u00e7\u00e3o da Secretaria Municipal da Agricultura e Prote\u00edna Animal e envolveu associa\u00e7\u00f5es e cooperativas locais, celebrando a rica cultura de maquin\u00e1rio agr\u00edcola da regi\u00e3o.<\/p>\n<h2>Homenagens Especiais \u00e0s Fam\u00edlias Rurais<\/h2>\n<p>Durante a festa, fam\u00edlias com longa hist\u00f3ria no cultivo e cuidado das terras foram homenageadas. Este reconhecimento foi parte de uma cerimonia que incluiu a presen\u00e7a de autoridades e lideran\u00e7as do agroneg\u00f3cio, ressaltando a import\u00e2ncia da sucess\u00e3o familiar e o legado deixado por gera\u00e7\u00f5es anteriores.<\/p>\n<h2>A Import\u00e2ncia da Agropecu\u00e1ria em Toledo<\/h2>\n<p>A agropecu\u00e1ria \u00e9 o cora\u00e7\u00e3o da economia de Toledo, e o evento destacou essa relev\u00e2ncia. O vice-prefeito de Toledo, Lucio De Marchi, enfatizou que a produ\u00e7\u00e3o rural gera um impacto significativo na gera\u00e7\u00e3o de empregos e renda. A festa \u00e9 um reflexo do orgulho que a cidade sente por suas ra\u00edzes agr\u00edcolas.<\/p>\n<h2>Como o Evento Valoriza a Tradi\u00e7\u00e3o Agr\u00edcola<\/h2>\n<p>A Festa do Agricultor n\u00e3o \u00e9 apenas uma celebra\u00e7\u00e3o da produ\u00e7\u00e3o agr\u00edcola, mas tamb\u00e9m uma forma de preservar e valorizar as tradi\u00e7\u00f5es que constru\u00edram a identidade de Toledo. Os discursantes destacaram que o evento ajuda a fortalecer la\u00e7os entre as comunidades rurais e a popula\u00e7\u00e3o urbana, promovendo uma maior intera\u00e7\u00e3o e troca de experi\u00eancias entre elas.<\/p>\n<h2>Depoimentos de Agricultores e Participantes<\/h2>\n<p>Os agricultores que participaram do evento deixaram suas impress\u00f5es sobre a import\u00e2ncia da festa. A data \u00e9 vista como uma oportunidade para mostrar ao p\u00fablico o esfor\u00e7o que envolve o trabalho no campo. Os participantes expressaram gratid\u00e3o pela valoriza\u00e7\u00e3o do seu of\u00edcio e sua contribui\u00e7\u00e3o para a seguran\u00e7a alimentar.<\/p>\n<h2>Expectativas para a Pr\u00f3xima Edi\u00e7\u00e3o<\/h2>\n<p>Com o sucesso desta 2\u00aa edi\u00e7\u00e3o, as expectativas para a pr\u00f3xima festa s\u00e3o altas. Organizadores e participantes j\u00e1 come\u00e7aram a discutir formas de expandir a programa\u00e7\u00e3o e incluir ainda mais atra\u00e7\u00f5es e atividades que valorizem a cultura rural e agroneg\u00f3cio da regi\u00e3o.<\/p>\n<h2>O Impacto Econ\u00f4mico da Festa no Munic\u00edpio<\/h2>\n<p>A realiza\u00e7\u00e3o da Festa do Agricultor tamb\u00e9m gera um impacto econ\u00f4mico positivo para o munic\u00edpio. O evento atrai visitantes que aquecem a economia local, beneficiando os setores de com\u00e9rcio e turismo. A celebra\u00e7\u00e3o se consolidou como um momento chave para promover a cidade e suas riquezas.<\/p>\n<h2>A Cultura Agr\u00edcola e Seus Desafios<\/h2>\n<p>Enquanto a Festa do Agricultor celebra as conquistas, tamb\u00e9m serve como um espa\u00e7o de reflex\u00e3o sobre os desafios que o setor agr\u00edcola enfrenta, como as mudan\u00e7as clim\u00e1ticas, mercado e novas tecnologias. A uni\u00e3o entre os agricultores e o poder p\u00fablico \u00e9 essencial para encontrar solu\u00e7\u00f5es sustent\u00e1veis e garantir um futuro pr\u00f3spero para a agricultura em Toledo.<\/p>\n","protected":false},"excerpt":{"rendered":"<p>A 2\u00aa Festa do Agricultor de Toledo destaca as tradi\u00e7\u00f5es e a cultura agr\u00edcola.<\/p>\n","protected":false},"author":1,"featured_media":5445,"comment_status":"open","ping_status":"open","sticky":false,"template":"","format":"standard","meta":{"footnotes":""},"categories":[897],"tags":[],"class_list":["post-5446","post","type-post","status-publish","format-standard","has-post-thumbnail","hentry","category-eventos","has_thumb"],"yoast_head":"<!-- This site is optimized with the Yoast SEO plugin v28.1 - https:\/\/yoast.com\/product\/yoast-seo-wordpress\/ -->\n<title>Desfile, pratos t\u00edpicos e homenagens marcam 2\u00aa Festa do Agricultor de Toledo | Guia Comercial de Toledo PR<\/title>\n<meta name=\"robots\" content=\"index, follow, max-snippet:-1, max-image-preview:large, max-video-preview:-1\" \/>\n<link rel=\"canonical\" href=\"https:\/\/www.encontraparana.com.br\/toledo\/desfile-pratos-tipicos-e-homenagens-marcam-2a-festa-do-agricultor-de-toledo\/\" \/>\n<meta property=\"og:locale\" content=\"pt_BR\" \/>\n<meta property=\"og:type\" content=\"article\" \/>\n<meta property=\"og:title\" content=\"Desfile, pratos t\u00edpicos e homenagens marcam 2\u00aa Festa do Agricultor de Toledo | Guia Comercial de Toledo PR\" \/>\n<meta property=\"og:description\" content=\"A 2\u00aa Festa do Agricultor de Toledo destaca as tradi\u00e7\u00f5es e a cultura agr\u00edcola.\" \/>\n<meta property=\"og:url\" content=\"https:\/\/www.encontraparana.com.br\/toledo\/desfile-pratos-tipicos-e-homenagens-marcam-2a-festa-do-agricultor-de-toledo\/\" \/>\n<meta property=\"og:site_name\" content=\"Guia Comercial de Toledo PR\" \/>\n<meta property=\"article:published_time\" content=\"2026-07-31T13:38:47+00:00\" \/>\n<meta property=\"og:image\" content=\"https:\/\/www.encontraparana.com.br\/toledo\/wp-content\/uploads\/2026\/07\/desfile-pratos-tipicos-e-homenagens-marcam-2-festa-do-agricultor-de-toledo.webp\" \/>\n\t<meta property=\"og:image:width\" content=\"280\" \/>\n\t<meta property=\"og:image:height\" content=\"280\" \/>\n\t<meta property=\"og:image:type\" content=\"image\/webp\" \/>\n<meta name=\"author\" content=\"Encontra Toledo\" \/>\n<meta name=\"twitter:card\" content=\"summary_large_image\" \/>\n<meta name=\"twitter:label1\" content=\"Escrito por\" \/>\n\t<meta name=\"twitter:data1\" content=\"Encontra Toledo\" \/>\n\t<meta name=\"twitter:label2\" content=\"Est. tempo de leitura\" \/>\n\t<meta name=\"twitter:data2\" content=\"4 minutos\" \/>\n<script type=\"application\/ld+json\" class=\"yoast-schema-graph\">{\"@context\":\"https:\\\/\\\/schema.org\",\"@graph\":[{\"@type\":\"Article\",\"@id\":\"https:\\\/\\\/www.encontraparana.com.br\\\/toledo\\\/desfile-pratos-tipicos-e-homenagens-marcam-2a-festa-do-agricultor-de-toledo\\\/#article\",\"isPartOf\":{\"@id\":\"https:\\\/\\\/www.encontraparana.com.br\\\/toledo\\\/desfile-pratos-tipicos-e-homenagens-marcam-2a-festa-do-agricultor-de-toledo\\\/\"},\"author\":{\"name\":\"Encontra Toledo\",\"@id\":\"https:\\\/\\\/www.encontraparana.com.br\\\/toledo\\\/#\\\/schema\\\/person\\\/3b3bd5c0e2969177418b8c8e4729fd0a\"},\"headline\":\"Desfile, pratos t\u00edpicos e homenagens marcam 2\u00aa Festa do Agricultor de Toledo\",\"datePublished\":\"2026-07-31T13:38:47+00:00\",\"mainEntityOfPage\":{\"@id\":\"https:\\\/\\\/www.encontraparana.com.br\\\/toledo\\\/desfile-pratos-tipicos-e-homenagens-marcam-2a-festa-do-agricultor-de-toledo\\\/\"},\"wordCount\":732,\"commentCount\":0,\"image\":{\"@id\":\"https:\\\/\\\/www.encontraparana.com.br\\\/toledo\\\/desfile-pratos-tipicos-e-homenagens-marcam-2a-festa-do-agricultor-de-toledo\\\/#primaryimage\"},\"thumbnailUrl\":\"https:\\\/\\\/www.encontraparana.com.br\\\/toledo\\\/wp-content\\\/uploads\\\/2026\\\/07\\\/desfile-pratos-tipicos-e-homenagens-marcam-2-festa-do-agricultor-de-toledo.webp\",\"articleSection\":[\"Eventos Toledo\"],\"inLanguage\":\"pt-BR\",\"potentialAction\":[{\"@type\":\"CommentAction\",\"name\":\"Comment\",\"target\":[\"https:\\\/\\\/www.encontraparana.com.br\\\/toledo\\\/desfile-pratos-tipicos-e-homenagens-marcam-2a-festa-do-agricultor-de-toledo\\\/#respond\"]}]},{\"@type\":\"WebPage\",\"@id\":\"https:\\\/\\\/www.encontraparana.com.br\\\/toledo\\\/desfile-pratos-tipicos-e-homenagens-marcam-2a-festa-do-agricultor-de-toledo\\\/\",\"url\":\"https:\\\/\\\/www.encontraparana.com.br\\\/toledo\\\/desfile-pratos-tipicos-e-homenagens-marcam-2a-festa-do-agricultor-de-toledo\\\/\",\"name\":\"Desfile, pratos t\u00edpicos e homenagens marcam 2\u00aa Festa do Agricultor de Toledo | Guia Comercial de Toledo PR\",\"isPartOf\":{\"@id\":\"https:\\\/\\\/www.encontraparana.com.br\\\/toledo\\\/#website\"},\"primaryImageOfPage\":{\"@id\":\"https:\\\/\\\/www.encontraparana.com.br\\\/toledo\\\/desfile-pratos-tipicos-e-homenagens-marcam-2a-festa-do-agricultor-de-toledo\\\/#primaryimage\"},\"image\":{\"@id\":\"https:\\\/\\\/www.encontraparana.com.br\\\/toledo\\\/desfile-pratos-tipicos-e-homenagens-marcam-2a-festa-do-agricultor-de-toledo\\\/#primaryimage\"},\"thumbnailUrl\":\"https:\\\/\\\/www.encontraparana.com.br\\\/toledo\\\/wp-content\\\/uploads\\\/2026\\\/07\\\/desfile-pratos-tipicos-e-homenagens-marcam-2-festa-do-agricultor-de-toledo.webp\",\"datePublished\":\"2026-07-31T13:38:47+00:00\",\"author\":{\"@id\":\"https:\\\/\\\/www.encontraparana.com.br\\\/toledo\\\/#\\\/schema\\\/person\\\/3b3bd5c0e2969177418b8c8e4729fd0a\"},\"inLanguage\":\"pt-BR\",\"potentialAction\":[{\"@type\":\"ReadAction\",\"target\":[\"https:\\\/\\\/www.encontraparana.com.br\\\/toledo\\\/desfile-pratos-tipicos-e-homenagens-marcam-2a-festa-do-agricultor-de-toledo\\\/\"]}]},{\"@type\":\"ImageObject\",\"inLanguage\":\"pt-BR\",\"@id\":\"https:\\\/\\\/www.encontraparana.com.br\\\/toledo\\\/desfile-pratos-tipicos-e-homenagens-marcam-2a-festa-do-agricultor-de-toledo\\\/#primaryimage\",\"url\":\"https:\\\/\\\/www.encontraparana.com.br\\\/toledo\\\/wp-content\\\/uploads\\\/2026\\\/07\\\/desfile-pratos-tipicos-e-homenagens-marcam-2-festa-do-agricultor-de-toledo.webp\",\"contentUrl\":\"https:\\\/\\\/www.encontraparana.com.br\\\/toledo\\\/wp-content\\\/uploads\\\/2026\\\/07\\\/desfile-pratos-tipicos-e-homenagens-marcam-2-festa-do-agricultor-de-toledo.webp\",\"width\":280,\"height\":280,\"caption\":\"Festa do Agricultor\"},{\"@type\":\"WebSite\",\"@id\":\"https:\\\/\\\/www.encontraparana.com.br\\\/toledo\\\/#website\",\"url\":\"https:\\\/\\\/www.encontraparana.com.br\\\/toledo\\\/\",\"name\":\"Guia Comercial de Toledo PR\",\"description\":\"ENCONTRA TOLEDO - O guia comercial de neg\u00f3cios e empresas, cultura e divers\u00e3o na cidade de Toledo. Feito 100% para voc\u00ea morador!\",\"potentialAction\":[{\"@type\":\"SearchAction\",\"target\":{\"@type\":\"EntryPoint\",\"urlTemplate\":\"https:\\\/\\\/www.encontraparana.com.br\\\/toledo\\\/?s={search_term_string}\"},\"query-input\":{\"@type\":\"PropertyValueSpecification\",\"valueRequired\":true,\"valueName\":\"search_term_string\"}}],\"inLanguage\":\"pt-BR\"},{\"@type\":\"Person\",\"@id\":\"https:\\\/\\\/www.encontraparana.com.br\\\/toledo\\\/#\\\/schema\\\/person\\\/3b3bd5c0e2969177418b8c8e4729fd0a\",\"name\":\"Encontra Toledo\",\"image\":{\"@type\":\"ImageObject\",\"inLanguage\":\"pt-BR\",\"@id\":\"https:\\\/\\\/secure.gravatar.com\\\/avatar\\\/c50c17820bcf322f0a8fd6b110b8c0918141409dc69076470f6fca5fee70a5d4?s=96&d=mm&r=g\",\"url\":\"https:\\\/\\\/secure.gravatar.com\\\/avatar\\\/c50c17820bcf322f0a8fd6b110b8c0918141409dc69076470f6fca5fee70a5d4?s=96&d=mm&r=g\",\"contentUrl\":\"https:\\\/\\\/secure.gravatar.com\\\/avatar\\\/c50c17820bcf322f0a8fd6b110b8c0918141409dc69076470f6fca5fee70a5d4?s=96&d=mm&r=g\",\"caption\":\"Encontra Toledo\"},\"url\":\"https:\\\/\\\/www.encontraparana.com.br\\\/toledo\\\/author\\\/encontratoledo\\\/\"}]}<\/script>\n<!-- \/ Yoast SEO plugin. -->","yoast_head_json":{"title":"Desfile, pratos t\u00edpicos e homenagens marcam 2\u00aa Festa do Agricultor de Toledo | Guia Comercial de Toledo PR","robots":{"index":"index","follow":"follow","max-snippet":"max-snippet:-1","max-image-preview":"max-image-preview:large","max-video-preview":"max-video-preview:-1"},"canonical":"https:\/\/www.encontraparana.com.br\/toledo\/desfile-pratos-tipicos-e-homenagens-marcam-2a-festa-do-agricultor-de-toledo\/","og_locale":"pt_BR","og_type":"article","og_title":"Desfile, pratos t\u00edpicos e homenagens marcam 2\u00aa Festa do Agricultor de Toledo | Guia Comercial de Toledo PR","og_description":"A 2\u00aa Festa do Agricultor de Toledo destaca as tradi\u00e7\u00f5es e a cultura agr\u00edcola.","og_url":"https:\/\/www.encontraparana.com.br\/toledo\/desfile-pratos-tipicos-e-homenagens-marcam-2a-festa-do-agricultor-de-toledo\/","og_site_name":"Guia Comercial de Toledo PR","article_published_time":"2026-07-31T13:38:47+00:00","og_image":[{"width":280,"height":280,"url":"https:\/\/www.encontraparana.com.br\/toledo\/wp-content\/uploads\/2026\/07\/desfile-pratos-tipicos-e-homenagens-marcam-2-festa-do-agricultor-de-toledo.webp","type":"image\/webp"}],"author":"Encontra Toledo","twitter_card":"summary_large_image","twitter_misc":{"Escrito por":"Encontra Toledo","Est. tempo de leitura":"4 minutos"},"schema":{"@context":"https:\/\/schema.org","@graph":[{"@type":"Article","@id":"https:\/\/www.encontraparana.com.br\/toledo\/desfile-pratos-tipicos-e-homenagens-marcam-2a-festa-do-agricultor-de-toledo\/#article","isPartOf":{"@id":"https:\/\/www.encontraparana.com.br\/toledo\/desfile-pratos-tipicos-e-homenagens-marcam-2a-festa-do-agricultor-de-toledo\/"},"author":{"name":"Encontra Toledo","@id":"https:\/\/www.encontraparana.com.br\/toledo\/#\/schema\/person\/3b3bd5c0e2969177418b8c8e4729fd0a"},"headline":"Desfile, pratos t\u00edpicos e homenagens marcam 2\u00aa Festa do Agricultor de Toledo","datePublished":"2026-07-31T13:38:47+00:00","mainEntityOfPage":{"@id":"https:\/\/www.encontraparana.com.br\/toledo\/desfile-pratos-tipicos-e-homenagens-marcam-2a-festa-do-agricultor-de-toledo\/"},"wordCount":732,"commentCount":0,"image":{"@id":"https:\/\/www.encontraparana.com.br\/toledo\/desfile-pratos-tipicos-e-homenagens-marcam-2a-festa-do-agricultor-de-toledo\/#primaryimage"},"thumbnailUrl":"https:\/\/www.encontraparana.com.br\/toledo\/wp-content\/uploads\/2026\/07\/desfile-pratos-tipicos-e-homenagens-marcam-2-festa-do-agricultor-de-toledo.webp","articleSection":["Eventos Toledo"],"inLanguage":"pt-BR","potentialAction":[{"@type":"CommentAction","name":"Comment","target":["https:\/\/www.encontraparana.com.br\/toledo\/desfile-pratos-tipicos-e-homenagens-marcam-2a-festa-do-agricultor-de-toledo\/#respond"]}]},{"@type":"WebPage","@id":"https:\/\/www.encontraparana.com.br\/toledo\/desfile-pratos-tipicos-e-homenagens-marcam-2a-festa-do-agricultor-de-toledo\/","url":"https:\/\/www.encontraparana.com.br\/toledo\/desfile-pratos-tipicos-e-homenagens-marcam-2a-festa-do-agricultor-de-toledo\/","name":"Desfile, pratos t\u00edpicos e homenagens marcam 2\u00aa Festa do Agricultor de Toledo | Guia Comercial de Toledo PR","isPartOf":{"@id":"https:\/\/www.encontraparana.com.br\/toledo\/#website"},"primaryImageOfPage":{"@id":"https:\/\/www.encontraparana.com.br\/toledo\/desfile-pratos-tipicos-e-homenagens-marcam-2a-festa-do-agricultor-de-toledo\/#primaryimage"},"image":{"@id":"https:\/\/www.encontraparana.com.br\/toledo\/desfile-pratos-tipicos-e-homenagens-marcam-2a-festa-do-agricultor-de-toledo\/#primaryimage"},"thumbnailUrl":"https:\/\/www.encontraparana.com.br\/toledo\/wp-content\/uploads\/2026\/07\/desfile-pratos-tipicos-e-homenagens-marcam-2-festa-do-agricultor-de-toledo.webp","datePublished":"2026-07-31T13:38:47+00:00","author":{"@id":"https:\/\/www.encontraparana.com.br\/toledo\/#\/schema\/person\/3b3bd5c0e2969177418b8c8e4729fd0a"},"inLanguage":"pt-BR","potentialAction":[{"@type":"ReadAction","target":["https:\/\/www.encontraparana.com.br\/toledo\/desfile-pratos-tipicos-e-homenagens-marcam-2a-festa-do-agricultor-de-toledo\/"]}]},{"@type":"ImageObject","inLanguage":"pt-BR","@id":"https:\/\/www.encontraparana.com.br\/toledo\/desfile-pratos-tipicos-e-homenagens-marcam-2a-festa-do-agricultor-de-toledo\/#primaryimage","url":"https:\/\/www.encontraparana.com.br\/toledo\/wp-content\/uploads\/2026\/07\/desfile-pratos-tipicos-e-homenagens-marcam-2-festa-do-agricultor-de-toledo.webp","contentUrl":"https:\/\/www.encontraparana.com.br\/toledo\/wp-content\/uploads\/2026\/07\/desfile-pratos-tipicos-e-homenagens-marcam-2-festa-do-agricultor-de-toledo.webp","width":280,"height":280,"caption":"Festa do Agricultor"},{"@type":"WebSite","@id":"https:\/\/www.encontraparana.com.br\/toledo\/#website","url":"https:\/\/www.encontraparana.com.br\/toledo\/","name":"Guia Comercial de Toledo PR","description":"ENCONTRA TOLEDO - O guia comercial de neg\u00f3cios e empresas, cultura e divers\u00e3o na cidade de Toledo. Feito 100% para voc\u00ea morador!","potentialAction":[{"@type":"SearchAction","target":{"@type":"EntryPoint","urlTemplate":"https:\/\/www.encontraparana.com.br\/toledo\/?s={search_term_string}"},"query-input":{"@type":"PropertyValueSpecification","valueRequired":true,"valueName":"search_term_string"}}],"inLanguage":"pt-BR"},{"@type":"Person","@id":"https:\/\/www.encontraparana.com.br\/toledo\/#\/schema\/person\/3b3bd5c0e2969177418b8c8e4729fd0a","name":"Encontra Toledo","image":{"@type":"ImageObject","inLanguage":"pt-BR","@id":"https:\/\/secure.gravatar.com\/avatar\/c50c17820bcf322f0a8fd6b110b8c0918141409dc69076470f6fca5fee70a5d4?s=96&d=mm&r=g","url":"https:\/\/secure.gravatar.com\/avatar\/c50c17820bcf322f0a8fd6b110b8c0918141409dc69076470f6fca5fee70a5d4?s=96&d=mm&r=g","contentUrl":"https:\/\/secure.gravatar.com\/avatar\/c50c17820bcf322f0a8fd6b110b8c0918141409dc69076470f6fca5fee70a5d4?s=96&d=mm&r=g","caption":"Encontra Toledo"},"url":"https:\/\/www.encontraparana.com.br\/toledo\/author\/encontratoledo\/"}]}},"_links":{"self":[{"href":"https:\/\/www.encontraparana.com.br\/toledo\/wp-json\/wp\/v2\/posts\/5446","targetHints":{"allow":["GET"]}}],"collection":[{"href":"https:\/\/www.encontraparana.com.br\/toledo\/wp-json\/wp\/v2\/posts"}],"about":[{"href":"https:\/\/www.encontraparana.com.br\/toledo\/wp-json\/wp\/v2\/types\/post"}],"author":[{"embeddable":true,"href":"https:\/\/www.encontraparana.com.br\/toledo\/wp-json\/wp\/v2\/users\/1"}],"replies":[{"embeddable":true,"href":"https:\/\/www.encontraparana.com.br\/toledo\/wp-json\/wp\/v2\/comments?post=5446"}],"version-history":[{"count":0,"href":"https:\/\/www.encontraparana.com.br\/toledo\/wp-json\/wp\/v2\/posts\/5446\/revisions"}],"wp:featuredmedia":[{"embeddable":true,"href":"https:\/\/www.encontraparana.com.br\/toledo\/wp-json\/wp\/v2\/media\/5445"}],"wp:attachment":[{"href":"https:\/\/www.encontraparana.com.br\/toledo\/wp-json\/wp\/v2\/media?parent=5446"}],"wp:term":[{"taxonomy":"category","embeddable":true,"href":"https:\/\/www.encontraparana.com.br\/toledo\/wp-json\/wp\/v2\/categories?post=5446"},{"taxonomy":"post_tag","embeddable":true,"href":"https:\/\/www.encontraparana.com.br\/toledo\/wp-json\/wp\/v2\/tags?post=5446"}],"curies":[{"name":"wp","href":"https:\/\/api.w.org\/{rel}","templated":true}]}}