{"id":5450,"date":"2026-08-01T11:12:39","date_gmt":"2026-08-01T14:12:39","guid":{"rendered":"https:\/\/www.encontraparana.com.br\/toledo\/inscricoes-para-desfile-do-7-de-setembro-seguem-abertas-ate-14-de-agosto\/"},"modified":"2026-08-01T11:12:39","modified_gmt":"2026-08-01T14:12:39","slug":"inscricoes-para-desfile-do-7-de-setembro-seguem-abertas-ate-14-de-agosto","status":"publish","type":"post","link":"https:\/\/www.encontraparana.com.br\/toledo\/inscricoes-para-desfile-do-7-de-setembro-seguem-abertas-ate-14-de-agosto\/","title":{"rendered":"Inscri\u00e7\u00f5es para desfile do 7 de Setembro seguem abertas at\u00e9 14 de agosto"},"content":{"rendered":"<h2>Como participar do desfile do 7 de setembro<\/h2>\n<p>Os preparativos para o desfile do Dia da Independ\u00eancia do Brasil est\u00e3o em fase de intensifica\u00e7\u00e3o. Para as entidades que desejam participar do evento c\u00edvico que ocorrer\u00e1 em Toledo, \u00e9 necess\u00e1rio atentar-se ao prazo de inscri\u00e7\u00e3o. As inscri\u00e7\u00f5es permanecem abertas at\u00e9 o dia <strong>14 de agosto<\/strong>. As institui\u00e7\u00f5es, tanto governamentais quanto n\u00e3o governamentais, podem se inscrever de maneira simples e pr\u00e1tica.<\/p>\n<p>Os interessados devem acessar um formul\u00e1rio eletr\u00f4nico que est\u00e1 dispon\u00edvel neste <a href=\"https:\/\/shre.ink\/desfile2026\">link<\/a>. Alternativamente, tamb\u00e9m \u00e9 poss\u00edvel encontrar o formul\u00e1rio atrav\u00e9s de banners rotativos no site da Prefeitura de Toledo (<a href=\"http:\/\/www.toledo.pr.gov.br\/\">www.toledo.pr.gov.br<\/a>). Ap\u00f3s realizar a inscri\u00e7\u00e3o, \u00e9 importante garantir que todas as informa\u00e7\u00f5es estejam corretas, pois n\u00e3o ser\u00e1 poss\u00edvel realizar altera\u00e7\u00f5es posteriormente.<\/p>\n<h2>Prazos importantes para as inscri\u00e7\u00f5es<\/h2>\n<p>\u00c9 fundamental estar ciente dos prazos estabelecidos para o desfile. O prazo final para as inscri\u00e7\u00f5es das entidades \u00e9 <strong>14 de agosto<\/strong>. A comiss\u00e3o organizadora planejou uma reuni\u00e3o ap\u00f3s o encerramento das inscri\u00e7\u00f5es, onde ser\u00e3o discutidas as orienta\u00e7\u00f5es finais e os detalhes da organiza\u00e7\u00e3o do desfile.<\/p>\n<p><img decoding=\"async\" src=\"https:\/\/www.encontraparana.com.br\/toledo\/wp-content\/uploads\/2026\/08\/inscricoes-para-desfile-do-7-de-setembro-seguem-abertas-ate-14-de-agosto.webp\" alt=\"Inscri\u00e7\u00f5es para desfile do 7 de Setembro\" loading=\"lazy\" \/><\/p>\n<h2>Hist\u00f3ria do desfile de 7 de setembro em Toledo<\/h2>\n<p>O desfile c\u00edvico em celebra\u00e7\u00e3o ao Dia da Independ\u00eancia possui uma rica tradi\u00e7\u00e3o em Toledo. Este evento \u00e9 uma oportunidade para as entidades representarem seu esp\u00edrito patri\u00f3tico e a nova gera\u00e7\u00e3o de cidad\u00e3os. A cada ano, o n\u00famero de participantes aumenta consideravelmente, refletindo o vigor das comunidades na celebra\u00e7\u00e3o dessa importante data hist\u00f3rica.<\/p>\n<h2>Entidades confirmadas at\u00e9 o momento<\/h2>\n<p>Atualmente, j\u00e1 s\u00e3o <strong>46 entidades<\/strong> que confirmaram sua participa\u00e7\u00e3o no desfile de 7 de setembro. O evento ser\u00e1 realizado no <strong>Parque Ecol\u00f3gico Diva Paim Barth<\/strong>, come\u00e7ando \u00e0s <strong>8h<\/strong>. Al\u00e9m disso, h\u00e1 uma expectativa otimista da comiss\u00e3o organizadora de que mais institui\u00e7\u00f5es se inscrevam at\u00e9 a data final. No ano anterior, em 2025, a quantidade de entidades participantes chegou a <strong>151<\/strong>.<\/p>\n<h2>Import\u00e2ncia da participa\u00e7\u00e3o c\u00edvica<\/h2>\n<p>A participa\u00e7\u00e3o c\u00edvica no desfile do 7 de setembro \u00e9 uma forma de demonstrar afeto pelo pa\u00eds e engajamento nas quest\u00f5es comunit\u00e1rias. O envolvimento das entidades fortalece o sentimento de unidade e pertencimento entre os cidad\u00e3os. \u00c9 um momento em que todos podem expressar seu orgulho nacional e celebrar a hist\u00f3ria do Brasil de maneira conjunta e vibrante.<\/p>\n<h2>Orienta\u00e7\u00f5es sobre o preenchimento do formul\u00e1rio<\/h2>\n<p>A comiss\u00e3o organizadora solicita que os respons\u00e1veis pelas inscri\u00e7\u00f5es forne\u00e7am informa\u00e7\u00f5es claras e objetivas ao preencher o formul\u00e1rio. \u00c9 essencial que a descri\u00e7\u00e3o da institui\u00e7\u00e3o seja concisa, destacando os principais elementos que ser\u00e3o apresentados no desfile. Al\u00e9m disso, recomenda-se revisar todos os dados antes de finalizar a inscri\u00e7\u00e3o, uma vez que n\u00e3o ser\u00e1 poss\u00edvel realizar altera\u00e7\u00f5es ap\u00f3s o envio.<\/p>\n<h2>Grupo de WhatsApp para esclarecimento de d\u00favidas<\/h2>\n<p>Para facilitar a comunica\u00e7\u00e3o e o esclarecimento de d\u00favidas sobre o desfile, foi criado um grupo de WhatsApp pela comiss\u00e3o organizadora. Os interessados podem acessar o link do grupo atrav\u00e9s do site da Prefeitura ou pelo formul\u00e1rio de inscri\u00e7\u00e3o. O grupo \u00e9 uma excelente maneira de obter informa\u00e7\u00f5es em tempo real e receber atualiza\u00e7\u00f5es importantes sobre a organiza\u00e7\u00e3o do evento.<\/p>\n<h2>O que esperar do desfile este ano<\/h2>\n<p>Em 2026, o desfile n\u00e3o ter\u00e1 um tema espec\u00edfico, permitindo que cada entidade tenha liberdade para escolher como deseja se apresentar. Este formato visa valorizar a criatividade e a individualidade de cada participante, promovendo uma celebra\u00e7\u00e3o diversificada da independ\u00eancia do Brasil.<\/p>\n<h2>Como se preparar para o evento<\/h2>\n<p>As entidades interessadas em participar do desfile devem iniciar sua prepara\u00e7\u00e3o o quanto antes. Isso inclui ensaios, organiza\u00e7\u00e3o de vestimentas, elabora\u00e7\u00e3o de faixas e cartazes, e defini\u00e7\u00e3o da mensagem que ser\u00e1 transmitida ao p\u00fablico. A prepara\u00e7\u00e3o adequada garantir\u00e1 que a apresenta\u00e7\u00e3o seja impactante e bem recebida pelas pessoas que estar\u00e3o presentes no evento.<\/p>\n<h2>Expectativas para o aumento no n\u00famero de participantes<\/h2>\n<p>A expectativa da comiss\u00e3o organizadora \u00e9 que o n\u00famero de entidades participantes aumente nas pr\u00f3ximas semanas. Com a proximidade do evento, muitas institui\u00e7\u00f5es podem decidir confirmar sua presen\u00e7a. Em 2025, o n\u00famero de organiza\u00e7\u00f5es que participaram do desfile chegou a 151, e a metas s\u00e3o altas para ultrapassar esse n\u00famero em 2026. O objetivo \u00e9 criar um desfile ainda mais grandioso e representativo que celebre a Independ\u00eancia do Brasil de forma inesquec\u00edvel.<\/p>\n","protected":false},"excerpt":{"rendered":"<p>Inscri\u00e7\u00f5es para desfile do 7 de setembro seguem abertas at\u00e9 14 de agosto.<\/p>\n","protected":false},"author":1,"featured_media":5449,"comment_status":"open","ping_status":"open","sticky":false,"template":"","format":"standard","meta":{"footnotes":""},"categories":[897],"tags":[],"class_list":["post-5450","post","type-post","status-publish","format-standard","has-post-thumbnail","hentry","category-eventos","has_thumb"],"yoast_head":"<!-- This site is optimized with the Yoast SEO plugin v28.1 - https:\/\/yoast.com\/product\/yoast-seo-wordpress\/ -->\n<title>Inscri\u00e7\u00f5es para desfile do 7 de Setembro seguem abertas at\u00e9 14 de agosto | Guia Comercial de Toledo PR<\/title>\n<meta name=\"robots\" content=\"index, follow, max-snippet:-1, max-image-preview:large, max-video-preview:-1\" \/>\n<link rel=\"canonical\" href=\"https:\/\/www.encontraparana.com.br\/toledo\/inscricoes-para-desfile-do-7-de-setembro-seguem-abertas-ate-14-de-agosto\/\" \/>\n<meta property=\"og:locale\" content=\"pt_BR\" \/>\n<meta property=\"og:type\" content=\"article\" \/>\n<meta property=\"og:title\" content=\"Inscri\u00e7\u00f5es para desfile do 7 de Setembro seguem abertas at\u00e9 14 de agosto | Guia Comercial de Toledo PR\" \/>\n<meta property=\"og:description\" content=\"Inscri\u00e7\u00f5es para desfile do 7 de setembro seguem abertas at\u00e9 14 de agosto.\" \/>\n<meta property=\"og:url\" content=\"https:\/\/www.encontraparana.com.br\/toledo\/inscricoes-para-desfile-do-7-de-setembro-seguem-abertas-ate-14-de-agosto\/\" \/>\n<meta property=\"og:site_name\" content=\"Guia Comercial de Toledo PR\" \/>\n<meta property=\"article:published_time\" content=\"2026-08-01T14:12:39+00:00\" \/>\n<meta property=\"og:image\" content=\"https:\/\/www.encontraparana.com.br\/toledo\/wp-content\/uploads\/2026\/08\/inscricoes-para-desfile-do-7-de-setembro-seguem-abertas-ate-14-de-agosto.webp\" \/>\n\t<meta property=\"og:image:width\" content=\"280\" \/>\n\t<meta property=\"og:image:height\" content=\"280\" \/>\n\t<meta property=\"og:image:type\" content=\"image\/webp\" \/>\n<meta name=\"author\" content=\"Encontra Toledo\" \/>\n<meta name=\"twitter:card\" content=\"summary_large_image\" \/>\n<meta name=\"twitter:label1\" content=\"Escrito por\" \/>\n\t<meta name=\"twitter:data1\" content=\"Encontra Toledo\" \/>\n\t<meta name=\"twitter:label2\" content=\"Est. tempo de leitura\" \/>\n\t<meta name=\"twitter:data2\" content=\"4 minutos\" \/>\n<script type=\"application\/ld+json\" class=\"yoast-schema-graph\">{\"@context\":\"https:\\\/\\\/schema.org\",\"@graph\":[{\"@type\":\"Article\",\"@id\":\"https:\\\/\\\/www.encontraparana.com.br\\\/toledo\\\/inscricoes-para-desfile-do-7-de-setembro-seguem-abertas-ate-14-de-agosto\\\/#article\",\"isPartOf\":{\"@id\":\"https:\\\/\\\/www.encontraparana.com.br\\\/toledo\\\/inscricoes-para-desfile-do-7-de-setembro-seguem-abertas-ate-14-de-agosto\\\/\"},\"author\":{\"name\":\"Encontra Toledo\",\"@id\":\"https:\\\/\\\/www.encontraparana.com.br\\\/toledo\\\/#\\\/schema\\\/person\\\/3b3bd5c0e2969177418b8c8e4729fd0a\"},\"headline\":\"Inscri\u00e7\u00f5es para desfile do 7 de Setembro seguem abertas at\u00e9 14 de agosto\",\"datePublished\":\"2026-08-01T14:12:39+00:00\",\"mainEntityOfPage\":{\"@id\":\"https:\\\/\\\/www.encontraparana.com.br\\\/toledo\\\/inscricoes-para-desfile-do-7-de-setembro-seguem-abertas-ate-14-de-agosto\\\/\"},\"wordCount\":781,\"commentCount\":0,\"image\":{\"@id\":\"https:\\\/\\\/www.encontraparana.com.br\\\/toledo\\\/inscricoes-para-desfile-do-7-de-setembro-seguem-abertas-ate-14-de-agosto\\\/#primaryimage\"},\"thumbnailUrl\":\"https:\\\/\\\/www.encontraparana.com.br\\\/toledo\\\/wp-content\\\/uploads\\\/2026\\\/08\\\/inscricoes-para-desfile-do-7-de-setembro-seguem-abertas-ate-14-de-agosto.webp\",\"articleSection\":[\"Eventos Toledo\"],\"inLanguage\":\"pt-BR\",\"potentialAction\":[{\"@type\":\"CommentAction\",\"name\":\"Comment\",\"target\":[\"https:\\\/\\\/www.encontraparana.com.br\\\/toledo\\\/inscricoes-para-desfile-do-7-de-setembro-seguem-abertas-ate-14-de-agosto\\\/#respond\"]}]},{\"@type\":\"WebPage\",\"@id\":\"https:\\\/\\\/www.encontraparana.com.br\\\/toledo\\\/inscricoes-para-desfile-do-7-de-setembro-seguem-abertas-ate-14-de-agosto\\\/\",\"url\":\"https:\\\/\\\/www.encontraparana.com.br\\\/toledo\\\/inscricoes-para-desfile-do-7-de-setembro-seguem-abertas-ate-14-de-agosto\\\/\",\"name\":\"Inscri\u00e7\u00f5es para desfile do 7 de Setembro seguem abertas at\u00e9 14 de agosto | Guia Comercial de Toledo PR\",\"isPartOf\":{\"@id\":\"https:\\\/\\\/www.encontraparana.com.br\\\/toledo\\\/#website\"},\"primaryImageOfPage\":{\"@id\":\"https:\\\/\\\/www.encontraparana.com.br\\\/toledo\\\/inscricoes-para-desfile-do-7-de-setembro-seguem-abertas-ate-14-de-agosto\\\/#primaryimage\"},\"image\":{\"@id\":\"https:\\\/\\\/www.encontraparana.com.br\\\/toledo\\\/inscricoes-para-desfile-do-7-de-setembro-seguem-abertas-ate-14-de-agosto\\\/#primaryimage\"},\"thumbnailUrl\":\"https:\\\/\\\/www.encontraparana.com.br\\\/toledo\\\/wp-content\\\/uploads\\\/2026\\\/08\\\/inscricoes-para-desfile-do-7-de-setembro-seguem-abertas-ate-14-de-agosto.webp\",\"datePublished\":\"2026-08-01T14:12:39+00:00\",\"author\":{\"@id\":\"https:\\\/\\\/www.encontraparana.com.br\\\/toledo\\\/#\\\/schema\\\/person\\\/3b3bd5c0e2969177418b8c8e4729fd0a\"},\"inLanguage\":\"pt-BR\",\"potentialAction\":[{\"@type\":\"ReadAction\",\"target\":[\"https:\\\/\\\/www.encontraparana.com.br\\\/toledo\\\/inscricoes-para-desfile-do-7-de-setembro-seguem-abertas-ate-14-de-agosto\\\/\"]}]},{\"@type\":\"ImageObject\",\"inLanguage\":\"pt-BR\",\"@id\":\"https:\\\/\\\/www.encontraparana.com.br\\\/toledo\\\/inscricoes-para-desfile-do-7-de-setembro-seguem-abertas-ate-14-de-agosto\\\/#primaryimage\",\"url\":\"https:\\\/\\\/www.encontraparana.com.br\\\/toledo\\\/wp-content\\\/uploads\\\/2026\\\/08\\\/inscricoes-para-desfile-do-7-de-setembro-seguem-abertas-ate-14-de-agosto.webp\",\"contentUrl\":\"https:\\\/\\\/www.encontraparana.com.br\\\/toledo\\\/wp-content\\\/uploads\\\/2026\\\/08\\\/inscricoes-para-desfile-do-7-de-setembro-seguem-abertas-ate-14-de-agosto.webp\",\"width\":280,\"height\":280,\"caption\":\"Inscri\u00e7\u00f5es para desfile do 7 de Setembro\"},{\"@type\":\"WebSite\",\"@id\":\"https:\\\/\\\/www.encontraparana.com.br\\\/toledo\\\/#website\",\"url\":\"https:\\\/\\\/www.encontraparana.com.br\\\/toledo\\\/\",\"name\":\"Guia Comercial de Toledo PR\",\"description\":\"ENCONTRA TOLEDO - O guia comercial de neg\u00f3cios e empresas, cultura e divers\u00e3o na cidade de Toledo. Feito 100% para voc\u00ea morador!\",\"potentialAction\":[{\"@type\":\"SearchAction\",\"target\":{\"@type\":\"EntryPoint\",\"urlTemplate\":\"https:\\\/\\\/www.encontraparana.com.br\\\/toledo\\\/?s={search_term_string}\"},\"query-input\":{\"@type\":\"PropertyValueSpecification\",\"valueRequired\":true,\"valueName\":\"search_term_string\"}}],\"inLanguage\":\"pt-BR\"},{\"@type\":\"Person\",\"@id\":\"https:\\\/\\\/www.encontraparana.com.br\\\/toledo\\\/#\\\/schema\\\/person\\\/3b3bd5c0e2969177418b8c8e4729fd0a\",\"name\":\"Encontra Toledo\",\"image\":{\"@type\":\"ImageObject\",\"inLanguage\":\"pt-BR\",\"@id\":\"https:\\\/\\\/secure.gravatar.com\\\/avatar\\\/c50c17820bcf322f0a8fd6b110b8c0918141409dc69076470f6fca5fee70a5d4?s=96&d=mm&r=g\",\"url\":\"https:\\\/\\\/secure.gravatar.com\\\/avatar\\\/c50c17820bcf322f0a8fd6b110b8c0918141409dc69076470f6fca5fee70a5d4?s=96&d=mm&r=g\",\"contentUrl\":\"https:\\\/\\\/secure.gravatar.com\\\/avatar\\\/c50c17820bcf322f0a8fd6b110b8c0918141409dc69076470f6fca5fee70a5d4?s=96&d=mm&r=g\",\"caption\":\"Encontra Toledo\"},\"url\":\"https:\\\/\\\/www.encontraparana.com.br\\\/toledo\\\/author\\\/encontratoledo\\\/\"}]}<\/script>\n<!-- \/ Yoast SEO plugin. -->","yoast_head_json":{"title":"Inscri\u00e7\u00f5es para desfile do 7 de Setembro seguem abertas at\u00e9 14 de agosto | Guia Comercial de Toledo PR","robots":{"index":"index","follow":"follow","max-snippet":"max-snippet:-1","max-image-preview":"max-image-preview:large","max-video-preview":"max-video-preview:-1"},"canonical":"https:\/\/www.encontraparana.com.br\/toledo\/inscricoes-para-desfile-do-7-de-setembro-seguem-abertas-ate-14-de-agosto\/","og_locale":"pt_BR","og_type":"article","og_title":"Inscri\u00e7\u00f5es para desfile do 7 de Setembro seguem abertas at\u00e9 14 de agosto | Guia Comercial de Toledo PR","og_description":"Inscri\u00e7\u00f5es para desfile do 7 de setembro seguem abertas at\u00e9 14 de agosto.","og_url":"https:\/\/www.encontraparana.com.br\/toledo\/inscricoes-para-desfile-do-7-de-setembro-seguem-abertas-ate-14-de-agosto\/","og_site_name":"Guia Comercial de Toledo PR","article_published_time":"2026-08-01T14:12:39+00:00","og_image":[{"width":280,"height":280,"url":"https:\/\/www.encontraparana.com.br\/toledo\/wp-content\/uploads\/2026\/08\/inscricoes-para-desfile-do-7-de-setembro-seguem-abertas-ate-14-de-agosto.webp","type":"image\/webp"}],"author":"Encontra Toledo","twitter_card":"summary_large_image","twitter_misc":{"Escrito por":"Encontra Toledo","Est. tempo de leitura":"4 minutos"},"schema":{"@context":"https:\/\/schema.org","@graph":[{"@type":"Article","@id":"https:\/\/www.encontraparana.com.br\/toledo\/inscricoes-para-desfile-do-7-de-setembro-seguem-abertas-ate-14-de-agosto\/#article","isPartOf":{"@id":"https:\/\/www.encontraparana.com.br\/toledo\/inscricoes-para-desfile-do-7-de-setembro-seguem-abertas-ate-14-de-agosto\/"},"author":{"name":"Encontra Toledo","@id":"https:\/\/www.encontraparana.com.br\/toledo\/#\/schema\/person\/3b3bd5c0e2969177418b8c8e4729fd0a"},"headline":"Inscri\u00e7\u00f5es para desfile do 7 de Setembro seguem abertas at\u00e9 14 de agosto","datePublished":"2026-08-01T14:12:39+00:00","mainEntityOfPage":{"@id":"https:\/\/www.encontraparana.com.br\/toledo\/inscricoes-para-desfile-do-7-de-setembro-seguem-abertas-ate-14-de-agosto\/"},"wordCount":781,"commentCount":0,"image":{"@id":"https:\/\/www.encontraparana.com.br\/toledo\/inscricoes-para-desfile-do-7-de-setembro-seguem-abertas-ate-14-de-agosto\/#primaryimage"},"thumbnailUrl":"https:\/\/www.encontraparana.com.br\/toledo\/wp-content\/uploads\/2026\/08\/inscricoes-para-desfile-do-7-de-setembro-seguem-abertas-ate-14-de-agosto.webp","articleSection":["Eventos Toledo"],"inLanguage":"pt-BR","potentialAction":[{"@type":"CommentAction","name":"Comment","target":["https:\/\/www.encontraparana.com.br\/toledo\/inscricoes-para-desfile-do-7-de-setembro-seguem-abertas-ate-14-de-agosto\/#respond"]}]},{"@type":"WebPage","@id":"https:\/\/www.encontraparana.com.br\/toledo\/inscricoes-para-desfile-do-7-de-setembro-seguem-abertas-ate-14-de-agosto\/","url":"https:\/\/www.encontraparana.com.br\/toledo\/inscricoes-para-desfile-do-7-de-setembro-seguem-abertas-ate-14-de-agosto\/","name":"Inscri\u00e7\u00f5es para desfile do 7 de Setembro seguem abertas at\u00e9 14 de agosto | Guia Comercial de Toledo PR","isPartOf":{"@id":"https:\/\/www.encontraparana.com.br\/toledo\/#website"},"primaryImageOfPage":{"@id":"https:\/\/www.encontraparana.com.br\/toledo\/inscricoes-para-desfile-do-7-de-setembro-seguem-abertas-ate-14-de-agosto\/#primaryimage"},"image":{"@id":"https:\/\/www.encontraparana.com.br\/toledo\/inscricoes-para-desfile-do-7-de-setembro-seguem-abertas-ate-14-de-agosto\/#primaryimage"},"thumbnailUrl":"https:\/\/www.encontraparana.com.br\/toledo\/wp-content\/uploads\/2026\/08\/inscricoes-para-desfile-do-7-de-setembro-seguem-abertas-ate-14-de-agosto.webp","datePublished":"2026-08-01T14:12:39+00:00","author":{"@id":"https:\/\/www.encontraparana.com.br\/toledo\/#\/schema\/person\/3b3bd5c0e2969177418b8c8e4729fd0a"},"inLanguage":"pt-BR","potentialAction":[{"@type":"ReadAction","target":["https:\/\/www.encontraparana.com.br\/toledo\/inscricoes-para-desfile-do-7-de-setembro-seguem-abertas-ate-14-de-agosto\/"]}]},{"@type":"ImageObject","inLanguage":"pt-BR","@id":"https:\/\/www.encontraparana.com.br\/toledo\/inscricoes-para-desfile-do-7-de-setembro-seguem-abertas-ate-14-de-agosto\/#primaryimage","url":"https:\/\/www.encontraparana.com.br\/toledo\/wp-content\/uploads\/2026\/08\/inscricoes-para-desfile-do-7-de-setembro-seguem-abertas-ate-14-de-agosto.webp","contentUrl":"https:\/\/www.encontraparana.com.br\/toledo\/wp-content\/uploads\/2026\/08\/inscricoes-para-desfile-do-7-de-setembro-seguem-abertas-ate-14-de-agosto.webp","width":280,"height":280,"caption":"Inscri\u00e7\u00f5es para desfile do 7 de Setembro"},{"@type":"WebSite","@id":"https:\/\/www.encontraparana.com.br\/toledo\/#website","url":"https:\/\/www.encontraparana.com.br\/toledo\/","name":"Guia Comercial de Toledo PR","description":"ENCONTRA TOLEDO - O guia comercial de neg\u00f3cios e empresas, cultura e divers\u00e3o na cidade de Toledo. Feito 100% para voc\u00ea morador!","potentialAction":[{"@type":"SearchAction","target":{"@type":"EntryPoint","urlTemplate":"https:\/\/www.encontraparana.com.br\/toledo\/?s={search_term_string}"},"query-input":{"@type":"PropertyValueSpecification","valueRequired":true,"valueName":"search_term_string"}}],"inLanguage":"pt-BR"},{"@type":"Person","@id":"https:\/\/www.encontraparana.com.br\/toledo\/#\/schema\/person\/3b3bd5c0e2969177418b8c8e4729fd0a","name":"Encontra Toledo","image":{"@type":"ImageObject","inLanguage":"pt-BR","@id":"https:\/\/secure.gravatar.com\/avatar\/c50c17820bcf322f0a8fd6b110b8c0918141409dc69076470f6fca5fee70a5d4?s=96&d=mm&r=g","url":"https:\/\/secure.gravatar.com\/avatar\/c50c17820bcf322f0a8fd6b110b8c0918141409dc69076470f6fca5fee70a5d4?s=96&d=mm&r=g","contentUrl":"https:\/\/secure.gravatar.com\/avatar\/c50c17820bcf322f0a8fd6b110b8c0918141409dc69076470f6fca5fee70a5d4?s=96&d=mm&r=g","caption":"Encontra Toledo"},"url":"https:\/\/www.encontraparana.com.br\/toledo\/author\/encontratoledo\/"}]}},"_links":{"self":[{"href":"https:\/\/www.encontraparana.com.br\/toledo\/wp-json\/wp\/v2\/posts\/5450","targetHints":{"allow":["GET"]}}],"collection":[{"href":"https:\/\/www.encontraparana.com.br\/toledo\/wp-json\/wp\/v2\/posts"}],"about":[{"href":"https:\/\/www.encontraparana.com.br\/toledo\/wp-json\/wp\/v2\/types\/post"}],"author":[{"embeddable":true,"href":"https:\/\/www.encontraparana.com.br\/toledo\/wp-json\/wp\/v2\/users\/1"}],"replies":[{"embeddable":true,"href":"https:\/\/www.encontraparana.com.br\/toledo\/wp-json\/wp\/v2\/comments?post=5450"}],"version-history":[{"count":0,"href":"https:\/\/www.encontraparana.com.br\/toledo\/wp-json\/wp\/v2\/posts\/5450\/revisions"}],"wp:featuredmedia":[{"embeddable":true,"href":"https:\/\/www.encontraparana.com.br\/toledo\/wp-json\/wp\/v2\/media\/5449"}],"wp:attachment":[{"href":"https:\/\/www.encontraparana.com.br\/toledo\/wp-json\/wp\/v2\/media?parent=5450"}],"wp:term":[{"taxonomy":"category","embeddable":true,"href":"https:\/\/www.encontraparana.com.br\/toledo\/wp-json\/wp\/v2\/categories?post=5450"},{"taxonomy":"post_tag","embeddable":true,"href":"https:\/\/www.encontraparana.com.br\/toledo\/wp-json\/wp\/v2\/tags?post=5450"}],"curies":[{"name":"wp","href":"https:\/\/api.w.org\/{rel}","templated":true}]}}