{"id":5452,"date":"2026-08-01T11:14:17","date_gmt":"2026-08-01T14:14:17","guid":{"rendered":"https:\/\/www.encontraparana.com.br\/toledo\/guarda-municipal-realiza-acao-orientativa-a-estudantes-condutores-de-veiculos-eletricos\/"},"modified":"2026-08-01T11:14:17","modified_gmt":"2026-08-01T14:14:17","slug":"guarda-municipal-realiza-acao-orientativa-a-estudantes-condutores-de-veiculos-eletricos","status":"publish","type":"post","link":"https:\/\/www.encontraparana.com.br\/toledo\/guarda-municipal-realiza-acao-orientativa-a-estudantes-condutores-de-veiculos-eletricos\/","title":{"rendered":"Guarda Municipal realiza a\u00e7\u00e3o orientativa a estudantes condutores de ve\u00edculos el\u00e9tricos"},"content":{"rendered":"<h2>O que s\u00e3o ve\u00edculos el\u00e9tricos?<\/h2>\n<p>Ve\u00edculos el\u00e9tricos (VEs) s\u00e3o automotores que utilizam energia el\u00e9trica como fonte principal de propuls\u00e3o. Esses ve\u00edculos podem ser alimentados por baterias recarreg\u00e1veis, c\u00e9lulas de combust\u00edvel ou sistemas de energia h\u00edbridos. A popularidade dos VEs cresceu significativamente nos \u00faltimos anos, visto que oferecem uma alternativa sustent\u00e1vel aos ve\u00edculos movidos a combust\u00edveis f\u00f3sseis, contribuindo para a redu\u00e7\u00e3o das emiss\u00f5es de gases poluentes.<\/p>\n<h2>Import\u00e2ncia da seguran\u00e7a no tr\u00e2nsito<\/h2>\n<p>A seguran\u00e7a no tr\u00e2nsito \u00e9 uma preocupa\u00e7\u00e3o vital, especialmente em uma era onde o uso de ve\u00edculos el\u00e9tricos est\u00e1 se tornando comum entre os jovens. Com a introdu\u00e7\u00e3o desses novos meios de transporte, como patinetes e bicicletas el\u00e9tricas, torna-se ainda mais crucial educar os usu\u00e1rios sobre as normas de seguran\u00e7a. O cumprimento das regras de tr\u00e2nsito \u00e9 essencial para garantir a seguran\u00e7a de todos \u2013 desde os condutores at\u00e9 os pedestres.<\/p>\n<h2>Como utilizar patinetes el\u00e9tricos de forma segura<\/h2>\n<p>Para garantir uma experi\u00eancia segura ao usar patinetes el\u00e9tricos, considere as seguintes diretrizes:<\/p>\n<p><img decoding=\"async\" src=\"https:\/\/www.encontraparana.com.br\/toledo\/wp-content\/uploads\/2026\/08\/guarda-municipal-realiza-acao-orientativa-a-estudantes-condutores-de-veiculos-eletricos.webp\" alt=\"ve\u00edculos el\u00e9tricos\" loading=\"lazy\" \/><\/p>\n<ul>\n<li><strong>Utiliza\u00e7\u00e3o de capacete:<\/strong> O uso de um capacete \u00e9 essencial para proteger a cabe\u00e7a em caso de queda ou acidente.<\/li>\n<li><strong>Respeito \u00e0s normas de tr\u00e2nsito:<\/strong> Sempre siga as sinaliza\u00e7\u00f5es e as regras de circula\u00e7\u00e3o, como parar em sem\u00e1foros e dar prefer\u00eancia aos pedestres.<\/li>\n<li><strong>Evitar o uso de fones de ouvido:<\/strong> Estar atento ao ambiente \u00e9 crucial para garantir reagir rapidamente a situa\u00e7\u00f5es inesperadas.<\/li>\n<li><strong>Manuten\u00e7\u00e3o do ve\u00edculo:<\/strong> Certifique-se de que o patinete est\u00e1 em boas condi\u00e7\u00f5es antes de utiliz\u00e1-lo, verificando os freios e a bateria.<\/li>\n<li><strong>Escolha de vias seguras:<\/strong> Opte por ciclovias ou ruas menos movimentadas ao se deslocar.<\/li>\n<\/ul>\n<h2>Legisla\u00e7\u00e3o sobre ve\u00edculos el\u00e9tricos<\/h2>\n<p>A legisla\u00e7\u00e3o relacionada aos ve\u00edculos el\u00e9tricos, incluindo patinetes e bicicletas, varia de acordo com a localidade. Em geral, as leis buscam regular a idade m\u00ednima para condu\u00e7\u00e3o, proibi\u00e7\u00e3o do uso de dispositivos que distraem e a obrigatoriedade do uso de equipamentos de seguran\u00e7a, como capacetes. No Brasil, a Resolu\u00e7\u00e3o n\u00ba 996\/2023 do Contran e a Lei Municipal n\u00ba 3.100\/2026 s\u00e3o exemplos de regulamenta\u00e7\u00f5es que visam proteger os condutores e promover o uso seguro desses ve\u00edculos.<\/p>\n<h2>A\u00e7\u00f5es da Guarda Municipal para conscientiza\u00e7\u00e3o<\/h2>\n<p>A Guarda Municipal de Toledo tem realizado iniciativas voltadas para a educa\u00e7\u00e3o dos usu\u00e1rios de ve\u00edculos el\u00e9tricos. Em a\u00e7\u00f5es recentes, a fiscaliza\u00e7\u00e3o se concentrou em orientar estudantes sobre o uso adequado de patinetes e bicicletas el\u00e9tricas. A abordagem \u00e9 educativa, com foco na conscientiza\u00e7\u00e3o sobre a import\u00e2ncia do uso de capacetes e o cumprimento das normas de tr\u00e2nsito. Essas atividades n\u00e3o apenas visam a seguran\u00e7a, mas tamb\u00e9m a diminui\u00e7\u00e3o de infra\u00e7\u00f5es e acidentes.<\/p>\n<h2>Perguntas frequentes sobre ve\u00edculos el\u00e9tricos<\/h2>\n<p>Os ve\u00edculos el\u00e9tricos levantam diversas quest\u00f5es entre os usu\u00e1rios. Aqui est\u00e3o algumas respostas para d\u00favidas comuns:<\/p>\n<ul>\n<li><strong>Qual a diferen\u00e7a entre um ve\u00edculo el\u00e9trico e um h\u00edbrido?<\/strong> Ve\u00edculos el\u00e9tricos s\u00e3o movidos exclusivamente por eletricidade, enquanto ve\u00edculos h\u00edbridos utilizam uma combina\u00e7\u00e3o de motor el\u00e9trico e motor a combust\u00e3o.<\/li>\n<li><strong>Os ve\u00edculos el\u00e9tricos s\u00e3o realmente mais econ\u00f4micos?<\/strong> Sim, os custos com eletricidade tendem a ser inferiores aos gastos com combust\u00edveis, al\u00e9m da manuten\u00e7\u00e3o ser, geralmente, mais simples.<\/li>\n<li><strong>Qual \u00e9 a autonomia m\u00e9dia de um patinete el\u00e9trico?<\/strong> A autonomia varia conforme o modelo, mas, em m\u00e9dia, patinetes el\u00e9tricos podem percorrer de 20 a 40 km com uma \u00fanica carga.<\/li>\n<li><strong>\u00c9 necess\u00e1rio um registro para conduzir um patinete el\u00e9trico?<\/strong> Dependendo da legisla\u00e7\u00e3o local, pode ser necess\u00e1rio registro e habilita\u00e7\u00e3o para conduzir patinetes el\u00e9tricos.<\/li>\n<\/ul>\n<h2>Impacto dos ve\u00edculos el\u00e9tricos na mobilidade urbana<\/h2>\n<p>Os ve\u00edculos el\u00e9tricos est\u00e3o transformando a mobilidade nas cidades. Ao reduzir a polui\u00e7\u00e3o e o consumo de energia, eles contribuem para criar um ambiente urbano mais sustent\u00e1vel. Al\u00e9m disso, o aumento do uso de patinetes e bicicletas el\u00e9tricas oferece uma alternativa vi\u00e1vel ao transporte p\u00fablico e ao deslocamento individual em ve\u00edculos tradicionais, aliviando o tr\u00e1fego e promovendo a efici\u00eancia no transporte urbano.<\/p>\n<h2>Dicas para pais sobre seguran\u00e7a no tr\u00e2nsito<\/h2>\n<p>Os pais desempenham um papel crucial na forma\u00e7\u00e3o dos h\u00e1bitos de seguran\u00e7a de seus filhos. Aqui est\u00e3o algumas dicas:<\/p>\n<ul>\n<li><strong>Educa\u00e7\u00e3o sobre seguran\u00e7a:<\/strong> Inclua conversas sobre seguran\u00e7a no tr\u00e2nsito em suas intera\u00e7\u00f5es di\u00e1rias.<\/li>\n<li><strong>Exemplo:<\/strong> Seja um modelo de comportamento seguro ao conduzir, respeitando as leis e usando equipamentos de seguran\u00e7a.<\/li>\n<li><strong>Monitoramento:<\/strong> Acompanhe os deslocamentos dos filhos, garantindo que utilizem patinetes ou bicicletas em \u00e1reas seguras.<\/li>\n<\/ul>\n<h2>Iniciativas futuras da Guarda Municipal<\/h2>\n<p>Com o sucesso das a\u00e7\u00f5es anteriores, a Guarda Municipal de Toledo planeja expandir as iniciativas para outras escolas e comunidades, ampliando o alcance da educa\u00e7\u00e3o sobre a seguran\u00e7a no tr\u00e2nsito. O objetivo \u00e9 continuar a promover o uso respons\u00e1vel de ve\u00edculos el\u00e9tricos, assegurando que jovens motoristas estejam cientes das normas e pr\u00e1ticas seguras necess\u00e1rias ao conduzir esses meios de transporte.<\/p>\n<h2>Feedback dos estudantes sobre a a\u00e7\u00e3o<\/h2>\n<p>O retorno dos estudantes a respeito das a\u00e7\u00f5es de conscientiza\u00e7\u00e3o tem sido positivo. Muitos relataram que as orienta\u00e7\u00f5es recebidas os ajudaram a entender melhor a import\u00e2ncia da seguran\u00e7a e das normas de tr\u00e2nsito. Essa troca de experi\u00eancias \u00e9 fundamental para criar um ambiente mais seguro, e a Guarda Municipal se compromete a ouvir continuamente as vozes dos jovens condutores, ajustando suas abordagens para atender \u00e0s necessidades e preocupa\u00e7\u00f5es da comunidade.<\/p>\n","protected":false},"excerpt":{"rendered":"<p>A Guarda Municipal realiza a\u00e7\u00e3o educativa sobre ve\u00edculos el\u00e9tricos para estudantes.<\/p>\n","protected":false},"author":1,"featured_media":5451,"comment_status":"open","ping_status":"open","sticky":false,"template":"","format":"standard","meta":{"footnotes":""},"categories":[904],"tags":[],"class_list":["post-5452","post","type-post","status-publish","format-standard","has-post-thumbnail","hentry","category-transito","has_thumb"],"yoast_head":"<!-- This site is optimized with the Yoast SEO plugin v28.1 - https:\/\/yoast.com\/product\/yoast-seo-wordpress\/ -->\n<title>Guarda Municipal realiza a\u00e7\u00e3o orientativa a estudantes condutores de ve\u00edculos el\u00e9tricos | Guia Comercial de Toledo PR<\/title>\n<meta name=\"robots\" content=\"index, follow, max-snippet:-1, max-image-preview:large, max-video-preview:-1\" \/>\n<link rel=\"canonical\" href=\"https:\/\/www.encontraparana.com.br\/toledo\/guarda-municipal-realiza-acao-orientativa-a-estudantes-condutores-de-veiculos-eletricos\/\" \/>\n<meta property=\"og:locale\" content=\"pt_BR\" \/>\n<meta property=\"og:type\" content=\"article\" \/>\n<meta property=\"og:title\" content=\"Guarda Municipal realiza a\u00e7\u00e3o orientativa a estudantes condutores de ve\u00edculos el\u00e9tricos | Guia Comercial de Toledo PR\" \/>\n<meta property=\"og:description\" content=\"A Guarda Municipal realiza a\u00e7\u00e3o educativa sobre ve\u00edculos el\u00e9tricos para estudantes.\" \/>\n<meta property=\"og:url\" content=\"https:\/\/www.encontraparana.com.br\/toledo\/guarda-municipal-realiza-acao-orientativa-a-estudantes-condutores-de-veiculos-eletricos\/\" \/>\n<meta property=\"og:site_name\" content=\"Guia Comercial de Toledo PR\" \/>\n<meta property=\"article:published_time\" content=\"2026-08-01T14:14:17+00:00\" \/>\n<meta property=\"og:image\" content=\"https:\/\/www.encontraparana.com.br\/toledo\/wp-content\/uploads\/2026\/08\/guarda-municipal-realiza-acao-orientativa-a-estudantes-condutores-de-veiculos-eletricos.webp\" \/>\n\t<meta property=\"og:image:width\" content=\"280\" \/>\n\t<meta property=\"og:image:height\" content=\"280\" \/>\n\t<meta property=\"og:image:type\" content=\"image\/webp\" \/>\n<meta name=\"author\" content=\"Encontra Toledo\" \/>\n<meta name=\"twitter:card\" content=\"summary_large_image\" \/>\n<meta name=\"twitter:label1\" content=\"Escrito por\" \/>\n\t<meta name=\"twitter:data1\" content=\"Encontra Toledo\" \/>\n\t<meta name=\"twitter:label2\" content=\"Est. tempo de leitura\" \/>\n\t<meta name=\"twitter:data2\" content=\"5 minutos\" \/>\n<script type=\"application\/ld+json\" class=\"yoast-schema-graph\">{\"@context\":\"https:\\\/\\\/schema.org\",\"@graph\":[{\"@type\":\"Article\",\"@id\":\"https:\\\/\\\/www.encontraparana.com.br\\\/toledo\\\/guarda-municipal-realiza-acao-orientativa-a-estudantes-condutores-de-veiculos-eletricos\\\/#article\",\"isPartOf\":{\"@id\":\"https:\\\/\\\/www.encontraparana.com.br\\\/toledo\\\/guarda-municipal-realiza-acao-orientativa-a-estudantes-condutores-de-veiculos-eletricos\\\/\"},\"author\":{\"name\":\"Encontra Toledo\",\"@id\":\"https:\\\/\\\/www.encontraparana.com.br\\\/toledo\\\/#\\\/schema\\\/person\\\/3b3bd5c0e2969177418b8c8e4729fd0a\"},\"headline\":\"Guarda Municipal realiza a\u00e7\u00e3o orientativa a estudantes condutores de ve\u00edculos el\u00e9tricos\",\"datePublished\":\"2026-08-01T14:14:17+00:00\",\"mainEntityOfPage\":{\"@id\":\"https:\\\/\\\/www.encontraparana.com.br\\\/toledo\\\/guarda-municipal-realiza-acao-orientativa-a-estudantes-condutores-de-veiculos-eletricos\\\/\"},\"wordCount\":991,\"commentCount\":0,\"image\":{\"@id\":\"https:\\\/\\\/www.encontraparana.com.br\\\/toledo\\\/guarda-municipal-realiza-acao-orientativa-a-estudantes-condutores-de-veiculos-eletricos\\\/#primaryimage\"},\"thumbnailUrl\":\"https:\\\/\\\/www.encontraparana.com.br\\\/toledo\\\/wp-content\\\/uploads\\\/2026\\\/08\\\/guarda-municipal-realiza-acao-orientativa-a-estudantes-condutores-de-veiculos-eletricos.webp\",\"articleSection\":[\"Tr\u00e2nsito Toledo\"],\"inLanguage\":\"pt-BR\",\"potentialAction\":[{\"@type\":\"CommentAction\",\"name\":\"Comment\",\"target\":[\"https:\\\/\\\/www.encontraparana.com.br\\\/toledo\\\/guarda-municipal-realiza-acao-orientativa-a-estudantes-condutores-de-veiculos-eletricos\\\/#respond\"]}]},{\"@type\":\"WebPage\",\"@id\":\"https:\\\/\\\/www.encontraparana.com.br\\\/toledo\\\/guarda-municipal-realiza-acao-orientativa-a-estudantes-condutores-de-veiculos-eletricos\\\/\",\"url\":\"https:\\\/\\\/www.encontraparana.com.br\\\/toledo\\\/guarda-municipal-realiza-acao-orientativa-a-estudantes-condutores-de-veiculos-eletricos\\\/\",\"name\":\"Guarda Municipal realiza a\u00e7\u00e3o orientativa a estudantes condutores de ve\u00edculos el\u00e9tricos | Guia Comercial de Toledo PR\",\"isPartOf\":{\"@id\":\"https:\\\/\\\/www.encontraparana.com.br\\\/toledo\\\/#website\"},\"primaryImageOfPage\":{\"@id\":\"https:\\\/\\\/www.encontraparana.com.br\\\/toledo\\\/guarda-municipal-realiza-acao-orientativa-a-estudantes-condutores-de-veiculos-eletricos\\\/#primaryimage\"},\"image\":{\"@id\":\"https:\\\/\\\/www.encontraparana.com.br\\\/toledo\\\/guarda-municipal-realiza-acao-orientativa-a-estudantes-condutores-de-veiculos-eletricos\\\/#primaryimage\"},\"thumbnailUrl\":\"https:\\\/\\\/www.encontraparana.com.br\\\/toledo\\\/wp-content\\\/uploads\\\/2026\\\/08\\\/guarda-municipal-realiza-acao-orientativa-a-estudantes-condutores-de-veiculos-eletricos.webp\",\"datePublished\":\"2026-08-01T14:14:17+00:00\",\"author\":{\"@id\":\"https:\\\/\\\/www.encontraparana.com.br\\\/toledo\\\/#\\\/schema\\\/person\\\/3b3bd5c0e2969177418b8c8e4729fd0a\"},\"inLanguage\":\"pt-BR\",\"potentialAction\":[{\"@type\":\"ReadAction\",\"target\":[\"https:\\\/\\\/www.encontraparana.com.br\\\/toledo\\\/guarda-municipal-realiza-acao-orientativa-a-estudantes-condutores-de-veiculos-eletricos\\\/\"]}]},{\"@type\":\"ImageObject\",\"inLanguage\":\"pt-BR\",\"@id\":\"https:\\\/\\\/www.encontraparana.com.br\\\/toledo\\\/guarda-municipal-realiza-acao-orientativa-a-estudantes-condutores-de-veiculos-eletricos\\\/#primaryimage\",\"url\":\"https:\\\/\\\/www.encontraparana.com.br\\\/toledo\\\/wp-content\\\/uploads\\\/2026\\\/08\\\/guarda-municipal-realiza-acao-orientativa-a-estudantes-condutores-de-veiculos-eletricos.webp\",\"contentUrl\":\"https:\\\/\\\/www.encontraparana.com.br\\\/toledo\\\/wp-content\\\/uploads\\\/2026\\\/08\\\/guarda-municipal-realiza-acao-orientativa-a-estudantes-condutores-de-veiculos-eletricos.webp\",\"width\":280,\"height\":280,\"caption\":\"ve\u00edculos el\u00e9tricos\"},{\"@type\":\"WebSite\",\"@id\":\"https:\\\/\\\/www.encontraparana.com.br\\\/toledo\\\/#website\",\"url\":\"https:\\\/\\\/www.encontraparana.com.br\\\/toledo\\\/\",\"name\":\"Guia Comercial de Toledo PR\",\"description\":\"ENCONTRA TOLEDO - O guia comercial de neg\u00f3cios e empresas, cultura e divers\u00e3o na cidade de Toledo. Feito 100% para voc\u00ea morador!\",\"potentialAction\":[{\"@type\":\"SearchAction\",\"target\":{\"@type\":\"EntryPoint\",\"urlTemplate\":\"https:\\\/\\\/www.encontraparana.com.br\\\/toledo\\\/?s={search_term_string}\"},\"query-input\":{\"@type\":\"PropertyValueSpecification\",\"valueRequired\":true,\"valueName\":\"search_term_string\"}}],\"inLanguage\":\"pt-BR\"},{\"@type\":\"Person\",\"@id\":\"https:\\\/\\\/www.encontraparana.com.br\\\/toledo\\\/#\\\/schema\\\/person\\\/3b3bd5c0e2969177418b8c8e4729fd0a\",\"name\":\"Encontra Toledo\",\"image\":{\"@type\":\"ImageObject\",\"inLanguage\":\"pt-BR\",\"@id\":\"https:\\\/\\\/secure.gravatar.com\\\/avatar\\\/c50c17820bcf322f0a8fd6b110b8c0918141409dc69076470f6fca5fee70a5d4?s=96&d=mm&r=g\",\"url\":\"https:\\\/\\\/secure.gravatar.com\\\/avatar\\\/c50c17820bcf322f0a8fd6b110b8c0918141409dc69076470f6fca5fee70a5d4?s=96&d=mm&r=g\",\"contentUrl\":\"https:\\\/\\\/secure.gravatar.com\\\/avatar\\\/c50c17820bcf322f0a8fd6b110b8c0918141409dc69076470f6fca5fee70a5d4?s=96&d=mm&r=g\",\"caption\":\"Encontra Toledo\"},\"url\":\"https:\\\/\\\/www.encontraparana.com.br\\\/toledo\\\/author\\\/encontratoledo\\\/\"}]}<\/script>\n<!-- \/ Yoast SEO plugin. -->","yoast_head_json":{"title":"Guarda Municipal realiza a\u00e7\u00e3o orientativa a estudantes condutores de ve\u00edculos el\u00e9tricos | Guia Comercial de Toledo PR","robots":{"index":"index","follow":"follow","max-snippet":"max-snippet:-1","max-image-preview":"max-image-preview:large","max-video-preview":"max-video-preview:-1"},"canonical":"https:\/\/www.encontraparana.com.br\/toledo\/guarda-municipal-realiza-acao-orientativa-a-estudantes-condutores-de-veiculos-eletricos\/","og_locale":"pt_BR","og_type":"article","og_title":"Guarda Municipal realiza a\u00e7\u00e3o orientativa a estudantes condutores de ve\u00edculos el\u00e9tricos | Guia Comercial de Toledo PR","og_description":"A Guarda Municipal realiza a\u00e7\u00e3o educativa sobre ve\u00edculos el\u00e9tricos para estudantes.","og_url":"https:\/\/www.encontraparana.com.br\/toledo\/guarda-municipal-realiza-acao-orientativa-a-estudantes-condutores-de-veiculos-eletricos\/","og_site_name":"Guia Comercial de Toledo PR","article_published_time":"2026-08-01T14:14:17+00:00","og_image":[{"width":280,"height":280,"url":"https:\/\/www.encontraparana.com.br\/toledo\/wp-content\/uploads\/2026\/08\/guarda-municipal-realiza-acao-orientativa-a-estudantes-condutores-de-veiculos-eletricos.webp","type":"image\/webp"}],"author":"Encontra Toledo","twitter_card":"summary_large_image","twitter_misc":{"Escrito por":"Encontra Toledo","Est. tempo de leitura":"5 minutos"},"schema":{"@context":"https:\/\/schema.org","@graph":[{"@type":"Article","@id":"https:\/\/www.encontraparana.com.br\/toledo\/guarda-municipal-realiza-acao-orientativa-a-estudantes-condutores-de-veiculos-eletricos\/#article","isPartOf":{"@id":"https:\/\/www.encontraparana.com.br\/toledo\/guarda-municipal-realiza-acao-orientativa-a-estudantes-condutores-de-veiculos-eletricos\/"},"author":{"name":"Encontra Toledo","@id":"https:\/\/www.encontraparana.com.br\/toledo\/#\/schema\/person\/3b3bd5c0e2969177418b8c8e4729fd0a"},"headline":"Guarda Municipal realiza a\u00e7\u00e3o orientativa a estudantes condutores de ve\u00edculos el\u00e9tricos","datePublished":"2026-08-01T14:14:17+00:00","mainEntityOfPage":{"@id":"https:\/\/www.encontraparana.com.br\/toledo\/guarda-municipal-realiza-acao-orientativa-a-estudantes-condutores-de-veiculos-eletricos\/"},"wordCount":991,"commentCount":0,"image":{"@id":"https:\/\/www.encontraparana.com.br\/toledo\/guarda-municipal-realiza-acao-orientativa-a-estudantes-condutores-de-veiculos-eletricos\/#primaryimage"},"thumbnailUrl":"https:\/\/www.encontraparana.com.br\/toledo\/wp-content\/uploads\/2026\/08\/guarda-municipal-realiza-acao-orientativa-a-estudantes-condutores-de-veiculos-eletricos.webp","articleSection":["Tr\u00e2nsito Toledo"],"inLanguage":"pt-BR","potentialAction":[{"@type":"CommentAction","name":"Comment","target":["https:\/\/www.encontraparana.com.br\/toledo\/guarda-municipal-realiza-acao-orientativa-a-estudantes-condutores-de-veiculos-eletricos\/#respond"]}]},{"@type":"WebPage","@id":"https:\/\/www.encontraparana.com.br\/toledo\/guarda-municipal-realiza-acao-orientativa-a-estudantes-condutores-de-veiculos-eletricos\/","url":"https:\/\/www.encontraparana.com.br\/toledo\/guarda-municipal-realiza-acao-orientativa-a-estudantes-condutores-de-veiculos-eletricos\/","name":"Guarda Municipal realiza a\u00e7\u00e3o orientativa a estudantes condutores de ve\u00edculos el\u00e9tricos | Guia Comercial de Toledo PR","isPartOf":{"@id":"https:\/\/www.encontraparana.com.br\/toledo\/#website"},"primaryImageOfPage":{"@id":"https:\/\/www.encontraparana.com.br\/toledo\/guarda-municipal-realiza-acao-orientativa-a-estudantes-condutores-de-veiculos-eletricos\/#primaryimage"},"image":{"@id":"https:\/\/www.encontraparana.com.br\/toledo\/guarda-municipal-realiza-acao-orientativa-a-estudantes-condutores-de-veiculos-eletricos\/#primaryimage"},"thumbnailUrl":"https:\/\/www.encontraparana.com.br\/toledo\/wp-content\/uploads\/2026\/08\/guarda-municipal-realiza-acao-orientativa-a-estudantes-condutores-de-veiculos-eletricos.webp","datePublished":"2026-08-01T14:14:17+00:00","author":{"@id":"https:\/\/www.encontraparana.com.br\/toledo\/#\/schema\/person\/3b3bd5c0e2969177418b8c8e4729fd0a"},"inLanguage":"pt-BR","potentialAction":[{"@type":"ReadAction","target":["https:\/\/www.encontraparana.com.br\/toledo\/guarda-municipal-realiza-acao-orientativa-a-estudantes-condutores-de-veiculos-eletricos\/"]}]},{"@type":"ImageObject","inLanguage":"pt-BR","@id":"https:\/\/www.encontraparana.com.br\/toledo\/guarda-municipal-realiza-acao-orientativa-a-estudantes-condutores-de-veiculos-eletricos\/#primaryimage","url":"https:\/\/www.encontraparana.com.br\/toledo\/wp-content\/uploads\/2026\/08\/guarda-municipal-realiza-acao-orientativa-a-estudantes-condutores-de-veiculos-eletricos.webp","contentUrl":"https:\/\/www.encontraparana.com.br\/toledo\/wp-content\/uploads\/2026\/08\/guarda-municipal-realiza-acao-orientativa-a-estudantes-condutores-de-veiculos-eletricos.webp","width":280,"height":280,"caption":"ve\u00edculos el\u00e9tricos"},{"@type":"WebSite","@id":"https:\/\/www.encontraparana.com.br\/toledo\/#website","url":"https:\/\/www.encontraparana.com.br\/toledo\/","name":"Guia Comercial de Toledo PR","description":"ENCONTRA TOLEDO - O guia comercial de neg\u00f3cios e empresas, cultura e divers\u00e3o na cidade de Toledo. Feito 100% para voc\u00ea morador!","potentialAction":[{"@type":"SearchAction","target":{"@type":"EntryPoint","urlTemplate":"https:\/\/www.encontraparana.com.br\/toledo\/?s={search_term_string}"},"query-input":{"@type":"PropertyValueSpecification","valueRequired":true,"valueName":"search_term_string"}}],"inLanguage":"pt-BR"},{"@type":"Person","@id":"https:\/\/www.encontraparana.com.br\/toledo\/#\/schema\/person\/3b3bd5c0e2969177418b8c8e4729fd0a","name":"Encontra Toledo","image":{"@type":"ImageObject","inLanguage":"pt-BR","@id":"https:\/\/secure.gravatar.com\/avatar\/c50c17820bcf322f0a8fd6b110b8c0918141409dc69076470f6fca5fee70a5d4?s=96&d=mm&r=g","url":"https:\/\/secure.gravatar.com\/avatar\/c50c17820bcf322f0a8fd6b110b8c0918141409dc69076470f6fca5fee70a5d4?s=96&d=mm&r=g","contentUrl":"https:\/\/secure.gravatar.com\/avatar\/c50c17820bcf322f0a8fd6b110b8c0918141409dc69076470f6fca5fee70a5d4?s=96&d=mm&r=g","caption":"Encontra Toledo"},"url":"https:\/\/www.encontraparana.com.br\/toledo\/author\/encontratoledo\/"}]}},"_links":{"self":[{"href":"https:\/\/www.encontraparana.com.br\/toledo\/wp-json\/wp\/v2\/posts\/5452","targetHints":{"allow":["GET"]}}],"collection":[{"href":"https:\/\/www.encontraparana.com.br\/toledo\/wp-json\/wp\/v2\/posts"}],"about":[{"href":"https:\/\/www.encontraparana.com.br\/toledo\/wp-json\/wp\/v2\/types\/post"}],"author":[{"embeddable":true,"href":"https:\/\/www.encontraparana.com.br\/toledo\/wp-json\/wp\/v2\/users\/1"}],"replies":[{"embeddable":true,"href":"https:\/\/www.encontraparana.com.br\/toledo\/wp-json\/wp\/v2\/comments?post=5452"}],"version-history":[{"count":0,"href":"https:\/\/www.encontraparana.com.br\/toledo\/wp-json\/wp\/v2\/posts\/5452\/revisions"}],"wp:featuredmedia":[{"embeddable":true,"href":"https:\/\/www.encontraparana.com.br\/toledo\/wp-json\/wp\/v2\/media\/5451"}],"wp:attachment":[{"href":"https:\/\/www.encontraparana.com.br\/toledo\/wp-json\/wp\/v2\/media?parent=5452"}],"wp:term":[{"taxonomy":"category","embeddable":true,"href":"https:\/\/www.encontraparana.com.br\/toledo\/wp-json\/wp\/v2\/categories?post=5452"},{"taxonomy":"post_tag","embeddable":true,"href":"https:\/\/www.encontraparana.com.br\/toledo\/wp-json\/wp\/v2\/tags?post=5452"}],"curies":[{"name":"wp","href":"https:\/\/api.w.org\/{rel}","templated":true}]}}