{"id":5456,"date":"2026-08-02T14:30:10","date_gmt":"2026-08-02T17:30:10","guid":{"rendered":"https:\/\/www.encontraparana.com.br\/toledo\/arte-textil-contemporanea-ganha-destaque-em-exposicao-no-museu-willy-barth\/"},"modified":"2026-08-02T14:30:10","modified_gmt":"2026-08-02T17:30:10","slug":"arte-textil-contemporanea-ganha-destaque-em-exposicao-no-museu-willy-barth","status":"publish","type":"post","link":"https:\/\/www.encontraparana.com.br\/toledo\/arte-textil-contemporanea-ganha-destaque-em-exposicao-no-museu-willy-barth\/","title":{"rendered":"Arte t\u00eaxtil contempor\u00e2nea ganha destaque em exposi\u00e7\u00e3o no Museu Willy Barth"},"content":{"rendered":"<h2>Abertura da Exposi\u00e7\u00e3o &#8216;Entre Fios e Olhares&#8217;<\/h2>\n<p>A arte t\u00eaxtil contempor\u00e2nea ser\u00e1 o grande foco em Toledo a partir do dia 5 de agosto, com a inaugura\u00e7\u00e3o da exposi\u00e7\u00e3o chamada &#8216;Entre Fios e Olhares&#8217;, da artista J\u00f4 Griesbach. Esta mostras ficar\u00e1 aberta ao p\u00fablico at\u00e9 25 de setembro, no Museu Hist\u00f3rico Willy Barth. A exibi\u00e7\u00e3o reunir\u00e1 uma variedade de obras que refletem as diversificadas pesquisas art\u00edsticas de Griesbach, explorando temas como a fauna, o ambiente natural e a figura humana, al\u00e9m de aspectos bot\u00e2nicos.<\/p>\n<h2>Obras que Inspiram Reflex\u00e3o e Sensibilidade<\/h2>\n<p>De acordo com J\u00f4 Griesbach, a proposta da exposi\u00e7\u00e3o vai al\u00e9m da simples aprecia\u00e7\u00e3o visual; ela proporciona uma experi\u00eancia contemplativa. Os fios usados nas obras n\u00e3o s\u00e3o vistos apenas como materiais, mas como uma verdadeira linguagem expressiva. &#8220;Cada visitante \u00e9 convidado a observar as nuances, texturas e relevos das pe\u00e7as, criando suas pr\u00f3prias hist\u00f3rias a partir do que v\u00ea&#8221;, enfatiza a artista. Essa intera\u00e7\u00e3o entre o observador e a obra \u00e9 fundamental para o sucesso da exposi\u00e7\u00e3o.<\/p>\n<h2>A Import\u00e2ncia da Arte T\u00eaxtil na Contemporaneidade<\/h2>\n<p>Nos dias de hoje, a arte t\u00eaxtil tem conquistado espa\u00e7o significativo no cen\u00e1rio art\u00edstico contempor\u00e2neo. As obras t\u00eaxteis desafiam o espectador a considerar a rela\u00e7\u00e3o entre arte e cotidiano, trazendo \u00e0 tona temas como a mem\u00f3ria, a cultura e a identidade. Essa forma de arte permite que os artistas experimentem e brinquem com materiais, transformando o que \u00e9 comum em algo extraordin\u00e1rio.<\/p>\n<p><img decoding=\"async\" src=\"https:\/\/www.encontraparana.com.br\/toledo\/wp-content\/uploads\/2026\/08\/arte-textil-contemporanea-ganha-destaque-em-exposicao-no-museu-willy-barth.webp\" alt=\"arte t\u00eaxtil contempor\u00e2nea\" loading=\"lazy\" \/><\/p>\n<h2>Visita\u00e7\u00e3o Gratuita: Uma Oportunidade Imperd\u00edvel<\/h2>\n<p>Os interessados em visitar a exposi\u00e7\u00e3o podem faz\u00ea-lo sem custo algum no Museu Hist\u00f3rico Willy Barth, situado na Rua Guarani, 3.843, na Vila Becker. O local est\u00e1 dispon\u00edvel de ter\u00e7a a sexta-feira, sempre das 8h \u00e0s 11h45 e das 13h30 \u00e0s 17h30. Al\u00e9m disso, o museu abre tamb\u00e9m nos primeiros e segundos s\u00e1bados de cada m\u00eas das 13h30 \u00e0s 17h30. &#8220;Convido todos a explorarem este universo onde cada fio narra uma hist\u00f3ria, e cada olhar complementa a obra&#8221;, diz J\u00f4 Griesbach.<\/p>\n<h2>J\u00f4 Griesbach: Uma Artista em Destaque<\/h2>\n<p>J\u00f4 Griesbach, uma das artistas selecionadas por meio do chamamento p\u00fablico n\u00ba 02\/2026, destaca-se por seu compromisso com a pesquisa art\u00edstica e a inova\u00e7\u00e3o nas suas cria\u00e7\u00f5es t\u00eaxteis. O muse\u00f3logo Luan da Rosa Pacheco ressalta a import\u00e2ncia da artista, que foi uma das quatro escolhidas para expor neste espa\u00e7o. Ele tamb\u00e9m informou que a quinta edi\u00e7\u00e3o do chamado p\u00fablico para novos artistas ser\u00e1 anunciada ainda este ano, atrav\u00e9s das redes sociais do museu.<\/p>\n<h2>Integra\u00e7\u00e3o de Natureza e Arte: Uma Simbiose<\/h2>\n<p>A sinergia entre a arte e a natureza \u00e9 um dos pilares da obra de J\u00f4. Ela acredita que a inspira\u00e7\u00e3o que a natureza oferece possibilita conex\u00f5es mais profundas com os espectadores. Os elementos bot\u00e2nicos presentes nas obras da artista n\u00e3o apenas embelezam, mas tamb\u00e9m transmitem uma mensagem poderosa sobre a preserva\u00e7\u00e3o do ambiente e o valor da vida selvagem.<\/p>\n<h2>Experi\u00eancia Contemplativa para os Visitantes<\/h2>\n<p>A proposta de Griesbach n\u00e3o se limita \u00e0 observa\u00e7\u00e3o est\u00e1tica das obras. Ela busca proporcionar um espa\u00e7o de reflex\u00e3o onde os visitantes possam n\u00e3o apenas ver, mas sentir e interpretar. &#8220;Cada obra \u00e9 um convite \u00e0 contempla\u00e7\u00e3o e \u00e0 introspec\u00e7\u00e3o&#8221;, enfatiza a artista, criando assim um elo entre a arte e as emo\u00e7\u00f5es humanas.<\/p>\n<h2>O Papel do Museu na Valoriza\u00e7\u00e3o da Arte<\/h2>\n<p>O Museu Hist\u00f3rico Willy Barth tem se destacado na promo\u00e7\u00e3o da arte e da cultura na regi\u00e3o de Toledo. Por meio de exposi\u00e7\u00f5es como a de J\u00f4 Griesbach, o museu n\u00e3o apenas enriquece o cen\u00e1rio art\u00edstico local, mas tamb\u00e9m estimula o di\u00e1logo cultural proporcionando visibilidade a artistas emergentes. O espa\u00e7o se torna, assim, um ponto de encontro entre a comunidade e a arte.<\/p>\n<h2>Datas e Hor\u00e1rios de Visita\u00e7\u00e3o<\/h2>\n<p>Para quem deseja conferir a exposi\u00e7\u00e3o &#8216;Entre Fios e Olhares&#8217;, o Museu Hist\u00f3rico Willy Barth est\u00e1 aberto ao p\u00fablico em diversos hor\u00e1rios: <\/p>\n<ul>\n<li>De ter\u00e7a a sexta-feira: 8h \u00e0s 11h45 e 13h30 \u00e0s 17h30<\/li>\n<li>Primeiro e segundo s\u00e1bado de cada m\u00eas: 13h30 \u00e0s 17h30<\/li>\n<\/ul>\n<p>Esses hor\u00e1rios s\u00e3o uma oportunidade ideal para aqueles que desejam integrar momentos de cultura em sua rotina.<\/p>\n<h2>O Futuro das Exposi\u00e7\u00f5es de Arte T\u00eaxtil<\/h2>\n<p>\u00c0 medida que a arte t\u00eaxtil continua a evoluir e a ganhar relev\u00e2ncia no mundo contempor\u00e2neo, \u00e9 essencial que mais espa\u00e7os, como o Museu Hist\u00f3rico Willy Barth, continuem a apoiar e promover artistas nesse campo. A inclus\u00e3o de novas t\u00e9cnicas e conceitos na arte t\u00eaxtil promete trazer ainda mais inova\u00e7\u00e3o e inspira\u00e7\u00e3o, desafiando n\u00e3o apenas os padr\u00f5es tradicionais, mas tamb\u00e9m as percep\u00e7\u00f5es do que a arte pode ser.<\/p>\n","protected":false},"excerpt":{"rendered":"<p>Arte t\u00eaxtil contempor\u00e2nea foi destaque em nova exposi\u00e7\u00e3o no Museu Willy Barth.<\/p>\n","protected":false},"author":1,"featured_media":5455,"comment_status":"open","ping_status":"open","sticky":false,"template":"","format":"standard","meta":{"footnotes":""},"categories":[898],"tags":[],"class_list":["post-5456","post","type-post","status-publish","format-standard","has-post-thumbnail","hentry","category-exposicao","has_thumb"],"yoast_head":"<!-- This site is optimized with the Yoast SEO plugin v28.1 - https:\/\/yoast.com\/product\/yoast-seo-wordpress\/ -->\n<title>Arte t\u00eaxtil contempor\u00e2nea ganha destaque em exposi\u00e7\u00e3o no Museu Willy Barth | Guia Comercial de Toledo PR<\/title>\n<meta name=\"robots\" content=\"index, follow, max-snippet:-1, max-image-preview:large, max-video-preview:-1\" \/>\n<link rel=\"canonical\" href=\"https:\/\/www.encontraparana.com.br\/toledo\/arte-textil-contemporanea-ganha-destaque-em-exposicao-no-museu-willy-barth\/\" \/>\n<meta property=\"og:locale\" content=\"pt_BR\" \/>\n<meta property=\"og:type\" content=\"article\" \/>\n<meta property=\"og:title\" content=\"Arte t\u00eaxtil contempor\u00e2nea ganha destaque em exposi\u00e7\u00e3o no Museu Willy Barth | Guia Comercial de Toledo PR\" \/>\n<meta property=\"og:description\" content=\"Arte t\u00eaxtil contempor\u00e2nea foi destaque em nova exposi\u00e7\u00e3o no Museu Willy Barth.\" \/>\n<meta property=\"og:url\" content=\"https:\/\/www.encontraparana.com.br\/toledo\/arte-textil-contemporanea-ganha-destaque-em-exposicao-no-museu-willy-barth\/\" \/>\n<meta property=\"og:site_name\" content=\"Guia Comercial de Toledo PR\" \/>\n<meta property=\"article:published_time\" content=\"2026-08-02T17:30:10+00:00\" \/>\n<meta property=\"og:image\" content=\"https:\/\/www.encontraparana.com.br\/toledo\/wp-content\/uploads\/2026\/08\/arte-textil-contemporanea-ganha-destaque-em-exposicao-no-museu-willy-barth.webp\" \/>\n\t<meta property=\"og:image:width\" content=\"280\" \/>\n\t<meta property=\"og:image:height\" content=\"280\" \/>\n\t<meta property=\"og:image:type\" content=\"image\/webp\" \/>\n<meta name=\"author\" content=\"Encontra Toledo\" \/>\n<meta name=\"twitter:card\" content=\"summary_large_image\" \/>\n<meta name=\"twitter:label1\" content=\"Escrito por\" \/>\n\t<meta name=\"twitter:data1\" content=\"Encontra Toledo\" \/>\n\t<meta name=\"twitter:label2\" content=\"Est. tempo de leitura\" \/>\n\t<meta name=\"twitter:data2\" content=\"4 minutos\" \/>\n<script type=\"application\/ld+json\" class=\"yoast-schema-graph\">{\"@context\":\"https:\\\/\\\/schema.org\",\"@graph\":[{\"@type\":\"Article\",\"@id\":\"https:\\\/\\\/www.encontraparana.com.br\\\/toledo\\\/arte-textil-contemporanea-ganha-destaque-em-exposicao-no-museu-willy-barth\\\/#article\",\"isPartOf\":{\"@id\":\"https:\\\/\\\/www.encontraparana.com.br\\\/toledo\\\/arte-textil-contemporanea-ganha-destaque-em-exposicao-no-museu-willy-barth\\\/\"},\"author\":{\"name\":\"Encontra Toledo\",\"@id\":\"https:\\\/\\\/www.encontraparana.com.br\\\/toledo\\\/#\\\/schema\\\/person\\\/3b3bd5c0e2969177418b8c8e4729fd0a\"},\"headline\":\"Arte t\u00eaxtil contempor\u00e2nea ganha destaque em exposi\u00e7\u00e3o no Museu Willy Barth\",\"datePublished\":\"2026-08-02T17:30:10+00:00\",\"mainEntityOfPage\":{\"@id\":\"https:\\\/\\\/www.encontraparana.com.br\\\/toledo\\\/arte-textil-contemporanea-ganha-destaque-em-exposicao-no-museu-willy-barth\\\/\"},\"wordCount\":850,\"commentCount\":0,\"image\":{\"@id\":\"https:\\\/\\\/www.encontraparana.com.br\\\/toledo\\\/arte-textil-contemporanea-ganha-destaque-em-exposicao-no-museu-willy-barth\\\/#primaryimage\"},\"thumbnailUrl\":\"https:\\\/\\\/www.encontraparana.com.br\\\/toledo\\\/wp-content\\\/uploads\\\/2026\\\/08\\\/arte-textil-contemporanea-ganha-destaque-em-exposicao-no-museu-willy-barth.webp\",\"articleSection\":[\"Exposi\u00e7\u00e3o Toledo\"],\"inLanguage\":\"pt-BR\",\"potentialAction\":[{\"@type\":\"CommentAction\",\"name\":\"Comment\",\"target\":[\"https:\\\/\\\/www.encontraparana.com.br\\\/toledo\\\/arte-textil-contemporanea-ganha-destaque-em-exposicao-no-museu-willy-barth\\\/#respond\"]}]},{\"@type\":\"WebPage\",\"@id\":\"https:\\\/\\\/www.encontraparana.com.br\\\/toledo\\\/arte-textil-contemporanea-ganha-destaque-em-exposicao-no-museu-willy-barth\\\/\",\"url\":\"https:\\\/\\\/www.encontraparana.com.br\\\/toledo\\\/arte-textil-contemporanea-ganha-destaque-em-exposicao-no-museu-willy-barth\\\/\",\"name\":\"Arte t\u00eaxtil contempor\u00e2nea ganha destaque em exposi\u00e7\u00e3o no Museu Willy Barth | Guia Comercial de Toledo PR\",\"isPartOf\":{\"@id\":\"https:\\\/\\\/www.encontraparana.com.br\\\/toledo\\\/#website\"},\"primaryImageOfPage\":{\"@id\":\"https:\\\/\\\/www.encontraparana.com.br\\\/toledo\\\/arte-textil-contemporanea-ganha-destaque-em-exposicao-no-museu-willy-barth\\\/#primaryimage\"},\"image\":{\"@id\":\"https:\\\/\\\/www.encontraparana.com.br\\\/toledo\\\/arte-textil-contemporanea-ganha-destaque-em-exposicao-no-museu-willy-barth\\\/#primaryimage\"},\"thumbnailUrl\":\"https:\\\/\\\/www.encontraparana.com.br\\\/toledo\\\/wp-content\\\/uploads\\\/2026\\\/08\\\/arte-textil-contemporanea-ganha-destaque-em-exposicao-no-museu-willy-barth.webp\",\"datePublished\":\"2026-08-02T17:30:10+00:00\",\"author\":{\"@id\":\"https:\\\/\\\/www.encontraparana.com.br\\\/toledo\\\/#\\\/schema\\\/person\\\/3b3bd5c0e2969177418b8c8e4729fd0a\"},\"inLanguage\":\"pt-BR\",\"potentialAction\":[{\"@type\":\"ReadAction\",\"target\":[\"https:\\\/\\\/www.encontraparana.com.br\\\/toledo\\\/arte-textil-contemporanea-ganha-destaque-em-exposicao-no-museu-willy-barth\\\/\"]}]},{\"@type\":\"ImageObject\",\"inLanguage\":\"pt-BR\",\"@id\":\"https:\\\/\\\/www.encontraparana.com.br\\\/toledo\\\/arte-textil-contemporanea-ganha-destaque-em-exposicao-no-museu-willy-barth\\\/#primaryimage\",\"url\":\"https:\\\/\\\/www.encontraparana.com.br\\\/toledo\\\/wp-content\\\/uploads\\\/2026\\\/08\\\/arte-textil-contemporanea-ganha-destaque-em-exposicao-no-museu-willy-barth.webp\",\"contentUrl\":\"https:\\\/\\\/www.encontraparana.com.br\\\/toledo\\\/wp-content\\\/uploads\\\/2026\\\/08\\\/arte-textil-contemporanea-ganha-destaque-em-exposicao-no-museu-willy-barth.webp\",\"width\":280,\"height\":280,\"caption\":\"arte t\u00eaxtil contempor\u00e2nea\"},{\"@type\":\"WebSite\",\"@id\":\"https:\\\/\\\/www.encontraparana.com.br\\\/toledo\\\/#website\",\"url\":\"https:\\\/\\\/www.encontraparana.com.br\\\/toledo\\\/\",\"name\":\"Guia Comercial de Toledo PR\",\"description\":\"ENCONTRA TOLEDO - O guia comercial de neg\u00f3cios e empresas, cultura e divers\u00e3o na cidade de Toledo. Feito 100% para voc\u00ea morador!\",\"potentialAction\":[{\"@type\":\"SearchAction\",\"target\":{\"@type\":\"EntryPoint\",\"urlTemplate\":\"https:\\\/\\\/www.encontraparana.com.br\\\/toledo\\\/?s={search_term_string}\"},\"query-input\":{\"@type\":\"PropertyValueSpecification\",\"valueRequired\":true,\"valueName\":\"search_term_string\"}}],\"inLanguage\":\"pt-BR\"},{\"@type\":\"Person\",\"@id\":\"https:\\\/\\\/www.encontraparana.com.br\\\/toledo\\\/#\\\/schema\\\/person\\\/3b3bd5c0e2969177418b8c8e4729fd0a\",\"name\":\"Encontra Toledo\",\"image\":{\"@type\":\"ImageObject\",\"inLanguage\":\"pt-BR\",\"@id\":\"https:\\\/\\\/secure.gravatar.com\\\/avatar\\\/c50c17820bcf322f0a8fd6b110b8c0918141409dc69076470f6fca5fee70a5d4?s=96&d=mm&r=g\",\"url\":\"https:\\\/\\\/secure.gravatar.com\\\/avatar\\\/c50c17820bcf322f0a8fd6b110b8c0918141409dc69076470f6fca5fee70a5d4?s=96&d=mm&r=g\",\"contentUrl\":\"https:\\\/\\\/secure.gravatar.com\\\/avatar\\\/c50c17820bcf322f0a8fd6b110b8c0918141409dc69076470f6fca5fee70a5d4?s=96&d=mm&r=g\",\"caption\":\"Encontra Toledo\"},\"url\":\"https:\\\/\\\/www.encontraparana.com.br\\\/toledo\\\/author\\\/encontratoledo\\\/\"}]}<\/script>\n<!-- \/ Yoast SEO plugin. -->","yoast_head_json":{"title":"Arte t\u00eaxtil contempor\u00e2nea ganha destaque em exposi\u00e7\u00e3o no Museu Willy Barth | Guia Comercial de Toledo PR","robots":{"index":"index","follow":"follow","max-snippet":"max-snippet:-1","max-image-preview":"max-image-preview:large","max-video-preview":"max-video-preview:-1"},"canonical":"https:\/\/www.encontraparana.com.br\/toledo\/arte-textil-contemporanea-ganha-destaque-em-exposicao-no-museu-willy-barth\/","og_locale":"pt_BR","og_type":"article","og_title":"Arte t\u00eaxtil contempor\u00e2nea ganha destaque em exposi\u00e7\u00e3o no Museu Willy Barth | Guia Comercial de Toledo PR","og_description":"Arte t\u00eaxtil contempor\u00e2nea foi destaque em nova exposi\u00e7\u00e3o no Museu Willy Barth.","og_url":"https:\/\/www.encontraparana.com.br\/toledo\/arte-textil-contemporanea-ganha-destaque-em-exposicao-no-museu-willy-barth\/","og_site_name":"Guia Comercial de Toledo PR","article_published_time":"2026-08-02T17:30:10+00:00","og_image":[{"width":280,"height":280,"url":"https:\/\/www.encontraparana.com.br\/toledo\/wp-content\/uploads\/2026\/08\/arte-textil-contemporanea-ganha-destaque-em-exposicao-no-museu-willy-barth.webp","type":"image\/webp"}],"author":"Encontra Toledo","twitter_card":"summary_large_image","twitter_misc":{"Escrito por":"Encontra Toledo","Est. tempo de leitura":"4 minutos"},"schema":{"@context":"https:\/\/schema.org","@graph":[{"@type":"Article","@id":"https:\/\/www.encontraparana.com.br\/toledo\/arte-textil-contemporanea-ganha-destaque-em-exposicao-no-museu-willy-barth\/#article","isPartOf":{"@id":"https:\/\/www.encontraparana.com.br\/toledo\/arte-textil-contemporanea-ganha-destaque-em-exposicao-no-museu-willy-barth\/"},"author":{"name":"Encontra Toledo","@id":"https:\/\/www.encontraparana.com.br\/toledo\/#\/schema\/person\/3b3bd5c0e2969177418b8c8e4729fd0a"},"headline":"Arte t\u00eaxtil contempor\u00e2nea ganha destaque em exposi\u00e7\u00e3o no Museu Willy Barth","datePublished":"2026-08-02T17:30:10+00:00","mainEntityOfPage":{"@id":"https:\/\/www.encontraparana.com.br\/toledo\/arte-textil-contemporanea-ganha-destaque-em-exposicao-no-museu-willy-barth\/"},"wordCount":850,"commentCount":0,"image":{"@id":"https:\/\/www.encontraparana.com.br\/toledo\/arte-textil-contemporanea-ganha-destaque-em-exposicao-no-museu-willy-barth\/#primaryimage"},"thumbnailUrl":"https:\/\/www.encontraparana.com.br\/toledo\/wp-content\/uploads\/2026\/08\/arte-textil-contemporanea-ganha-destaque-em-exposicao-no-museu-willy-barth.webp","articleSection":["Exposi\u00e7\u00e3o Toledo"],"inLanguage":"pt-BR","potentialAction":[{"@type":"CommentAction","name":"Comment","target":["https:\/\/www.encontraparana.com.br\/toledo\/arte-textil-contemporanea-ganha-destaque-em-exposicao-no-museu-willy-barth\/#respond"]}]},{"@type":"WebPage","@id":"https:\/\/www.encontraparana.com.br\/toledo\/arte-textil-contemporanea-ganha-destaque-em-exposicao-no-museu-willy-barth\/","url":"https:\/\/www.encontraparana.com.br\/toledo\/arte-textil-contemporanea-ganha-destaque-em-exposicao-no-museu-willy-barth\/","name":"Arte t\u00eaxtil contempor\u00e2nea ganha destaque em exposi\u00e7\u00e3o no Museu Willy Barth | Guia Comercial de Toledo PR","isPartOf":{"@id":"https:\/\/www.encontraparana.com.br\/toledo\/#website"},"primaryImageOfPage":{"@id":"https:\/\/www.encontraparana.com.br\/toledo\/arte-textil-contemporanea-ganha-destaque-em-exposicao-no-museu-willy-barth\/#primaryimage"},"image":{"@id":"https:\/\/www.encontraparana.com.br\/toledo\/arte-textil-contemporanea-ganha-destaque-em-exposicao-no-museu-willy-barth\/#primaryimage"},"thumbnailUrl":"https:\/\/www.encontraparana.com.br\/toledo\/wp-content\/uploads\/2026\/08\/arte-textil-contemporanea-ganha-destaque-em-exposicao-no-museu-willy-barth.webp","datePublished":"2026-08-02T17:30:10+00:00","author":{"@id":"https:\/\/www.encontraparana.com.br\/toledo\/#\/schema\/person\/3b3bd5c0e2969177418b8c8e4729fd0a"},"inLanguage":"pt-BR","potentialAction":[{"@type":"ReadAction","target":["https:\/\/www.encontraparana.com.br\/toledo\/arte-textil-contemporanea-ganha-destaque-em-exposicao-no-museu-willy-barth\/"]}]},{"@type":"ImageObject","inLanguage":"pt-BR","@id":"https:\/\/www.encontraparana.com.br\/toledo\/arte-textil-contemporanea-ganha-destaque-em-exposicao-no-museu-willy-barth\/#primaryimage","url":"https:\/\/www.encontraparana.com.br\/toledo\/wp-content\/uploads\/2026\/08\/arte-textil-contemporanea-ganha-destaque-em-exposicao-no-museu-willy-barth.webp","contentUrl":"https:\/\/www.encontraparana.com.br\/toledo\/wp-content\/uploads\/2026\/08\/arte-textil-contemporanea-ganha-destaque-em-exposicao-no-museu-willy-barth.webp","width":280,"height":280,"caption":"arte t\u00eaxtil contempor\u00e2nea"},{"@type":"WebSite","@id":"https:\/\/www.encontraparana.com.br\/toledo\/#website","url":"https:\/\/www.encontraparana.com.br\/toledo\/","name":"Guia Comercial de Toledo PR","description":"ENCONTRA TOLEDO - O guia comercial de neg\u00f3cios e empresas, cultura e divers\u00e3o na cidade de Toledo. Feito 100% para voc\u00ea morador!","potentialAction":[{"@type":"SearchAction","target":{"@type":"EntryPoint","urlTemplate":"https:\/\/www.encontraparana.com.br\/toledo\/?s={search_term_string}"},"query-input":{"@type":"PropertyValueSpecification","valueRequired":true,"valueName":"search_term_string"}}],"inLanguage":"pt-BR"},{"@type":"Person","@id":"https:\/\/www.encontraparana.com.br\/toledo\/#\/schema\/person\/3b3bd5c0e2969177418b8c8e4729fd0a","name":"Encontra Toledo","image":{"@type":"ImageObject","inLanguage":"pt-BR","@id":"https:\/\/secure.gravatar.com\/avatar\/c50c17820bcf322f0a8fd6b110b8c0918141409dc69076470f6fca5fee70a5d4?s=96&d=mm&r=g","url":"https:\/\/secure.gravatar.com\/avatar\/c50c17820bcf322f0a8fd6b110b8c0918141409dc69076470f6fca5fee70a5d4?s=96&d=mm&r=g","contentUrl":"https:\/\/secure.gravatar.com\/avatar\/c50c17820bcf322f0a8fd6b110b8c0918141409dc69076470f6fca5fee70a5d4?s=96&d=mm&r=g","caption":"Encontra Toledo"},"url":"https:\/\/www.encontraparana.com.br\/toledo\/author\/encontratoledo\/"}]}},"_links":{"self":[{"href":"https:\/\/www.encontraparana.com.br\/toledo\/wp-json\/wp\/v2\/posts\/5456","targetHints":{"allow":["GET"]}}],"collection":[{"href":"https:\/\/www.encontraparana.com.br\/toledo\/wp-json\/wp\/v2\/posts"}],"about":[{"href":"https:\/\/www.encontraparana.com.br\/toledo\/wp-json\/wp\/v2\/types\/post"}],"author":[{"embeddable":true,"href":"https:\/\/www.encontraparana.com.br\/toledo\/wp-json\/wp\/v2\/users\/1"}],"replies":[{"embeddable":true,"href":"https:\/\/www.encontraparana.com.br\/toledo\/wp-json\/wp\/v2\/comments?post=5456"}],"version-history":[{"count":0,"href":"https:\/\/www.encontraparana.com.br\/toledo\/wp-json\/wp\/v2\/posts\/5456\/revisions"}],"wp:featuredmedia":[{"embeddable":true,"href":"https:\/\/www.encontraparana.com.br\/toledo\/wp-json\/wp\/v2\/media\/5455"}],"wp:attachment":[{"href":"https:\/\/www.encontraparana.com.br\/toledo\/wp-json\/wp\/v2\/media?parent=5456"}],"wp:term":[{"taxonomy":"category","embeddable":true,"href":"https:\/\/www.encontraparana.com.br\/toledo\/wp-json\/wp\/v2\/categories?post=5456"},{"taxonomy":"post_tag","embeddable":true,"href":"https:\/\/www.encontraparana.com.br\/toledo\/wp-json\/wp\/v2\/tags?post=5456"}],"curies":[{"name":"wp","href":"https:\/\/api.w.org\/{rel}","templated":true}]}}