{"id":5458,"date":"2026-08-02T14:31:15","date_gmt":"2026-08-02T17:31:15","guid":{"rendered":"https:\/\/www.encontraparana.com.br\/toledo\/educacao-conclui-ciclo-de-formacao-continuada-com-cerca-de-2-mil-servidores\/"},"modified":"2026-08-02T14:31:15","modified_gmt":"2026-08-02T17:31:15","slug":"educacao-conclui-ciclo-de-formacao-continuada-com-cerca-de-2-mil-servidores","status":"publish","type":"post","link":"https:\/\/www.encontraparana.com.br\/toledo\/educacao-conclui-ciclo-de-formacao-continuada-com-cerca-de-2-mil-servidores\/","title":{"rendered":"Educa\u00e7\u00e3o conclui ciclo de forma\u00e7\u00e3o continuada com cerca de 2 mil servidores"},"content":{"rendered":"<h2>O que \u00e9 Forma\u00e7\u00e3o Continuada?<\/h2>\n<p>Forma\u00e7\u00e3o continuada refere-se ao processo educacional de atualiza\u00e7\u00e3o e aprimoramento profissional ao longo da carreira. \u00c9 um caminho essencial para que trabalhadores, especialmente no setor educacional, adquiram novas habilidades e conhecimentos, garantindo uma atua\u00e7\u00e3o mais eficiente e alinhada \u00e0s demandas contempor\u00e2neas.<\/p>\n<h2>Objetivos da Capacita\u00e7\u00e3o para Servidores<\/h2>\n<p>A capacita\u00e7\u00e3o dos servidores educacionais tem como finalidade principal:<\/p>\n<ul>\n<li><strong>Atualiza\u00e7\u00e3o Profissional:<\/strong> Proporcionar conhecimentos atualizados sobre metodologias, legisla\u00e7\u00f5es e pr\u00e1ticas pedag\u00f3gicas.<\/li>\n<li><strong>Desenvolvimento de Compet\u00eancias:<\/strong> Fortalecer habilidades necess\u00e1rias para atender \u00e0s exig\u00eancias do cotidiano escolar e administrativo.<\/li>\n<li><strong>Integra\u00e7\u00e3o e Colabora\u00e7\u00e3o:<\/strong> Incentivar o trabalho em equipe e a troca de experi\u00eancias entre os participantes.<\/li>\n<li><strong>Qualidade na Educa\u00e7\u00e3o:<\/strong> Promover uma educa\u00e7\u00e3o de qualidade, que atenda \u00e0s expectativas da comunidade e recursos humanos qualificados.<\/li>\n<\/ul>\n<h2>Tem\u00e1ticas Abordadas nas Capacita\u00e7\u00f5es<\/h2>\n<p>As capacita\u00e7\u00f5es abordam diversos temas, orientados conforme a fun\u00e7\u00e3o e as responsabilidades de cada grupo de servidores. Entre as principais tem\u00e1ticas, est\u00e3o:<\/p>\n<p><img decoding=\"async\" src=\"https:\/\/www.encontraparana.com.br\/toledo\/wp-content\/uploads\/2026\/08\/educacao-conclui-ciclo-de-formacao-continuada-com-cerca-de-2-mil-servidores.webp\" alt=\"forma\u00e7\u00e3o continuada\" loading=\"lazy\" \/><\/p>\n<ul>\n<li><strong>Referencial Curricular:<\/strong> Aprofundamento em temas te\u00f3ricos e pr\u00e1ticos relacionados ao curr\u00edculo escolar, especialmente em rela\u00e7\u00e3o \u00e0 educa\u00e7\u00e3o infantil.<\/li>\n<li><strong>Nutri\u00e7\u00e3o e Seguran\u00e7a Alimentar:<\/strong> Capacita\u00e7\u00f5es direcionadas \u00e0s cozinheiras sobre boas pr\u00e1ticas na cozinha e nutri\u00e7\u00e3o escolar.<\/li>\n<li><strong>Gest\u00e3o e Administra\u00e7\u00e3o Escolar:<\/strong> Conte\u00fados focados em comunica\u00e7\u00e3o, fluxos administrativos e organiza\u00e7\u00e3o das institui\u00e7\u00f5es de ensino.<\/li>\n<\/ul>\n<h2>Import\u00e2ncia da Capacita\u00e7\u00e3o para a Educa\u00e7\u00e3o<\/h2>\n<p>A capacita\u00e7\u00e3o cont\u00ednua \u00e9 crucial para o fortalecimento das pr\u00e1ticas educacionais e administrativas. Ela permite que os servidores se mantenham atualizados sobre novas tend\u00eancias, ferramentas e pr\u00e1ticas pedag\u00f3gicas. Al\u00e9m disso, contribui para a forma\u00e7\u00e3o de um ambiente de aprendizado colaborativo e din\u00e2mico, em que todos se sintam motivados a participar e a se desenvolver.<\/p>\n<h2>Impacto da Forma\u00e7\u00e3o nas A\u00e7\u00f5es Educacionais<\/h2>\n<p>O impacto das a\u00e7\u00f5es de forma\u00e7\u00e3o continuada \u00e9 palp\u00e1vel no dia a dia das escolas. Servidores capacitados tendem a ser mais proativos e a oferecer um atendimento melhor \u00e0s necessidades dos alunos e das comunidades escolares. Al\u00e9m disso, a qualidade do ensino se eleva, refletindo diretamente nas aprendizagens e no desenvolvimento dos estudantes.<\/p>\n<h2>Locais de Realiza\u00e7\u00e3o das Capacita\u00e7\u00f5es<\/h2>\n<p>As capacita\u00e7\u00f5es se realizam em diversos espa\u00e7os, como:<\/p>\n<ul>\n<li><strong>Universidade Paranaense (Unipar):<\/strong> Audit\u00f3rios e salas de aula para atividades te\u00f3ricas e pr\u00e1ticas.<\/li>\n<li><strong>Centro Universit\u00e1rio da Funda\u00e7\u00e3o Assis Gurgacz (FAG):<\/strong> Espa\u00e7o disponibilizado para forma\u00e7\u00e3o dos servidores da educa\u00e7\u00e3o.<\/li>\n<li><strong>Col\u00e9gio Estadual Presidente Castelo Branco (Premen):<\/strong> Cederam locais adequados para as capacitacoes.<\/li>\n<li><strong>Pa\u00e7o Municipal Alcides Donin e Centro de Eventos Ismael Sperafico:<\/strong> Outros locais que permitem a realiza\u00e7\u00e3o de atividades formativas sem custos ao munic\u00edpio.<\/li>\n<\/ul>\n<h2>Depoimentos de Participantes<\/h2>\n<p>Os depoimentos de participantes das capacita\u00e7\u00f5es ressaltam a import\u00e2ncia e a relev\u00e2ncia dos conte\u00fados abordados. Muitos destes profissionais mencionam a aplica\u00e7\u00e3o imediata das habilidades adquiridas em suas pr\u00e1ticas di\u00e1rias e a melhoria nos processos de ensino.<\/p>\n<h2>A Vis\u00e3o da Secretaria Municipal da Educa\u00e7\u00e3o<\/h2>\n<p>A Secretaria Municipal da Educa\u00e7\u00e3o busca constantemente a evolu\u00e7\u00e3o e qualifica\u00e7\u00e3o de seus servidores. A secret\u00e1ria municipal da Educa\u00e7\u00e3o, Janice Salvador, enfatiza a necessidade de formar profissionais preparados para lidar com as exig\u00eancias de uma comunidade atenta e exigente. &#8220;Estamos comprometidos em assegurar que nossos funcion\u00e1rios tenham acesso \u00e0s melhores pr\u00e1ticas e conte\u00fados atuais, para que nossa educa\u00e7\u00e3o continue a ser reconhecida pela sua qualidade&#8221;, afirma.<\/p>\n<h2>Perspectivas Futuras para a Capacita\u00e7\u00e3o<\/h2>\n<p>No futuro, a forma\u00e7\u00e3o continuada deve ampliar seu escopo, abrangendo novas tecnologias de ensino, metodologias ativas e a educa\u00e7\u00e3o inclusiva. A proposta \u00e9 garantir que todos os servidores estejam preparados para enfrentar os desafios da educa\u00e7\u00e3o moderna e que a capacita\u00e7\u00e3o se torne um processo cont\u00ednuo e prazeroso.<\/p>\n<h2>O Papel dos Servidores na Educa\u00e7\u00e3o de Qualidade<\/h2>\n<p>Os servidores s\u00e3o pe\u00e7as chave na constru\u00e7\u00e3o de uma educa\u00e7\u00e3o de qualidade. Atrav\u00e9s do seu desenvolvimento profissional e cont\u00ednuo, eles se tornam protagonistas na promo\u00e7\u00e3o de um ambiente educacional n\u00e3o apenas mais eficaz, mas tamb\u00e9m colaborativo e motivador para todos os alunos. Portanto, investir na forma\u00e7\u00e3o de servidores se traduz em um compromisso com a constru\u00e7\u00e3o de um futuro melhor, garantindo que a educa\u00e7\u00e3o atenda \u00e0s necessidades da sociedade.<\/p>\n","protected":false},"excerpt":{"rendered":"<p>Educa\u00e7\u00e3o promove capacita\u00e7\u00e3o de 2 mil servidores para aprimorar o ensino.<\/p>\n","protected":false},"author":1,"featured_media":5457,"comment_status":"open","ping_status":"open","sticky":false,"template":"","format":"standard","meta":{"footnotes":""},"categories":[896],"tags":[],"class_list":["post-5458","post","type-post","status-publish","format-standard","has-post-thumbnail","hentry","category-cursos","has_thumb"],"yoast_head":"<!-- This site is optimized with the Yoast SEO plugin v28.1 - https:\/\/yoast.com\/product\/yoast-seo-wordpress\/ -->\n<title>Educa\u00e7\u00e3o conclui ciclo de forma\u00e7\u00e3o continuada com cerca de 2 mil servidores | Guia Comercial de Toledo PR<\/title>\n<meta name=\"robots\" content=\"index, follow, max-snippet:-1, max-image-preview:large, max-video-preview:-1\" \/>\n<link rel=\"canonical\" href=\"https:\/\/www.encontraparana.com.br\/toledo\/educacao-conclui-ciclo-de-formacao-continuada-com-cerca-de-2-mil-servidores\/\" \/>\n<meta property=\"og:locale\" content=\"pt_BR\" \/>\n<meta property=\"og:type\" content=\"article\" \/>\n<meta property=\"og:title\" content=\"Educa\u00e7\u00e3o conclui ciclo de forma\u00e7\u00e3o continuada com cerca de 2 mil servidores | Guia Comercial de Toledo PR\" \/>\n<meta property=\"og:description\" content=\"Educa\u00e7\u00e3o promove capacita\u00e7\u00e3o de 2 mil servidores para aprimorar o ensino.\" \/>\n<meta property=\"og:url\" content=\"https:\/\/www.encontraparana.com.br\/toledo\/educacao-conclui-ciclo-de-formacao-continuada-com-cerca-de-2-mil-servidores\/\" \/>\n<meta property=\"og:site_name\" content=\"Guia Comercial de Toledo PR\" \/>\n<meta property=\"article:published_time\" content=\"2026-08-02T17:31:15+00:00\" \/>\n<meta property=\"og:image\" content=\"https:\/\/www.encontraparana.com.br\/toledo\/wp-content\/uploads\/2026\/08\/educacao-conclui-ciclo-de-formacao-continuada-com-cerca-de-2-mil-servidores.webp\" \/>\n\t<meta property=\"og:image:width\" content=\"280\" \/>\n\t<meta property=\"og:image:height\" content=\"280\" \/>\n\t<meta property=\"og:image:type\" content=\"image\/webp\" \/>\n<meta name=\"author\" content=\"Encontra Toledo\" \/>\n<meta name=\"twitter:card\" content=\"summary_large_image\" \/>\n<meta name=\"twitter:label1\" content=\"Escrito por\" \/>\n\t<meta name=\"twitter:data1\" content=\"Encontra Toledo\" \/>\n\t<meta name=\"twitter:label2\" content=\"Est. tempo de leitura\" \/>\n\t<meta name=\"twitter:data2\" content=\"4 minutos\" \/>\n<script type=\"application\/ld+json\" class=\"yoast-schema-graph\">{\"@context\":\"https:\\\/\\\/schema.org\",\"@graph\":[{\"@type\":\"Article\",\"@id\":\"https:\\\/\\\/www.encontraparana.com.br\\\/toledo\\\/educacao-conclui-ciclo-de-formacao-continuada-com-cerca-de-2-mil-servidores\\\/#article\",\"isPartOf\":{\"@id\":\"https:\\\/\\\/www.encontraparana.com.br\\\/toledo\\\/educacao-conclui-ciclo-de-formacao-continuada-com-cerca-de-2-mil-servidores\\\/\"},\"author\":{\"name\":\"Encontra Toledo\",\"@id\":\"https:\\\/\\\/www.encontraparana.com.br\\\/toledo\\\/#\\\/schema\\\/person\\\/3b3bd5c0e2969177418b8c8e4729fd0a\"},\"headline\":\"Educa\u00e7\u00e3o conclui ciclo de forma\u00e7\u00e3o continuada com cerca de 2 mil servidores\",\"datePublished\":\"2026-08-02T17:31:15+00:00\",\"mainEntityOfPage\":{\"@id\":\"https:\\\/\\\/www.encontraparana.com.br\\\/toledo\\\/educacao-conclui-ciclo-de-formacao-continuada-com-cerca-de-2-mil-servidores\\\/\"},\"wordCount\":753,\"commentCount\":0,\"image\":{\"@id\":\"https:\\\/\\\/www.encontraparana.com.br\\\/toledo\\\/educacao-conclui-ciclo-de-formacao-continuada-com-cerca-de-2-mil-servidores\\\/#primaryimage\"},\"thumbnailUrl\":\"https:\\\/\\\/www.encontraparana.com.br\\\/toledo\\\/wp-content\\\/uploads\\\/2026\\\/08\\\/educacao-conclui-ciclo-de-formacao-continuada-com-cerca-de-2-mil-servidores.webp\",\"articleSection\":[\"Cursos Toledo\"],\"inLanguage\":\"pt-BR\",\"potentialAction\":[{\"@type\":\"CommentAction\",\"name\":\"Comment\",\"target\":[\"https:\\\/\\\/www.encontraparana.com.br\\\/toledo\\\/educacao-conclui-ciclo-de-formacao-continuada-com-cerca-de-2-mil-servidores\\\/#respond\"]}]},{\"@type\":\"WebPage\",\"@id\":\"https:\\\/\\\/www.encontraparana.com.br\\\/toledo\\\/educacao-conclui-ciclo-de-formacao-continuada-com-cerca-de-2-mil-servidores\\\/\",\"url\":\"https:\\\/\\\/www.encontraparana.com.br\\\/toledo\\\/educacao-conclui-ciclo-de-formacao-continuada-com-cerca-de-2-mil-servidores\\\/\",\"name\":\"Educa\u00e7\u00e3o conclui ciclo de forma\u00e7\u00e3o continuada com cerca de 2 mil servidores | Guia Comercial de Toledo PR\",\"isPartOf\":{\"@id\":\"https:\\\/\\\/www.encontraparana.com.br\\\/toledo\\\/#website\"},\"primaryImageOfPage\":{\"@id\":\"https:\\\/\\\/www.encontraparana.com.br\\\/toledo\\\/educacao-conclui-ciclo-de-formacao-continuada-com-cerca-de-2-mil-servidores\\\/#primaryimage\"},\"image\":{\"@id\":\"https:\\\/\\\/www.encontraparana.com.br\\\/toledo\\\/educacao-conclui-ciclo-de-formacao-continuada-com-cerca-de-2-mil-servidores\\\/#primaryimage\"},\"thumbnailUrl\":\"https:\\\/\\\/www.encontraparana.com.br\\\/toledo\\\/wp-content\\\/uploads\\\/2026\\\/08\\\/educacao-conclui-ciclo-de-formacao-continuada-com-cerca-de-2-mil-servidores.webp\",\"datePublished\":\"2026-08-02T17:31:15+00:00\",\"author\":{\"@id\":\"https:\\\/\\\/www.encontraparana.com.br\\\/toledo\\\/#\\\/schema\\\/person\\\/3b3bd5c0e2969177418b8c8e4729fd0a\"},\"inLanguage\":\"pt-BR\",\"potentialAction\":[{\"@type\":\"ReadAction\",\"target\":[\"https:\\\/\\\/www.encontraparana.com.br\\\/toledo\\\/educacao-conclui-ciclo-de-formacao-continuada-com-cerca-de-2-mil-servidores\\\/\"]}]},{\"@type\":\"ImageObject\",\"inLanguage\":\"pt-BR\",\"@id\":\"https:\\\/\\\/www.encontraparana.com.br\\\/toledo\\\/educacao-conclui-ciclo-de-formacao-continuada-com-cerca-de-2-mil-servidores\\\/#primaryimage\",\"url\":\"https:\\\/\\\/www.encontraparana.com.br\\\/toledo\\\/wp-content\\\/uploads\\\/2026\\\/08\\\/educacao-conclui-ciclo-de-formacao-continuada-com-cerca-de-2-mil-servidores.webp\",\"contentUrl\":\"https:\\\/\\\/www.encontraparana.com.br\\\/toledo\\\/wp-content\\\/uploads\\\/2026\\\/08\\\/educacao-conclui-ciclo-de-formacao-continuada-com-cerca-de-2-mil-servidores.webp\",\"width\":280,\"height\":280,\"caption\":\"forma\u00e7\u00e3o continuada\"},{\"@type\":\"WebSite\",\"@id\":\"https:\\\/\\\/www.encontraparana.com.br\\\/toledo\\\/#website\",\"url\":\"https:\\\/\\\/www.encontraparana.com.br\\\/toledo\\\/\",\"name\":\"Guia Comercial de Toledo PR\",\"description\":\"ENCONTRA TOLEDO - O guia comercial de neg\u00f3cios e empresas, cultura e divers\u00e3o na cidade de Toledo. Feito 100% para voc\u00ea morador!\",\"potentialAction\":[{\"@type\":\"SearchAction\",\"target\":{\"@type\":\"EntryPoint\",\"urlTemplate\":\"https:\\\/\\\/www.encontraparana.com.br\\\/toledo\\\/?s={search_term_string}\"},\"query-input\":{\"@type\":\"PropertyValueSpecification\",\"valueRequired\":true,\"valueName\":\"search_term_string\"}}],\"inLanguage\":\"pt-BR\"},{\"@type\":\"Person\",\"@id\":\"https:\\\/\\\/www.encontraparana.com.br\\\/toledo\\\/#\\\/schema\\\/person\\\/3b3bd5c0e2969177418b8c8e4729fd0a\",\"name\":\"Encontra Toledo\",\"image\":{\"@type\":\"ImageObject\",\"inLanguage\":\"pt-BR\",\"@id\":\"https:\\\/\\\/secure.gravatar.com\\\/avatar\\\/c50c17820bcf322f0a8fd6b110b8c0918141409dc69076470f6fca5fee70a5d4?s=96&d=mm&r=g\",\"url\":\"https:\\\/\\\/secure.gravatar.com\\\/avatar\\\/c50c17820bcf322f0a8fd6b110b8c0918141409dc69076470f6fca5fee70a5d4?s=96&d=mm&r=g\",\"contentUrl\":\"https:\\\/\\\/secure.gravatar.com\\\/avatar\\\/c50c17820bcf322f0a8fd6b110b8c0918141409dc69076470f6fca5fee70a5d4?s=96&d=mm&r=g\",\"caption\":\"Encontra Toledo\"},\"url\":\"https:\\\/\\\/www.encontraparana.com.br\\\/toledo\\\/author\\\/encontratoledo\\\/\"}]}<\/script>\n<!-- \/ Yoast SEO plugin. -->","yoast_head_json":{"title":"Educa\u00e7\u00e3o conclui ciclo de forma\u00e7\u00e3o continuada com cerca de 2 mil servidores | Guia Comercial de Toledo PR","robots":{"index":"index","follow":"follow","max-snippet":"max-snippet:-1","max-image-preview":"max-image-preview:large","max-video-preview":"max-video-preview:-1"},"canonical":"https:\/\/www.encontraparana.com.br\/toledo\/educacao-conclui-ciclo-de-formacao-continuada-com-cerca-de-2-mil-servidores\/","og_locale":"pt_BR","og_type":"article","og_title":"Educa\u00e7\u00e3o conclui ciclo de forma\u00e7\u00e3o continuada com cerca de 2 mil servidores | Guia Comercial de Toledo PR","og_description":"Educa\u00e7\u00e3o promove capacita\u00e7\u00e3o de 2 mil servidores para aprimorar o ensino.","og_url":"https:\/\/www.encontraparana.com.br\/toledo\/educacao-conclui-ciclo-de-formacao-continuada-com-cerca-de-2-mil-servidores\/","og_site_name":"Guia Comercial de Toledo PR","article_published_time":"2026-08-02T17:31:15+00:00","og_image":[{"width":280,"height":280,"url":"https:\/\/www.encontraparana.com.br\/toledo\/wp-content\/uploads\/2026\/08\/educacao-conclui-ciclo-de-formacao-continuada-com-cerca-de-2-mil-servidores.webp","type":"image\/webp"}],"author":"Encontra Toledo","twitter_card":"summary_large_image","twitter_misc":{"Escrito por":"Encontra Toledo","Est. tempo de leitura":"4 minutos"},"schema":{"@context":"https:\/\/schema.org","@graph":[{"@type":"Article","@id":"https:\/\/www.encontraparana.com.br\/toledo\/educacao-conclui-ciclo-de-formacao-continuada-com-cerca-de-2-mil-servidores\/#article","isPartOf":{"@id":"https:\/\/www.encontraparana.com.br\/toledo\/educacao-conclui-ciclo-de-formacao-continuada-com-cerca-de-2-mil-servidores\/"},"author":{"name":"Encontra Toledo","@id":"https:\/\/www.encontraparana.com.br\/toledo\/#\/schema\/person\/3b3bd5c0e2969177418b8c8e4729fd0a"},"headline":"Educa\u00e7\u00e3o conclui ciclo de forma\u00e7\u00e3o continuada com cerca de 2 mil servidores","datePublished":"2026-08-02T17:31:15+00:00","mainEntityOfPage":{"@id":"https:\/\/www.encontraparana.com.br\/toledo\/educacao-conclui-ciclo-de-formacao-continuada-com-cerca-de-2-mil-servidores\/"},"wordCount":753,"commentCount":0,"image":{"@id":"https:\/\/www.encontraparana.com.br\/toledo\/educacao-conclui-ciclo-de-formacao-continuada-com-cerca-de-2-mil-servidores\/#primaryimage"},"thumbnailUrl":"https:\/\/www.encontraparana.com.br\/toledo\/wp-content\/uploads\/2026\/08\/educacao-conclui-ciclo-de-formacao-continuada-com-cerca-de-2-mil-servidores.webp","articleSection":["Cursos Toledo"],"inLanguage":"pt-BR","potentialAction":[{"@type":"CommentAction","name":"Comment","target":["https:\/\/www.encontraparana.com.br\/toledo\/educacao-conclui-ciclo-de-formacao-continuada-com-cerca-de-2-mil-servidores\/#respond"]}]},{"@type":"WebPage","@id":"https:\/\/www.encontraparana.com.br\/toledo\/educacao-conclui-ciclo-de-formacao-continuada-com-cerca-de-2-mil-servidores\/","url":"https:\/\/www.encontraparana.com.br\/toledo\/educacao-conclui-ciclo-de-formacao-continuada-com-cerca-de-2-mil-servidores\/","name":"Educa\u00e7\u00e3o conclui ciclo de forma\u00e7\u00e3o continuada com cerca de 2 mil servidores | Guia Comercial de Toledo PR","isPartOf":{"@id":"https:\/\/www.encontraparana.com.br\/toledo\/#website"},"primaryImageOfPage":{"@id":"https:\/\/www.encontraparana.com.br\/toledo\/educacao-conclui-ciclo-de-formacao-continuada-com-cerca-de-2-mil-servidores\/#primaryimage"},"image":{"@id":"https:\/\/www.encontraparana.com.br\/toledo\/educacao-conclui-ciclo-de-formacao-continuada-com-cerca-de-2-mil-servidores\/#primaryimage"},"thumbnailUrl":"https:\/\/www.encontraparana.com.br\/toledo\/wp-content\/uploads\/2026\/08\/educacao-conclui-ciclo-de-formacao-continuada-com-cerca-de-2-mil-servidores.webp","datePublished":"2026-08-02T17:31:15+00:00","author":{"@id":"https:\/\/www.encontraparana.com.br\/toledo\/#\/schema\/person\/3b3bd5c0e2969177418b8c8e4729fd0a"},"inLanguage":"pt-BR","potentialAction":[{"@type":"ReadAction","target":["https:\/\/www.encontraparana.com.br\/toledo\/educacao-conclui-ciclo-de-formacao-continuada-com-cerca-de-2-mil-servidores\/"]}]},{"@type":"ImageObject","inLanguage":"pt-BR","@id":"https:\/\/www.encontraparana.com.br\/toledo\/educacao-conclui-ciclo-de-formacao-continuada-com-cerca-de-2-mil-servidores\/#primaryimage","url":"https:\/\/www.encontraparana.com.br\/toledo\/wp-content\/uploads\/2026\/08\/educacao-conclui-ciclo-de-formacao-continuada-com-cerca-de-2-mil-servidores.webp","contentUrl":"https:\/\/www.encontraparana.com.br\/toledo\/wp-content\/uploads\/2026\/08\/educacao-conclui-ciclo-de-formacao-continuada-com-cerca-de-2-mil-servidores.webp","width":280,"height":280,"caption":"forma\u00e7\u00e3o continuada"},{"@type":"WebSite","@id":"https:\/\/www.encontraparana.com.br\/toledo\/#website","url":"https:\/\/www.encontraparana.com.br\/toledo\/","name":"Guia Comercial de Toledo PR","description":"ENCONTRA TOLEDO - O guia comercial de neg\u00f3cios e empresas, cultura e divers\u00e3o na cidade de Toledo. Feito 100% para voc\u00ea morador!","potentialAction":[{"@type":"SearchAction","target":{"@type":"EntryPoint","urlTemplate":"https:\/\/www.encontraparana.com.br\/toledo\/?s={search_term_string}"},"query-input":{"@type":"PropertyValueSpecification","valueRequired":true,"valueName":"search_term_string"}}],"inLanguage":"pt-BR"},{"@type":"Person","@id":"https:\/\/www.encontraparana.com.br\/toledo\/#\/schema\/person\/3b3bd5c0e2969177418b8c8e4729fd0a","name":"Encontra Toledo","image":{"@type":"ImageObject","inLanguage":"pt-BR","@id":"https:\/\/secure.gravatar.com\/avatar\/c50c17820bcf322f0a8fd6b110b8c0918141409dc69076470f6fca5fee70a5d4?s=96&d=mm&r=g","url":"https:\/\/secure.gravatar.com\/avatar\/c50c17820bcf322f0a8fd6b110b8c0918141409dc69076470f6fca5fee70a5d4?s=96&d=mm&r=g","contentUrl":"https:\/\/secure.gravatar.com\/avatar\/c50c17820bcf322f0a8fd6b110b8c0918141409dc69076470f6fca5fee70a5d4?s=96&d=mm&r=g","caption":"Encontra Toledo"},"url":"https:\/\/www.encontraparana.com.br\/toledo\/author\/encontratoledo\/"}]}},"_links":{"self":[{"href":"https:\/\/www.encontraparana.com.br\/toledo\/wp-json\/wp\/v2\/posts\/5458","targetHints":{"allow":["GET"]}}],"collection":[{"href":"https:\/\/www.encontraparana.com.br\/toledo\/wp-json\/wp\/v2\/posts"}],"about":[{"href":"https:\/\/www.encontraparana.com.br\/toledo\/wp-json\/wp\/v2\/types\/post"}],"author":[{"embeddable":true,"href":"https:\/\/www.encontraparana.com.br\/toledo\/wp-json\/wp\/v2\/users\/1"}],"replies":[{"embeddable":true,"href":"https:\/\/www.encontraparana.com.br\/toledo\/wp-json\/wp\/v2\/comments?post=5458"}],"version-history":[{"count":0,"href":"https:\/\/www.encontraparana.com.br\/toledo\/wp-json\/wp\/v2\/posts\/5458\/revisions"}],"wp:featuredmedia":[{"embeddable":true,"href":"https:\/\/www.encontraparana.com.br\/toledo\/wp-json\/wp\/v2\/media\/5457"}],"wp:attachment":[{"href":"https:\/\/www.encontraparana.com.br\/toledo\/wp-json\/wp\/v2\/media?parent=5458"}],"wp:term":[{"taxonomy":"category","embeddable":true,"href":"https:\/\/www.encontraparana.com.br\/toledo\/wp-json\/wp\/v2\/categories?post=5458"},{"taxonomy":"post_tag","embeddable":true,"href":"https:\/\/www.encontraparana.com.br\/toledo\/wp-json\/wp\/v2\/tags?post=5458"}],"curies":[{"name":"wp","href":"https:\/\/api.w.org\/{rel}","templated":true}]}}