{"id":5520,"date":"2026-08-13T19:49:16","date_gmt":"2026-08-13T22:49:16","guid":{"rendered":"https:\/\/www.encontraparana.com.br\/toledo\/agencia-do-trabalhador-lanca-programa-conecta-oportunidades\/"},"modified":"2026-08-13T19:49:16","modified_gmt":"2026-08-13T22:49:16","slug":"agencia-do-trabalhador-lanca-programa-conecta-oportunidades","status":"publish","type":"post","link":"https:\/\/www.encontraparana.com.br\/toledo\/agencia-do-trabalhador-lanca-programa-conecta-oportunidades\/","title":{"rendered":"Ag\u00eancia do Trabalhador lan\u00e7a programa Conecta Oportunidades"},"content":{"rendered":"<h2>O que \u00e9 o Programa Conecta Oportunidades<\/h2>\n<p>O <strong>Programa Conecta Oportunidades<\/strong> foi lan\u00e7ado pela Prefeitura de Toledo, em parceria com o Sistema S, com o intuito de proporcionar cursos de capacita\u00e7\u00e3o profissional gratuitos. \u00c9 uma a\u00e7\u00e3o concretizada atrav\u00e9s da <strong>Ag\u00eancia do Trabalhador<\/strong>, visando oferecer forma\u00e7\u00e3o \u00e0 popula\u00e7\u00e3o, especialmente benefici\u00e1rios de programas sociais, para conectar pessoas a melhores oportunidades no mercado de trabalho.<\/p>\n<h2>Objetivos do Conecta Oportunidades<\/h2>\n<p>Os principais objetivos do programa incluem:<\/p>\n<ul>\n<li><strong>Identifica\u00e7\u00e3o de Necessidades:<\/strong> Mapear a demanda do mercado de trabalho e alinhar ofertas de capacita\u00e7\u00e3o.<\/li>\n<li><strong>Qualifica\u00e7\u00e3o Profissional:<\/strong> Oferecer cursos relevantes que preparem os indiv\u00edduos para as exig\u00eancias do mercado.<\/li>\n<li><strong>Desenvolvimento Social:<\/strong> Focar na inclus\u00e3o social de pessoas em situa\u00e7\u00e3o de vulnerabilidade.<\/li>\n<li><strong>Integra\u00e7\u00e3o de A\u00e7\u00f5es:<\/strong> Promover uma abordagem integrada entre diversas secretarias municipais para maximizar resultados.<\/li>\n<\/ul>\n<h2>Parcerias Estrat\u00e9gicas na Capacita\u00e7\u00e3o<\/h2>\n<p>O programa envolve parcerias com institui\u00e7\u00f5es de destaque no segmento de forma\u00e7\u00e3o profissional, como:<\/p>\n<p><img decoding=\"async\" src=\"https:\/\/www.encontraparana.com.br\/toledo\/wp-content\/uploads\/2026\/08\/agencia-do-trabalhador-lanca-programa-conecta-oportunidades.webp\" alt=\"Ag\u00eancia do Trabalhador\" loading=\"lazy\" \/><\/p>\n<ul>\n<li><strong>Servi\u00e7o Nacional de Aprendizagem Comercial (Senac):<\/strong> Focado em cursos de com\u00e9rcio e servi\u00e7os.<\/li>\n<li><strong>Servi\u00e7o Nacional de Aprendizagem Industrial (Senai):<\/strong> Voltado para a forma\u00e7\u00e3o na \u00e1rea industrial e tecnol\u00f3gica.<\/li>\n<li><strong>Servi\u00e7o Nacional de Aprendizagem do Transporte (Senat):<\/strong> Especializado na capacita\u00e7\u00e3o para o setor de transporte.<\/li>\n<\/ul>\n<h2>Cursos Dispon\u00edveis para Inscri\u00e7\u00e3o<\/h2>\n<p>Os interessados t\u00eam acesso a uma variedade de cursos como:<\/p>\n<ul>\n<li><strong>Doces para Confeitaria<\/strong><\/li>\n<li><strong>E-commerce para PCD (Pessoas com Defici\u00eancia)<\/strong><\/li>\n<li><strong>Excel \u2013 Recursos Avan\u00e7ados<\/strong><\/li>\n<li><strong>T\u00e9cnicas em Execu\u00e7\u00e3o de Manuten\u00e7\u00e3o em Instala\u00e7\u00f5es El\u00e9tricas<\/strong><\/li>\n<li><strong>Salgados para Confeitaria<\/strong><\/li>\n<li><strong>Log\u00edstica de Transporte<\/strong><\/li>\n<li><strong>Alongamento de C\u00edlios<\/strong><\/li>\n<\/ul>\n<p>Atualmente, algumas forma\u00e7\u00f5es j\u00e1 est\u00e3o com lista de espera. Para consultar a lista completa de cursos dispon\u00edveis e proceder com a inscri\u00e7\u00e3o, voc\u00ea pode acessar o <a href=\"https:\/\/www.toledo.pr.gov.br\/servicos\/cidadao\/cursos\">site oficial da Prefeitura de Toledo<\/a>.<\/p>\n<h2>Benef\u00edcios da Capacita\u00e7\u00e3o Profissional<\/h2>\n<p>Os principais benef\u00edcios da capacita\u00e7\u00e3o profissional para os participantes incluem:<\/p>\n<ul>\n<li><strong>Melhoria nas Chances de Emprego:<\/strong> A qualifica\u00e7\u00e3o aumenta a empregabilidade e a chance de acesso a postos de trabalho qualificados.<\/li>\n<li><strong>Aumento Salarial:<\/strong> H\u00e1 uma tend\u00eancia de melhores sal\u00e1rios para profissionais com forma\u00e7\u00e3o adequada.<\/li>\n<li><strong>Desenvolvimento de Compet\u00eancias:<\/strong> Os cursos propostos buscam desenvolver habilidades pr\u00e1ticas e te\u00f3ricas relevantes para o mercado.<\/li>\n<\/ul>\n<h2>Integra\u00e7\u00e3o com Programas Sociais<\/h2>\n<p>Uma das prioridades do <strong>Programa Conecta Oportunidades<\/strong> \u00e9 direcionar pessoas que est\u00e3o cadastradas em programas sociais para as oportunidades de forma\u00e7\u00e3o. Essa integra\u00e7\u00e3o \u00e9 crucial para:<\/p>\n<ul>\n<li><strong>Identifica\u00e7\u00e3o de Demanda:<\/strong> Auxiliar a Secretaria de Assist\u00eancia Social a direcionar pessoas que necessitam de qualifica\u00e7\u00e3o para as vagas dispon\u00edveis.<\/li>\n<li><strong>Promo\u00e7\u00e3o da Inclus\u00e3o:<\/strong> Aumentar as oportunidades para cidad\u00e3os em situa\u00e7\u00e3o de vulnerabilidade, promovendo a inclus\u00e3o social.<\/li>\n<\/ul>\n<h2>Investimentos no Programa para 2026<\/h2>\n<p>O programa Conecta Oportunidades contar\u00e1 com um investimento significativo de aproximadamente <strong>R$ 190 mil<\/strong> para a realiza\u00e7\u00e3o de cursos at\u00e9 o ano de 2027, com o intuito de garantir a continuidade da oferta de capacita\u00e7\u00e3o profissional no munic\u00edpio.<\/p>\n<h2>Depoimentos de Participantes<\/h2>\n<p>Os feedbacks dos participantes s\u00e3o fundamentais para avaliar a efici\u00eancia do programa. Muitos relataram:<\/p>\n<ul>\n<li><strong>Aumento na Confian\u00e7a:<\/strong> Sentem-se mais preparados e confiantes ap\u00f3s concluir os cursos.<\/li>\n<li><strong>Networking:<\/strong> Oportunidade de se conectar com outros profissionais e empresas na \u00e1rea de interesse.<\/li>\n<li><strong>Realiza\u00e7\u00e3o Pessoal:<\/strong> Sentimento de satisfa\u00e7\u00e3o em adquirir novos conhecimentos e habilidades.<\/li>\n<\/ul>\n<h2>Import\u00e2ncia da Qualifica\u00e7\u00e3o no Mercado de Trabalho<\/h2>\n<p>Em um mundo em constante mudan\u00e7a, a qualifica\u00e7\u00e3o profissional torna-se essencial:<\/p>\n<ul>\n<li><strong>Adapta\u00e7\u00e3o a Novas Tecnologias:<\/strong> A evolu\u00e7\u00e3o tecnol\u00f3gica exige que os profissionais estejam atualizados.<\/li>\n<li><strong>Competitividade:<\/strong> Mercados competitivos requerem profissionais bem preparados para se destacar.<\/li>\n<li><strong>Crescimento Profissional:<\/strong> A qualifica\u00e7\u00e3o abre portas para crescimento e oportunidades de carreira.<\/li>\n<\/ul>\n<h2>Pr\u00f3ximos Passos para os Interessados<\/h2>\n<p>Para aqueles que desejam se inscrever no programa, as etapas incluem:<\/p>\n<ul>\n<li><strong>Acesso ao Site:<\/strong> Visitar o <a href=\"https:\/\/www.toledo.pr.gov.br\/servicos\/cidadao\/cursos\">site da Prefeitura<\/a> para consultar cursos dispon\u00edveis.<\/li>\n<li><strong>Realiza\u00e7\u00e3o de Inscri\u00e7\u00e3o:<\/strong> Preencher o formul\u00e1rio de inscri\u00e7\u00e3o conforme as orienta\u00e7\u00f5es descritas.<\/li>\n<li><strong>Acompanhamento das Vagas:<\/strong> Monitorar a disponibilidade de turmas e lista de espera conforme necess\u00e1rio.<\/li>\n<\/ul>\n<p>O <strong>Programa Conecta Oportunidades<\/strong> representa um passo importante para a capacita\u00e7\u00e3o e inclus\u00e3o da popula\u00e7\u00e3o de Toledo, trabalhando para facilitar o acesso ao conhecimento e ao mercado de trabalho.<\/p>\n","protected":false},"excerpt":{"rendered":"<p>Conecta Oportunidades: Programa da Ag\u00eancia do Trabalhador oferece novos cursos gratuitos de capacita\u00e7\u00e3o profissional.<\/p>\n","protected":false},"author":1,"featured_media":5519,"comment_status":"open","ping_status":"open","sticky":false,"template":"","format":"standard","meta":{"footnotes":""},"categories":[905],"tags":[],"class_list":["post-5520","post","type-post","status-publish","format-standard","has-post-thumbnail","hentry","category-vagas-de-empregos","has_thumb"],"yoast_head":"<!-- This site is optimized with the Yoast SEO plugin v28.1 - https:\/\/yoast.com\/product\/yoast-seo-wordpress\/ -->\n<title>Ag\u00eancia do Trabalhador lan\u00e7a programa Conecta Oportunidades | Guia Comercial de Toledo PR<\/title>\n<meta name=\"robots\" content=\"index, follow, max-snippet:-1, max-image-preview:large, max-video-preview:-1\" \/>\n<link rel=\"canonical\" href=\"https:\/\/www.encontraparana.com.br\/toledo\/agencia-do-trabalhador-lanca-programa-conecta-oportunidades\/\" \/>\n<meta property=\"og:locale\" content=\"pt_BR\" \/>\n<meta property=\"og:type\" content=\"article\" \/>\n<meta property=\"og:title\" content=\"Ag\u00eancia do Trabalhador lan\u00e7a programa Conecta Oportunidades | Guia Comercial de Toledo PR\" \/>\n<meta property=\"og:description\" content=\"Conecta Oportunidades: Programa da Ag\u00eancia do Trabalhador oferece novos cursos gratuitos de capacita\u00e7\u00e3o profissional.\" \/>\n<meta property=\"og:url\" content=\"https:\/\/www.encontraparana.com.br\/toledo\/agencia-do-trabalhador-lanca-programa-conecta-oportunidades\/\" \/>\n<meta property=\"og:site_name\" content=\"Guia Comercial de Toledo PR\" \/>\n<meta property=\"article:published_time\" content=\"2026-08-13T22:49:16+00:00\" \/>\n<meta property=\"og:image\" content=\"https:\/\/www.encontraparana.com.br\/toledo\/wp-content\/uploads\/2026\/08\/agencia-do-trabalhador-lanca-programa-conecta-oportunidades.webp\" \/>\n<meta name=\"author\" content=\"Encontra Toledo\" \/>\n<meta name=\"twitter:card\" content=\"summary_large_image\" \/>\n<meta name=\"twitter:label1\" content=\"Escrito por\" \/>\n\t<meta name=\"twitter:data1\" content=\"Encontra Toledo\" \/>\n\t<meta name=\"twitter:label2\" content=\"Est. tempo de leitura\" \/>\n\t<meta name=\"twitter:data2\" content=\"4 minutos\" \/>\n<script type=\"application\/ld+json\" class=\"yoast-schema-graph\">{\"@context\":\"https:\\\/\\\/schema.org\",\"@graph\":[{\"@type\":\"Article\",\"@id\":\"https:\\\/\\\/www.encontraparana.com.br\\\/toledo\\\/agencia-do-trabalhador-lanca-programa-conecta-oportunidades\\\/#article\",\"isPartOf\":{\"@id\":\"https:\\\/\\\/www.encontraparana.com.br\\\/toledo\\\/agencia-do-trabalhador-lanca-programa-conecta-oportunidades\\\/\"},\"author\":{\"name\":\"Encontra Toledo\",\"@id\":\"https:\\\/\\\/www.encontraparana.com.br\\\/toledo\\\/#\\\/schema\\\/person\\\/3b3bd5c0e2969177418b8c8e4729fd0a\"},\"headline\":\"Ag\u00eancia do Trabalhador lan\u00e7a programa Conecta Oportunidades\",\"datePublished\":\"2026-08-13T22:49:16+00:00\",\"mainEntityOfPage\":{\"@id\":\"https:\\\/\\\/www.encontraparana.com.br\\\/toledo\\\/agencia-do-trabalhador-lanca-programa-conecta-oportunidades\\\/\"},\"wordCount\":723,\"commentCount\":0,\"image\":{\"@id\":\"https:\\\/\\\/www.encontraparana.com.br\\\/toledo\\\/agencia-do-trabalhador-lanca-programa-conecta-oportunidades\\\/#primaryimage\"},\"thumbnailUrl\":\"https:\\\/\\\/www.encontraparana.com.br\\\/toledo\\\/wp-content\\\/uploads\\\/2026\\\/08\\\/agencia-do-trabalhador-lanca-programa-conecta-oportunidades.webp\",\"articleSection\":[\"Vagas de Empregos Toledo\"],\"inLanguage\":\"pt-BR\",\"potentialAction\":[{\"@type\":\"CommentAction\",\"name\":\"Comment\",\"target\":[\"https:\\\/\\\/www.encontraparana.com.br\\\/toledo\\\/agencia-do-trabalhador-lanca-programa-conecta-oportunidades\\\/#respond\"]}]},{\"@type\":\"WebPage\",\"@id\":\"https:\\\/\\\/www.encontraparana.com.br\\\/toledo\\\/agencia-do-trabalhador-lanca-programa-conecta-oportunidades\\\/\",\"url\":\"https:\\\/\\\/www.encontraparana.com.br\\\/toledo\\\/agencia-do-trabalhador-lanca-programa-conecta-oportunidades\\\/\",\"name\":\"Ag\u00eancia do Trabalhador lan\u00e7a programa Conecta Oportunidades | Guia Comercial de Toledo PR\",\"isPartOf\":{\"@id\":\"https:\\\/\\\/www.encontraparana.com.br\\\/toledo\\\/#website\"},\"primaryImageOfPage\":{\"@id\":\"https:\\\/\\\/www.encontraparana.com.br\\\/toledo\\\/agencia-do-trabalhador-lanca-programa-conecta-oportunidades\\\/#primaryimage\"},\"image\":{\"@id\":\"https:\\\/\\\/www.encontraparana.com.br\\\/toledo\\\/agencia-do-trabalhador-lanca-programa-conecta-oportunidades\\\/#primaryimage\"},\"thumbnailUrl\":\"https:\\\/\\\/www.encontraparana.com.br\\\/toledo\\\/wp-content\\\/uploads\\\/2026\\\/08\\\/agencia-do-trabalhador-lanca-programa-conecta-oportunidades.webp\",\"datePublished\":\"2026-08-13T22:49:16+00:00\",\"author\":{\"@id\":\"https:\\\/\\\/www.encontraparana.com.br\\\/toledo\\\/#\\\/schema\\\/person\\\/3b3bd5c0e2969177418b8c8e4729fd0a\"},\"inLanguage\":\"pt-BR\",\"potentialAction\":[{\"@type\":\"ReadAction\",\"target\":[\"https:\\\/\\\/www.encontraparana.com.br\\\/toledo\\\/agencia-do-trabalhador-lanca-programa-conecta-oportunidades\\\/\"]}]},{\"@type\":\"ImageObject\",\"inLanguage\":\"pt-BR\",\"@id\":\"https:\\\/\\\/www.encontraparana.com.br\\\/toledo\\\/agencia-do-trabalhador-lanca-programa-conecta-oportunidades\\\/#primaryimage\",\"url\":\"https:\\\/\\\/www.encontraparana.com.br\\\/toledo\\\/wp-content\\\/uploads\\\/2026\\\/08\\\/agencia-do-trabalhador-lanca-programa-conecta-oportunidades.webp\",\"contentUrl\":\"https:\\\/\\\/www.encontraparana.com.br\\\/toledo\\\/wp-content\\\/uploads\\\/2026\\\/08\\\/agencia-do-trabalhador-lanca-programa-conecta-oportunidades.webp\",\"width\":280,\"height\":280,\"caption\":\"Ag\u00eancia do Trabalhador\"},{\"@type\":\"WebSite\",\"@id\":\"https:\\\/\\\/www.encontraparana.com.br\\\/toledo\\\/#website\",\"url\":\"https:\\\/\\\/www.encontraparana.com.br\\\/toledo\\\/\",\"name\":\"Guia Comercial de Toledo PR\",\"description\":\"ENCONTRA TOLEDO - O guia comercial de neg\u00f3cios e empresas, cultura e divers\u00e3o na cidade de Toledo. Feito 100% para voc\u00ea morador!\",\"potentialAction\":[{\"@type\":\"SearchAction\",\"target\":{\"@type\":\"EntryPoint\",\"urlTemplate\":\"https:\\\/\\\/www.encontraparana.com.br\\\/toledo\\\/?s={search_term_string}\"},\"query-input\":{\"@type\":\"PropertyValueSpecification\",\"valueRequired\":true,\"valueName\":\"search_term_string\"}}],\"inLanguage\":\"pt-BR\"},{\"@type\":\"Person\",\"@id\":\"https:\\\/\\\/www.encontraparana.com.br\\\/toledo\\\/#\\\/schema\\\/person\\\/3b3bd5c0e2969177418b8c8e4729fd0a\",\"name\":\"Encontra Toledo\",\"image\":{\"@type\":\"ImageObject\",\"inLanguage\":\"pt-BR\",\"@id\":\"https:\\\/\\\/secure.gravatar.com\\\/avatar\\\/c50c17820bcf322f0a8fd6b110b8c0918141409dc69076470f6fca5fee70a5d4?s=96&d=mm&r=g\",\"url\":\"https:\\\/\\\/secure.gravatar.com\\\/avatar\\\/c50c17820bcf322f0a8fd6b110b8c0918141409dc69076470f6fca5fee70a5d4?s=96&d=mm&r=g\",\"contentUrl\":\"https:\\\/\\\/secure.gravatar.com\\\/avatar\\\/c50c17820bcf322f0a8fd6b110b8c0918141409dc69076470f6fca5fee70a5d4?s=96&d=mm&r=g\",\"caption\":\"Encontra Toledo\"},\"url\":\"https:\\\/\\\/www.encontraparana.com.br\\\/toledo\\\/author\\\/encontratoledo\\\/\"}]}<\/script>\n<!-- \/ Yoast SEO plugin. -->","yoast_head_json":{"title":"Ag\u00eancia do Trabalhador lan\u00e7a programa Conecta Oportunidades | Guia Comercial de Toledo PR","robots":{"index":"index","follow":"follow","max-snippet":"max-snippet:-1","max-image-preview":"max-image-preview:large","max-video-preview":"max-video-preview:-1"},"canonical":"https:\/\/www.encontraparana.com.br\/toledo\/agencia-do-trabalhador-lanca-programa-conecta-oportunidades\/","og_locale":"pt_BR","og_type":"article","og_title":"Ag\u00eancia do Trabalhador lan\u00e7a programa Conecta Oportunidades | Guia Comercial de Toledo PR","og_description":"Conecta Oportunidades: Programa da Ag\u00eancia do Trabalhador oferece novos cursos gratuitos de capacita\u00e7\u00e3o profissional.","og_url":"https:\/\/www.encontraparana.com.br\/toledo\/agencia-do-trabalhador-lanca-programa-conecta-oportunidades\/","og_site_name":"Guia Comercial de Toledo PR","article_published_time":"2026-08-13T22:49:16+00:00","og_image":[{"url":"https:\/\/www.encontraparana.com.br\/toledo\/wp-content\/uploads\/2026\/08\/agencia-do-trabalhador-lanca-programa-conecta-oportunidades.webp","type":"","width":"","height":""}],"author":"Encontra Toledo","twitter_card":"summary_large_image","twitter_misc":{"Escrito por":"Encontra Toledo","Est. tempo de leitura":"4 minutos"},"schema":{"@context":"https:\/\/schema.org","@graph":[{"@type":"Article","@id":"https:\/\/www.encontraparana.com.br\/toledo\/agencia-do-trabalhador-lanca-programa-conecta-oportunidades\/#article","isPartOf":{"@id":"https:\/\/www.encontraparana.com.br\/toledo\/agencia-do-trabalhador-lanca-programa-conecta-oportunidades\/"},"author":{"name":"Encontra Toledo","@id":"https:\/\/www.encontraparana.com.br\/toledo\/#\/schema\/person\/3b3bd5c0e2969177418b8c8e4729fd0a"},"headline":"Ag\u00eancia do Trabalhador lan\u00e7a programa Conecta Oportunidades","datePublished":"2026-08-13T22:49:16+00:00","mainEntityOfPage":{"@id":"https:\/\/www.encontraparana.com.br\/toledo\/agencia-do-trabalhador-lanca-programa-conecta-oportunidades\/"},"wordCount":723,"commentCount":0,"image":{"@id":"https:\/\/www.encontraparana.com.br\/toledo\/agencia-do-trabalhador-lanca-programa-conecta-oportunidades\/#primaryimage"},"thumbnailUrl":"https:\/\/www.encontraparana.com.br\/toledo\/wp-content\/uploads\/2026\/08\/agencia-do-trabalhador-lanca-programa-conecta-oportunidades.webp","articleSection":["Vagas de Empregos Toledo"],"inLanguage":"pt-BR","potentialAction":[{"@type":"CommentAction","name":"Comment","target":["https:\/\/www.encontraparana.com.br\/toledo\/agencia-do-trabalhador-lanca-programa-conecta-oportunidades\/#respond"]}]},{"@type":"WebPage","@id":"https:\/\/www.encontraparana.com.br\/toledo\/agencia-do-trabalhador-lanca-programa-conecta-oportunidades\/","url":"https:\/\/www.encontraparana.com.br\/toledo\/agencia-do-trabalhador-lanca-programa-conecta-oportunidades\/","name":"Ag\u00eancia do Trabalhador lan\u00e7a programa Conecta Oportunidades | Guia Comercial de Toledo PR","isPartOf":{"@id":"https:\/\/www.encontraparana.com.br\/toledo\/#website"},"primaryImageOfPage":{"@id":"https:\/\/www.encontraparana.com.br\/toledo\/agencia-do-trabalhador-lanca-programa-conecta-oportunidades\/#primaryimage"},"image":{"@id":"https:\/\/www.encontraparana.com.br\/toledo\/agencia-do-trabalhador-lanca-programa-conecta-oportunidades\/#primaryimage"},"thumbnailUrl":"https:\/\/www.encontraparana.com.br\/toledo\/wp-content\/uploads\/2026\/08\/agencia-do-trabalhador-lanca-programa-conecta-oportunidades.webp","datePublished":"2026-08-13T22:49:16+00:00","author":{"@id":"https:\/\/www.encontraparana.com.br\/toledo\/#\/schema\/person\/3b3bd5c0e2969177418b8c8e4729fd0a"},"inLanguage":"pt-BR","potentialAction":[{"@type":"ReadAction","target":["https:\/\/www.encontraparana.com.br\/toledo\/agencia-do-trabalhador-lanca-programa-conecta-oportunidades\/"]}]},{"@type":"ImageObject","inLanguage":"pt-BR","@id":"https:\/\/www.encontraparana.com.br\/toledo\/agencia-do-trabalhador-lanca-programa-conecta-oportunidades\/#primaryimage","url":"https:\/\/www.encontraparana.com.br\/toledo\/wp-content\/uploads\/2026\/08\/agencia-do-trabalhador-lanca-programa-conecta-oportunidades.webp","contentUrl":"https:\/\/www.encontraparana.com.br\/toledo\/wp-content\/uploads\/2026\/08\/agencia-do-trabalhador-lanca-programa-conecta-oportunidades.webp","width":280,"height":280,"caption":"Ag\u00eancia do Trabalhador"},{"@type":"WebSite","@id":"https:\/\/www.encontraparana.com.br\/toledo\/#website","url":"https:\/\/www.encontraparana.com.br\/toledo\/","name":"Guia Comercial de Toledo PR","description":"ENCONTRA TOLEDO - O guia comercial de neg\u00f3cios e empresas, cultura e divers\u00e3o na cidade de Toledo. Feito 100% para voc\u00ea morador!","potentialAction":[{"@type":"SearchAction","target":{"@type":"EntryPoint","urlTemplate":"https:\/\/www.encontraparana.com.br\/toledo\/?s={search_term_string}"},"query-input":{"@type":"PropertyValueSpecification","valueRequired":true,"valueName":"search_term_string"}}],"inLanguage":"pt-BR"},{"@type":"Person","@id":"https:\/\/www.encontraparana.com.br\/toledo\/#\/schema\/person\/3b3bd5c0e2969177418b8c8e4729fd0a","name":"Encontra Toledo","image":{"@type":"ImageObject","inLanguage":"pt-BR","@id":"https:\/\/secure.gravatar.com\/avatar\/c50c17820bcf322f0a8fd6b110b8c0918141409dc69076470f6fca5fee70a5d4?s=96&d=mm&r=g","url":"https:\/\/secure.gravatar.com\/avatar\/c50c17820bcf322f0a8fd6b110b8c0918141409dc69076470f6fca5fee70a5d4?s=96&d=mm&r=g","contentUrl":"https:\/\/secure.gravatar.com\/avatar\/c50c17820bcf322f0a8fd6b110b8c0918141409dc69076470f6fca5fee70a5d4?s=96&d=mm&r=g","caption":"Encontra Toledo"},"url":"https:\/\/www.encontraparana.com.br\/toledo\/author\/encontratoledo\/"}]}},"_links":{"self":[{"href":"https:\/\/www.encontraparana.com.br\/toledo\/wp-json\/wp\/v2\/posts\/5520","targetHints":{"allow":["GET"]}}],"collection":[{"href":"https:\/\/www.encontraparana.com.br\/toledo\/wp-json\/wp\/v2\/posts"}],"about":[{"href":"https:\/\/www.encontraparana.com.br\/toledo\/wp-json\/wp\/v2\/types\/post"}],"author":[{"embeddable":true,"href":"https:\/\/www.encontraparana.com.br\/toledo\/wp-json\/wp\/v2\/users\/1"}],"replies":[{"embeddable":true,"href":"https:\/\/www.encontraparana.com.br\/toledo\/wp-json\/wp\/v2\/comments?post=5520"}],"version-history":[{"count":0,"href":"https:\/\/www.encontraparana.com.br\/toledo\/wp-json\/wp\/v2\/posts\/5520\/revisions"}],"wp:featuredmedia":[{"embeddable":true,"href":"https:\/\/www.encontraparana.com.br\/toledo\/wp-json\/wp\/v2\/media\/5519"}],"wp:attachment":[{"href":"https:\/\/www.encontraparana.com.br\/toledo\/wp-json\/wp\/v2\/media?parent=5520"}],"wp:term":[{"taxonomy":"category","embeddable":true,"href":"https:\/\/www.encontraparana.com.br\/toledo\/wp-json\/wp\/v2\/categories?post=5520"},{"taxonomy":"post_tag","embeddable":true,"href":"https:\/\/www.encontraparana.com.br\/toledo\/wp-json\/wp\/v2\/tags?post=5520"}],"curies":[{"name":"wp","href":"https:\/\/api.w.org\/{rel}","templated":true}]}}