{"id":5523,"date":"2026-08-14T22:58:53","date_gmt":"2026-08-15T01:58:53","guid":{"rendered":"https:\/\/www.encontraparana.com.br\/toledo\/%f0%9f%9a%9c%f0%9f%92%9b-vem-ai-o-5o-encontro-de-tratores-cbt\/"},"modified":"2026-08-14T22:58:53","modified_gmt":"2026-08-15T01:58:53","slug":"%f0%9f%9a%9c%f0%9f%92%9b-vem-ai-o-5o-encontro-de-tratores-cbt","status":"publish","type":"post","link":"https:\/\/www.encontraparana.com.br\/toledo\/%f0%9f%9a%9c%f0%9f%92%9b-vem-ai-o-5o-encontro-de-tratores-cbt\/","title":{"rendered":"\ud83d\ude9c\ud83d\udc9b Vem a\u00ed o 5\u00ba Encontro de Tratores CBT!"},"content":{"rendered":"<h2>Data e Local do Evento<\/h2>\n<p>O 5\u00ba Encontro de Tratores da CBT ser\u00e1 realizado no dia **16 de agosto de 2026**, iniciando \u00e0s **9h**. O evento ocorrer\u00e1 no **Esporte Clube Conc\u00f3rdia**, que est\u00e1 situado no Distrito de Conc\u00f3rdia do Oeste, em Toledo, PR. Este local foi escolhido por sua infraestrutura adequada para receber visitantes e expositores, al\u00e9m de proporcionar um ambiente agrad\u00e1vel para um dia cheio de atividades e confraterniza\u00e7\u00f5es.<\/p>\n<h2>O Que Esperar do Encontro de Tratores<\/h2>\n<p>Este encontro promete ser um dia repleto de entusiasmo e aprecia\u00e7\u00e3o pelo mundo do agroneg\u00f3cio e das m\u00e1quinas agr\u00edcolas. \u00c9 uma grande oportunidade para os entusiastas de tratores se reunirem, compartilharem experi\u00eancias e conhec\u00ea-los em um ambiente acolhedor. Os participantes ter\u00e3o a chance de visualizar diversas marcas de tratores em exposi\u00e7\u00e3o, al\u00e9m de participar de atividades l\u00fadicas e de entretenimento que ir\u00e3o animar a todos.<\/p>\n<h2>Exposi\u00e7\u00e3o de Tratores de Todas as Marcas<\/h2>\n<p>Durante o evento, haver\u00e1 uma vasta exposi\u00e7\u00e3o de tratores de diversas marcas e modelos, permitindo que os visitantes comparem diferentes equipamentos e conhe\u00e7am as novidades dispon\u00edveis no mercado. Essa \u00e9 uma excelente ocasi\u00e3o para os agricultores e entusiastas do setor se atualizarem sobre as tend\u00eancias e inova\u00e7\u00f5es na tecnologia do agroneg\u00f3cio. Os expositores ter\u00e3o a oportunidade de mostrar suas m\u00e1quinas, destacando suas funcionalidades e benef\u00edcios, criando um espa\u00e7o de aprendizado para todos os presentes.<\/p>\n<p><img decoding=\"async\" src=\"https:\/\/www.encontraparana.com.br\/toledo\/wp-content\/uploads\/2026\/08\/vem-ai-o-5-encontro-de-tratores-cbt.webp\" alt=\"5\u00ba Encontro de Tratores CBT\" loading=\"lazy\" \/><\/p>\n<h2>Almo\u00e7o com Churrasco e Acompanhamentos<\/h2>\n<p>Para alimentar o corpo e manter a energia durante o evento, ser\u00e1 servido um delicioso almo\u00e7o com churrasco e acompanhamentos variados. \u00c9 importante que os participantes tragam seu pr\u00f3prio prato e talheres para a refei\u00e7\u00e3o. Essa proposta visa n\u00e3o apenas promover a sustentabilidade, mas tamb\u00e9m incentivar um momento de confraterniza\u00e7\u00e3o onde todos possam aproveitar a boa comida em um clima amig\u00e1vel e descontra\u00eddo. O churrasco \u00e9 uma tradi\u00e7\u00e3o que certamente agradar\u00e1 a todos os paladares presentes.<\/p>\n<h2>M\u00fasica ao Vivo para Animar a Festa<\/h2>\n<p>A anima\u00e7\u00e3o do evento ser\u00e1 garantida com apresenta\u00e7\u00f5es de bandas locais, como **Dark Patience**, **Bico &#038; Rafa** e **Full Rockers**. A m\u00fasica ao vivo n\u00e3o apenas embalar\u00e1 os participantes, mas tamb\u00e9m criar\u00e1 um ambiente festivo, ideal para socializa\u00e7\u00e3o e intera\u00e7\u00e3o entre aqueles que compartilham a mesma paix\u00e3o pelo agro. Prepare-se para dan\u00e7ar e aproveitar cada momento da festividade!<\/p>\n<h2>Atividades para Toda a Fam\u00edlia<\/h2>\n<p>Este evento tem como foco a inclus\u00e3o de toda a fam\u00edlia. Haver\u00e1 diversas atividades voltadas para crian\u00e7as e adultos, garantindo que todas as idades se sintam parte desta celebra\u00e7\u00e3o do agroneg\u00f3cio. As atividades adicionais poder\u00e3o incluir \u00e1reas recreativas, jogos e apresenta\u00e7\u00f5es interativas que v\u00e3o enriquecer a experi\u00eancia dos visitantes. \u00c9 uma chance perfeita para criar mem\u00f3rias em fam\u00edlia enquanto se celebra a paix\u00e3o pelos tratores e pela vida no campo.<\/p>\n<h2>Informa\u00e7\u00f5es sobre Reservas<\/h2>\n<p>Para aqueles que desejam garantir seu almo\u00e7o e obter mais informa\u00e7\u00f5es sobre o evento, \u00e9 poss\u00edvel entrar em contato via telefone com **Valdir** pelo n\u00famero **(45) 99931-6127**. As reservas ser\u00e3o essenciais para organizar adequadamente a quantidade de alimentos e garantir que todos os participantes tenham uma experi\u00eancia agrad\u00e1vel e satisfat\u00f3ria durante o encontro.<\/p>\n<h2>Pontos de Venda para Compras Antecipadas<\/h2>\n<p>Os interessados em participar do evento podem adquirir seus ingressos antecipadamente em v\u00e1rios pontos de venda na regi\u00e3o, facilitando o acesso \u00e0 participa\u00e7\u00e3o no encontro. Os locais onde os ingressos estar\u00e3o dispon\u00edveis incluem:<\/p>\n<ul>\n<li>Trial Motos e Motosserras<\/li>\n<li>Posto Chitolina<\/li>\n<li>Mercado do Didi<\/li>\n<li>T\u00e9ris Terer\u00ea<\/li>\n<\/ul>\n<p>Comprar antecipadamente \u00e9 uma boa pr\u00e1tica para garantir a sua presen\u00e7a e aproveitar todos os benef\u00edcios do evento sem preocupa\u00e7\u00e3o.<\/p>\n<h2>Como Participar com Seu Trator<\/h2>\n<p>O evento \u00e9 aberto a todas as marcas de tratores, e todos os participantes s\u00e3o encorajados a trazer suas m\u00e1quinas para expor e celebrar a paix\u00e3o pelo agro. Para aqueles que desejam mostrar seus tratores, \u00e9 uma excelente oportunidade de networking, aprendizado e troca de informa\u00e7\u00f5es com outros entusiastas do setor. Compartilhar experi\u00eancias e conhecimentos sobre o uso e manuten\u00e7\u00e3o de tratores ser\u00e1 um dos destaques do encontro.<\/p>\n<h2>Celebre a Paix\u00e3o pelo Agro<\/h2>\n<p>O 5\u00ba Encontro de Tratores CBT \u00e9 mais do que apenas um evento; \u00e9 uma celebra\u00e7\u00e3o da cultura agr\u00edcola brasileira, um espa\u00e7o para a troca de ideias e a valoriza\u00e7\u00e3o da vida no campo. Venha participar, traga sua fam\u00edlia, seus amigos e, claro, seu trator. Junte-se a n\u00f3s para um dia repleto de atividades, aprendizado e divers\u00e3o, onde todos os amantes do agroneg\u00f3cio poder\u00e3o se reunir para compartilhar essa paix\u00e3o em comum.<\/p>\n<p>O custo para participar do evento ser\u00e1 de **R$60,00**, assegurando a voc\u00ea um dia inesquec\u00edvel dedicado ao agroneg\u00f3cio e \u00e0 tecnologia agr\u00edcola.  N\u00e3o perca essa oportunidade de vivenciar um dia maravilhoso em companhia de pessoas que compartilham o mesmo amor pelo campo e pela mecaniza\u00e7\u00e3o agr\u00edcola.<\/p>\n","protected":false},"excerpt":{"rendered":"<p>\ud83d\ude9c\ud83d\udc9b Participe do 5\u00ba Encontro de Tratores CBT e viva a paix\u00e3o pelo agro!<\/p>\n","protected":false},"author":1,"featured_media":5522,"comment_status":"open","ping_status":"open","sticky":false,"template":"","format":"standard","meta":{"footnotes":""},"categories":[897],"tags":[],"class_list":["post-5523","post","type-post","status-publish","format-standard","has-post-thumbnail","hentry","category-eventos","has_thumb"],"yoast_head":"<!-- This site is optimized with the Yoast SEO plugin v28.1 - https:\/\/yoast.com\/product\/yoast-seo-wordpress\/ -->\n<title>\ud83d\ude9c\ud83d\udc9b Vem a\u00ed o 5\u00ba Encontro de Tratores CBT! | Guia Comercial de Toledo PR<\/title>\n<meta name=\"robots\" content=\"index, follow, max-snippet:-1, max-image-preview:large, max-video-preview:-1\" \/>\n<link rel=\"canonical\" href=\"https:\/\/www.encontraparana.com.br\/toledo\/\ud83d\ude9c\ud83d\udc9b-vem-ai-o-5o-encontro-de-tratores-cbt\/\" \/>\n<meta property=\"og:locale\" content=\"pt_BR\" \/>\n<meta property=\"og:type\" content=\"article\" \/>\n<meta property=\"og:title\" content=\"\ud83d\ude9c\ud83d\udc9b Vem a\u00ed o 5\u00ba Encontro de Tratores CBT! | Guia Comercial de Toledo PR\" \/>\n<meta property=\"og:description\" content=\"\ud83d\ude9c\ud83d\udc9b Participe do 5\u00ba Encontro de Tratores CBT e viva a paix\u00e3o pelo agro!\" \/>\n<meta property=\"og:url\" content=\"https:\/\/www.encontraparana.com.br\/toledo\/\ud83d\ude9c\ud83d\udc9b-vem-ai-o-5o-encontro-de-tratores-cbt\/\" \/>\n<meta property=\"og:site_name\" content=\"Guia Comercial de Toledo PR\" \/>\n<meta property=\"article:published_time\" content=\"2026-08-15T01:58:53+00:00\" \/>\n<meta property=\"og:image\" content=\"https:\/\/www.encontraparana.com.br\/toledo\/wp-content\/uploads\/2026\/08\/vem-ai-o-5-encontro-de-tratores-cbt.webp\" \/>\n<meta name=\"author\" content=\"Encontra Toledo\" \/>\n<meta name=\"twitter:card\" content=\"summary_large_image\" \/>\n<meta name=\"twitter:label1\" content=\"Escrito por\" \/>\n\t<meta name=\"twitter:data1\" content=\"Encontra Toledo\" \/>\n\t<meta name=\"twitter:label2\" content=\"Est. tempo de leitura\" \/>\n\t<meta name=\"twitter:data2\" content=\"4 minutos\" \/>\n<script type=\"application\/ld+json\" class=\"yoast-schema-graph\">{\"@context\":\"https:\\\/\\\/schema.org\",\"@graph\":[{\"@type\":\"Article\",\"@id\":\"https:\\\/\\\/www.encontraparana.com.br\\\/toledo\\\/%f0%9f%9a%9c%f0%9f%92%9b-vem-ai-o-5o-encontro-de-tratores-cbt\\\/#article\",\"isPartOf\":{\"@id\":\"https:\\\/\\\/www.encontraparana.com.br\\\/toledo\\\/%f0%9f%9a%9c%f0%9f%92%9b-vem-ai-o-5o-encontro-de-tratores-cbt\\\/\"},\"author\":{\"name\":\"Encontra Toledo\",\"@id\":\"https:\\\/\\\/www.encontraparana.com.br\\\/toledo\\\/#\\\/schema\\\/person\\\/3b3bd5c0e2969177418b8c8e4729fd0a\"},\"headline\":\"\ud83d\ude9c\ud83d\udc9b Vem a\u00ed o 5\u00ba Encontro de Tratores CBT!\",\"datePublished\":\"2026-08-15T01:58:53+00:00\",\"mainEntityOfPage\":{\"@id\":\"https:\\\/\\\/www.encontraparana.com.br\\\/toledo\\\/%f0%9f%9a%9c%f0%9f%92%9b-vem-ai-o-5o-encontro-de-tratores-cbt\\\/\"},\"wordCount\":857,\"commentCount\":0,\"image\":{\"@id\":\"https:\\\/\\\/www.encontraparana.com.br\\\/toledo\\\/%f0%9f%9a%9c%f0%9f%92%9b-vem-ai-o-5o-encontro-de-tratores-cbt\\\/#primaryimage\"},\"thumbnailUrl\":\"https:\\\/\\\/www.encontraparana.com.br\\\/toledo\\\/wp-content\\\/uploads\\\/2026\\\/08\\\/vem-ai-o-5-encontro-de-tratores-cbt.webp\",\"articleSection\":[\"Eventos Toledo\"],\"inLanguage\":\"pt-BR\",\"potentialAction\":[{\"@type\":\"CommentAction\",\"name\":\"Comment\",\"target\":[\"https:\\\/\\\/www.encontraparana.com.br\\\/toledo\\\/%f0%9f%9a%9c%f0%9f%92%9b-vem-ai-o-5o-encontro-de-tratores-cbt\\\/#respond\"]}]},{\"@type\":\"WebPage\",\"@id\":\"https:\\\/\\\/www.encontraparana.com.br\\\/toledo\\\/%f0%9f%9a%9c%f0%9f%92%9b-vem-ai-o-5o-encontro-de-tratores-cbt\\\/\",\"url\":\"https:\\\/\\\/www.encontraparana.com.br\\\/toledo\\\/%f0%9f%9a%9c%f0%9f%92%9b-vem-ai-o-5o-encontro-de-tratores-cbt\\\/\",\"name\":\"\ud83d\ude9c\ud83d\udc9b Vem a\u00ed o 5\u00ba Encontro de Tratores CBT! | Guia Comercial de Toledo PR\",\"isPartOf\":{\"@id\":\"https:\\\/\\\/www.encontraparana.com.br\\\/toledo\\\/#website\"},\"primaryImageOfPage\":{\"@id\":\"https:\\\/\\\/www.encontraparana.com.br\\\/toledo\\\/%f0%9f%9a%9c%f0%9f%92%9b-vem-ai-o-5o-encontro-de-tratores-cbt\\\/#primaryimage\"},\"image\":{\"@id\":\"https:\\\/\\\/www.encontraparana.com.br\\\/toledo\\\/%f0%9f%9a%9c%f0%9f%92%9b-vem-ai-o-5o-encontro-de-tratores-cbt\\\/#primaryimage\"},\"thumbnailUrl\":\"https:\\\/\\\/www.encontraparana.com.br\\\/toledo\\\/wp-content\\\/uploads\\\/2026\\\/08\\\/vem-ai-o-5-encontro-de-tratores-cbt.webp\",\"datePublished\":\"2026-08-15T01:58:53+00:00\",\"author\":{\"@id\":\"https:\\\/\\\/www.encontraparana.com.br\\\/toledo\\\/#\\\/schema\\\/person\\\/3b3bd5c0e2969177418b8c8e4729fd0a\"},\"inLanguage\":\"pt-BR\",\"potentialAction\":[{\"@type\":\"ReadAction\",\"target\":[\"https:\\\/\\\/www.encontraparana.com.br\\\/toledo\\\/%f0%9f%9a%9c%f0%9f%92%9b-vem-ai-o-5o-encontro-de-tratores-cbt\\\/\"]}]},{\"@type\":\"ImageObject\",\"inLanguage\":\"pt-BR\",\"@id\":\"https:\\\/\\\/www.encontraparana.com.br\\\/toledo\\\/%f0%9f%9a%9c%f0%9f%92%9b-vem-ai-o-5o-encontro-de-tratores-cbt\\\/#primaryimage\",\"url\":\"https:\\\/\\\/www.encontraparana.com.br\\\/toledo\\\/wp-content\\\/uploads\\\/2026\\\/08\\\/vem-ai-o-5-encontro-de-tratores-cbt.webp\",\"contentUrl\":\"https:\\\/\\\/www.encontraparana.com.br\\\/toledo\\\/wp-content\\\/uploads\\\/2026\\\/08\\\/vem-ai-o-5-encontro-de-tratores-cbt.webp\",\"width\":280,\"height\":280,\"caption\":\"5\u00ba Encontro de Tratores CBT\"},{\"@type\":\"WebSite\",\"@id\":\"https:\\\/\\\/www.encontraparana.com.br\\\/toledo\\\/#website\",\"url\":\"https:\\\/\\\/www.encontraparana.com.br\\\/toledo\\\/\",\"name\":\"Guia Comercial de Toledo PR\",\"description\":\"ENCONTRA TOLEDO - O guia comercial de neg\u00f3cios e empresas, cultura e divers\u00e3o na cidade de Toledo. Feito 100% para voc\u00ea morador!\",\"potentialAction\":[{\"@type\":\"SearchAction\",\"target\":{\"@type\":\"EntryPoint\",\"urlTemplate\":\"https:\\\/\\\/www.encontraparana.com.br\\\/toledo\\\/?s={search_term_string}\"},\"query-input\":{\"@type\":\"PropertyValueSpecification\",\"valueRequired\":true,\"valueName\":\"search_term_string\"}}],\"inLanguage\":\"pt-BR\"},{\"@type\":\"Person\",\"@id\":\"https:\\\/\\\/www.encontraparana.com.br\\\/toledo\\\/#\\\/schema\\\/person\\\/3b3bd5c0e2969177418b8c8e4729fd0a\",\"name\":\"Encontra Toledo\",\"image\":{\"@type\":\"ImageObject\",\"inLanguage\":\"pt-BR\",\"@id\":\"https:\\\/\\\/secure.gravatar.com\\\/avatar\\\/c50c17820bcf322f0a8fd6b110b8c0918141409dc69076470f6fca5fee70a5d4?s=96&d=mm&r=g\",\"url\":\"https:\\\/\\\/secure.gravatar.com\\\/avatar\\\/c50c17820bcf322f0a8fd6b110b8c0918141409dc69076470f6fca5fee70a5d4?s=96&d=mm&r=g\",\"contentUrl\":\"https:\\\/\\\/secure.gravatar.com\\\/avatar\\\/c50c17820bcf322f0a8fd6b110b8c0918141409dc69076470f6fca5fee70a5d4?s=96&d=mm&r=g\",\"caption\":\"Encontra Toledo\"},\"url\":\"https:\\\/\\\/www.encontraparana.com.br\\\/toledo\\\/author\\\/encontratoledo\\\/\"}]}<\/script>\n<!-- \/ Yoast SEO plugin. -->","yoast_head_json":{"title":"\ud83d\ude9c\ud83d\udc9b Vem a\u00ed o 5\u00ba Encontro de Tratores CBT! | Guia Comercial de Toledo PR","robots":{"index":"index","follow":"follow","max-snippet":"max-snippet:-1","max-image-preview":"max-image-preview:large","max-video-preview":"max-video-preview:-1"},"canonical":"https:\/\/www.encontraparana.com.br\/toledo\/\ud83d\ude9c\ud83d\udc9b-vem-ai-o-5o-encontro-de-tratores-cbt\/","og_locale":"pt_BR","og_type":"article","og_title":"\ud83d\ude9c\ud83d\udc9b Vem a\u00ed o 5\u00ba Encontro de Tratores CBT! | Guia Comercial de Toledo PR","og_description":"\ud83d\ude9c\ud83d\udc9b Participe do 5\u00ba Encontro de Tratores CBT e viva a paix\u00e3o pelo agro!","og_url":"https:\/\/www.encontraparana.com.br\/toledo\/\ud83d\ude9c\ud83d\udc9b-vem-ai-o-5o-encontro-de-tratores-cbt\/","og_site_name":"Guia Comercial de Toledo PR","article_published_time":"2026-08-15T01:58:53+00:00","og_image":[{"url":"https:\/\/www.encontraparana.com.br\/toledo\/wp-content\/uploads\/2026\/08\/vem-ai-o-5-encontro-de-tratores-cbt.webp","type":"","width":"","height":""}],"author":"Encontra Toledo","twitter_card":"summary_large_image","twitter_misc":{"Escrito por":"Encontra Toledo","Est. tempo de leitura":"4 minutos"},"schema":{"@context":"https:\/\/schema.org","@graph":[{"@type":"Article","@id":"https:\/\/www.encontraparana.com.br\/toledo\/%f0%9f%9a%9c%f0%9f%92%9b-vem-ai-o-5o-encontro-de-tratores-cbt\/#article","isPartOf":{"@id":"https:\/\/www.encontraparana.com.br\/toledo\/%f0%9f%9a%9c%f0%9f%92%9b-vem-ai-o-5o-encontro-de-tratores-cbt\/"},"author":{"name":"Encontra Toledo","@id":"https:\/\/www.encontraparana.com.br\/toledo\/#\/schema\/person\/3b3bd5c0e2969177418b8c8e4729fd0a"},"headline":"\ud83d\ude9c\ud83d\udc9b Vem a\u00ed o 5\u00ba Encontro de Tratores CBT!","datePublished":"2026-08-15T01:58:53+00:00","mainEntityOfPage":{"@id":"https:\/\/www.encontraparana.com.br\/toledo\/%f0%9f%9a%9c%f0%9f%92%9b-vem-ai-o-5o-encontro-de-tratores-cbt\/"},"wordCount":857,"commentCount":0,"image":{"@id":"https:\/\/www.encontraparana.com.br\/toledo\/%f0%9f%9a%9c%f0%9f%92%9b-vem-ai-o-5o-encontro-de-tratores-cbt\/#primaryimage"},"thumbnailUrl":"https:\/\/www.encontraparana.com.br\/toledo\/wp-content\/uploads\/2026\/08\/vem-ai-o-5-encontro-de-tratores-cbt.webp","articleSection":["Eventos Toledo"],"inLanguage":"pt-BR","potentialAction":[{"@type":"CommentAction","name":"Comment","target":["https:\/\/www.encontraparana.com.br\/toledo\/%f0%9f%9a%9c%f0%9f%92%9b-vem-ai-o-5o-encontro-de-tratores-cbt\/#respond"]}]},{"@type":"WebPage","@id":"https:\/\/www.encontraparana.com.br\/toledo\/%f0%9f%9a%9c%f0%9f%92%9b-vem-ai-o-5o-encontro-de-tratores-cbt\/","url":"https:\/\/www.encontraparana.com.br\/toledo\/%f0%9f%9a%9c%f0%9f%92%9b-vem-ai-o-5o-encontro-de-tratores-cbt\/","name":"\ud83d\ude9c\ud83d\udc9b Vem a\u00ed o 5\u00ba Encontro de Tratores CBT! | Guia Comercial de Toledo PR","isPartOf":{"@id":"https:\/\/www.encontraparana.com.br\/toledo\/#website"},"primaryImageOfPage":{"@id":"https:\/\/www.encontraparana.com.br\/toledo\/%f0%9f%9a%9c%f0%9f%92%9b-vem-ai-o-5o-encontro-de-tratores-cbt\/#primaryimage"},"image":{"@id":"https:\/\/www.encontraparana.com.br\/toledo\/%f0%9f%9a%9c%f0%9f%92%9b-vem-ai-o-5o-encontro-de-tratores-cbt\/#primaryimage"},"thumbnailUrl":"https:\/\/www.encontraparana.com.br\/toledo\/wp-content\/uploads\/2026\/08\/vem-ai-o-5-encontro-de-tratores-cbt.webp","datePublished":"2026-08-15T01:58:53+00:00","author":{"@id":"https:\/\/www.encontraparana.com.br\/toledo\/#\/schema\/person\/3b3bd5c0e2969177418b8c8e4729fd0a"},"inLanguage":"pt-BR","potentialAction":[{"@type":"ReadAction","target":["https:\/\/www.encontraparana.com.br\/toledo\/%f0%9f%9a%9c%f0%9f%92%9b-vem-ai-o-5o-encontro-de-tratores-cbt\/"]}]},{"@type":"ImageObject","inLanguage":"pt-BR","@id":"https:\/\/www.encontraparana.com.br\/toledo\/%f0%9f%9a%9c%f0%9f%92%9b-vem-ai-o-5o-encontro-de-tratores-cbt\/#primaryimage","url":"https:\/\/www.encontraparana.com.br\/toledo\/wp-content\/uploads\/2026\/08\/vem-ai-o-5-encontro-de-tratores-cbt.webp","contentUrl":"https:\/\/www.encontraparana.com.br\/toledo\/wp-content\/uploads\/2026\/08\/vem-ai-o-5-encontro-de-tratores-cbt.webp","width":280,"height":280,"caption":"5\u00ba Encontro de Tratores CBT"},{"@type":"WebSite","@id":"https:\/\/www.encontraparana.com.br\/toledo\/#website","url":"https:\/\/www.encontraparana.com.br\/toledo\/","name":"Guia Comercial de Toledo PR","description":"ENCONTRA TOLEDO - O guia comercial de neg\u00f3cios e empresas, cultura e divers\u00e3o na cidade de Toledo. Feito 100% para voc\u00ea morador!","potentialAction":[{"@type":"SearchAction","target":{"@type":"EntryPoint","urlTemplate":"https:\/\/www.encontraparana.com.br\/toledo\/?s={search_term_string}"},"query-input":{"@type":"PropertyValueSpecification","valueRequired":true,"valueName":"search_term_string"}}],"inLanguage":"pt-BR"},{"@type":"Person","@id":"https:\/\/www.encontraparana.com.br\/toledo\/#\/schema\/person\/3b3bd5c0e2969177418b8c8e4729fd0a","name":"Encontra Toledo","image":{"@type":"ImageObject","inLanguage":"pt-BR","@id":"https:\/\/secure.gravatar.com\/avatar\/c50c17820bcf322f0a8fd6b110b8c0918141409dc69076470f6fca5fee70a5d4?s=96&d=mm&r=g","url":"https:\/\/secure.gravatar.com\/avatar\/c50c17820bcf322f0a8fd6b110b8c0918141409dc69076470f6fca5fee70a5d4?s=96&d=mm&r=g","contentUrl":"https:\/\/secure.gravatar.com\/avatar\/c50c17820bcf322f0a8fd6b110b8c0918141409dc69076470f6fca5fee70a5d4?s=96&d=mm&r=g","caption":"Encontra Toledo"},"url":"https:\/\/www.encontraparana.com.br\/toledo\/author\/encontratoledo\/"}]}},"_links":{"self":[{"href":"https:\/\/www.encontraparana.com.br\/toledo\/wp-json\/wp\/v2\/posts\/5523","targetHints":{"allow":["GET"]}}],"collection":[{"href":"https:\/\/www.encontraparana.com.br\/toledo\/wp-json\/wp\/v2\/posts"}],"about":[{"href":"https:\/\/www.encontraparana.com.br\/toledo\/wp-json\/wp\/v2\/types\/post"}],"author":[{"embeddable":true,"href":"https:\/\/www.encontraparana.com.br\/toledo\/wp-json\/wp\/v2\/users\/1"}],"replies":[{"embeddable":true,"href":"https:\/\/www.encontraparana.com.br\/toledo\/wp-json\/wp\/v2\/comments?post=5523"}],"version-history":[{"count":0,"href":"https:\/\/www.encontraparana.com.br\/toledo\/wp-json\/wp\/v2\/posts\/5523\/revisions"}],"wp:featuredmedia":[{"embeddable":true,"href":"https:\/\/www.encontraparana.com.br\/toledo\/wp-json\/wp\/v2\/media\/5522"}],"wp:attachment":[{"href":"https:\/\/www.encontraparana.com.br\/toledo\/wp-json\/wp\/v2\/media?parent=5523"}],"wp:term":[{"taxonomy":"category","embeddable":true,"href":"https:\/\/www.encontraparana.com.br\/toledo\/wp-json\/wp\/v2\/categories?post=5523"},{"taxonomy":"post_tag","embeddable":true,"href":"https:\/\/www.encontraparana.com.br\/toledo\/wp-json\/wp\/v2\/tags?post=5523"}],"curies":[{"name":"wp","href":"https:\/\/api.w.org\/{rel}","templated":true}]}}