{"id":5549,"date":"2026-08-18T07:04:47","date_gmt":"2026-08-18T10:04:47","guid":{"rendered":"https:\/\/www.encontraparana.com.br\/toledo\/escola-de-pais-aborda-uso-das-telas-digitais-na-infancia-em-toledo\/"},"modified":"2026-08-18T07:04:47","modified_gmt":"2026-08-18T10:04:47","slug":"escola-de-pais-aborda-uso-das-telas-digitais-na-infancia-em-toledo","status":"publish","type":"post","link":"https:\/\/www.encontraparana.com.br\/toledo\/escola-de-pais-aborda-uso-das-telas-digitais-na-infancia-em-toledo\/","title":{"rendered":"Escola de Pais aborda uso das telas digitais na inf\u00e2ncia em Toledo"},"content":{"rendered":"<h2>A Import\u00e2ncia da Educa\u00e7\u00e3o Digital<\/h2>\n<p>Nos dias atuais, a educa\u00e7\u00e3o digital se tornou um tema central nas discuss\u00f5es sobre o desenvolvimento das crian\u00e7as. A integra\u00e7\u00e3o de telas eletr\u00f4nicas na rotina infantil deve ser abordada com aten\u00e7\u00e3o especial, visto que influencia o aprendizado e o comportamento dos pequenos. \u00c9 essencial que educadores e pais compreendam a import\u00e2ncia da media\u00e7\u00e3o do uso dessas ferramentas, promovendo um ambiente onde a tecnologia seja uma aliada no processo educativo.<\/p>\n<h2>Impactos das Telas na Crian\u00e7a<\/h2>\n<p>Os impactos do uso excessivo de telas na inf\u00e2ncia s\u00e3o variados e complexos. Psic\u00f3logos e especialistas em desenvolvimento infantil t\u00eam alertado sobre as consequ\u00eancias que isso pode trazer. Entre os principais efeitos observados, encontramos:<\/p>\n<ul>\n<li><strong>Cognitivo:<\/strong> O uso prolongado de dispositivos pode prejudicar a capacidade de concentra\u00e7\u00e3o e a mem\u00f3ria.<\/li>\n<li><strong>F\u00edsico:<\/strong> O sedentarismo provocado pela perman\u00eancia em frente a telas tem levado ao aumento de problemas de sa\u00fade, como obesidade.<\/li>\n<li><strong>Emocional:<\/strong> O uso descontrolado pode resultar em ansiedade e dist\u00farbios no sono em crian\u00e7as.<\/li>\n<li><strong>Social:<\/strong> As intera\u00e7\u00f5es presenciais podem ser prejudicadas, levando a dificuldades em desenvolver habilidades sociais adequadas.<\/li>\n<\/ul>\n<h2>Gest\u00e3o do Tempo de Tela<\/h2>\n<p>Estabelecer uma gest\u00e3o equilibrada do tempo em frente \u00e0s telas \u00e9 fundamental. Pais e educadores devem atuar juntos para definir limites. Algumas estrat\u00e9gias a serem consideradas incluem:<\/p>\n<p><img decoding=\"async\" src=\"https:\/\/www.encontraparana.com.br\/toledo\/wp-content\/uploads\/2026\/08\/escola-de-pais-aborda-uso-das-telas-digitais-na-infancia-em-toledo.webp\" alt=\"uso das telas digitais\" loading=\"lazy\" \/><\/p>\n<ul>\n<li><strong>Estabelecimento de Regras:<\/strong> Definir hor\u00e1rios espec\u00edficos para o uso de dispositivos, incentivando a altern\u00e2ncia entre atividades digitais e n\u00e3o digitais.<\/li>\n<li><strong>Educa\u00e7\u00e3o sobre Conte\u00fado:<\/strong> Direcionar as crian\u00e7as para o uso de aplicativos e plataformas educativas que estimulem o aprendizado e a criatividade.<\/li>\n<li><strong>Modelagem Comportamental:<\/strong> Pais devem dar o exemplo, moderando seu pr\u00f3prio uso de tecnologia em fam\u00edlia.<\/li>\n<\/ul>\n<h2>Estrat\u00e9gias para Uso Saud\u00e1vel<\/h2>\n<p>A promo\u00e7\u00e3o de um ambiente digital saud\u00e1vel \u00e9 essencial. Algumas estrat\u00e9gias incluem:<\/p>\n<ul>\n<li><strong>Atividades em Fam\u00edlia:<\/strong> Criar momentos em fam\u00edlia que incluam jogos de tabuleiro, leitura, e passeios ao ar livre como alternativas \u00e0s telas.<\/li>\n<li><strong>Momentos de Desconex\u00e3o:<\/strong> Incentivar per\u00edodos sem tecnologia, podendo ser durante as refei\u00e7\u00f5es ou antes de dormir.<\/li>\n<li><strong>Avalia\u00e7\u00e3o de Conte\u00fados:<\/strong> Acompanhar e discutir os conte\u00fados que as crian\u00e7as consomem, promovendo uma cr\u00edtica saud\u00e1vel.<\/li>\n<\/ul>\n<h2>O Papel da Escola e da Fam\u00edlia<\/h2>\n<p>A colabora\u00e7\u00e3o entre escolas e fam\u00edlias \u00e9 vital para o desenvolvimento saud\u00e1vel das crian\u00e7as. A parceria serve para:<\/p>\n<ul>\n<li><strong>Coopera\u00e7\u00e3o:<\/strong> Profissionais da educa\u00e7\u00e3o e pais devem alinhar suas abordagens em rela\u00e7\u00e3o ao uso da tecnologia.<\/li>\n<li><strong>Forma\u00e7\u00e3o:<\/strong> Realizar oficinas e reuni\u00f5es para discutir as melhores pr\u00e1ticas e m\u00e9todos de ensino que incluam a tecnologia de forma construtiva.<\/li>\n<\/ul>\n<h2>Palestra com Especialistas<\/h2>\n<p>Palestras e encontros com especialistas, como a que ser\u00e1 oferecida pela doutora Rejane Teixeira Coelho, t\u00eam papel essencial em informar e educar os pais sobre os desafios atuais da educa\u00e7\u00e3o digital. Os encontros permitem que os pais:<\/p>\n<ul>\n<li><strong>Aprendam:<\/strong> Recebam orienta\u00e7\u00f5es e dicas pr\u00e1ticas sobre como lidar com a presen\u00e7a de telas na vida cotidiana.<\/li>\n<li><strong>Compartilhem D\u00favidas:<\/strong> Criem um espa\u00e7o para discutir inseguran\u00e7as e buscar solu\u00e7\u00f5es conjuntas.<\/li>\n<\/ul>\n<h2>Dicas para Pais<\/h2>\n<p>Para os pais que desejam promover um uso saud\u00e1vel das telas, algumas dicas pr\u00e1ticas podem ser implementadas:<\/p>\n<ul>\n<li><strong>Estabele\u00e7a Limites:<\/strong> Defina e cumpra hor\u00e1rios de uso de dispositivos.<\/li>\n<li><strong>Fomente Discuss\u00f5es:<\/strong> Converse frequentemente com seus filhos sobre o que eles est\u00e3o assistindo ou fazendo online, promovendo um di\u00e1logo aberto.<\/li>\n<li><strong>Utilize Recursos Educacionais:<\/strong> Encoraje o uso de plataformas que ofere\u00e7am conte\u00fados educativos e interativos.<\/li>\n<\/ul>\n<h2>Considera\u00e7\u00f5es sobre Seguran\u00e7a<\/h2>\n<p>A seguran\u00e7a digital \u00e9 uma preocupa\u00e7\u00e3o crescente. Os pais devem estar atentos para proteger seus filhos de conte\u00fados inadequados e intera\u00e7\u00f5es perigosas. Algumas a\u00e7\u00f5es incluem:<\/p>\n<ul>\n<li><strong>Monitoramento:<\/strong> Acompanhar as atividades online e verificar as configura\u00e7\u00f5es de privacidade.<\/li>\n<li><strong>Ferramentas de Controle:<\/strong> Utilizar aplicativos que ajudam a gerenciar o tempo e o tipo de conte\u00fado acessado.<\/li>\n<li><strong>Educa\u00e7\u00e3o sobre Seguran\u00e7a Online:<\/strong> Ensinar as crian\u00e7as sobre o que deve ser compartilhado e com quem.<\/li>\n<\/ul>\n<h2>Recursos Educacionais Digitais<\/h2>\n<p>A tecnologia oferece uma vasta gama de recursos que podem ser explorados para complementar a educa\u00e7\u00e3o das crian\u00e7as. Entre as op\u00e7\u00f5es est\u00e3o:<\/p>\n<ul>\n<li><strong>Aplicativos Educativos:<\/strong> Ferramentas que tornam o aprendizado l\u00fadico e interativo.<\/li>\n<li><strong>Plataformas de Aprendizagem:<\/strong> Sites que oferecem cursos online e espa\u00e7os para discuss\u00f5es.<\/li>\n<li><strong>V\u00eddeos Educativos:<\/strong> Conte\u00fados em formato audiovisual que facilitam o entendimento de diversos assuntos.<\/li>\n<\/ul>\n<h2>Tend\u00eancias Futuras na Educa\u00e7\u00e3o Digital<\/h2>\n<p>O futuro da educa\u00e7\u00e3o est\u00e1 intimamente ligado \u00e0 evolu\u00e7\u00e3o digital. Algumas tend\u00eancias emergentes incluem:<\/p>\n<ul>\n<li><strong>Aprendizagem Personalizada:<\/strong> Tecnologias que adaptam o conte\u00fado ao ritmo e estilo de aprendizado das crian\u00e7as.<\/li>\n<li><strong>Gamifica\u00e7\u00e3o:<\/strong> A inclus\u00e3o de elementos de jogo para engajar os alunos e facilitar o aprendizado.<\/li>\n<li><strong>Realidade Aumentada e Virtual:<\/strong> Ferramentas que proporcionam experi\u00eancias imersivas, enriquecendo a aprendizagem.<\/li>\n<\/ul>\n","protected":false},"excerpt":{"rendered":"<p>Escola de Pais discute a import\u00e2ncia do uso seguro das telas digitais na inf\u00e2ncia.<\/p>\n","protected":false},"author":1,"featured_media":5548,"comment_status":"open","ping_status":"open","sticky":false,"template":"","format":"standard","meta":{"footnotes":""},"categories":[5],"tags":[],"class_list":["post-5549","post","type-post","status-publish","format-standard","has-post-thumbnail","hentry","category-noticias","has_thumb"],"yoast_head":"<!-- This site is optimized with the Yoast SEO plugin v28.1 - https:\/\/yoast.com\/product\/yoast-seo-wordpress\/ -->\n<title>Escola de Pais aborda uso das telas digitais na inf\u00e2ncia em Toledo | Guia Comercial de Toledo PR<\/title>\n<meta name=\"robots\" content=\"index, follow, max-snippet:-1, max-image-preview:large, max-video-preview:-1\" \/>\n<link rel=\"canonical\" href=\"https:\/\/www.encontraparana.com.br\/toledo\/escola-de-pais-aborda-uso-das-telas-digitais-na-infancia-em-toledo\/\" \/>\n<meta property=\"og:locale\" content=\"pt_BR\" \/>\n<meta property=\"og:type\" content=\"article\" \/>\n<meta property=\"og:title\" content=\"Escola de Pais aborda uso das telas digitais na inf\u00e2ncia em Toledo | Guia Comercial de Toledo PR\" \/>\n<meta property=\"og:description\" content=\"Escola de Pais discute a import\u00e2ncia do uso seguro das telas digitais na inf\u00e2ncia.\" \/>\n<meta property=\"og:url\" content=\"https:\/\/www.encontraparana.com.br\/toledo\/escola-de-pais-aborda-uso-das-telas-digitais-na-infancia-em-toledo\/\" \/>\n<meta property=\"og:site_name\" content=\"Guia Comercial de Toledo PR\" \/>\n<meta property=\"article:published_time\" content=\"2026-08-18T10:04:47+00:00\" \/>\n<meta property=\"og:image\" content=\"https:\/\/www.encontraparana.com.br\/toledo\/wp-content\/uploads\/2026\/08\/escola-de-pais-aborda-uso-das-telas-digitais-na-infancia-em-toledo.webp\" \/>\n<meta name=\"author\" content=\"Encontra Toledo\" \/>\n<meta name=\"twitter:card\" content=\"summary_large_image\" \/>\n<meta name=\"twitter:label1\" content=\"Escrito por\" \/>\n\t<meta name=\"twitter:data1\" content=\"Encontra Toledo\" \/>\n\t<meta name=\"twitter:label2\" content=\"Est. tempo de leitura\" \/>\n\t<meta name=\"twitter:data2\" content=\"4 minutos\" \/>\n<script type=\"application\/ld+json\" class=\"yoast-schema-graph\">{\"@context\":\"https:\\\/\\\/schema.org\",\"@graph\":[{\"@type\":\"Article\",\"@id\":\"https:\\\/\\\/www.encontraparana.com.br\\\/toledo\\\/escola-de-pais-aborda-uso-das-telas-digitais-na-infancia-em-toledo\\\/#article\",\"isPartOf\":{\"@id\":\"https:\\\/\\\/www.encontraparana.com.br\\\/toledo\\\/escola-de-pais-aborda-uso-das-telas-digitais-na-infancia-em-toledo\\\/\"},\"author\":{\"name\":\"Encontra Toledo\",\"@id\":\"https:\\\/\\\/www.encontraparana.com.br\\\/toledo\\\/#\\\/schema\\\/person\\\/3b3bd5c0e2969177418b8c8e4729fd0a\"},\"headline\":\"Escola de Pais aborda uso das telas digitais na inf\u00e2ncia em Toledo\",\"datePublished\":\"2026-08-18T10:04:47+00:00\",\"mainEntityOfPage\":{\"@id\":\"https:\\\/\\\/www.encontraparana.com.br\\\/toledo\\\/escola-de-pais-aborda-uso-das-telas-digitais-na-infancia-em-toledo\\\/\"},\"wordCount\":843,\"commentCount\":0,\"image\":{\"@id\":\"https:\\\/\\\/www.encontraparana.com.br\\\/toledo\\\/escola-de-pais-aborda-uso-das-telas-digitais-na-infancia-em-toledo\\\/#primaryimage\"},\"thumbnailUrl\":\"https:\\\/\\\/www.encontraparana.com.br\\\/toledo\\\/wp-content\\\/uploads\\\/2026\\\/08\\\/escola-de-pais-aborda-uso-das-telas-digitais-na-infancia-em-toledo.webp\",\"articleSection\":[\"Not\u00edcias Toledo\"],\"inLanguage\":\"pt-BR\",\"potentialAction\":[{\"@type\":\"CommentAction\",\"name\":\"Comment\",\"target\":[\"https:\\\/\\\/www.encontraparana.com.br\\\/toledo\\\/escola-de-pais-aborda-uso-das-telas-digitais-na-infancia-em-toledo\\\/#respond\"]}]},{\"@type\":\"WebPage\",\"@id\":\"https:\\\/\\\/www.encontraparana.com.br\\\/toledo\\\/escola-de-pais-aborda-uso-das-telas-digitais-na-infancia-em-toledo\\\/\",\"url\":\"https:\\\/\\\/www.encontraparana.com.br\\\/toledo\\\/escola-de-pais-aborda-uso-das-telas-digitais-na-infancia-em-toledo\\\/\",\"name\":\"Escola de Pais aborda uso das telas digitais na inf\u00e2ncia em Toledo | Guia Comercial de Toledo PR\",\"isPartOf\":{\"@id\":\"https:\\\/\\\/www.encontraparana.com.br\\\/toledo\\\/#website\"},\"primaryImageOfPage\":{\"@id\":\"https:\\\/\\\/www.encontraparana.com.br\\\/toledo\\\/escola-de-pais-aborda-uso-das-telas-digitais-na-infancia-em-toledo\\\/#primaryimage\"},\"image\":{\"@id\":\"https:\\\/\\\/www.encontraparana.com.br\\\/toledo\\\/escola-de-pais-aborda-uso-das-telas-digitais-na-infancia-em-toledo\\\/#primaryimage\"},\"thumbnailUrl\":\"https:\\\/\\\/www.encontraparana.com.br\\\/toledo\\\/wp-content\\\/uploads\\\/2026\\\/08\\\/escola-de-pais-aborda-uso-das-telas-digitais-na-infancia-em-toledo.webp\",\"datePublished\":\"2026-08-18T10:04:47+00:00\",\"author\":{\"@id\":\"https:\\\/\\\/www.encontraparana.com.br\\\/toledo\\\/#\\\/schema\\\/person\\\/3b3bd5c0e2969177418b8c8e4729fd0a\"},\"inLanguage\":\"pt-BR\",\"potentialAction\":[{\"@type\":\"ReadAction\",\"target\":[\"https:\\\/\\\/www.encontraparana.com.br\\\/toledo\\\/escola-de-pais-aborda-uso-das-telas-digitais-na-infancia-em-toledo\\\/\"]}]},{\"@type\":\"ImageObject\",\"inLanguage\":\"pt-BR\",\"@id\":\"https:\\\/\\\/www.encontraparana.com.br\\\/toledo\\\/escola-de-pais-aborda-uso-das-telas-digitais-na-infancia-em-toledo\\\/#primaryimage\",\"url\":\"https:\\\/\\\/www.encontraparana.com.br\\\/toledo\\\/wp-content\\\/uploads\\\/2026\\\/08\\\/escola-de-pais-aborda-uso-das-telas-digitais-na-infancia-em-toledo.webp\",\"contentUrl\":\"https:\\\/\\\/www.encontraparana.com.br\\\/toledo\\\/wp-content\\\/uploads\\\/2026\\\/08\\\/escola-de-pais-aborda-uso-das-telas-digitais-na-infancia-em-toledo.webp\",\"width\":280,\"height\":280,\"caption\":\"uso das telas digitais\"},{\"@type\":\"WebSite\",\"@id\":\"https:\\\/\\\/www.encontraparana.com.br\\\/toledo\\\/#website\",\"url\":\"https:\\\/\\\/www.encontraparana.com.br\\\/toledo\\\/\",\"name\":\"Guia Comercial de Toledo PR\",\"description\":\"ENCONTRA TOLEDO - O guia comercial de neg\u00f3cios e empresas, cultura e divers\u00e3o na cidade de Toledo. Feito 100% para voc\u00ea morador!\",\"potentialAction\":[{\"@type\":\"SearchAction\",\"target\":{\"@type\":\"EntryPoint\",\"urlTemplate\":\"https:\\\/\\\/www.encontraparana.com.br\\\/toledo\\\/?s={search_term_string}\"},\"query-input\":{\"@type\":\"PropertyValueSpecification\",\"valueRequired\":true,\"valueName\":\"search_term_string\"}}],\"inLanguage\":\"pt-BR\"},{\"@type\":\"Person\",\"@id\":\"https:\\\/\\\/www.encontraparana.com.br\\\/toledo\\\/#\\\/schema\\\/person\\\/3b3bd5c0e2969177418b8c8e4729fd0a\",\"name\":\"Encontra Toledo\",\"image\":{\"@type\":\"ImageObject\",\"inLanguage\":\"pt-BR\",\"@id\":\"https:\\\/\\\/secure.gravatar.com\\\/avatar\\\/c50c17820bcf322f0a8fd6b110b8c0918141409dc69076470f6fca5fee70a5d4?s=96&d=mm&r=g\",\"url\":\"https:\\\/\\\/secure.gravatar.com\\\/avatar\\\/c50c17820bcf322f0a8fd6b110b8c0918141409dc69076470f6fca5fee70a5d4?s=96&d=mm&r=g\",\"contentUrl\":\"https:\\\/\\\/secure.gravatar.com\\\/avatar\\\/c50c17820bcf322f0a8fd6b110b8c0918141409dc69076470f6fca5fee70a5d4?s=96&d=mm&r=g\",\"caption\":\"Encontra Toledo\"},\"url\":\"https:\\\/\\\/www.encontraparana.com.br\\\/toledo\\\/author\\\/encontratoledo\\\/\"}]}<\/script>\n<!-- \/ Yoast SEO plugin. -->","yoast_head_json":{"title":"Escola de Pais aborda uso das telas digitais na inf\u00e2ncia em Toledo | Guia Comercial de Toledo PR","robots":{"index":"index","follow":"follow","max-snippet":"max-snippet:-1","max-image-preview":"max-image-preview:large","max-video-preview":"max-video-preview:-1"},"canonical":"https:\/\/www.encontraparana.com.br\/toledo\/escola-de-pais-aborda-uso-das-telas-digitais-na-infancia-em-toledo\/","og_locale":"pt_BR","og_type":"article","og_title":"Escola de Pais aborda uso das telas digitais na inf\u00e2ncia em Toledo | Guia Comercial de Toledo PR","og_description":"Escola de Pais discute a import\u00e2ncia do uso seguro das telas digitais na inf\u00e2ncia.","og_url":"https:\/\/www.encontraparana.com.br\/toledo\/escola-de-pais-aborda-uso-das-telas-digitais-na-infancia-em-toledo\/","og_site_name":"Guia Comercial de Toledo PR","article_published_time":"2026-08-18T10:04:47+00:00","og_image":[{"url":"https:\/\/www.encontraparana.com.br\/toledo\/wp-content\/uploads\/2026\/08\/escola-de-pais-aborda-uso-das-telas-digitais-na-infancia-em-toledo.webp","type":"","width":"","height":""}],"author":"Encontra Toledo","twitter_card":"summary_large_image","twitter_misc":{"Escrito por":"Encontra Toledo","Est. tempo de leitura":"4 minutos"},"schema":{"@context":"https:\/\/schema.org","@graph":[{"@type":"Article","@id":"https:\/\/www.encontraparana.com.br\/toledo\/escola-de-pais-aborda-uso-das-telas-digitais-na-infancia-em-toledo\/#article","isPartOf":{"@id":"https:\/\/www.encontraparana.com.br\/toledo\/escola-de-pais-aborda-uso-das-telas-digitais-na-infancia-em-toledo\/"},"author":{"name":"Encontra Toledo","@id":"https:\/\/www.encontraparana.com.br\/toledo\/#\/schema\/person\/3b3bd5c0e2969177418b8c8e4729fd0a"},"headline":"Escola de Pais aborda uso das telas digitais na inf\u00e2ncia em Toledo","datePublished":"2026-08-18T10:04:47+00:00","mainEntityOfPage":{"@id":"https:\/\/www.encontraparana.com.br\/toledo\/escola-de-pais-aborda-uso-das-telas-digitais-na-infancia-em-toledo\/"},"wordCount":843,"commentCount":0,"image":{"@id":"https:\/\/www.encontraparana.com.br\/toledo\/escola-de-pais-aborda-uso-das-telas-digitais-na-infancia-em-toledo\/#primaryimage"},"thumbnailUrl":"https:\/\/www.encontraparana.com.br\/toledo\/wp-content\/uploads\/2026\/08\/escola-de-pais-aborda-uso-das-telas-digitais-na-infancia-em-toledo.webp","articleSection":["Not\u00edcias Toledo"],"inLanguage":"pt-BR","potentialAction":[{"@type":"CommentAction","name":"Comment","target":["https:\/\/www.encontraparana.com.br\/toledo\/escola-de-pais-aborda-uso-das-telas-digitais-na-infancia-em-toledo\/#respond"]}]},{"@type":"WebPage","@id":"https:\/\/www.encontraparana.com.br\/toledo\/escola-de-pais-aborda-uso-das-telas-digitais-na-infancia-em-toledo\/","url":"https:\/\/www.encontraparana.com.br\/toledo\/escola-de-pais-aborda-uso-das-telas-digitais-na-infancia-em-toledo\/","name":"Escola de Pais aborda uso das telas digitais na inf\u00e2ncia em Toledo | Guia Comercial de Toledo PR","isPartOf":{"@id":"https:\/\/www.encontraparana.com.br\/toledo\/#website"},"primaryImageOfPage":{"@id":"https:\/\/www.encontraparana.com.br\/toledo\/escola-de-pais-aborda-uso-das-telas-digitais-na-infancia-em-toledo\/#primaryimage"},"image":{"@id":"https:\/\/www.encontraparana.com.br\/toledo\/escola-de-pais-aborda-uso-das-telas-digitais-na-infancia-em-toledo\/#primaryimage"},"thumbnailUrl":"https:\/\/www.encontraparana.com.br\/toledo\/wp-content\/uploads\/2026\/08\/escola-de-pais-aborda-uso-das-telas-digitais-na-infancia-em-toledo.webp","datePublished":"2026-08-18T10:04:47+00:00","author":{"@id":"https:\/\/www.encontraparana.com.br\/toledo\/#\/schema\/person\/3b3bd5c0e2969177418b8c8e4729fd0a"},"inLanguage":"pt-BR","potentialAction":[{"@type":"ReadAction","target":["https:\/\/www.encontraparana.com.br\/toledo\/escola-de-pais-aborda-uso-das-telas-digitais-na-infancia-em-toledo\/"]}]},{"@type":"ImageObject","inLanguage":"pt-BR","@id":"https:\/\/www.encontraparana.com.br\/toledo\/escola-de-pais-aborda-uso-das-telas-digitais-na-infancia-em-toledo\/#primaryimage","url":"https:\/\/www.encontraparana.com.br\/toledo\/wp-content\/uploads\/2026\/08\/escola-de-pais-aborda-uso-das-telas-digitais-na-infancia-em-toledo.webp","contentUrl":"https:\/\/www.encontraparana.com.br\/toledo\/wp-content\/uploads\/2026\/08\/escola-de-pais-aborda-uso-das-telas-digitais-na-infancia-em-toledo.webp","width":280,"height":280,"caption":"uso das telas digitais"},{"@type":"WebSite","@id":"https:\/\/www.encontraparana.com.br\/toledo\/#website","url":"https:\/\/www.encontraparana.com.br\/toledo\/","name":"Guia Comercial de Toledo PR","description":"ENCONTRA TOLEDO - O guia comercial de neg\u00f3cios e empresas, cultura e divers\u00e3o na cidade de Toledo. Feito 100% para voc\u00ea morador!","potentialAction":[{"@type":"SearchAction","target":{"@type":"EntryPoint","urlTemplate":"https:\/\/www.encontraparana.com.br\/toledo\/?s={search_term_string}"},"query-input":{"@type":"PropertyValueSpecification","valueRequired":true,"valueName":"search_term_string"}}],"inLanguage":"pt-BR"},{"@type":"Person","@id":"https:\/\/www.encontraparana.com.br\/toledo\/#\/schema\/person\/3b3bd5c0e2969177418b8c8e4729fd0a","name":"Encontra Toledo","image":{"@type":"ImageObject","inLanguage":"pt-BR","@id":"https:\/\/secure.gravatar.com\/avatar\/c50c17820bcf322f0a8fd6b110b8c0918141409dc69076470f6fca5fee70a5d4?s=96&d=mm&r=g","url":"https:\/\/secure.gravatar.com\/avatar\/c50c17820bcf322f0a8fd6b110b8c0918141409dc69076470f6fca5fee70a5d4?s=96&d=mm&r=g","contentUrl":"https:\/\/secure.gravatar.com\/avatar\/c50c17820bcf322f0a8fd6b110b8c0918141409dc69076470f6fca5fee70a5d4?s=96&d=mm&r=g","caption":"Encontra Toledo"},"url":"https:\/\/www.encontraparana.com.br\/toledo\/author\/encontratoledo\/"}]}},"_links":{"self":[{"href":"https:\/\/www.encontraparana.com.br\/toledo\/wp-json\/wp\/v2\/posts\/5549","targetHints":{"allow":["GET"]}}],"collection":[{"href":"https:\/\/www.encontraparana.com.br\/toledo\/wp-json\/wp\/v2\/posts"}],"about":[{"href":"https:\/\/www.encontraparana.com.br\/toledo\/wp-json\/wp\/v2\/types\/post"}],"author":[{"embeddable":true,"href":"https:\/\/www.encontraparana.com.br\/toledo\/wp-json\/wp\/v2\/users\/1"}],"replies":[{"embeddable":true,"href":"https:\/\/www.encontraparana.com.br\/toledo\/wp-json\/wp\/v2\/comments?post=5549"}],"version-history":[{"count":0,"href":"https:\/\/www.encontraparana.com.br\/toledo\/wp-json\/wp\/v2\/posts\/5549\/revisions"}],"wp:featuredmedia":[{"embeddable":true,"href":"https:\/\/www.encontraparana.com.br\/toledo\/wp-json\/wp\/v2\/media\/5548"}],"wp:attachment":[{"href":"https:\/\/www.encontraparana.com.br\/toledo\/wp-json\/wp\/v2\/media?parent=5549"}],"wp:term":[{"taxonomy":"category","embeddable":true,"href":"https:\/\/www.encontraparana.com.br\/toledo\/wp-json\/wp\/v2\/categories?post=5549"},{"taxonomy":"post_tag","embeddable":true,"href":"https:\/\/www.encontraparana.com.br\/toledo\/wp-json\/wp\/v2\/tags?post=5549"}],"curies":[{"name":"wp","href":"https:\/\/api.w.org\/{rel}","templated":true}]}}