{"id":5561,"date":"2026-08-20T04:10:11","date_gmt":"2026-08-20T07:10:11","guid":{"rendered":"https:\/\/www.encontraparana.com.br\/toledo\/toledo-inicia-curso-sobre-estrategias-de-transicao-para-reforma-tributaria\/"},"modified":"2026-08-20T04:10:11","modified_gmt":"2026-08-20T07:10:11","slug":"toledo-inicia-curso-sobre-estrategias-de-transicao-para-reforma-tributaria","status":"publish","type":"post","link":"https:\/\/www.encontraparana.com.br\/toledo\/toledo-inicia-curso-sobre-estrategias-de-transicao-para-reforma-tributaria\/","title":{"rendered":"Toledo inicia curso sobre estrat\u00e9gias de transi\u00e7\u00e3o para Reforma Tribut\u00e1ria"},"content":{"rendered":"<h2>Objetivos do Curso de Reforma Tribut\u00e1ria<\/h2>\n<p>O curso &#8220;Reforma Tribut\u00e1ria e estrat\u00e9gias de transi\u00e7\u00e3o do regime tribut\u00e1rio municipal&#8221; tem como principal finalidade preparar os servidores municipais para as impactantes mudan\u00e7as ocasionadas pela reforma tribut\u00e1ria. A capacita\u00e7\u00e3o se concentra em dotar esses profissionais de conhecimentos essenciais, a fim de que possam compreender e implementar as novas diretrizes fiscais que surgir\u00e3o no cen\u00e1rio municipal.<\/p>\n<p>Entre os objetivos espec\u00edficos, est\u00e3o:<\/p>\n<ul>\n<li>Capacita\u00e7\u00e3o cont\u00ednua dos auditores fiscais tribut\u00e1rios.<\/li>\n<li>Atualiza\u00e7\u00e3o sobre as novas legisla\u00e7\u00f5es e suas implica\u00e7\u00f5es pr\u00e1ticas.<\/li>\n<li>Aperfei\u00e7oamento nas pr\u00e1ticas de administra\u00e7\u00e3o tribut\u00e1ria.<\/li>\n<li>Preparar os servidores para as adapta\u00e7\u00f5es exigidas pelo novo modelo de tributa\u00e7\u00e3o sobre o consumo.<\/li>\n<\/ul>\n<h2>Carga Hor\u00e1ria e Estrutura do Curso<\/h2>\n<p>A forma\u00e7\u00e3o programada \u00e9 composta por 60 horas de aula, distribu\u00eddas em 15 encontros que t\u00eam a dura\u00e7\u00e3o de quatro horas cada. Este formato permite uma abordagem abrangente e ao mesmo tempo aprofundada dos temas abordados, garantindo que os participantes possam adquirir conhecimento te\u00f3rico e pr\u00e1tico.<\/p>\n<p><img decoding=\"async\" src=\"https:\/\/www.encontraparana.com.br\/toledo\/wp-content\/uploads\/2026\/08\/toledo-inicia-curso-sobre-estrategias-de-transicao-para-reforma-tributaria.webp\" alt=\"Reforma Tribut\u00e1ria\" loading=\"lazy\" \/><\/p>\n<p>A estrutura do curso \u00e9 dividida da seguinte maneira:<\/p>\n<ul>\n<li>Primeiros dois encontros em agosto.<\/li>\n<li>Cinco encontros durante setembro.<\/li>\n<li>Quatro encontros em outubro.<\/li>\n<li>Quatro encontros em novembro.<\/li>\n<\/ul>\n<h2>Import\u00e2ncia da Capacita\u00e7\u00e3o para Servidores<\/h2>\n<p>A capacita\u00e7\u00e3o dos servidores p\u00fablicos \u00e9 um pilar fundamental para garantir uma transi\u00e7\u00e3o bem-sucedida em momentos de profundas altera\u00e7\u00f5es na legisla\u00e7\u00e3o fiscal. Atrav\u00e9s deste curso, busca-se melhorar a capacidade anal\u00edtica dos profissionais frente \u00e0s novas diretrizes instauradas pela Reforma Tribut\u00e1ria.<\/p>\n<p>Al\u00e9m disso, uma forma\u00e7\u00e3o robusta contribui para a efici\u00eancia do sistema tribut\u00e1rio, ao proporcionar uma melhor compreens\u00e3o das mudan\u00e7as que impactam diretamente na arrecada\u00e7\u00e3o municipal e na rela\u00e7\u00e3o entre Governo e contribuintes.<\/p>\n<h2>Principais Mudan\u00e7as da Reforma Tribut\u00e1ria<\/h2>\n<p>As altera\u00e7\u00f5es promovidas pela Reforma Tribut\u00e1ria incluem a introdu\u00e7\u00e3o do Imposto sobre Bens e Servi\u00e7os (IBS), um tributo que substituir\u00e1 diversos impostos que atualmente comp\u00f5em o sistema tribut\u00e1rio. Essa mudan\u00e7a visa simplificar o entendimento do contribuinte sobre suas obriga\u00e7\u00f5es fiscais, ao consolidar diversas legisla\u00e7\u00f5es em uma \u00fanica norma nacional.<\/p>\n<p>Entre os pontos chave dessa reforma, destacam-se:<\/p>\n<ul>\n<li>A cria\u00e7\u00e3o de um sistema compartilhado de arrecada\u00e7\u00e3o entre munic\u00edpios e estados.<\/li>\n<li>Altera\u00e7\u00f5es nos processos administrativos fiscais.<\/li>\n<li>Novas diretrizes sobre a base de c\u00e1lculo e al\u00edquota do IBS.<\/li>\n<li>Acordos de fiscaliza\u00e7\u00e3o conjunta entre diferentes esferas governamentais.<\/li>\n<\/ul>\n<h2>Implica\u00e7\u00f5es Fiscais para os Munic\u00edpios<\/h2>\n<p>Os munic\u00edpios experimentar\u00e3o mudan\u00e7as significativas na forma como recebem sua parte da arrecada\u00e7\u00e3o. Durante o per\u00edodo de transi\u00e7\u00e3o, que se estende at\u00e9 2033, o Imposto sobre Servi\u00e7os de Qualquer Natureza (ISSQN) e o Imposto sobre Circula\u00e7\u00e3o de Mercadorias e Servi\u00e7os (ICMS) continuar\u00e3o em vigor, mas a arrecada\u00e7\u00e3o do IBS ser\u00e1 coordenada de maneira distinta.<\/p>\n<p>Os munic\u00edpios somente receber\u00e3o sua participa\u00e7\u00e3o na arrecada\u00e7\u00e3o ap\u00f3s a conclus\u00e3o da cadeia de produ\u00e7\u00e3o e a realiza\u00e7\u00e3o do pagamento final do produto, alterando assim o fluxo financeiro habitual das prefeituras.<\/p>\n<h2>Aula Inaugural e Convidados Especiais<\/h2>\n<p>A aula inaugural do curso foi conduzida pelo procurador do Estado do Paran\u00e1, Eduardo Moreira Lima Rodrigues de Castro, que possui uma s\u00f3lida forma\u00e7\u00e3o acad\u00eamica na \u00e1rea do Direito e riqueza de experi\u00eancia no campo tribut\u00e1rio. Ele compartilhou suas percep\u00e7\u00f5es sobre a reforma e a import\u00e2ncia de compreender as novas diretrizes legais.<\/p>\n<p>Al\u00e9m de Eduardo, outros profissionais de destaque no Direito Tribut\u00e1rio participar\u00e3o como instrutores ao longo do curso, trazendo suas expertises para enriquecer a forma\u00e7\u00e3o dos servidores. Entre eles, podem ser destacados:<\/p>\n<ul>\n<li>Alberto Macedo<\/li>\n<li>Clarissa Mendes<\/li>\n<li>Helton Kramer Lustosa<\/li>\n<li>Leonardo Godoi<\/li>\n<li>Miqueas Liborio de Jesus<\/li>\n<li>Rodrigo Sartori Fantinel<\/li>\n<li>Vinicius Bergamini Del Pupo<\/li>\n<\/ul>\n<h2>Divis\u00e3o das Turmas e Metodologia<\/h2>\n<p>Os 83 servidores participantes do curso foram organizados em duas turmas, possibilitando um acompanhamento mais pr\u00f3ximo e eficiente das atividades. A primeira turma iniciou as aulas com as sess\u00f5es ao vivo, enquanto a segunda turma ter\u00e1 acesso a grava\u00e7\u00f5es das aulas, promovendo uma metodologia h\u00edbrida que combina ensino presencial e remoto.<\/p>\n<p>Dessa forma, a abordagem educacional \u00e9 flex\u00edvel, tornando o aprendizado acess\u00edvel a todos os servidores envolvidos na administra\u00e7\u00e3o tribut\u00e1ria.<\/p>\n<h2>Desafios da Transi\u00e7\u00e3o para o Novo Modelo<\/h2>\n<p>A transi\u00e7\u00e3o para o novo modelo tribut\u00e1rio n\u00e3o \u00e9 isenta de dificuldades. Os servidores enfrentar\u00e3o o desafio de adaptar-se a um sistema mais complexo, que exige uma alta capacidade de aprendizado e um entendimento profundo sobre as novas legisla\u00e7\u00f5es e procedimentos que estar\u00e3o em vigor.<\/p>\n<p>A nova rela\u00e7\u00e3o entre os munic\u00edpios e o Estado em rela\u00e7\u00e3o ao IBS requer que os profissionais estejam preparados para um compartilhamento de responsabilidades, que pode demandar intera\u00e7\u00e3o significativa entre v\u00e1rias esferas do governo.<\/p>\n<h2>Vig\u00eancia do Imposto sobre Bens e Servi\u00e7os<\/h2>\n<p>O IBS est\u00e1 previsto para entrar em vigor em 2033, marcando o in\u00edcio de uma nova era tribut\u00e1ria no Brasil. At\u00e9 essa data, os tributos atuais (ISSQN e ICMS) continuar\u00e3o a existir, mas haver\u00e1 uma gradual adequa\u00e7\u00e3o dos processos tribut\u00e1rios que devem seguir as regras do novo imposto.<\/p>\n<p>Os munic\u00edpios precisam se preparar para essa implementa\u00e7\u00e3o, garantindo que as pol\u00edticas fiscais estejam alinhadas com as novas exig\u00eancias e que todos os servidores estejam capacitados para lidar com as mudan\u00e7as.<\/p>\n<h2>Impacto da Reforma na Rela\u00e7\u00e3o com o Estado<\/h2>\n<p>Com a introdu\u00e7\u00e3o do IBS, a din\u00e2mica entre os munic\u00edpios e o Governo do Estado ser\u00e1 alterada. O tributo ser\u00e1 gerido de forma compartilhada, exigindo uma colabora\u00e7\u00e3o m\u00fatua na arrecada\u00e7\u00e3o e na fiscaliza\u00e7\u00e3o. Essa parceria mudar\u00e1 a maneira como os recursos s\u00e3o distribu\u00eddos e geridos entre as esferas governamentais.<\/p>\n<p>O diretor do Departamento de Receita da Secretaria da Fazenda ressalta a import\u00e2ncia que a administra\u00e7\u00e3o tribut\u00e1ria assumir\u00e1 nesse novo contexto e destaca que a capacita\u00e7\u00e3o e atualiza\u00e7\u00e3o dos servidores \u00e9 um fator cr\u00edtico para o sucesso dessa nova etapa.<\/p>\n","protected":false},"excerpt":{"rendered":"<p>Toledo inicia um curso essencial sobre a Reforma Tribut\u00e1ria para servidores.<\/p>\n","protected":false},"author":1,"featured_media":5560,"comment_status":"open","ping_status":"open","sticky":false,"template":"","format":"standard","meta":{"footnotes":""},"categories":[896],"tags":[],"class_list":["post-5561","post","type-post","status-publish","format-standard","has-post-thumbnail","hentry","category-cursos","has_thumb"],"yoast_head":"<!-- This site is optimized with the Yoast SEO plugin v28.1 - https:\/\/yoast.com\/product\/yoast-seo-wordpress\/ -->\n<title>Toledo inicia curso sobre estrat\u00e9gias de transi\u00e7\u00e3o para Reforma Tribut\u00e1ria | Guia Comercial de Toledo PR<\/title>\n<meta name=\"robots\" content=\"index, follow, max-snippet:-1, max-image-preview:large, max-video-preview:-1\" \/>\n<link rel=\"canonical\" href=\"https:\/\/www.encontraparana.com.br\/toledo\/toledo-inicia-curso-sobre-estrategias-de-transicao-para-reforma-tributaria\/\" \/>\n<meta property=\"og:locale\" content=\"pt_BR\" \/>\n<meta property=\"og:type\" content=\"article\" \/>\n<meta property=\"og:title\" content=\"Toledo inicia curso sobre estrat\u00e9gias de transi\u00e7\u00e3o para Reforma Tribut\u00e1ria | Guia Comercial de Toledo PR\" \/>\n<meta property=\"og:description\" content=\"Toledo inicia um curso essencial sobre a Reforma Tribut\u00e1ria para servidores.\" \/>\n<meta property=\"og:url\" content=\"https:\/\/www.encontraparana.com.br\/toledo\/toledo-inicia-curso-sobre-estrategias-de-transicao-para-reforma-tributaria\/\" \/>\n<meta property=\"og:site_name\" content=\"Guia Comercial de Toledo PR\" \/>\n<meta property=\"article:published_time\" content=\"2026-08-20T07:10:11+00:00\" \/>\n<meta property=\"og:image\" content=\"https:\/\/www.encontraparana.com.br\/toledo\/wp-content\/uploads\/2026\/08\/toledo-inicia-curso-sobre-estrategias-de-transicao-para-reforma-tributaria.webp\" \/>\n<meta name=\"author\" content=\"Encontra Toledo\" \/>\n<meta name=\"twitter:card\" content=\"summary_large_image\" \/>\n<meta name=\"twitter:label1\" content=\"Escrito por\" \/>\n\t<meta name=\"twitter:data1\" content=\"Encontra Toledo\" \/>\n\t<meta name=\"twitter:label2\" content=\"Est. tempo de leitura\" \/>\n\t<meta name=\"twitter:data2\" content=\"5 minutos\" \/>\n<script type=\"application\/ld+json\" class=\"yoast-schema-graph\">{\"@context\":\"https:\\\/\\\/schema.org\",\"@graph\":[{\"@type\":\"Article\",\"@id\":\"https:\\\/\\\/www.encontraparana.com.br\\\/toledo\\\/toledo-inicia-curso-sobre-estrategias-de-transicao-para-reforma-tributaria\\\/#article\",\"isPartOf\":{\"@id\":\"https:\\\/\\\/www.encontraparana.com.br\\\/toledo\\\/toledo-inicia-curso-sobre-estrategias-de-transicao-para-reforma-tributaria\\\/\"},\"author\":{\"name\":\"Encontra Toledo\",\"@id\":\"https:\\\/\\\/www.encontraparana.com.br\\\/toledo\\\/#\\\/schema\\\/person\\\/3b3bd5c0e2969177418b8c8e4729fd0a\"},\"headline\":\"Toledo inicia curso sobre estrat\u00e9gias de transi\u00e7\u00e3o para Reforma Tribut\u00e1ria\",\"datePublished\":\"2026-08-20T07:10:11+00:00\",\"mainEntityOfPage\":{\"@id\":\"https:\\\/\\\/www.encontraparana.com.br\\\/toledo\\\/toledo-inicia-curso-sobre-estrategias-de-transicao-para-reforma-tributaria\\\/\"},\"wordCount\":1048,\"commentCount\":0,\"image\":{\"@id\":\"https:\\\/\\\/www.encontraparana.com.br\\\/toledo\\\/toledo-inicia-curso-sobre-estrategias-de-transicao-para-reforma-tributaria\\\/#primaryimage\"},\"thumbnailUrl\":\"https:\\\/\\\/www.encontraparana.com.br\\\/toledo\\\/wp-content\\\/uploads\\\/2026\\\/08\\\/toledo-inicia-curso-sobre-estrategias-de-transicao-para-reforma-tributaria.webp\",\"articleSection\":[\"Cursos Toledo\"],\"inLanguage\":\"pt-BR\",\"potentialAction\":[{\"@type\":\"CommentAction\",\"name\":\"Comment\",\"target\":[\"https:\\\/\\\/www.encontraparana.com.br\\\/toledo\\\/toledo-inicia-curso-sobre-estrategias-de-transicao-para-reforma-tributaria\\\/#respond\"]}]},{\"@type\":\"WebPage\",\"@id\":\"https:\\\/\\\/www.encontraparana.com.br\\\/toledo\\\/toledo-inicia-curso-sobre-estrategias-de-transicao-para-reforma-tributaria\\\/\",\"url\":\"https:\\\/\\\/www.encontraparana.com.br\\\/toledo\\\/toledo-inicia-curso-sobre-estrategias-de-transicao-para-reforma-tributaria\\\/\",\"name\":\"Toledo inicia curso sobre estrat\u00e9gias de transi\u00e7\u00e3o para Reforma Tribut\u00e1ria | Guia Comercial de Toledo PR\",\"isPartOf\":{\"@id\":\"https:\\\/\\\/www.encontraparana.com.br\\\/toledo\\\/#website\"},\"primaryImageOfPage\":{\"@id\":\"https:\\\/\\\/www.encontraparana.com.br\\\/toledo\\\/toledo-inicia-curso-sobre-estrategias-de-transicao-para-reforma-tributaria\\\/#primaryimage\"},\"image\":{\"@id\":\"https:\\\/\\\/www.encontraparana.com.br\\\/toledo\\\/toledo-inicia-curso-sobre-estrategias-de-transicao-para-reforma-tributaria\\\/#primaryimage\"},\"thumbnailUrl\":\"https:\\\/\\\/www.encontraparana.com.br\\\/toledo\\\/wp-content\\\/uploads\\\/2026\\\/08\\\/toledo-inicia-curso-sobre-estrategias-de-transicao-para-reforma-tributaria.webp\",\"datePublished\":\"2026-08-20T07:10:11+00:00\",\"author\":{\"@id\":\"https:\\\/\\\/www.encontraparana.com.br\\\/toledo\\\/#\\\/schema\\\/person\\\/3b3bd5c0e2969177418b8c8e4729fd0a\"},\"inLanguage\":\"pt-BR\",\"potentialAction\":[{\"@type\":\"ReadAction\",\"target\":[\"https:\\\/\\\/www.encontraparana.com.br\\\/toledo\\\/toledo-inicia-curso-sobre-estrategias-de-transicao-para-reforma-tributaria\\\/\"]}]},{\"@type\":\"ImageObject\",\"inLanguage\":\"pt-BR\",\"@id\":\"https:\\\/\\\/www.encontraparana.com.br\\\/toledo\\\/toledo-inicia-curso-sobre-estrategias-de-transicao-para-reforma-tributaria\\\/#primaryimage\",\"url\":\"https:\\\/\\\/www.encontraparana.com.br\\\/toledo\\\/wp-content\\\/uploads\\\/2026\\\/08\\\/toledo-inicia-curso-sobre-estrategias-de-transicao-para-reforma-tributaria.webp\",\"contentUrl\":\"https:\\\/\\\/www.encontraparana.com.br\\\/toledo\\\/wp-content\\\/uploads\\\/2026\\\/08\\\/toledo-inicia-curso-sobre-estrategias-de-transicao-para-reforma-tributaria.webp\",\"width\":280,\"height\":280,\"caption\":\"Reforma Tribut\u00e1ria\"},{\"@type\":\"WebSite\",\"@id\":\"https:\\\/\\\/www.encontraparana.com.br\\\/toledo\\\/#website\",\"url\":\"https:\\\/\\\/www.encontraparana.com.br\\\/toledo\\\/\",\"name\":\"Guia Comercial de Toledo PR\",\"description\":\"ENCONTRA TOLEDO - O guia comercial de neg\u00f3cios e empresas, cultura e divers\u00e3o na cidade de Toledo. Feito 100% para voc\u00ea morador!\",\"potentialAction\":[{\"@type\":\"SearchAction\",\"target\":{\"@type\":\"EntryPoint\",\"urlTemplate\":\"https:\\\/\\\/www.encontraparana.com.br\\\/toledo\\\/?s={search_term_string}\"},\"query-input\":{\"@type\":\"PropertyValueSpecification\",\"valueRequired\":true,\"valueName\":\"search_term_string\"}}],\"inLanguage\":\"pt-BR\"},{\"@type\":\"Person\",\"@id\":\"https:\\\/\\\/www.encontraparana.com.br\\\/toledo\\\/#\\\/schema\\\/person\\\/3b3bd5c0e2969177418b8c8e4729fd0a\",\"name\":\"Encontra Toledo\",\"image\":{\"@type\":\"ImageObject\",\"inLanguage\":\"pt-BR\",\"@id\":\"https:\\\/\\\/secure.gravatar.com\\\/avatar\\\/c50c17820bcf322f0a8fd6b110b8c0918141409dc69076470f6fca5fee70a5d4?s=96&d=mm&r=g\",\"url\":\"https:\\\/\\\/secure.gravatar.com\\\/avatar\\\/c50c17820bcf322f0a8fd6b110b8c0918141409dc69076470f6fca5fee70a5d4?s=96&d=mm&r=g\",\"contentUrl\":\"https:\\\/\\\/secure.gravatar.com\\\/avatar\\\/c50c17820bcf322f0a8fd6b110b8c0918141409dc69076470f6fca5fee70a5d4?s=96&d=mm&r=g\",\"caption\":\"Encontra Toledo\"},\"url\":\"https:\\\/\\\/www.encontraparana.com.br\\\/toledo\\\/author\\\/encontratoledo\\\/\"}]}<\/script>\n<!-- \/ Yoast SEO plugin. -->","yoast_head_json":{"title":"Toledo inicia curso sobre estrat\u00e9gias de transi\u00e7\u00e3o para Reforma Tribut\u00e1ria | Guia Comercial de Toledo PR","robots":{"index":"index","follow":"follow","max-snippet":"max-snippet:-1","max-image-preview":"max-image-preview:large","max-video-preview":"max-video-preview:-1"},"canonical":"https:\/\/www.encontraparana.com.br\/toledo\/toledo-inicia-curso-sobre-estrategias-de-transicao-para-reforma-tributaria\/","og_locale":"pt_BR","og_type":"article","og_title":"Toledo inicia curso sobre estrat\u00e9gias de transi\u00e7\u00e3o para Reforma Tribut\u00e1ria | Guia Comercial de Toledo PR","og_description":"Toledo inicia um curso essencial sobre a Reforma Tribut\u00e1ria para servidores.","og_url":"https:\/\/www.encontraparana.com.br\/toledo\/toledo-inicia-curso-sobre-estrategias-de-transicao-para-reforma-tributaria\/","og_site_name":"Guia Comercial de Toledo PR","article_published_time":"2026-08-20T07:10:11+00:00","og_image":[{"url":"https:\/\/www.encontraparana.com.br\/toledo\/wp-content\/uploads\/2026\/08\/toledo-inicia-curso-sobre-estrategias-de-transicao-para-reforma-tributaria.webp","type":"","width":"","height":""}],"author":"Encontra Toledo","twitter_card":"summary_large_image","twitter_misc":{"Escrito por":"Encontra Toledo","Est. tempo de leitura":"5 minutos"},"schema":{"@context":"https:\/\/schema.org","@graph":[{"@type":"Article","@id":"https:\/\/www.encontraparana.com.br\/toledo\/toledo-inicia-curso-sobre-estrategias-de-transicao-para-reforma-tributaria\/#article","isPartOf":{"@id":"https:\/\/www.encontraparana.com.br\/toledo\/toledo-inicia-curso-sobre-estrategias-de-transicao-para-reforma-tributaria\/"},"author":{"name":"Encontra Toledo","@id":"https:\/\/www.encontraparana.com.br\/toledo\/#\/schema\/person\/3b3bd5c0e2969177418b8c8e4729fd0a"},"headline":"Toledo inicia curso sobre estrat\u00e9gias de transi\u00e7\u00e3o para Reforma Tribut\u00e1ria","datePublished":"2026-08-20T07:10:11+00:00","mainEntityOfPage":{"@id":"https:\/\/www.encontraparana.com.br\/toledo\/toledo-inicia-curso-sobre-estrategias-de-transicao-para-reforma-tributaria\/"},"wordCount":1048,"commentCount":0,"image":{"@id":"https:\/\/www.encontraparana.com.br\/toledo\/toledo-inicia-curso-sobre-estrategias-de-transicao-para-reforma-tributaria\/#primaryimage"},"thumbnailUrl":"https:\/\/www.encontraparana.com.br\/toledo\/wp-content\/uploads\/2026\/08\/toledo-inicia-curso-sobre-estrategias-de-transicao-para-reforma-tributaria.webp","articleSection":["Cursos Toledo"],"inLanguage":"pt-BR","potentialAction":[{"@type":"CommentAction","name":"Comment","target":["https:\/\/www.encontraparana.com.br\/toledo\/toledo-inicia-curso-sobre-estrategias-de-transicao-para-reforma-tributaria\/#respond"]}]},{"@type":"WebPage","@id":"https:\/\/www.encontraparana.com.br\/toledo\/toledo-inicia-curso-sobre-estrategias-de-transicao-para-reforma-tributaria\/","url":"https:\/\/www.encontraparana.com.br\/toledo\/toledo-inicia-curso-sobre-estrategias-de-transicao-para-reforma-tributaria\/","name":"Toledo inicia curso sobre estrat\u00e9gias de transi\u00e7\u00e3o para Reforma Tribut\u00e1ria | Guia Comercial de Toledo PR","isPartOf":{"@id":"https:\/\/www.encontraparana.com.br\/toledo\/#website"},"primaryImageOfPage":{"@id":"https:\/\/www.encontraparana.com.br\/toledo\/toledo-inicia-curso-sobre-estrategias-de-transicao-para-reforma-tributaria\/#primaryimage"},"image":{"@id":"https:\/\/www.encontraparana.com.br\/toledo\/toledo-inicia-curso-sobre-estrategias-de-transicao-para-reforma-tributaria\/#primaryimage"},"thumbnailUrl":"https:\/\/www.encontraparana.com.br\/toledo\/wp-content\/uploads\/2026\/08\/toledo-inicia-curso-sobre-estrategias-de-transicao-para-reforma-tributaria.webp","datePublished":"2026-08-20T07:10:11+00:00","author":{"@id":"https:\/\/www.encontraparana.com.br\/toledo\/#\/schema\/person\/3b3bd5c0e2969177418b8c8e4729fd0a"},"inLanguage":"pt-BR","potentialAction":[{"@type":"ReadAction","target":["https:\/\/www.encontraparana.com.br\/toledo\/toledo-inicia-curso-sobre-estrategias-de-transicao-para-reforma-tributaria\/"]}]},{"@type":"ImageObject","inLanguage":"pt-BR","@id":"https:\/\/www.encontraparana.com.br\/toledo\/toledo-inicia-curso-sobre-estrategias-de-transicao-para-reforma-tributaria\/#primaryimage","url":"https:\/\/www.encontraparana.com.br\/toledo\/wp-content\/uploads\/2026\/08\/toledo-inicia-curso-sobre-estrategias-de-transicao-para-reforma-tributaria.webp","contentUrl":"https:\/\/www.encontraparana.com.br\/toledo\/wp-content\/uploads\/2026\/08\/toledo-inicia-curso-sobre-estrategias-de-transicao-para-reforma-tributaria.webp","width":280,"height":280,"caption":"Reforma Tribut\u00e1ria"},{"@type":"WebSite","@id":"https:\/\/www.encontraparana.com.br\/toledo\/#website","url":"https:\/\/www.encontraparana.com.br\/toledo\/","name":"Guia Comercial de Toledo PR","description":"ENCONTRA TOLEDO - O guia comercial de neg\u00f3cios e empresas, cultura e divers\u00e3o na cidade de Toledo. Feito 100% para voc\u00ea morador!","potentialAction":[{"@type":"SearchAction","target":{"@type":"EntryPoint","urlTemplate":"https:\/\/www.encontraparana.com.br\/toledo\/?s={search_term_string}"},"query-input":{"@type":"PropertyValueSpecification","valueRequired":true,"valueName":"search_term_string"}}],"inLanguage":"pt-BR"},{"@type":"Person","@id":"https:\/\/www.encontraparana.com.br\/toledo\/#\/schema\/person\/3b3bd5c0e2969177418b8c8e4729fd0a","name":"Encontra Toledo","image":{"@type":"ImageObject","inLanguage":"pt-BR","@id":"https:\/\/secure.gravatar.com\/avatar\/c50c17820bcf322f0a8fd6b110b8c0918141409dc69076470f6fca5fee70a5d4?s=96&d=mm&r=g","url":"https:\/\/secure.gravatar.com\/avatar\/c50c17820bcf322f0a8fd6b110b8c0918141409dc69076470f6fca5fee70a5d4?s=96&d=mm&r=g","contentUrl":"https:\/\/secure.gravatar.com\/avatar\/c50c17820bcf322f0a8fd6b110b8c0918141409dc69076470f6fca5fee70a5d4?s=96&d=mm&r=g","caption":"Encontra Toledo"},"url":"https:\/\/www.encontraparana.com.br\/toledo\/author\/encontratoledo\/"}]}},"_links":{"self":[{"href":"https:\/\/www.encontraparana.com.br\/toledo\/wp-json\/wp\/v2\/posts\/5561","targetHints":{"allow":["GET"]}}],"collection":[{"href":"https:\/\/www.encontraparana.com.br\/toledo\/wp-json\/wp\/v2\/posts"}],"about":[{"href":"https:\/\/www.encontraparana.com.br\/toledo\/wp-json\/wp\/v2\/types\/post"}],"author":[{"embeddable":true,"href":"https:\/\/www.encontraparana.com.br\/toledo\/wp-json\/wp\/v2\/users\/1"}],"replies":[{"embeddable":true,"href":"https:\/\/www.encontraparana.com.br\/toledo\/wp-json\/wp\/v2\/comments?post=5561"}],"version-history":[{"count":0,"href":"https:\/\/www.encontraparana.com.br\/toledo\/wp-json\/wp\/v2\/posts\/5561\/revisions"}],"wp:featuredmedia":[{"embeddable":true,"href":"https:\/\/www.encontraparana.com.br\/toledo\/wp-json\/wp\/v2\/media\/5560"}],"wp:attachment":[{"href":"https:\/\/www.encontraparana.com.br\/toledo\/wp-json\/wp\/v2\/media?parent=5561"}],"wp:term":[{"taxonomy":"category","embeddable":true,"href":"https:\/\/www.encontraparana.com.br\/toledo\/wp-json\/wp\/v2\/categories?post=5561"},{"taxonomy":"post_tag","embeddable":true,"href":"https:\/\/www.encontraparana.com.br\/toledo\/wp-json\/wp\/v2\/tags?post=5561"}],"curies":[{"name":"wp","href":"https:\/\/api.w.org\/{rel}","templated":true}]}}