{"id":5589,"date":"2026-08-25T04:08:13","date_gmt":"2026-08-25T07:08:13","guid":{"rendered":"https:\/\/www.encontraparana.com.br\/toledo\/obras-estruturantes-estarao-no-centro-dos-debates-em-audiencia-publica-no-cju-europa\/"},"modified":"2026-08-25T04:08:13","modified_gmt":"2026-08-25T07:08:13","slug":"obras-estruturantes-estarao-no-centro-dos-debates-em-audiencia-publica-no-cju-europa","status":"publish","type":"post","link":"https:\/\/www.encontraparana.com.br\/toledo\/obras-estruturantes-estarao-no-centro-dos-debates-em-audiencia-publica-no-cju-europa\/","title":{"rendered":"Obras estruturantes estar\u00e3o no centro dos debates em audi\u00eancia p\u00fablica no CJU Europa"},"content":{"rendered":"<h2>O que s\u00e3o obras estruturantes?<\/h2>\n<p>As <strong>obras estruturantes<\/strong> referem-se a interven\u00e7\u00f5es significativas que visam melhorar a infraestrutura urbana e, consequentemente, promover um desenvolvimento equilibrado nas cidades. Essas obras abrangem constru\u00e7\u00f5es e melhorias em rodovias, pontes, sistemas de drenagem, cal\u00e7adas e \u00e1reas de lazer, aumentando a efici\u00eancia da mobilidade urbana e a qualidade de vida para os cidad\u00e3os.<\/p>\n<h2>Import\u00e2ncia da audi\u00eancia p\u00fablica<\/h2>\n<p>A <strong>audi\u00eancia p\u00fablica<\/strong> \u00e9 um mecanismo essencial que permite \u00e0 popula\u00e7\u00e3o participar dos processos decis\u00f3rios relacionados a obras e projetos urbanos. Durante essas audi\u00eancias, os cidad\u00e3os t\u00eam a oportunidade de expressar suas opini\u00f5es, levantar preocupa\u00e7\u00f5es e contribuir com sugest\u00f5es. Essa intera\u00e7\u00e3o n\u00e3o apenas fortalece a transpar\u00eancia da administra\u00e7\u00e3o p\u00fablica, mas tamb\u00e9m promove um di\u00e1logo aberto entre o governo e a comunidade.<\/p>\n<h2>Projetos em destaque na audi\u00eancia<\/h2>\n<p>A pr\u00f3xima audi\u00eancia p\u00fablica, que acontecer\u00e1 no <strong>Centro da Juventude Marcio Antonio Bombardelli<\/strong>, discutir\u00e1 dois projetos de destaque para a mobilidade urbana: a <strong>constru\u00e7\u00e3o da ponte estaiada<\/strong> sobre o <strong>Rio Toledo<\/strong> e a <strong>reurbaniza\u00e7\u00e3o da Rua Guerino Ant\u00f4nio Vicari<\/strong>. Ambas as iniciativas visam facilitar o tr\u00e1fego e proporcionar melhorias significativas para a infraestrutura local.<\/p>\n<p><img decoding=\"async\" src=\"https:\/\/www.encontraparana.com.br\/toledo\/wp-content\/uploads\/2026\/08\/obras-estruturantes-estarao-no-centro-dos-debates-em-audiencia-publica-no-cju-europa.webp\" alt=\"obras estruturantes\" loading=\"lazy\" \/><\/p>\n<h2>Detalhes sobre a ponte estaiada<\/h2>\n<p>A ponte estaiada \u00e9 uma obra que n\u00e3o apenas visa a travessia segura do Rio Toledo, mas tamb\u00e9m completa um sistema vi\u00e1rio mais eficiente. O projeto inclui o <strong>prolongamento da Rua Coroa do Norte<\/strong>, conectando as avenidas Marip\u00e1 e Jo\u00e3o Jos\u00e9 Muraro. Com essa liga\u00e7\u00e3o, espera-se diminuir a dist\u00e2ncia entre \u00e1reas chave, como a Grande Pioneiro e o Jardim Porto Alegre, facilitando, assim, o tr\u00e1fego.<\/p>\n<h2>Reurbaniza\u00e7\u00e3o da Rua Guerino Ant\u00f4nio Vicari<\/h2>\n<p>A reurbaniza\u00e7\u00e3o da Rua Guerino Ant\u00f4nio Vicari \u00e9 um projeto que promete transformar uma das principais vias do Jardim Santa Clara IV. A via, que j\u00e1 realiza a conex\u00e3o entre a Avenida Marip\u00e1 e o Cemit\u00e9rio Jardim da Saudade, ter\u00e1 sua capacidade aumentada. O projeto prev\u00ea o alargamento da pista de rolamento, com tr\u00eas faixas de tr\u00e1fego: uma para estacionamento e duas destinadas \u00e0 circula\u00e7\u00e3o, garantindo fluidez no tr\u00e1fego.<\/p>\n<h2>Impacto na mobilidade urbana<\/h2>\n<p>Essas obras estruturantes t\u00eam o potencial de impactar positivamente a mobilidade urbana em Toledo. Com a constru\u00e7\u00e3o da ponte e a reurbaniza\u00e7\u00e3o da Rua Guerino Ant\u00f4nio Vicari, a expectativa \u00e9 que haja uma melhoria no fluxo de ve\u00edculos e pedestres, reduzindo congestionamentos e aumentando a seguran\u00e7a nas vias. Tais melhorias t\u00eam um efeito direto na vida dos cidad\u00e3os, tornando o transporte mais eficiente e agrad\u00e1vel.<\/p>\n<h2>Participa\u00e7\u00e3o popular e sua import\u00e2ncia<\/h2>\n<p>A participa\u00e7\u00e3o da <strong>popula\u00e7\u00e3o<\/strong> na audi\u00eancia p\u00fablica \u00e9 essencial, especialmente para os propriet\u00e1rios de im\u00f3veis que poder\u00e3o ser impactados pelas obras. Durante a audi\u00eancia, ser\u00e3o fornecidas informa\u00e7\u00f5es detalhadas sobre a <strong>contribui\u00e7\u00e3o de melhoria<\/strong>, que \u00e9 um imposto que pode ser cobrado dos propriet\u00e1rios que se beneficiam diretamente das melhorias na infraestrutura. Essa transpar\u00eancia \u00e9 fundamental para garantir que a comunidade se sinta parte do processo.<\/p>\n<h2>Investimentos e recursos p\u00fablicos<\/h2>\n<p>O investimento total para os dois projetos \u00e9 de <strong>R$ 44.398.477,56<\/strong>. Deste valor, uma parte substancial, <strong>R$ 42.257.509,36<\/strong>, foi viabilizada atrav\u00e9s de conv\u00eanios com a <strong>Secretaria de Estado das Cidades<\/strong> (Secid). Mais especificamente, <strong>R$ 40.678.395,77<\/strong> s\u00e3o destinados \u00e0 constru\u00e7\u00e3o da ponte estaiada e <strong>R$ 1.579.113,59<\/strong> para a reurbaniza\u00e7\u00e3o da rua mencionada. O munic\u00edpio tamb\u00e9m est\u00e1 investindo <strong>R$ 2.140.968,20<\/strong> como contrapartida na ponte.<\/p>\n<h2>Como as obras trazem valoriza\u00e7\u00e3o<\/h2>\n<p>A realiza\u00e7\u00e3o de obras estruturantes como estas tende a resultar em uma valoriza\u00e7\u00e3o dos im\u00f3veis nas \u00e1reas afetadas. Com a melhoria na infraestrutura e na mobilidade, a qualidade de vida aumenta, atraindo novos moradores e neg\u00f3cios. Esta valoriza\u00e7\u00e3o acaba sendo um reflexo do investimento e da aten\u00e7\u00e3o dada ao urbanismo e \u00e0 habita\u00e7\u00e3o dentro da cidade.<\/p>\n<h2>O futuro da infraestrutura em Toledo<\/h2>\n<p>As iniciativas em curso em Toledo s\u00e3o um passo significativo para um futuro mais estruturado e planejado. Com a constante necessidade de melhorias na infraestrutura urbana, o foco em obras estruturantes garantir\u00e1 que a cidade possa atender \u00e0s demandas de crescimento populacional e mobilidade, criando um ambiente mais adequado e sustent\u00e1vel para todos os seus cidad\u00e3os.<\/p>\n","protected":false},"excerpt":{"rendered":"<p>Obras estruturantes em audi\u00eancia p\u00fablica: participe e saiba mais!<\/p>\n","protected":false},"author":1,"featured_media":5588,"comment_status":"open","ping_status":"open","sticky":false,"template":"","format":"standard","meta":{"footnotes":""},"categories":[5],"tags":[],"class_list":["post-5589","post","type-post","status-publish","format-standard","has-post-thumbnail","hentry","category-noticias","has_thumb"],"yoast_head":"<!-- This site is optimized with the Yoast SEO plugin v28.1 - https:\/\/yoast.com\/product\/yoast-seo-wordpress\/ -->\n<title>Obras estruturantes estar\u00e3o no centro dos debates em audi\u00eancia p\u00fablica no CJU Europa | Guia Comercial de Toledo PR<\/title>\n<meta name=\"robots\" content=\"index, follow, max-snippet:-1, max-image-preview:large, max-video-preview:-1\" \/>\n<link rel=\"canonical\" href=\"https:\/\/www.encontraparana.com.br\/toledo\/obras-estruturantes-estarao-no-centro-dos-debates-em-audiencia-publica-no-cju-europa\/\" \/>\n<meta property=\"og:locale\" content=\"pt_BR\" \/>\n<meta property=\"og:type\" content=\"article\" \/>\n<meta property=\"og:title\" content=\"Obras estruturantes estar\u00e3o no centro dos debates em audi\u00eancia p\u00fablica no CJU Europa | Guia Comercial de Toledo PR\" \/>\n<meta property=\"og:description\" content=\"Obras estruturantes em audi\u00eancia p\u00fablica: participe e saiba mais!\" \/>\n<meta property=\"og:url\" content=\"https:\/\/www.encontraparana.com.br\/toledo\/obras-estruturantes-estarao-no-centro-dos-debates-em-audiencia-publica-no-cju-europa\/\" \/>\n<meta property=\"og:site_name\" content=\"Guia Comercial de Toledo PR\" \/>\n<meta property=\"article:published_time\" content=\"2026-08-25T07:08:13+00:00\" \/>\n<meta property=\"og:image\" content=\"https:\/\/www.encontraparana.com.br\/toledo\/wp-content\/uploads\/2026\/08\/obras-estruturantes-estarao-no-centro-dos-debates-em-audiencia-publica-no-cju-europa.webp\" \/>\n<meta name=\"author\" content=\"Encontra Toledo\" \/>\n<meta name=\"twitter:card\" content=\"summary_large_image\" \/>\n<meta name=\"twitter:label1\" content=\"Escrito por\" \/>\n\t<meta name=\"twitter:data1\" content=\"Encontra Toledo\" \/>\n\t<meta name=\"twitter:label2\" content=\"Est. tempo de leitura\" \/>\n\t<meta name=\"twitter:data2\" content=\"4 minutos\" \/>\n<script type=\"application\/ld+json\" class=\"yoast-schema-graph\">{\"@context\":\"https:\\\/\\\/schema.org\",\"@graph\":[{\"@type\":\"Article\",\"@id\":\"https:\\\/\\\/www.encontraparana.com.br\\\/toledo\\\/obras-estruturantes-estarao-no-centro-dos-debates-em-audiencia-publica-no-cju-europa\\\/#article\",\"isPartOf\":{\"@id\":\"https:\\\/\\\/www.encontraparana.com.br\\\/toledo\\\/obras-estruturantes-estarao-no-centro-dos-debates-em-audiencia-publica-no-cju-europa\\\/\"},\"author\":{\"name\":\"Encontra Toledo\",\"@id\":\"https:\\\/\\\/www.encontraparana.com.br\\\/toledo\\\/#\\\/schema\\\/person\\\/3b3bd5c0e2969177418b8c8e4729fd0a\"},\"headline\":\"Obras estruturantes estar\u00e3o no centro dos debates em audi\u00eancia p\u00fablica no CJU Europa\",\"datePublished\":\"2026-08-25T07:08:13+00:00\",\"mainEntityOfPage\":{\"@id\":\"https:\\\/\\\/www.encontraparana.com.br\\\/toledo\\\/obras-estruturantes-estarao-no-centro-dos-debates-em-audiencia-publica-no-cju-europa\\\/\"},\"wordCount\":747,\"commentCount\":0,\"image\":{\"@id\":\"https:\\\/\\\/www.encontraparana.com.br\\\/toledo\\\/obras-estruturantes-estarao-no-centro-dos-debates-em-audiencia-publica-no-cju-europa\\\/#primaryimage\"},\"thumbnailUrl\":\"https:\\\/\\\/www.encontraparana.com.br\\\/toledo\\\/wp-content\\\/uploads\\\/2026\\\/08\\\/obras-estruturantes-estarao-no-centro-dos-debates-em-audiencia-publica-no-cju-europa.webp\",\"articleSection\":[\"Not\u00edcias Toledo\"],\"inLanguage\":\"pt-BR\",\"potentialAction\":[{\"@type\":\"CommentAction\",\"name\":\"Comment\",\"target\":[\"https:\\\/\\\/www.encontraparana.com.br\\\/toledo\\\/obras-estruturantes-estarao-no-centro-dos-debates-em-audiencia-publica-no-cju-europa\\\/#respond\"]}]},{\"@type\":\"WebPage\",\"@id\":\"https:\\\/\\\/www.encontraparana.com.br\\\/toledo\\\/obras-estruturantes-estarao-no-centro-dos-debates-em-audiencia-publica-no-cju-europa\\\/\",\"url\":\"https:\\\/\\\/www.encontraparana.com.br\\\/toledo\\\/obras-estruturantes-estarao-no-centro-dos-debates-em-audiencia-publica-no-cju-europa\\\/\",\"name\":\"Obras estruturantes estar\u00e3o no centro dos debates em audi\u00eancia p\u00fablica no CJU Europa | Guia Comercial de Toledo PR\",\"isPartOf\":{\"@id\":\"https:\\\/\\\/www.encontraparana.com.br\\\/toledo\\\/#website\"},\"primaryImageOfPage\":{\"@id\":\"https:\\\/\\\/www.encontraparana.com.br\\\/toledo\\\/obras-estruturantes-estarao-no-centro-dos-debates-em-audiencia-publica-no-cju-europa\\\/#primaryimage\"},\"image\":{\"@id\":\"https:\\\/\\\/www.encontraparana.com.br\\\/toledo\\\/obras-estruturantes-estarao-no-centro-dos-debates-em-audiencia-publica-no-cju-europa\\\/#primaryimage\"},\"thumbnailUrl\":\"https:\\\/\\\/www.encontraparana.com.br\\\/toledo\\\/wp-content\\\/uploads\\\/2026\\\/08\\\/obras-estruturantes-estarao-no-centro-dos-debates-em-audiencia-publica-no-cju-europa.webp\",\"datePublished\":\"2026-08-25T07:08:13+00:00\",\"author\":{\"@id\":\"https:\\\/\\\/www.encontraparana.com.br\\\/toledo\\\/#\\\/schema\\\/person\\\/3b3bd5c0e2969177418b8c8e4729fd0a\"},\"inLanguage\":\"pt-BR\",\"potentialAction\":[{\"@type\":\"ReadAction\",\"target\":[\"https:\\\/\\\/www.encontraparana.com.br\\\/toledo\\\/obras-estruturantes-estarao-no-centro-dos-debates-em-audiencia-publica-no-cju-europa\\\/\"]}]},{\"@type\":\"ImageObject\",\"inLanguage\":\"pt-BR\",\"@id\":\"https:\\\/\\\/www.encontraparana.com.br\\\/toledo\\\/obras-estruturantes-estarao-no-centro-dos-debates-em-audiencia-publica-no-cju-europa\\\/#primaryimage\",\"url\":\"https:\\\/\\\/www.encontraparana.com.br\\\/toledo\\\/wp-content\\\/uploads\\\/2026\\\/08\\\/obras-estruturantes-estarao-no-centro-dos-debates-em-audiencia-publica-no-cju-europa.webp\",\"contentUrl\":\"https:\\\/\\\/www.encontraparana.com.br\\\/toledo\\\/wp-content\\\/uploads\\\/2026\\\/08\\\/obras-estruturantes-estarao-no-centro-dos-debates-em-audiencia-publica-no-cju-europa.webp\",\"width\":280,\"height\":280,\"caption\":\"obras estruturantes\"},{\"@type\":\"WebSite\",\"@id\":\"https:\\\/\\\/www.encontraparana.com.br\\\/toledo\\\/#website\",\"url\":\"https:\\\/\\\/www.encontraparana.com.br\\\/toledo\\\/\",\"name\":\"Guia Comercial de Toledo PR\",\"description\":\"ENCONTRA TOLEDO - O guia comercial de neg\u00f3cios e empresas, cultura e divers\u00e3o na cidade de Toledo. Feito 100% para voc\u00ea morador!\",\"potentialAction\":[{\"@type\":\"SearchAction\",\"target\":{\"@type\":\"EntryPoint\",\"urlTemplate\":\"https:\\\/\\\/www.encontraparana.com.br\\\/toledo\\\/?s={search_term_string}\"},\"query-input\":{\"@type\":\"PropertyValueSpecification\",\"valueRequired\":true,\"valueName\":\"search_term_string\"}}],\"inLanguage\":\"pt-BR\"},{\"@type\":\"Person\",\"@id\":\"https:\\\/\\\/www.encontraparana.com.br\\\/toledo\\\/#\\\/schema\\\/person\\\/3b3bd5c0e2969177418b8c8e4729fd0a\",\"name\":\"Encontra Toledo\",\"image\":{\"@type\":\"ImageObject\",\"inLanguage\":\"pt-BR\",\"@id\":\"https:\\\/\\\/secure.gravatar.com\\\/avatar\\\/c50c17820bcf322f0a8fd6b110b8c0918141409dc69076470f6fca5fee70a5d4?s=96&d=mm&r=g\",\"url\":\"https:\\\/\\\/secure.gravatar.com\\\/avatar\\\/c50c17820bcf322f0a8fd6b110b8c0918141409dc69076470f6fca5fee70a5d4?s=96&d=mm&r=g\",\"contentUrl\":\"https:\\\/\\\/secure.gravatar.com\\\/avatar\\\/c50c17820bcf322f0a8fd6b110b8c0918141409dc69076470f6fca5fee70a5d4?s=96&d=mm&r=g\",\"caption\":\"Encontra Toledo\"},\"url\":\"https:\\\/\\\/www.encontraparana.com.br\\\/toledo\\\/author\\\/encontratoledo\\\/\"}]}<\/script>\n<!-- \/ Yoast SEO plugin. -->","yoast_head_json":{"title":"Obras estruturantes estar\u00e3o no centro dos debates em audi\u00eancia p\u00fablica no CJU Europa | Guia Comercial de Toledo PR","robots":{"index":"index","follow":"follow","max-snippet":"max-snippet:-1","max-image-preview":"max-image-preview:large","max-video-preview":"max-video-preview:-1"},"canonical":"https:\/\/www.encontraparana.com.br\/toledo\/obras-estruturantes-estarao-no-centro-dos-debates-em-audiencia-publica-no-cju-europa\/","og_locale":"pt_BR","og_type":"article","og_title":"Obras estruturantes estar\u00e3o no centro dos debates em audi\u00eancia p\u00fablica no CJU Europa | Guia Comercial de Toledo PR","og_description":"Obras estruturantes em audi\u00eancia p\u00fablica: participe e saiba mais!","og_url":"https:\/\/www.encontraparana.com.br\/toledo\/obras-estruturantes-estarao-no-centro-dos-debates-em-audiencia-publica-no-cju-europa\/","og_site_name":"Guia Comercial de Toledo PR","article_published_time":"2026-08-25T07:08:13+00:00","og_image":[{"url":"https:\/\/www.encontraparana.com.br\/toledo\/wp-content\/uploads\/2026\/08\/obras-estruturantes-estarao-no-centro-dos-debates-em-audiencia-publica-no-cju-europa.webp","type":"","width":"","height":""}],"author":"Encontra Toledo","twitter_card":"summary_large_image","twitter_misc":{"Escrito por":"Encontra Toledo","Est. tempo de leitura":"4 minutos"},"schema":{"@context":"https:\/\/schema.org","@graph":[{"@type":"Article","@id":"https:\/\/www.encontraparana.com.br\/toledo\/obras-estruturantes-estarao-no-centro-dos-debates-em-audiencia-publica-no-cju-europa\/#article","isPartOf":{"@id":"https:\/\/www.encontraparana.com.br\/toledo\/obras-estruturantes-estarao-no-centro-dos-debates-em-audiencia-publica-no-cju-europa\/"},"author":{"name":"Encontra Toledo","@id":"https:\/\/www.encontraparana.com.br\/toledo\/#\/schema\/person\/3b3bd5c0e2969177418b8c8e4729fd0a"},"headline":"Obras estruturantes estar\u00e3o no centro dos debates em audi\u00eancia p\u00fablica no CJU Europa","datePublished":"2026-08-25T07:08:13+00:00","mainEntityOfPage":{"@id":"https:\/\/www.encontraparana.com.br\/toledo\/obras-estruturantes-estarao-no-centro-dos-debates-em-audiencia-publica-no-cju-europa\/"},"wordCount":747,"commentCount":0,"image":{"@id":"https:\/\/www.encontraparana.com.br\/toledo\/obras-estruturantes-estarao-no-centro-dos-debates-em-audiencia-publica-no-cju-europa\/#primaryimage"},"thumbnailUrl":"https:\/\/www.encontraparana.com.br\/toledo\/wp-content\/uploads\/2026\/08\/obras-estruturantes-estarao-no-centro-dos-debates-em-audiencia-publica-no-cju-europa.webp","articleSection":["Not\u00edcias Toledo"],"inLanguage":"pt-BR","potentialAction":[{"@type":"CommentAction","name":"Comment","target":["https:\/\/www.encontraparana.com.br\/toledo\/obras-estruturantes-estarao-no-centro-dos-debates-em-audiencia-publica-no-cju-europa\/#respond"]}]},{"@type":"WebPage","@id":"https:\/\/www.encontraparana.com.br\/toledo\/obras-estruturantes-estarao-no-centro-dos-debates-em-audiencia-publica-no-cju-europa\/","url":"https:\/\/www.encontraparana.com.br\/toledo\/obras-estruturantes-estarao-no-centro-dos-debates-em-audiencia-publica-no-cju-europa\/","name":"Obras estruturantes estar\u00e3o no centro dos debates em audi\u00eancia p\u00fablica no CJU Europa | Guia Comercial de Toledo PR","isPartOf":{"@id":"https:\/\/www.encontraparana.com.br\/toledo\/#website"},"primaryImageOfPage":{"@id":"https:\/\/www.encontraparana.com.br\/toledo\/obras-estruturantes-estarao-no-centro-dos-debates-em-audiencia-publica-no-cju-europa\/#primaryimage"},"image":{"@id":"https:\/\/www.encontraparana.com.br\/toledo\/obras-estruturantes-estarao-no-centro-dos-debates-em-audiencia-publica-no-cju-europa\/#primaryimage"},"thumbnailUrl":"https:\/\/www.encontraparana.com.br\/toledo\/wp-content\/uploads\/2026\/08\/obras-estruturantes-estarao-no-centro-dos-debates-em-audiencia-publica-no-cju-europa.webp","datePublished":"2026-08-25T07:08:13+00:00","author":{"@id":"https:\/\/www.encontraparana.com.br\/toledo\/#\/schema\/person\/3b3bd5c0e2969177418b8c8e4729fd0a"},"inLanguage":"pt-BR","potentialAction":[{"@type":"ReadAction","target":["https:\/\/www.encontraparana.com.br\/toledo\/obras-estruturantes-estarao-no-centro-dos-debates-em-audiencia-publica-no-cju-europa\/"]}]},{"@type":"ImageObject","inLanguage":"pt-BR","@id":"https:\/\/www.encontraparana.com.br\/toledo\/obras-estruturantes-estarao-no-centro-dos-debates-em-audiencia-publica-no-cju-europa\/#primaryimage","url":"https:\/\/www.encontraparana.com.br\/toledo\/wp-content\/uploads\/2026\/08\/obras-estruturantes-estarao-no-centro-dos-debates-em-audiencia-publica-no-cju-europa.webp","contentUrl":"https:\/\/www.encontraparana.com.br\/toledo\/wp-content\/uploads\/2026\/08\/obras-estruturantes-estarao-no-centro-dos-debates-em-audiencia-publica-no-cju-europa.webp","width":280,"height":280,"caption":"obras estruturantes"},{"@type":"WebSite","@id":"https:\/\/www.encontraparana.com.br\/toledo\/#website","url":"https:\/\/www.encontraparana.com.br\/toledo\/","name":"Guia Comercial de Toledo PR","description":"ENCONTRA TOLEDO - O guia comercial de neg\u00f3cios e empresas, cultura e divers\u00e3o na cidade de Toledo. Feito 100% para voc\u00ea morador!","potentialAction":[{"@type":"SearchAction","target":{"@type":"EntryPoint","urlTemplate":"https:\/\/www.encontraparana.com.br\/toledo\/?s={search_term_string}"},"query-input":{"@type":"PropertyValueSpecification","valueRequired":true,"valueName":"search_term_string"}}],"inLanguage":"pt-BR"},{"@type":"Person","@id":"https:\/\/www.encontraparana.com.br\/toledo\/#\/schema\/person\/3b3bd5c0e2969177418b8c8e4729fd0a","name":"Encontra Toledo","image":{"@type":"ImageObject","inLanguage":"pt-BR","@id":"https:\/\/secure.gravatar.com\/avatar\/c50c17820bcf322f0a8fd6b110b8c0918141409dc69076470f6fca5fee70a5d4?s=96&d=mm&r=g","url":"https:\/\/secure.gravatar.com\/avatar\/c50c17820bcf322f0a8fd6b110b8c0918141409dc69076470f6fca5fee70a5d4?s=96&d=mm&r=g","contentUrl":"https:\/\/secure.gravatar.com\/avatar\/c50c17820bcf322f0a8fd6b110b8c0918141409dc69076470f6fca5fee70a5d4?s=96&d=mm&r=g","caption":"Encontra Toledo"},"url":"https:\/\/www.encontraparana.com.br\/toledo\/author\/encontratoledo\/"}]}},"_links":{"self":[{"href":"https:\/\/www.encontraparana.com.br\/toledo\/wp-json\/wp\/v2\/posts\/5589","targetHints":{"allow":["GET"]}}],"collection":[{"href":"https:\/\/www.encontraparana.com.br\/toledo\/wp-json\/wp\/v2\/posts"}],"about":[{"href":"https:\/\/www.encontraparana.com.br\/toledo\/wp-json\/wp\/v2\/types\/post"}],"author":[{"embeddable":true,"href":"https:\/\/www.encontraparana.com.br\/toledo\/wp-json\/wp\/v2\/users\/1"}],"replies":[{"embeddable":true,"href":"https:\/\/www.encontraparana.com.br\/toledo\/wp-json\/wp\/v2\/comments?post=5589"}],"version-history":[{"count":0,"href":"https:\/\/www.encontraparana.com.br\/toledo\/wp-json\/wp\/v2\/posts\/5589\/revisions"}],"wp:featuredmedia":[{"embeddable":true,"href":"https:\/\/www.encontraparana.com.br\/toledo\/wp-json\/wp\/v2\/media\/5588"}],"wp:attachment":[{"href":"https:\/\/www.encontraparana.com.br\/toledo\/wp-json\/wp\/v2\/media?parent=5589"}],"wp:term":[{"taxonomy":"category","embeddable":true,"href":"https:\/\/www.encontraparana.com.br\/toledo\/wp-json\/wp\/v2\/categories?post=5589"},{"taxonomy":"post_tag","embeddable":true,"href":"https:\/\/www.encontraparana.com.br\/toledo\/wp-json\/wp\/v2\/tags?post=5589"}],"curies":[{"name":"wp","href":"https:\/\/api.w.org\/{rel}","templated":true}]}}