{"id":5597,"date":"2026-08-26T04:09:42","date_gmt":"2026-08-26T07:09:42","guid":{"rendered":"https:\/\/www.encontraparana.com.br\/toledo\/mesarios-de-eleicao-suplementar-do-conselho-tutelar-recebem-orientacoes\/"},"modified":"2026-08-26T04:09:42","modified_gmt":"2026-08-26T07:09:42","slug":"mesarios-de-eleicao-suplementar-do-conselho-tutelar-recebem-orientacoes","status":"publish","type":"post","link":"https:\/\/www.encontraparana.com.br\/toledo\/mesarios-de-eleicao-suplementar-do-conselho-tutelar-recebem-orientacoes\/","title":{"rendered":"Mes\u00e1rios de elei\u00e7\u00e3o suplementar do Conselho Tutelar recebem orienta\u00e7\u00f5es"},"content":{"rendered":"<h2>Prepara\u00e7\u00e3o dos Mes\u00e1rios para a Elei\u00e7\u00e3o<\/h2>\n<p>No \u00faltimo dia 24, aproximadamente 50 servidores municipais se reuniram no <strong>Audit\u00f3rio Acary Oliveira<\/strong> para uma sess\u00e3o de treinamento preparat\u00f3rio para as elei\u00e7\u00f5es suplementares do <strong>Conselho Tutelar<\/strong> de Toledo. O evento foi organizado pelo <strong>Conselho Municipal dos Direitos da Crian\u00e7a e do Adolescente (CMDCA)<\/strong>, com o apoio da <strong>Secretaria de Desenvolvimento Humano e Social: Inf\u00e2ncia, Juventude, Pessoa Idosa e Fam\u00edlia (SDHS)<\/strong>. Durante essa orienta\u00e7\u00e3o, foram discutidas as fun\u00e7\u00f5es dos pessoal escolhido para atuar como presidente, secret\u00e1rio e mes\u00e1rio auxiliar durante o pleito, programado para o dia 30 deste m\u00eas.<\/p>\n<h2>Import\u00e2ncia da Capacita\u00e7\u00e3o<\/h2>\n<p>A capacita\u00e7\u00e3o proporcionada \u00e9 fundamental para assegurar que os mes\u00e1rios estejam bem preparados para conduzir o processo eleitoral com total conformidade legal. A presidente do CMDCA, <strong>Kaira Sikora<\/strong>, juntamente com a assistente social <strong>L\u00edvia Maria Lima de Jesus<\/strong>, lideraram a sess\u00e3o, onde esclareceram as diretrizes estabelecidas na <a href=\"https:\/\/www.toledo.pr.gov.br\/sites\/default\/files\/paginabasica-2026-06\/resolucao_31_regulamentacao_do_processo_de_escolha_suplementar_e_posse_dos_membros_do_conselho_tutelar_para_cumprimento_do_mandato_vigente_2024-2027.pdf\"><strong>Resolu\u00e7\u00e3o n\u00ba 31\/2026<\/strong><\/a> do CMDCA. Este documento regulamenta a elei\u00e7\u00e3o suplementar e os mes\u00e1rios foram incentivados a se familiarizar com todos os aspectos e procedimentos que cercam a atividade eleitoral.<\/p>\n<h2>Responsabilidades no Dia da Vota\u00e7\u00e3o<\/h2>\n<p>No dia da vota\u00e7\u00e3o, os mes\u00e1rios ter\u00e3o um papel crucial na operacionaliza\u00e7\u00e3o do processo eleitoral. Eles devem garantir que os procedimentos sejam seguidos adequadamente, respeitando a legalidade e assegurando o sigilo e a imparcialidade das atividades eleitorais. Os mes\u00e1rios foram instru\u00eddos sobre a import\u00e2ncia de sua fun\u00e7\u00e3o de supervis\u00e3o, que envolve n\u00e3o apenas o apoio log\u00edstico, mas tamb\u00e9m a fiscaliza\u00e7\u00e3o das a\u00e7\u00f5es de candidatos e apoiadores, garantindo que as normas sejam respeitadas.<\/p>\n<p><img decoding=\"async\" src=\"https:\/\/www.encontraparana.com.br\/toledo\/wp-content\/uploads\/2026\/08\/mesarios-de-eleicao-suplementar-do-conselho-tutelar-recebem-orientacoes.webp\" alt=\"mes\u00e1rios de elei\u00e7\u00e3o suplementar\" loading=\"lazy\" \/><\/p>\n<h2>Como Funciona a Elei\u00e7\u00e3o Suplementar<\/h2>\n<p>Diferentemente das elei\u00e7\u00f5es gerais, a elei\u00e7\u00e3o suplementar do conselho contar\u00e1 com urnas de lona e c\u00e9dulas f\u00edsicas. Essa escolha exige que os mes\u00e1rios tenham um entendimento claro sobre o manuseio dos materiais eleitorais, o registro na ata de vota\u00e7\u00e3o, o controle do caderno de vota\u00e7\u00e3o e os procedimentos de apura\u00e7\u00e3o. A presidente <strong>Kaira<\/strong> enfatizou que esses aspectos s\u00e3o fundamentais para a integridade do processo, prevendo assim a fiscaliza\u00e7\u00e3o rigorosa das pr\u00e1ticas durante o pleito.<\/p>\n<h2>O Papel da Comunidade no Processo Eleitoral<\/h2>\n<p>A participa\u00e7\u00e3o da comunidade \u00e9 um fator essencial para o sucesso da elei\u00e7\u00e3o. Qualquer cidad\u00e3o que tenha pelo menos 16 anos e esteja regularmente inscrito na Justi\u00e7a Eleitoral de Toledo pode votar. O envolvimento do p\u00fablico n\u00e3o apenas legitima o processo eleitoral, mas tamb\u00e9m \u00e9 vital para garantir que as pessoas eleitas reflitam os interesses e necessidades da comunidade. A presidente Kaira expressou otimismo quanto ao engajamento da popula\u00e7\u00e3o, afirmando que sua presen\u00e7a \u00e9 fundamental para a legitimidade do resultado.<\/p>\n<h2>Orienta\u00e7\u00f5es Espec\u00edficas para o Pleito<\/h2>\n<p>A elei\u00e7\u00e3o acontecer\u00e1 das 8h \u00e0s 17h na <strong>Escola Municipal Shirley Maria Lorandi Saurin<\/strong>, e os mes\u00e1rios dever\u00e3o estar prontos para orientar os eleitores sobre como votar, al\u00e9m de resolver d\u00favidas que possam surgir durante o processo. A presidente do CMDCA reiterou que \u00e9 crucial que todos os servi\u00e7os necess\u00e1rios estejam dispon\u00edveis no dia, e que a organiza\u00e7\u00e3o do espa\u00e7o deve ser cuidadosamente planejada para evitar contratempos.<\/p>\n<h2>Habilita\u00e7\u00e3o dos Candidatos ao Conselho Tutelar<\/h2>\n<p>Seis candidatos est\u00e3o concorrendo para as duas vagas dispon\u00edveis: <strong>Anna F\u00e9lix Anselmi<\/strong>, <strong>Gerhardt Schmidt Stumm<\/strong>, <strong>Gleci Terezinha Herkert<\/strong>, <strong>Mara C\u00e9lia da Silva<\/strong>, <strong>Nathalia Cardoso Pereira<\/strong> e <strong>Noemi Pereira Politowski<\/strong>. Os dois candidatos que receberem mais votos ocupar\u00e3o os cargos de membros titulares do Conselho Tutelar, que t\u00eam um mandato at\u00e9 9 de janeiro de 2028. \u00c9 importante que os mes\u00e1rios estejam cientes dos nomes dos candidatos para poder auxiliar os eleitores no dia da vota\u00e7\u00e3o.<\/p>\n<h2>Veda\u00e7\u00f5es Durante a Elei\u00e7\u00e3o<\/h2>\n<p>Kaira destacou que todas as partes envolvidas, incluindo os candidatos, receberam diretrizes claras sobre as condutas proibidas. A pr\u00e1tica de campanha irregular e a\u00e7\u00f5es que possam perturbar a ordem durante o processo s\u00e3o estritamente vetadas. Isso \u00e9 essencial para assegurar um ambiente de vota\u00e7\u00e3o tranquilo e respeitoso, que permita uma apura\u00e7\u00e3o r\u00e1pida e eficiente.<\/p>\n<h2>Procedimentos de Apura\u00e7\u00e3o<\/h2>\n<p>Ap\u00f3s o fechamento das urnas, ser\u00e1 realizado um processo de apura\u00e7\u00e3o que deve ser transparente e \u00e1gil. Os mes\u00e1rios ter\u00e3o a responsabilidade de coletar e validar os votos de acordo com os procedimentos estabelecidos. Essa fase \u00e9 cr\u00edtica, pois o objetivo \u00e9 apresentar rapidamente o resultado preliminar, permitindo o preenchimento das vagas no Conselho Tutelar. O planejamento para a atua\u00e7\u00e3o dos mes\u00e1rios nessa fase \u00e9 de suma import\u00e2ncia, para que n\u00e3o haja d\u00favidas nem questionamentos quanto ao resultado final.<\/p>\n<h2>Garantindo a Legitimidade do Processo Eleitoral<\/h2>\n<p>O \u00eaxito da elei\u00e7\u00e3o n\u00e3o se resume apenas ao ato de votar, mas tamb\u00e9m \u00e0 legitimidade do processo como um todo. Kaira enfatizou a necessidade de um ambiente eleitoral organizado e a import\u00e2ncia da participa\u00e7\u00e3o ativa da comunidade. A presen\u00e7a do p\u00fablico n\u00e3o s\u00f3 corrobora a legitimidade da elei\u00e7\u00e3o, mas tamb\u00e9m assegura que os eleitos estejam comprometidos em proteger os direitos das crian\u00e7as e adolescentes. &#8220;A presen\u00e7a da comunidade \u00e9 vital para que possamos ter um processo eleitoral que realmente represente os interesses de todos&#8221;, afirmou Kaira.<\/p>\n<p>Assim, a expectativa \u00e9 de uma elei\u00e7\u00e3o tranquila, onde cada mes\u00e1rio, cidad\u00e3o e candidato desempenhe seu papel com responsabilidade e respeito, contribuindo para um resultado que seja uma verdadeira express\u00e3o da vontade popular.<\/p>\n","protected":false},"excerpt":{"rendered":"<p>Mes\u00e1rios do Conselho Tutelar recebem diretrizes essenciais para a elei\u00e7\u00e3o.<\/p>\n","protected":false},"author":1,"featured_media":5596,"comment_status":"open","ping_status":"open","sticky":false,"template":"","format":"standard","meta":{"footnotes":""},"categories":[5],"tags":[],"class_list":["post-5597","post","type-post","status-publish","format-standard","has-post-thumbnail","hentry","category-noticias","has_thumb"],"yoast_head":"<!-- This site is optimized with the Yoast SEO plugin v28.1 - https:\/\/yoast.com\/product\/yoast-seo-wordpress\/ -->\n<title>Mes\u00e1rios de elei\u00e7\u00e3o suplementar do Conselho Tutelar recebem orienta\u00e7\u00f5es | Guia Comercial de Toledo PR<\/title>\n<meta name=\"robots\" content=\"index, follow, max-snippet:-1, max-image-preview:large, max-video-preview:-1\" \/>\n<link rel=\"canonical\" href=\"https:\/\/www.encontraparana.com.br\/toledo\/mesarios-de-eleicao-suplementar-do-conselho-tutelar-recebem-orientacoes\/\" \/>\n<meta property=\"og:locale\" content=\"pt_BR\" \/>\n<meta property=\"og:type\" content=\"article\" \/>\n<meta property=\"og:title\" content=\"Mes\u00e1rios de elei\u00e7\u00e3o suplementar do Conselho Tutelar recebem orienta\u00e7\u00f5es | Guia Comercial de Toledo PR\" \/>\n<meta property=\"og:description\" content=\"Mes\u00e1rios do Conselho Tutelar recebem diretrizes essenciais para a elei\u00e7\u00e3o.\" \/>\n<meta property=\"og:url\" content=\"https:\/\/www.encontraparana.com.br\/toledo\/mesarios-de-eleicao-suplementar-do-conselho-tutelar-recebem-orientacoes\/\" \/>\n<meta property=\"og:site_name\" content=\"Guia Comercial de Toledo PR\" \/>\n<meta property=\"article:published_time\" content=\"2026-08-26T07:09:42+00:00\" \/>\n<meta property=\"og:image\" content=\"https:\/\/www.encontraparana.com.br\/toledo\/wp-content\/uploads\/2026\/08\/mesarios-de-eleicao-suplementar-do-conselho-tutelar-recebem-orientacoes.webp\" \/>\n<meta name=\"author\" content=\"Encontra Toledo\" \/>\n<meta name=\"twitter:card\" content=\"summary_large_image\" \/>\n<meta name=\"twitter:label1\" content=\"Escrito por\" \/>\n\t<meta name=\"twitter:data1\" content=\"Encontra Toledo\" \/>\n\t<meta name=\"twitter:label2\" content=\"Est. tempo de leitura\" \/>\n\t<meta name=\"twitter:data2\" content=\"5 minutos\" \/>\n<script type=\"application\/ld+json\" class=\"yoast-schema-graph\">{\"@context\":\"https:\\\/\\\/schema.org\",\"@graph\":[{\"@type\":\"Article\",\"@id\":\"https:\\\/\\\/www.encontraparana.com.br\\\/toledo\\\/mesarios-de-eleicao-suplementar-do-conselho-tutelar-recebem-orientacoes\\\/#article\",\"isPartOf\":{\"@id\":\"https:\\\/\\\/www.encontraparana.com.br\\\/toledo\\\/mesarios-de-eleicao-suplementar-do-conselho-tutelar-recebem-orientacoes\\\/\"},\"author\":{\"name\":\"Encontra Toledo\",\"@id\":\"https:\\\/\\\/www.encontraparana.com.br\\\/toledo\\\/#\\\/schema\\\/person\\\/3b3bd5c0e2969177418b8c8e4729fd0a\"},\"headline\":\"Mes\u00e1rios de elei\u00e7\u00e3o suplementar do Conselho Tutelar recebem orienta\u00e7\u00f5es\",\"datePublished\":\"2026-08-26T07:09:42+00:00\",\"mainEntityOfPage\":{\"@id\":\"https:\\\/\\\/www.encontraparana.com.br\\\/toledo\\\/mesarios-de-eleicao-suplementar-do-conselho-tutelar-recebem-orientacoes\\\/\"},\"wordCount\":945,\"commentCount\":0,\"image\":{\"@id\":\"https:\\\/\\\/www.encontraparana.com.br\\\/toledo\\\/mesarios-de-eleicao-suplementar-do-conselho-tutelar-recebem-orientacoes\\\/#primaryimage\"},\"thumbnailUrl\":\"https:\\\/\\\/www.encontraparana.com.br\\\/toledo\\\/wp-content\\\/uploads\\\/2026\\\/08\\\/mesarios-de-eleicao-suplementar-do-conselho-tutelar-recebem-orientacoes.webp\",\"articleSection\":[\"Not\u00edcias Toledo\"],\"inLanguage\":\"pt-BR\",\"potentialAction\":[{\"@type\":\"CommentAction\",\"name\":\"Comment\",\"target\":[\"https:\\\/\\\/www.encontraparana.com.br\\\/toledo\\\/mesarios-de-eleicao-suplementar-do-conselho-tutelar-recebem-orientacoes\\\/#respond\"]}]},{\"@type\":\"WebPage\",\"@id\":\"https:\\\/\\\/www.encontraparana.com.br\\\/toledo\\\/mesarios-de-eleicao-suplementar-do-conselho-tutelar-recebem-orientacoes\\\/\",\"url\":\"https:\\\/\\\/www.encontraparana.com.br\\\/toledo\\\/mesarios-de-eleicao-suplementar-do-conselho-tutelar-recebem-orientacoes\\\/\",\"name\":\"Mes\u00e1rios de elei\u00e7\u00e3o suplementar do Conselho Tutelar recebem orienta\u00e7\u00f5es | Guia Comercial de Toledo PR\",\"isPartOf\":{\"@id\":\"https:\\\/\\\/www.encontraparana.com.br\\\/toledo\\\/#website\"},\"primaryImageOfPage\":{\"@id\":\"https:\\\/\\\/www.encontraparana.com.br\\\/toledo\\\/mesarios-de-eleicao-suplementar-do-conselho-tutelar-recebem-orientacoes\\\/#primaryimage\"},\"image\":{\"@id\":\"https:\\\/\\\/www.encontraparana.com.br\\\/toledo\\\/mesarios-de-eleicao-suplementar-do-conselho-tutelar-recebem-orientacoes\\\/#primaryimage\"},\"thumbnailUrl\":\"https:\\\/\\\/www.encontraparana.com.br\\\/toledo\\\/wp-content\\\/uploads\\\/2026\\\/08\\\/mesarios-de-eleicao-suplementar-do-conselho-tutelar-recebem-orientacoes.webp\",\"datePublished\":\"2026-08-26T07:09:42+00:00\",\"author\":{\"@id\":\"https:\\\/\\\/www.encontraparana.com.br\\\/toledo\\\/#\\\/schema\\\/person\\\/3b3bd5c0e2969177418b8c8e4729fd0a\"},\"inLanguage\":\"pt-BR\",\"potentialAction\":[{\"@type\":\"ReadAction\",\"target\":[\"https:\\\/\\\/www.encontraparana.com.br\\\/toledo\\\/mesarios-de-eleicao-suplementar-do-conselho-tutelar-recebem-orientacoes\\\/\"]}]},{\"@type\":\"ImageObject\",\"inLanguage\":\"pt-BR\",\"@id\":\"https:\\\/\\\/www.encontraparana.com.br\\\/toledo\\\/mesarios-de-eleicao-suplementar-do-conselho-tutelar-recebem-orientacoes\\\/#primaryimage\",\"url\":\"https:\\\/\\\/www.encontraparana.com.br\\\/toledo\\\/wp-content\\\/uploads\\\/2026\\\/08\\\/mesarios-de-eleicao-suplementar-do-conselho-tutelar-recebem-orientacoes.webp\",\"contentUrl\":\"https:\\\/\\\/www.encontraparana.com.br\\\/toledo\\\/wp-content\\\/uploads\\\/2026\\\/08\\\/mesarios-de-eleicao-suplementar-do-conselho-tutelar-recebem-orientacoes.webp\",\"width\":280,\"height\":280,\"caption\":\"mes\u00e1rios de elei\u00e7\u00e3o suplementar\"},{\"@type\":\"WebSite\",\"@id\":\"https:\\\/\\\/www.encontraparana.com.br\\\/toledo\\\/#website\",\"url\":\"https:\\\/\\\/www.encontraparana.com.br\\\/toledo\\\/\",\"name\":\"Guia Comercial de Toledo PR\",\"description\":\"ENCONTRA TOLEDO - O guia comercial de neg\u00f3cios e empresas, cultura e divers\u00e3o na cidade de Toledo. Feito 100% para voc\u00ea morador!\",\"potentialAction\":[{\"@type\":\"SearchAction\",\"target\":{\"@type\":\"EntryPoint\",\"urlTemplate\":\"https:\\\/\\\/www.encontraparana.com.br\\\/toledo\\\/?s={search_term_string}\"},\"query-input\":{\"@type\":\"PropertyValueSpecification\",\"valueRequired\":true,\"valueName\":\"search_term_string\"}}],\"inLanguage\":\"pt-BR\"},{\"@type\":\"Person\",\"@id\":\"https:\\\/\\\/www.encontraparana.com.br\\\/toledo\\\/#\\\/schema\\\/person\\\/3b3bd5c0e2969177418b8c8e4729fd0a\",\"name\":\"Encontra Toledo\",\"image\":{\"@type\":\"ImageObject\",\"inLanguage\":\"pt-BR\",\"@id\":\"https:\\\/\\\/secure.gravatar.com\\\/avatar\\\/c50c17820bcf322f0a8fd6b110b8c0918141409dc69076470f6fca5fee70a5d4?s=96&d=mm&r=g\",\"url\":\"https:\\\/\\\/secure.gravatar.com\\\/avatar\\\/c50c17820bcf322f0a8fd6b110b8c0918141409dc69076470f6fca5fee70a5d4?s=96&d=mm&r=g\",\"contentUrl\":\"https:\\\/\\\/secure.gravatar.com\\\/avatar\\\/c50c17820bcf322f0a8fd6b110b8c0918141409dc69076470f6fca5fee70a5d4?s=96&d=mm&r=g\",\"caption\":\"Encontra Toledo\"},\"url\":\"https:\\\/\\\/www.encontraparana.com.br\\\/toledo\\\/author\\\/encontratoledo\\\/\"}]}<\/script>\n<!-- \/ Yoast SEO plugin. -->","yoast_head_json":{"title":"Mes\u00e1rios de elei\u00e7\u00e3o suplementar do Conselho Tutelar recebem orienta\u00e7\u00f5es | Guia Comercial de Toledo PR","robots":{"index":"index","follow":"follow","max-snippet":"max-snippet:-1","max-image-preview":"max-image-preview:large","max-video-preview":"max-video-preview:-1"},"canonical":"https:\/\/www.encontraparana.com.br\/toledo\/mesarios-de-eleicao-suplementar-do-conselho-tutelar-recebem-orientacoes\/","og_locale":"pt_BR","og_type":"article","og_title":"Mes\u00e1rios de elei\u00e7\u00e3o suplementar do Conselho Tutelar recebem orienta\u00e7\u00f5es | Guia Comercial de Toledo PR","og_description":"Mes\u00e1rios do Conselho Tutelar recebem diretrizes essenciais para a elei\u00e7\u00e3o.","og_url":"https:\/\/www.encontraparana.com.br\/toledo\/mesarios-de-eleicao-suplementar-do-conselho-tutelar-recebem-orientacoes\/","og_site_name":"Guia Comercial de Toledo PR","article_published_time":"2026-08-26T07:09:42+00:00","og_image":[{"url":"https:\/\/www.encontraparana.com.br\/toledo\/wp-content\/uploads\/2026\/08\/mesarios-de-eleicao-suplementar-do-conselho-tutelar-recebem-orientacoes.webp","type":"","width":"","height":""}],"author":"Encontra Toledo","twitter_card":"summary_large_image","twitter_misc":{"Escrito por":"Encontra Toledo","Est. tempo de leitura":"5 minutos"},"schema":{"@context":"https:\/\/schema.org","@graph":[{"@type":"Article","@id":"https:\/\/www.encontraparana.com.br\/toledo\/mesarios-de-eleicao-suplementar-do-conselho-tutelar-recebem-orientacoes\/#article","isPartOf":{"@id":"https:\/\/www.encontraparana.com.br\/toledo\/mesarios-de-eleicao-suplementar-do-conselho-tutelar-recebem-orientacoes\/"},"author":{"name":"Encontra Toledo","@id":"https:\/\/www.encontraparana.com.br\/toledo\/#\/schema\/person\/3b3bd5c0e2969177418b8c8e4729fd0a"},"headline":"Mes\u00e1rios de elei\u00e7\u00e3o suplementar do Conselho Tutelar recebem orienta\u00e7\u00f5es","datePublished":"2026-08-26T07:09:42+00:00","mainEntityOfPage":{"@id":"https:\/\/www.encontraparana.com.br\/toledo\/mesarios-de-eleicao-suplementar-do-conselho-tutelar-recebem-orientacoes\/"},"wordCount":945,"commentCount":0,"image":{"@id":"https:\/\/www.encontraparana.com.br\/toledo\/mesarios-de-eleicao-suplementar-do-conselho-tutelar-recebem-orientacoes\/#primaryimage"},"thumbnailUrl":"https:\/\/www.encontraparana.com.br\/toledo\/wp-content\/uploads\/2026\/08\/mesarios-de-eleicao-suplementar-do-conselho-tutelar-recebem-orientacoes.webp","articleSection":["Not\u00edcias Toledo"],"inLanguage":"pt-BR","potentialAction":[{"@type":"CommentAction","name":"Comment","target":["https:\/\/www.encontraparana.com.br\/toledo\/mesarios-de-eleicao-suplementar-do-conselho-tutelar-recebem-orientacoes\/#respond"]}]},{"@type":"WebPage","@id":"https:\/\/www.encontraparana.com.br\/toledo\/mesarios-de-eleicao-suplementar-do-conselho-tutelar-recebem-orientacoes\/","url":"https:\/\/www.encontraparana.com.br\/toledo\/mesarios-de-eleicao-suplementar-do-conselho-tutelar-recebem-orientacoes\/","name":"Mes\u00e1rios de elei\u00e7\u00e3o suplementar do Conselho Tutelar recebem orienta\u00e7\u00f5es | Guia Comercial de Toledo PR","isPartOf":{"@id":"https:\/\/www.encontraparana.com.br\/toledo\/#website"},"primaryImageOfPage":{"@id":"https:\/\/www.encontraparana.com.br\/toledo\/mesarios-de-eleicao-suplementar-do-conselho-tutelar-recebem-orientacoes\/#primaryimage"},"image":{"@id":"https:\/\/www.encontraparana.com.br\/toledo\/mesarios-de-eleicao-suplementar-do-conselho-tutelar-recebem-orientacoes\/#primaryimage"},"thumbnailUrl":"https:\/\/www.encontraparana.com.br\/toledo\/wp-content\/uploads\/2026\/08\/mesarios-de-eleicao-suplementar-do-conselho-tutelar-recebem-orientacoes.webp","datePublished":"2026-08-26T07:09:42+00:00","author":{"@id":"https:\/\/www.encontraparana.com.br\/toledo\/#\/schema\/person\/3b3bd5c0e2969177418b8c8e4729fd0a"},"inLanguage":"pt-BR","potentialAction":[{"@type":"ReadAction","target":["https:\/\/www.encontraparana.com.br\/toledo\/mesarios-de-eleicao-suplementar-do-conselho-tutelar-recebem-orientacoes\/"]}]},{"@type":"ImageObject","inLanguage":"pt-BR","@id":"https:\/\/www.encontraparana.com.br\/toledo\/mesarios-de-eleicao-suplementar-do-conselho-tutelar-recebem-orientacoes\/#primaryimage","url":"https:\/\/www.encontraparana.com.br\/toledo\/wp-content\/uploads\/2026\/08\/mesarios-de-eleicao-suplementar-do-conselho-tutelar-recebem-orientacoes.webp","contentUrl":"https:\/\/www.encontraparana.com.br\/toledo\/wp-content\/uploads\/2026\/08\/mesarios-de-eleicao-suplementar-do-conselho-tutelar-recebem-orientacoes.webp","width":280,"height":280,"caption":"mes\u00e1rios de elei\u00e7\u00e3o suplementar"},{"@type":"WebSite","@id":"https:\/\/www.encontraparana.com.br\/toledo\/#website","url":"https:\/\/www.encontraparana.com.br\/toledo\/","name":"Guia Comercial de Toledo PR","description":"ENCONTRA TOLEDO - O guia comercial de neg\u00f3cios e empresas, cultura e divers\u00e3o na cidade de Toledo. Feito 100% para voc\u00ea morador!","potentialAction":[{"@type":"SearchAction","target":{"@type":"EntryPoint","urlTemplate":"https:\/\/www.encontraparana.com.br\/toledo\/?s={search_term_string}"},"query-input":{"@type":"PropertyValueSpecification","valueRequired":true,"valueName":"search_term_string"}}],"inLanguage":"pt-BR"},{"@type":"Person","@id":"https:\/\/www.encontraparana.com.br\/toledo\/#\/schema\/person\/3b3bd5c0e2969177418b8c8e4729fd0a","name":"Encontra Toledo","image":{"@type":"ImageObject","inLanguage":"pt-BR","@id":"https:\/\/secure.gravatar.com\/avatar\/c50c17820bcf322f0a8fd6b110b8c0918141409dc69076470f6fca5fee70a5d4?s=96&d=mm&r=g","url":"https:\/\/secure.gravatar.com\/avatar\/c50c17820bcf322f0a8fd6b110b8c0918141409dc69076470f6fca5fee70a5d4?s=96&d=mm&r=g","contentUrl":"https:\/\/secure.gravatar.com\/avatar\/c50c17820bcf322f0a8fd6b110b8c0918141409dc69076470f6fca5fee70a5d4?s=96&d=mm&r=g","caption":"Encontra Toledo"},"url":"https:\/\/www.encontraparana.com.br\/toledo\/author\/encontratoledo\/"}]}},"_links":{"self":[{"href":"https:\/\/www.encontraparana.com.br\/toledo\/wp-json\/wp\/v2\/posts\/5597","targetHints":{"allow":["GET"]}}],"collection":[{"href":"https:\/\/www.encontraparana.com.br\/toledo\/wp-json\/wp\/v2\/posts"}],"about":[{"href":"https:\/\/www.encontraparana.com.br\/toledo\/wp-json\/wp\/v2\/types\/post"}],"author":[{"embeddable":true,"href":"https:\/\/www.encontraparana.com.br\/toledo\/wp-json\/wp\/v2\/users\/1"}],"replies":[{"embeddable":true,"href":"https:\/\/www.encontraparana.com.br\/toledo\/wp-json\/wp\/v2\/comments?post=5597"}],"version-history":[{"count":0,"href":"https:\/\/www.encontraparana.com.br\/toledo\/wp-json\/wp\/v2\/posts\/5597\/revisions"}],"wp:featuredmedia":[{"embeddable":true,"href":"https:\/\/www.encontraparana.com.br\/toledo\/wp-json\/wp\/v2\/media\/5596"}],"wp:attachment":[{"href":"https:\/\/www.encontraparana.com.br\/toledo\/wp-json\/wp\/v2\/media?parent=5597"}],"wp:term":[{"taxonomy":"category","embeddable":true,"href":"https:\/\/www.encontraparana.com.br\/toledo\/wp-json\/wp\/v2\/categories?post=5597"},{"taxonomy":"post_tag","embeddable":true,"href":"https:\/\/www.encontraparana.com.br\/toledo\/wp-json\/wp\/v2\/tags?post=5597"}],"curies":[{"name":"wp","href":"https:\/\/api.w.org\/{rel}","templated":true}]}}