{"id":5611,"date":"2026-08-29T04:06:54","date_gmt":"2026-08-29T07:06:54","guid":{"rendered":"https:\/\/www.encontraparana.com.br\/toledo\/prefeito-de-toledo-defende-acao-conjunta-para-ampliar-recursos-da-saude\/"},"modified":"2026-08-29T04:06:54","modified_gmt":"2026-08-29T07:06:54","slug":"prefeito-de-toledo-defende-acao-conjunta-para-ampliar-recursos-da-saude","status":"publish","type":"post","link":"https:\/\/www.encontraparana.com.br\/toledo\/prefeito-de-toledo-defende-acao-conjunta-para-ampliar-recursos-da-saude\/","title":{"rendered":"Prefeito de Toledo defende a\u00e7\u00e3o conjunta para ampliar recursos da sa\u00fade"},"content":{"rendered":"<h2>A Defesa do Prefeito por Articula\u00e7\u00e3o Pol\u00edtica<\/h2>\n<p>Em uma recente Assembleia Extraordin\u00e1ria do Cons\u00f3rcio de Sa\u00fade dos Munic\u00edpios do Oeste do Paran\u00e1 (Consamu), realizada em Marip\u00e1, o prefeito de Toledo, Mario Costenaro, solicitou um esfor\u00e7o conjunto entre prefeitos e representantes da bancada de deputados estaduais e federais. A inten\u00e7\u00e3o \u00e9 aumentar a participa\u00e7\u00e3o financeira dos governos Estadual e Federal nos servi\u00e7os de sa\u00fade p\u00fablica. Costenaro levantou quest\u00f5es importantes sobre a atual distribui\u00e7\u00e3o de responsabilidades e recursos financeiros dispon\u00edveis para os munic\u00edpios, que frequentemente enfrentam desafios na manuten\u00e7\u00e3o de servi\u00e7os de sa\u00fade regionalizados.<\/p>\n<h2>O Or\u00e7amento do Consamu para 2027<\/h2>\n<p>O or\u00e7amento aprovado para o Consamu para o ano de 2027 \u00e9 de R$ 89,2 milh\u00f5es. Desses, aproximadamente R$ 55,609 milh\u00f5es vir\u00e3o da contribui\u00e7\u00e3o direta de 43 munic\u00edpios consorciados, representando assim 62,34% do total. O restante do or\u00e7amento ser\u00e1 suprido pela Uni\u00e3o, que deve arrecadar cerca de 20,15%, e as fontes restantes que contribuir\u00e3o com os 17,51% restantes. Esse cen\u00e1rio atual reafirma a necessidade de uma an\u00e1lise cr\u00edtica do modelo de financiamento na sa\u00fade, conforme apontado por Costenaro.<\/p>\n<h2>Transfer\u00eancia de Responsabilidades aos Munic\u00edpios<\/h2>\n<p>Mario Costenaro expressou preocupa\u00e7\u00e3o com a crescente transfer\u00eancia de responsabilidades dos governos Estadual e Federal para os munic\u00edpios, sem a correspondente adequa\u00e7\u00e3o nas receitas. Essa din\u00e2mica pode impactar negativamente a sustentabilidade financeira das prefeituras e a qualidade dos servi\u00e7os prestados \u00e0 popula\u00e7\u00e3o. O prefeito ressaltou a urg\u00eancia em unir esfor\u00e7os para evitar a sobrecarga das administra\u00e7\u00f5es municipais, enfatizando que a falta de resili\u00eancia financeira pode levar a um cen\u00e1rio cr\u00edtico para a sa\u00fade p\u00fablica.<\/p>\n<p><img decoding=\"async\" src=\"https:\/\/www.encontraparana.com.br\/toledo\/wp-content\/uploads\/2026\/08\/prefeito-de-toledo-defende-acao-conjunta-para-ampliar-recursos-da-saude.webp\" alt=\"recursos da sa\u00fade\" loading=\"lazy\" \/><\/p>\n<h2>Desafios do Financiamento da Sa\u00fade P\u00fablica<\/h2>\n<p>Na assembleia, o diretor administrativo do Consamu, Marciano Schmitt, apresentou os principais desafios enfrentados no custeio dos servi\u00e7os de urg\u00eancia e emerg\u00eancia. Schmitt destacou a necessidade de revisar a estrutura de financiamento existente, uma vez que a demanda por servi\u00e7os de sa\u00fade tem crescido. As limita\u00e7\u00f5es or\u00e7ament\u00e1rias impostas pelas administra\u00e7\u00f5es municipais dificultam a capacidade de resposta a emerg\u00eancias e de manuten\u00e7\u00e3o de um atendimento de qualidade.<\/p>\n<h2>Impactos da Baixa Participa\u00e7\u00e3o Federal<\/h2>\n<p>Thiago Daross Stefanello, presidente do Consamu e prefeito de Corb\u00e9lia, tamb\u00e9m abordou a quest\u00e3o da participa\u00e7\u00e3o do governo federal no financiamento. Segundo ele, uma portaria estabelece que a Uni\u00e3o deveria arcar com 50% do custeio dos servi\u00e7os de urg\u00eancia e emerg\u00eancia, no entanto, atualmente, a contribui\u00e7\u00e3o federal gira em torno de 20%. Essa discrep\u00e2ncia cria um desequil\u00edbrio que precisa ser corrigido para garantir a efetividade dos servi\u00e7os.<\/p>\n<h2>A Mobiliza\u00e7\u00e3o dos Prefeitos do Oeste do Paran\u00e1<\/h2>\n<p>A necessidade de uma articula\u00e7\u00e3o pol\u00edtica \u00e9 vital na busca por uma solu\u00e7\u00e3o que beneficie os munic\u00edpios. Costenaro pede que os prefeitos do Oeste do Paran\u00e1 se unam para pressionar o governo federal em busca de uma participa\u00e7\u00e3o mais significativa no financiamento dos servi\u00e7os de sa\u00fade. Ele enfatiza que a sa\u00fade \u00e9 uma responsabilidade compartilhada entre todos os n\u00edveis de governo e que o financiamento deve seguir esse princ\u00edpio.<\/p>\n<h2>A Import\u00e2ncia de Reviver o Modelo de Financiamento<\/h2>\n<p>A revis\u00e3o do modelo atual de financiamento p\u00fablico \u00e9 uma quest\u00e3o crucial. Costenaro argumentou que as administra\u00e7\u00f5es municipais precisam de um sistema mais equilibrado, onde a distribui\u00e7\u00e3o de responsabilidades e recursos seja feita de maneira justa. Essa mudan\u00e7a \u00e9 essencial para que os munic\u00edpios consigam prestar servi\u00e7os de sa\u00fade de qualidade, sem comprometer suas finan\u00e7as.<\/p>\n<h2>Vis\u00e3o Geral do Cons\u00f3rcio de Sa\u00fade<\/h2>\n<p>O Consamu, atrav\u00e9s de seu or\u00e7amento, visa garantir a continuidade e qualidade dos servi\u00e7os de urg\u00eancia e emerg\u00eancia prestados a 43 munic\u00edpios consorciados. A estrutura de financiamento, atualmente, coloca os munic\u00edpios como os principais respons\u00e1veis pelos recursos, o que enfatiza ainda mais a necessidade de um redesenho nas pol\u00edticas p\u00fablicas que regem a sa\u00fade no Brasil.<\/p>\n<h2>A Necessidade de Sustentabilidade nas Administra\u00e7\u00f5es<\/h2>\n<p>As administra\u00e7\u00f5es municipais, conforme mencionado por Costenaro, querem continuar oferecendo servi\u00e7os de qualidade \u00e0 popula\u00e7\u00e3o, mas precisam de um suporte financeiro que permita o cumprimento das novas responsabilidades. A sustentabilidade das gest\u00f5es p\u00fablicas deve ser uma prioridade, j\u00e1 que a sa\u00fade \u00e9 um direito de todos e um pilar fundamental para o bem-estar da sociedade.<\/p>\n<h2>Propostas para a Amplia\u00e7\u00e3o de Recursos<\/h2>\n<p>O prefeito de Toledo prop\u00f5e que haja um esfor\u00e7o conjunto n\u00e3o apenas dos prefeitos, mas tamb\u00e9m da sociedade civil e dos parlamentares, para discutir e implementar melhorias no financiamento da sa\u00fade. A uni\u00e3o de esfor\u00e7os pode ser a chave para reverter situa\u00e7\u00f5es cr\u00edticas e garantir que os servi\u00e7os de sa\u00fade p\u00fablica continuem a atender a popula\u00e7\u00e3o com excel\u00eancia.<\/p>\n<p>O di\u00e1logo entre as partes interessadas, bem como a mobiliza\u00e7\u00e3o de toda a comunidade, \u00e9 o primeiro passo para que os desafios enfrentados pelo sistema de sa\u00fade possam ser superados. As propostas devem ser constru\u00eddas com base na realidade das administra\u00e7\u00f5es municipais e nas necessidades dos cidad\u00e3os.<\/p>\n","protected":false},"excerpt":{"rendered":"<p>Prefeito de Toledo destaca a urg\u00eancia por mais recursos na sa\u00fade p\u00fablica.<\/p>\n","protected":false},"author":1,"featured_media":5610,"comment_status":"open","ping_status":"open","sticky":false,"template":"","format":"standard","meta":{"footnotes":""},"categories":[5],"tags":[],"class_list":["post-5611","post","type-post","status-publish","format-standard","has-post-thumbnail","hentry","category-noticias","has_thumb"],"yoast_head":"<!-- This site is optimized with the Yoast SEO plugin v28.1 - https:\/\/yoast.com\/product\/yoast-seo-wordpress\/ -->\n<title>Prefeito de Toledo defende a\u00e7\u00e3o conjunta para ampliar recursos da sa\u00fade | Guia Comercial de Toledo PR<\/title>\n<meta name=\"robots\" content=\"index, follow, max-snippet:-1, max-image-preview:large, max-video-preview:-1\" \/>\n<link rel=\"canonical\" href=\"https:\/\/www.encontraparana.com.br\/toledo\/prefeito-de-toledo-defende-acao-conjunta-para-ampliar-recursos-da-saude\/\" \/>\n<meta property=\"og:locale\" content=\"pt_BR\" \/>\n<meta property=\"og:type\" content=\"article\" \/>\n<meta property=\"og:title\" content=\"Prefeito de Toledo defende a\u00e7\u00e3o conjunta para ampliar recursos da sa\u00fade | Guia Comercial de Toledo PR\" \/>\n<meta property=\"og:description\" content=\"Prefeito de Toledo destaca a urg\u00eancia por mais recursos na sa\u00fade p\u00fablica.\" \/>\n<meta property=\"og:url\" content=\"https:\/\/www.encontraparana.com.br\/toledo\/prefeito-de-toledo-defende-acao-conjunta-para-ampliar-recursos-da-saude\/\" \/>\n<meta property=\"og:site_name\" content=\"Guia Comercial de Toledo PR\" \/>\n<meta property=\"article:published_time\" content=\"2026-08-29T07:06:54+00:00\" \/>\n<meta property=\"og:image\" content=\"https:\/\/www.encontraparana.com.br\/toledo\/wp-content\/uploads\/2026\/08\/prefeito-de-toledo-defende-acao-conjunta-para-ampliar-recursos-da-saude.webp\" \/>\n<meta name=\"author\" content=\"Encontra Toledo\" \/>\n<meta name=\"twitter:card\" content=\"summary_large_image\" \/>\n<meta name=\"twitter:label1\" content=\"Escrito por\" \/>\n\t<meta name=\"twitter:data1\" content=\"Encontra Toledo\" \/>\n\t<meta name=\"twitter:label2\" content=\"Est. tempo de leitura\" \/>\n\t<meta name=\"twitter:data2\" content=\"4 minutos\" \/>\n<script type=\"application\/ld+json\" class=\"yoast-schema-graph\">{\"@context\":\"https:\\\/\\\/schema.org\",\"@graph\":[{\"@type\":\"Article\",\"@id\":\"https:\\\/\\\/www.encontraparana.com.br\\\/toledo\\\/prefeito-de-toledo-defende-acao-conjunta-para-ampliar-recursos-da-saude\\\/#article\",\"isPartOf\":{\"@id\":\"https:\\\/\\\/www.encontraparana.com.br\\\/toledo\\\/prefeito-de-toledo-defende-acao-conjunta-para-ampliar-recursos-da-saude\\\/\"},\"author\":{\"name\":\"Encontra Toledo\",\"@id\":\"https:\\\/\\\/www.encontraparana.com.br\\\/toledo\\\/#\\\/schema\\\/person\\\/3b3bd5c0e2969177418b8c8e4729fd0a\"},\"headline\":\"Prefeito de Toledo defende a\u00e7\u00e3o conjunta para ampliar recursos da sa\u00fade\",\"datePublished\":\"2026-08-29T07:06:54+00:00\",\"mainEntityOfPage\":{\"@id\":\"https:\\\/\\\/www.encontraparana.com.br\\\/toledo\\\/prefeito-de-toledo-defende-acao-conjunta-para-ampliar-recursos-da-saude\\\/\"},\"wordCount\":905,\"commentCount\":0,\"image\":{\"@id\":\"https:\\\/\\\/www.encontraparana.com.br\\\/toledo\\\/prefeito-de-toledo-defende-acao-conjunta-para-ampliar-recursos-da-saude\\\/#primaryimage\"},\"thumbnailUrl\":\"https:\\\/\\\/www.encontraparana.com.br\\\/toledo\\\/wp-content\\\/uploads\\\/2026\\\/08\\\/prefeito-de-toledo-defende-acao-conjunta-para-ampliar-recursos-da-saude.webp\",\"articleSection\":[\"Not\u00edcias Toledo\"],\"inLanguage\":\"pt-BR\",\"potentialAction\":[{\"@type\":\"CommentAction\",\"name\":\"Comment\",\"target\":[\"https:\\\/\\\/www.encontraparana.com.br\\\/toledo\\\/prefeito-de-toledo-defende-acao-conjunta-para-ampliar-recursos-da-saude\\\/#respond\"]}]},{\"@type\":\"WebPage\",\"@id\":\"https:\\\/\\\/www.encontraparana.com.br\\\/toledo\\\/prefeito-de-toledo-defende-acao-conjunta-para-ampliar-recursos-da-saude\\\/\",\"url\":\"https:\\\/\\\/www.encontraparana.com.br\\\/toledo\\\/prefeito-de-toledo-defende-acao-conjunta-para-ampliar-recursos-da-saude\\\/\",\"name\":\"Prefeito de Toledo defende a\u00e7\u00e3o conjunta para ampliar recursos da sa\u00fade | Guia Comercial de Toledo PR\",\"isPartOf\":{\"@id\":\"https:\\\/\\\/www.encontraparana.com.br\\\/toledo\\\/#website\"},\"primaryImageOfPage\":{\"@id\":\"https:\\\/\\\/www.encontraparana.com.br\\\/toledo\\\/prefeito-de-toledo-defende-acao-conjunta-para-ampliar-recursos-da-saude\\\/#primaryimage\"},\"image\":{\"@id\":\"https:\\\/\\\/www.encontraparana.com.br\\\/toledo\\\/prefeito-de-toledo-defende-acao-conjunta-para-ampliar-recursos-da-saude\\\/#primaryimage\"},\"thumbnailUrl\":\"https:\\\/\\\/www.encontraparana.com.br\\\/toledo\\\/wp-content\\\/uploads\\\/2026\\\/08\\\/prefeito-de-toledo-defende-acao-conjunta-para-ampliar-recursos-da-saude.webp\",\"datePublished\":\"2026-08-29T07:06:54+00:00\",\"author\":{\"@id\":\"https:\\\/\\\/www.encontraparana.com.br\\\/toledo\\\/#\\\/schema\\\/person\\\/3b3bd5c0e2969177418b8c8e4729fd0a\"},\"inLanguage\":\"pt-BR\",\"potentialAction\":[{\"@type\":\"ReadAction\",\"target\":[\"https:\\\/\\\/www.encontraparana.com.br\\\/toledo\\\/prefeito-de-toledo-defende-acao-conjunta-para-ampliar-recursos-da-saude\\\/\"]}]},{\"@type\":\"ImageObject\",\"inLanguage\":\"pt-BR\",\"@id\":\"https:\\\/\\\/www.encontraparana.com.br\\\/toledo\\\/prefeito-de-toledo-defende-acao-conjunta-para-ampliar-recursos-da-saude\\\/#primaryimage\",\"url\":\"https:\\\/\\\/www.encontraparana.com.br\\\/toledo\\\/wp-content\\\/uploads\\\/2026\\\/08\\\/prefeito-de-toledo-defende-acao-conjunta-para-ampliar-recursos-da-saude.webp\",\"contentUrl\":\"https:\\\/\\\/www.encontraparana.com.br\\\/toledo\\\/wp-content\\\/uploads\\\/2026\\\/08\\\/prefeito-de-toledo-defende-acao-conjunta-para-ampliar-recursos-da-saude.webp\",\"width\":280,\"height\":280,\"caption\":\"recursos da sa\u00fade\"},{\"@type\":\"WebSite\",\"@id\":\"https:\\\/\\\/www.encontraparana.com.br\\\/toledo\\\/#website\",\"url\":\"https:\\\/\\\/www.encontraparana.com.br\\\/toledo\\\/\",\"name\":\"Guia Comercial de Toledo PR\",\"description\":\"ENCONTRA TOLEDO - O guia comercial de neg\u00f3cios e empresas, cultura e divers\u00e3o na cidade de Toledo. Feito 100% para voc\u00ea morador!\",\"potentialAction\":[{\"@type\":\"SearchAction\",\"target\":{\"@type\":\"EntryPoint\",\"urlTemplate\":\"https:\\\/\\\/www.encontraparana.com.br\\\/toledo\\\/?s={search_term_string}\"},\"query-input\":{\"@type\":\"PropertyValueSpecification\",\"valueRequired\":true,\"valueName\":\"search_term_string\"}}],\"inLanguage\":\"pt-BR\"},{\"@type\":\"Person\",\"@id\":\"https:\\\/\\\/www.encontraparana.com.br\\\/toledo\\\/#\\\/schema\\\/person\\\/3b3bd5c0e2969177418b8c8e4729fd0a\",\"name\":\"Encontra Toledo\",\"image\":{\"@type\":\"ImageObject\",\"inLanguage\":\"pt-BR\",\"@id\":\"https:\\\/\\\/secure.gravatar.com\\\/avatar\\\/c50c17820bcf322f0a8fd6b110b8c0918141409dc69076470f6fca5fee70a5d4?s=96&d=mm&r=g\",\"url\":\"https:\\\/\\\/secure.gravatar.com\\\/avatar\\\/c50c17820bcf322f0a8fd6b110b8c0918141409dc69076470f6fca5fee70a5d4?s=96&d=mm&r=g\",\"contentUrl\":\"https:\\\/\\\/secure.gravatar.com\\\/avatar\\\/c50c17820bcf322f0a8fd6b110b8c0918141409dc69076470f6fca5fee70a5d4?s=96&d=mm&r=g\",\"caption\":\"Encontra Toledo\"},\"url\":\"https:\\\/\\\/www.encontraparana.com.br\\\/toledo\\\/author\\\/encontratoledo\\\/\"}]}<\/script>\n<!-- \/ Yoast SEO plugin. -->","yoast_head_json":{"title":"Prefeito de Toledo defende a\u00e7\u00e3o conjunta para ampliar recursos da sa\u00fade | Guia Comercial de Toledo PR","robots":{"index":"index","follow":"follow","max-snippet":"max-snippet:-1","max-image-preview":"max-image-preview:large","max-video-preview":"max-video-preview:-1"},"canonical":"https:\/\/www.encontraparana.com.br\/toledo\/prefeito-de-toledo-defende-acao-conjunta-para-ampliar-recursos-da-saude\/","og_locale":"pt_BR","og_type":"article","og_title":"Prefeito de Toledo defende a\u00e7\u00e3o conjunta para ampliar recursos da sa\u00fade | Guia Comercial de Toledo PR","og_description":"Prefeito de Toledo destaca a urg\u00eancia por mais recursos na sa\u00fade p\u00fablica.","og_url":"https:\/\/www.encontraparana.com.br\/toledo\/prefeito-de-toledo-defende-acao-conjunta-para-ampliar-recursos-da-saude\/","og_site_name":"Guia Comercial de Toledo PR","article_published_time":"2026-08-29T07:06:54+00:00","og_image":[{"url":"https:\/\/www.encontraparana.com.br\/toledo\/wp-content\/uploads\/2026\/08\/prefeito-de-toledo-defende-acao-conjunta-para-ampliar-recursos-da-saude.webp","type":"","width":"","height":""}],"author":"Encontra Toledo","twitter_card":"summary_large_image","twitter_misc":{"Escrito por":"Encontra Toledo","Est. tempo de leitura":"4 minutos"},"schema":{"@context":"https:\/\/schema.org","@graph":[{"@type":"Article","@id":"https:\/\/www.encontraparana.com.br\/toledo\/prefeito-de-toledo-defende-acao-conjunta-para-ampliar-recursos-da-saude\/#article","isPartOf":{"@id":"https:\/\/www.encontraparana.com.br\/toledo\/prefeito-de-toledo-defende-acao-conjunta-para-ampliar-recursos-da-saude\/"},"author":{"name":"Encontra Toledo","@id":"https:\/\/www.encontraparana.com.br\/toledo\/#\/schema\/person\/3b3bd5c0e2969177418b8c8e4729fd0a"},"headline":"Prefeito de Toledo defende a\u00e7\u00e3o conjunta para ampliar recursos da sa\u00fade","datePublished":"2026-08-29T07:06:54+00:00","mainEntityOfPage":{"@id":"https:\/\/www.encontraparana.com.br\/toledo\/prefeito-de-toledo-defende-acao-conjunta-para-ampliar-recursos-da-saude\/"},"wordCount":905,"commentCount":0,"image":{"@id":"https:\/\/www.encontraparana.com.br\/toledo\/prefeito-de-toledo-defende-acao-conjunta-para-ampliar-recursos-da-saude\/#primaryimage"},"thumbnailUrl":"https:\/\/www.encontraparana.com.br\/toledo\/wp-content\/uploads\/2026\/08\/prefeito-de-toledo-defende-acao-conjunta-para-ampliar-recursos-da-saude.webp","articleSection":["Not\u00edcias Toledo"],"inLanguage":"pt-BR","potentialAction":[{"@type":"CommentAction","name":"Comment","target":["https:\/\/www.encontraparana.com.br\/toledo\/prefeito-de-toledo-defende-acao-conjunta-para-ampliar-recursos-da-saude\/#respond"]}]},{"@type":"WebPage","@id":"https:\/\/www.encontraparana.com.br\/toledo\/prefeito-de-toledo-defende-acao-conjunta-para-ampliar-recursos-da-saude\/","url":"https:\/\/www.encontraparana.com.br\/toledo\/prefeito-de-toledo-defende-acao-conjunta-para-ampliar-recursos-da-saude\/","name":"Prefeito de Toledo defende a\u00e7\u00e3o conjunta para ampliar recursos da sa\u00fade | Guia Comercial de Toledo PR","isPartOf":{"@id":"https:\/\/www.encontraparana.com.br\/toledo\/#website"},"primaryImageOfPage":{"@id":"https:\/\/www.encontraparana.com.br\/toledo\/prefeito-de-toledo-defende-acao-conjunta-para-ampliar-recursos-da-saude\/#primaryimage"},"image":{"@id":"https:\/\/www.encontraparana.com.br\/toledo\/prefeito-de-toledo-defende-acao-conjunta-para-ampliar-recursos-da-saude\/#primaryimage"},"thumbnailUrl":"https:\/\/www.encontraparana.com.br\/toledo\/wp-content\/uploads\/2026\/08\/prefeito-de-toledo-defende-acao-conjunta-para-ampliar-recursos-da-saude.webp","datePublished":"2026-08-29T07:06:54+00:00","author":{"@id":"https:\/\/www.encontraparana.com.br\/toledo\/#\/schema\/person\/3b3bd5c0e2969177418b8c8e4729fd0a"},"inLanguage":"pt-BR","potentialAction":[{"@type":"ReadAction","target":["https:\/\/www.encontraparana.com.br\/toledo\/prefeito-de-toledo-defende-acao-conjunta-para-ampliar-recursos-da-saude\/"]}]},{"@type":"ImageObject","inLanguage":"pt-BR","@id":"https:\/\/www.encontraparana.com.br\/toledo\/prefeito-de-toledo-defende-acao-conjunta-para-ampliar-recursos-da-saude\/#primaryimage","url":"https:\/\/www.encontraparana.com.br\/toledo\/wp-content\/uploads\/2026\/08\/prefeito-de-toledo-defende-acao-conjunta-para-ampliar-recursos-da-saude.webp","contentUrl":"https:\/\/www.encontraparana.com.br\/toledo\/wp-content\/uploads\/2026\/08\/prefeito-de-toledo-defende-acao-conjunta-para-ampliar-recursos-da-saude.webp","width":280,"height":280,"caption":"recursos da sa\u00fade"},{"@type":"WebSite","@id":"https:\/\/www.encontraparana.com.br\/toledo\/#website","url":"https:\/\/www.encontraparana.com.br\/toledo\/","name":"Guia Comercial de Toledo PR","description":"ENCONTRA TOLEDO - O guia comercial de neg\u00f3cios e empresas, cultura e divers\u00e3o na cidade de Toledo. Feito 100% para voc\u00ea morador!","potentialAction":[{"@type":"SearchAction","target":{"@type":"EntryPoint","urlTemplate":"https:\/\/www.encontraparana.com.br\/toledo\/?s={search_term_string}"},"query-input":{"@type":"PropertyValueSpecification","valueRequired":true,"valueName":"search_term_string"}}],"inLanguage":"pt-BR"},{"@type":"Person","@id":"https:\/\/www.encontraparana.com.br\/toledo\/#\/schema\/person\/3b3bd5c0e2969177418b8c8e4729fd0a","name":"Encontra Toledo","image":{"@type":"ImageObject","inLanguage":"pt-BR","@id":"https:\/\/secure.gravatar.com\/avatar\/c50c17820bcf322f0a8fd6b110b8c0918141409dc69076470f6fca5fee70a5d4?s=96&d=mm&r=g","url":"https:\/\/secure.gravatar.com\/avatar\/c50c17820bcf322f0a8fd6b110b8c0918141409dc69076470f6fca5fee70a5d4?s=96&d=mm&r=g","contentUrl":"https:\/\/secure.gravatar.com\/avatar\/c50c17820bcf322f0a8fd6b110b8c0918141409dc69076470f6fca5fee70a5d4?s=96&d=mm&r=g","caption":"Encontra Toledo"},"url":"https:\/\/www.encontraparana.com.br\/toledo\/author\/encontratoledo\/"}]}},"_links":{"self":[{"href":"https:\/\/www.encontraparana.com.br\/toledo\/wp-json\/wp\/v2\/posts\/5611","targetHints":{"allow":["GET"]}}],"collection":[{"href":"https:\/\/www.encontraparana.com.br\/toledo\/wp-json\/wp\/v2\/posts"}],"about":[{"href":"https:\/\/www.encontraparana.com.br\/toledo\/wp-json\/wp\/v2\/types\/post"}],"author":[{"embeddable":true,"href":"https:\/\/www.encontraparana.com.br\/toledo\/wp-json\/wp\/v2\/users\/1"}],"replies":[{"embeddable":true,"href":"https:\/\/www.encontraparana.com.br\/toledo\/wp-json\/wp\/v2\/comments?post=5611"}],"version-history":[{"count":0,"href":"https:\/\/www.encontraparana.com.br\/toledo\/wp-json\/wp\/v2\/posts\/5611\/revisions"}],"wp:featuredmedia":[{"embeddable":true,"href":"https:\/\/www.encontraparana.com.br\/toledo\/wp-json\/wp\/v2\/media\/5610"}],"wp:attachment":[{"href":"https:\/\/www.encontraparana.com.br\/toledo\/wp-json\/wp\/v2\/media?parent=5611"}],"wp:term":[{"taxonomy":"category","embeddable":true,"href":"https:\/\/www.encontraparana.com.br\/toledo\/wp-json\/wp\/v2\/categories?post=5611"},{"taxonomy":"post_tag","embeddable":true,"href":"https:\/\/www.encontraparana.com.br\/toledo\/wp-json\/wp\/v2\/tags?post=5611"}],"curies":[{"name":"wp","href":"https:\/\/api.w.org\/{rel}","templated":true}]}}