{"id":5657,"date":"2026-09-02T20:07:52","date_gmt":"2026-09-02T23:07:52","guid":{"rendered":"https:\/\/www.encontraparana.com.br\/toledo\/semana-civica-comeca-na-terca\/"},"modified":"2026-09-02T20:07:52","modified_gmt":"2026-09-02T23:07:52","slug":"semana-civica-comeca-na-terca","status":"publish","type":"post","link":"https:\/\/www.encontraparana.com.br\/toledo\/semana-civica-comeca-na-terca\/","title":{"rendered":"Semana C\u00edvica come\u00e7a na ter\u00e7a"},"content":{"rendered":"<h2>O que \u00e9 a Semana C\u00edvica?<\/h2>\n<p>A Semana C\u00edvica \u00e9 um evento que ocorre em v\u00e1rias localidades do Brasil como parte da celebra\u00e7\u00e3o da Independ\u00eancia do pa\u00eds, programado para acontecer anualmente. Este evento visa promover a participa\u00e7\u00e3o da comunidade em atividades que exaltam a cidadania e a identidade nacional, al\u00e9m de fortalecer os la\u00e7os entre os cidad\u00e3os e as institui\u00e7\u00f5es p\u00fablicas. O evento em Toledo, por exemplo, traz diversas manifesta\u00e7\u00f5es culturais e educacionais, envolvendo servidores p\u00fablicos e a popula\u00e7\u00e3o num clima de celebra\u00e7\u00e3o e reflex\u00e3o sobre o significado da independ\u00eancia.<\/p>\n<h2>Programa\u00e7\u00e3o Di\u00e1ria em Toledo<\/h2>\n<p>A Prefeitura de Toledo organiza uma programa\u00e7\u00e3o variada ao longo da Semana C\u00edvica, come\u00e7ando na ter\u00e7a-feira (1\u00ba de setembro) e se estendendo at\u00e9 o domingo (6 de setembro). As atividades s\u00e3o realizadas todos os dias em frente ao Pa\u00e7o Municipal, reunindo alunos, professores, servidores e membros de diversas for\u00e7as de seguran\u00e7a. A programa\u00e7\u00e3o \u00e9 cuidadosamente planejada, com cada dia dedicado a uma secretaria municipal diferente, garantindo uma diversidade de apresenta\u00e7\u00f5es e envolvimento comunit\u00e1rio.<\/p>\n<h2>Participa\u00e7\u00e3o da Comunidade<\/h2>\n<p>A participa\u00e7\u00e3o da comunidade \u00e9 um dos focos principais da Semana C\u00edvica. A popula\u00e7\u00e3o \u00e9 convidada a juntar-se ao canto do Hino Nacional, uma atividade que promove n\u00e3o apenas a musicalidade, mas tamb\u00e9m o sentimento de pertencimento e uni\u00e3o entre os cidad\u00e3os. Este envolvimento \u00e9 fundamental para que todos sintam-se parte do processo c\u00edvico e apreciem as tradi\u00e7\u00f5es que representam a na\u00e7\u00e3o.<\/p>\n<p><img decoding=\"async\" src=\"https:\/\/www.encontraparana.com.br\/toledo\/wp-content\/uploads\/2026\/09\/semana-civica-comeca-na-terca.webp\" alt=\"semana c\u00edvica\" loading=\"lazy\" \/><\/p>\n<h2>Hino Nacional na Abertura<\/h2>\n<p>Um dos momentos mais significativos da Semana C\u00edvica \u00e9 a abertura com a execu\u00e7\u00e3o do Hino Nacional. Este ato simb\u00f3lico n\u00e3o apenas reverencia a na\u00e7\u00e3o, mas tamb\u00e9m incentiva a reflex\u00e3o sobre os valores da liberdade e da democracia. Na quarta-feira, por exemplo, as atividades iniciar\u00e3o com a apresenta\u00e7\u00e3o do Hino, dando in\u00edcio as comemora\u00e7\u00f5es que seguem durante toda a semana.<\/p>\n<h2>Atra\u00e7\u00f5es por Dia<\/h2>\n<h3>Ter\u00e7a-feira (1\u00ba de setembro)<\/h3>\n<p>A primeira atividade ser\u00e1 coordenada pela Secretaria da Educa\u00e7\u00e3o, com alunos da Escola Municipal Carlos Jo\u00e3o Treis apresentando pe\u00e7as e performances.<\/p>\n<h3>Quarta-feira (2 de setembro)<\/h3>\n<p>As secretarias de Assist\u00eancia Social e Cultura se unir\u00e3o para apresentar um coral composto por integrantes do Centro de Revitaliza\u00e7\u00e3o da Terceira Idade (Certi) Coopagro e um dueto de professores da Casa da Cultura.<\/p>\n<h3>Quinta-feira (3 de setembro)<\/h3>\n<p>O Certi Pioneiro ser\u00e1 respons\u00e1vel por uma apresenta\u00e7\u00e3o de dan\u00e7a, trazendo v\u00e1rias representa\u00e7\u00f5es art\u00edsticas.<\/p>\n<h3>Sexta-feira (4 de setembro)<\/h3>\n<p>A Secretaria de Esportes e Lazer organizar\u00e1 uma roda de Capoeira, oferecendo um vislumbre da rica cultura brasileira.<\/p>\n<h3>S\u00e1bado (5 e domingo (6 de setembro)<\/h3>\n<p>Nos \u00faltimos dias da Semana C\u00edvica, o foco volta \u00e0 educa\u00e7\u00e3o, com performances dos corais Encanto de Viver e S\u00e3o Crist\u00f3v\u00e3o, fechando a programa\u00e7\u00e3o com chave de ouro.<\/p>\n<h2>P\u00fablico-alvo das Atividades<\/h2>\n<p>As atividades da Semana C\u00edvica s\u00e3o direcionadas a um p\u00fablico variado, incluindo alunos, pais, professores, servidores p\u00fablicos e todas as pessoas da comunidade de Toledo. A inten\u00e7\u00e3o \u00e9 promover um ambiente inclusivo, permitindo que todos participem e celebrem a cultura e a hist\u00f3ria do Brasil. Al\u00e9m disso, a intera\u00e7\u00e3o com diferentes segmentos da sociedade fortalece a no\u00e7\u00e3o coletiva de nacionalidade.<\/p>\n<h2>Import\u00e2ncia do Desfile<\/h2>\n<p>O desfile do dia 7 de setembro, que ocorre no feriado da Independ\u00eancia, \u00e9 um dos principais pontos altos da Semana C\u00edvica. Este evento n\u00e3o s\u00f3 proporciona um espa\u00e7o para as institui\u00e7\u00f5es p\u00fablicas e privadas se mostrarem, como tamb\u00e9m homenageia a hist\u00f3ria da luta pela liberdade e autonomia do Brasil. Diversas institui\u00e7\u00f5es n\u00e3o governamentais e de seguran\u00e7a tamb\u00e9m estar\u00e3o presentes, refor\u00e7ando a import\u00e2ncia do trabalho conjunto em prol da sociedade.<\/p>\n<h2>Celebra\u00e7\u00f5es na Independ\u00eancia do Brasil<\/h2>\n<p>A celebra\u00e7\u00e3o da Independ\u00eancia do Brasil \u00e9 um momento de grande significado nacional. \u00c9 o dia em que se rememora a emancipa\u00e7\u00e3o do pa\u00eds do dom\u00ednio colonial, simbolizando a luta pela liberdade e pelos direitos do cidad\u00e3o. A Semana C\u00edvica, ao concentrar atividades em torno desse per\u00edodo, promove n\u00e3o apenas uma festividade, mas uma oportunidade de reflex\u00e3o sobre as conquistas e desafios que a na\u00e7\u00e3o enfrenta at\u00e9 hoje.<\/p>\n<h2>Como Participar<\/h2>\n<p>Todos est\u00e3o convidados a se envolver nas atividades da Semana C\u00edvica. A participa\u00e7\u00e3o pode ocorrer de diversas formas, seja comparecendo \u00e0s apresenta\u00e7\u00f5es diariamente, juntando-se ao canto do Hino Nacional, ou assistindo ao grande desfile de 7 de setembro. Al\u00e9m disso, as redes sociais das institui\u00e7\u00f5es envolvidas ser\u00e3o uma importante ferramenta de divulga\u00e7\u00e3o e intera\u00e7\u00e3o, permitindo que mais pessoas tomem conhecimento das atividades e suas import\u00e2ncias.<\/p>\n<h2>Expectativas para o Evento<\/h2>\n<p>As expectativas para a Semana C\u00edvica em Toledo s\u00e3o altas. Espera-se um grande p\u00fablico, envolvimento ativo da comunidade e, principalmente, um ambiente de celebra\u00e7\u00e3o e respeito \u00e0s tradi\u00e7\u00f5es c\u00edvicas. A realiza\u00e7\u00e3o de atividades diversificadas, que re\u00fanem arte, m\u00fasica e manifesta\u00e7\u00f5es culturais, promete engrandecer ainda mais a festividade, fazendo com que todos se sintam parte dessa grande celebra\u00e7\u00e3o da independ\u00eancia e cidadania.<\/p>\n","protected":false},"excerpt":{"rendered":"<p>Saiba tudo sobre a Semana C\u00edvica e sua programa\u00e7\u00e3o especial em Toledo.<\/p>\n","protected":false},"author":1,"featured_media":5656,"comment_status":"open","ping_status":"open","sticky":false,"template":"","format":"standard","meta":{"footnotes":""},"categories":[897],"tags":[],"class_list":["post-5657","post","type-post","status-publish","format-standard","has-post-thumbnail","hentry","category-eventos","has_thumb"],"yoast_head":"<!-- This site is optimized with the Yoast SEO plugin v28.1 - https:\/\/yoast.com\/product\/yoast-seo-wordpress\/ -->\n<title>Semana C\u00edvica come\u00e7a na ter\u00e7a | Guia Comercial de Toledo PR<\/title>\n<meta name=\"robots\" content=\"index, follow, max-snippet:-1, max-image-preview:large, max-video-preview:-1\" \/>\n<link rel=\"canonical\" href=\"https:\/\/www.encontraparana.com.br\/toledo\/semana-civica-comeca-na-terca\/\" \/>\n<meta property=\"og:locale\" content=\"pt_BR\" \/>\n<meta property=\"og:type\" content=\"article\" \/>\n<meta property=\"og:title\" content=\"Semana C\u00edvica come\u00e7a na ter\u00e7a | Guia Comercial de Toledo PR\" \/>\n<meta property=\"og:description\" content=\"Saiba tudo sobre a Semana C\u00edvica e sua programa\u00e7\u00e3o especial em Toledo.\" \/>\n<meta property=\"og:url\" content=\"https:\/\/www.encontraparana.com.br\/toledo\/semana-civica-comeca-na-terca\/\" \/>\n<meta property=\"og:site_name\" content=\"Guia Comercial de Toledo PR\" \/>\n<meta property=\"article:published_time\" content=\"2026-09-02T23:07:52+00:00\" \/>\n<meta property=\"og:image\" content=\"https:\/\/www.encontraparana.com.br\/toledo\/wp-content\/uploads\/2026\/09\/semana-civica-comeca-na-terca.webp\" \/>\n<meta name=\"author\" content=\"Encontra Toledo\" \/>\n<meta name=\"twitter:card\" content=\"summary_large_image\" \/>\n<meta name=\"twitter:label1\" content=\"Escrito por\" \/>\n\t<meta name=\"twitter:data1\" content=\"Encontra Toledo\" \/>\n\t<meta name=\"twitter:label2\" content=\"Est. tempo de leitura\" \/>\n\t<meta name=\"twitter:data2\" content=\"4 minutos\" \/>\n<script type=\"application\/ld+json\" class=\"yoast-schema-graph\">{\"@context\":\"https:\\\/\\\/schema.org\",\"@graph\":[{\"@type\":\"Article\",\"@id\":\"https:\\\/\\\/www.encontraparana.com.br\\\/toledo\\\/semana-civica-comeca-na-terca\\\/#article\",\"isPartOf\":{\"@id\":\"https:\\\/\\\/www.encontraparana.com.br\\\/toledo\\\/semana-civica-comeca-na-terca\\\/\"},\"author\":{\"name\":\"Encontra Toledo\",\"@id\":\"https:\\\/\\\/www.encontraparana.com.br\\\/toledo\\\/#\\\/schema\\\/person\\\/3b3bd5c0e2969177418b8c8e4729fd0a\"},\"headline\":\"Semana C\u00edvica come\u00e7a na ter\u00e7a\",\"datePublished\":\"2026-09-02T23:07:52+00:00\",\"mainEntityOfPage\":{\"@id\":\"https:\\\/\\\/www.encontraparana.com.br\\\/toledo\\\/semana-civica-comeca-na-terca\\\/\"},\"wordCount\":899,\"commentCount\":0,\"image\":{\"@id\":\"https:\\\/\\\/www.encontraparana.com.br\\\/toledo\\\/semana-civica-comeca-na-terca\\\/#primaryimage\"},\"thumbnailUrl\":\"https:\\\/\\\/www.encontraparana.com.br\\\/toledo\\\/wp-content\\\/uploads\\\/2026\\\/09\\\/semana-civica-comeca-na-terca.webp\",\"articleSection\":[\"Eventos Toledo\"],\"inLanguage\":\"pt-BR\",\"potentialAction\":[{\"@type\":\"CommentAction\",\"name\":\"Comment\",\"target\":[\"https:\\\/\\\/www.encontraparana.com.br\\\/toledo\\\/semana-civica-comeca-na-terca\\\/#respond\"]}]},{\"@type\":\"WebPage\",\"@id\":\"https:\\\/\\\/www.encontraparana.com.br\\\/toledo\\\/semana-civica-comeca-na-terca\\\/\",\"url\":\"https:\\\/\\\/www.encontraparana.com.br\\\/toledo\\\/semana-civica-comeca-na-terca\\\/\",\"name\":\"Semana C\u00edvica come\u00e7a na ter\u00e7a | Guia Comercial de Toledo PR\",\"isPartOf\":{\"@id\":\"https:\\\/\\\/www.encontraparana.com.br\\\/toledo\\\/#website\"},\"primaryImageOfPage\":{\"@id\":\"https:\\\/\\\/www.encontraparana.com.br\\\/toledo\\\/semana-civica-comeca-na-terca\\\/#primaryimage\"},\"image\":{\"@id\":\"https:\\\/\\\/www.encontraparana.com.br\\\/toledo\\\/semana-civica-comeca-na-terca\\\/#primaryimage\"},\"thumbnailUrl\":\"https:\\\/\\\/www.encontraparana.com.br\\\/toledo\\\/wp-content\\\/uploads\\\/2026\\\/09\\\/semana-civica-comeca-na-terca.webp\",\"datePublished\":\"2026-09-02T23:07:52+00:00\",\"author\":{\"@id\":\"https:\\\/\\\/www.encontraparana.com.br\\\/toledo\\\/#\\\/schema\\\/person\\\/3b3bd5c0e2969177418b8c8e4729fd0a\"},\"inLanguage\":\"pt-BR\",\"potentialAction\":[{\"@type\":\"ReadAction\",\"target\":[\"https:\\\/\\\/www.encontraparana.com.br\\\/toledo\\\/semana-civica-comeca-na-terca\\\/\"]}]},{\"@type\":\"ImageObject\",\"inLanguage\":\"pt-BR\",\"@id\":\"https:\\\/\\\/www.encontraparana.com.br\\\/toledo\\\/semana-civica-comeca-na-terca\\\/#primaryimage\",\"url\":\"https:\\\/\\\/www.encontraparana.com.br\\\/toledo\\\/wp-content\\\/uploads\\\/2026\\\/09\\\/semana-civica-comeca-na-terca.webp\",\"contentUrl\":\"https:\\\/\\\/www.encontraparana.com.br\\\/toledo\\\/wp-content\\\/uploads\\\/2026\\\/09\\\/semana-civica-comeca-na-terca.webp\",\"width\":280,\"height\":280,\"caption\":\"semana c\u00edvica\"},{\"@type\":\"WebSite\",\"@id\":\"https:\\\/\\\/www.encontraparana.com.br\\\/toledo\\\/#website\",\"url\":\"https:\\\/\\\/www.encontraparana.com.br\\\/toledo\\\/\",\"name\":\"Guia Comercial de Toledo PR\",\"description\":\"ENCONTRA TOLEDO - O guia comercial de neg\u00f3cios e empresas, cultura e divers\u00e3o na cidade de Toledo. Feito 100% para voc\u00ea morador!\",\"potentialAction\":[{\"@type\":\"SearchAction\",\"target\":{\"@type\":\"EntryPoint\",\"urlTemplate\":\"https:\\\/\\\/www.encontraparana.com.br\\\/toledo\\\/?s={search_term_string}\"},\"query-input\":{\"@type\":\"PropertyValueSpecification\",\"valueRequired\":true,\"valueName\":\"search_term_string\"}}],\"inLanguage\":\"pt-BR\"},{\"@type\":\"Person\",\"@id\":\"https:\\\/\\\/www.encontraparana.com.br\\\/toledo\\\/#\\\/schema\\\/person\\\/3b3bd5c0e2969177418b8c8e4729fd0a\",\"name\":\"Encontra Toledo\",\"image\":{\"@type\":\"ImageObject\",\"inLanguage\":\"pt-BR\",\"@id\":\"https:\\\/\\\/secure.gravatar.com\\\/avatar\\\/c50c17820bcf322f0a8fd6b110b8c0918141409dc69076470f6fca5fee70a5d4?s=96&d=mm&r=g\",\"url\":\"https:\\\/\\\/secure.gravatar.com\\\/avatar\\\/c50c17820bcf322f0a8fd6b110b8c0918141409dc69076470f6fca5fee70a5d4?s=96&d=mm&r=g\",\"contentUrl\":\"https:\\\/\\\/secure.gravatar.com\\\/avatar\\\/c50c17820bcf322f0a8fd6b110b8c0918141409dc69076470f6fca5fee70a5d4?s=96&d=mm&r=g\",\"caption\":\"Encontra Toledo\"},\"url\":\"https:\\\/\\\/www.encontraparana.com.br\\\/toledo\\\/author\\\/encontratoledo\\\/\"}]}<\/script>\n<!-- \/ Yoast SEO plugin. -->","yoast_head_json":{"title":"Semana C\u00edvica come\u00e7a na ter\u00e7a | Guia Comercial de Toledo PR","robots":{"index":"index","follow":"follow","max-snippet":"max-snippet:-1","max-image-preview":"max-image-preview:large","max-video-preview":"max-video-preview:-1"},"canonical":"https:\/\/www.encontraparana.com.br\/toledo\/semana-civica-comeca-na-terca\/","og_locale":"pt_BR","og_type":"article","og_title":"Semana C\u00edvica come\u00e7a na ter\u00e7a | Guia Comercial de Toledo PR","og_description":"Saiba tudo sobre a Semana C\u00edvica e sua programa\u00e7\u00e3o especial em Toledo.","og_url":"https:\/\/www.encontraparana.com.br\/toledo\/semana-civica-comeca-na-terca\/","og_site_name":"Guia Comercial de Toledo PR","article_published_time":"2026-09-02T23:07:52+00:00","og_image":[{"url":"https:\/\/www.encontraparana.com.br\/toledo\/wp-content\/uploads\/2026\/09\/semana-civica-comeca-na-terca.webp","type":"","width":"","height":""}],"author":"Encontra Toledo","twitter_card":"summary_large_image","twitter_misc":{"Escrito por":"Encontra Toledo","Est. tempo de leitura":"4 minutos"},"schema":{"@context":"https:\/\/schema.org","@graph":[{"@type":"Article","@id":"https:\/\/www.encontraparana.com.br\/toledo\/semana-civica-comeca-na-terca\/#article","isPartOf":{"@id":"https:\/\/www.encontraparana.com.br\/toledo\/semana-civica-comeca-na-terca\/"},"author":{"name":"Encontra Toledo","@id":"https:\/\/www.encontraparana.com.br\/toledo\/#\/schema\/person\/3b3bd5c0e2969177418b8c8e4729fd0a"},"headline":"Semana C\u00edvica come\u00e7a na ter\u00e7a","datePublished":"2026-09-02T23:07:52+00:00","mainEntityOfPage":{"@id":"https:\/\/www.encontraparana.com.br\/toledo\/semana-civica-comeca-na-terca\/"},"wordCount":899,"commentCount":0,"image":{"@id":"https:\/\/www.encontraparana.com.br\/toledo\/semana-civica-comeca-na-terca\/#primaryimage"},"thumbnailUrl":"https:\/\/www.encontraparana.com.br\/toledo\/wp-content\/uploads\/2026\/09\/semana-civica-comeca-na-terca.webp","articleSection":["Eventos Toledo"],"inLanguage":"pt-BR","potentialAction":[{"@type":"CommentAction","name":"Comment","target":["https:\/\/www.encontraparana.com.br\/toledo\/semana-civica-comeca-na-terca\/#respond"]}]},{"@type":"WebPage","@id":"https:\/\/www.encontraparana.com.br\/toledo\/semana-civica-comeca-na-terca\/","url":"https:\/\/www.encontraparana.com.br\/toledo\/semana-civica-comeca-na-terca\/","name":"Semana C\u00edvica come\u00e7a na ter\u00e7a | Guia Comercial de Toledo PR","isPartOf":{"@id":"https:\/\/www.encontraparana.com.br\/toledo\/#website"},"primaryImageOfPage":{"@id":"https:\/\/www.encontraparana.com.br\/toledo\/semana-civica-comeca-na-terca\/#primaryimage"},"image":{"@id":"https:\/\/www.encontraparana.com.br\/toledo\/semana-civica-comeca-na-terca\/#primaryimage"},"thumbnailUrl":"https:\/\/www.encontraparana.com.br\/toledo\/wp-content\/uploads\/2026\/09\/semana-civica-comeca-na-terca.webp","datePublished":"2026-09-02T23:07:52+00:00","author":{"@id":"https:\/\/www.encontraparana.com.br\/toledo\/#\/schema\/person\/3b3bd5c0e2969177418b8c8e4729fd0a"},"inLanguage":"pt-BR","potentialAction":[{"@type":"ReadAction","target":["https:\/\/www.encontraparana.com.br\/toledo\/semana-civica-comeca-na-terca\/"]}]},{"@type":"ImageObject","inLanguage":"pt-BR","@id":"https:\/\/www.encontraparana.com.br\/toledo\/semana-civica-comeca-na-terca\/#primaryimage","url":"https:\/\/www.encontraparana.com.br\/toledo\/wp-content\/uploads\/2026\/09\/semana-civica-comeca-na-terca.webp","contentUrl":"https:\/\/www.encontraparana.com.br\/toledo\/wp-content\/uploads\/2026\/09\/semana-civica-comeca-na-terca.webp","width":280,"height":280,"caption":"semana c\u00edvica"},{"@type":"WebSite","@id":"https:\/\/www.encontraparana.com.br\/toledo\/#website","url":"https:\/\/www.encontraparana.com.br\/toledo\/","name":"Guia Comercial de Toledo PR","description":"ENCONTRA TOLEDO - O guia comercial de neg\u00f3cios e empresas, cultura e divers\u00e3o na cidade de Toledo. Feito 100% para voc\u00ea morador!","potentialAction":[{"@type":"SearchAction","target":{"@type":"EntryPoint","urlTemplate":"https:\/\/www.encontraparana.com.br\/toledo\/?s={search_term_string}"},"query-input":{"@type":"PropertyValueSpecification","valueRequired":true,"valueName":"search_term_string"}}],"inLanguage":"pt-BR"},{"@type":"Person","@id":"https:\/\/www.encontraparana.com.br\/toledo\/#\/schema\/person\/3b3bd5c0e2969177418b8c8e4729fd0a","name":"Encontra Toledo","image":{"@type":"ImageObject","inLanguage":"pt-BR","@id":"https:\/\/secure.gravatar.com\/avatar\/c50c17820bcf322f0a8fd6b110b8c0918141409dc69076470f6fca5fee70a5d4?s=96&d=mm&r=g","url":"https:\/\/secure.gravatar.com\/avatar\/c50c17820bcf322f0a8fd6b110b8c0918141409dc69076470f6fca5fee70a5d4?s=96&d=mm&r=g","contentUrl":"https:\/\/secure.gravatar.com\/avatar\/c50c17820bcf322f0a8fd6b110b8c0918141409dc69076470f6fca5fee70a5d4?s=96&d=mm&r=g","caption":"Encontra Toledo"},"url":"https:\/\/www.encontraparana.com.br\/toledo\/author\/encontratoledo\/"}]}},"_links":{"self":[{"href":"https:\/\/www.encontraparana.com.br\/toledo\/wp-json\/wp\/v2\/posts\/5657","targetHints":{"allow":["GET"]}}],"collection":[{"href":"https:\/\/www.encontraparana.com.br\/toledo\/wp-json\/wp\/v2\/posts"}],"about":[{"href":"https:\/\/www.encontraparana.com.br\/toledo\/wp-json\/wp\/v2\/types\/post"}],"author":[{"embeddable":true,"href":"https:\/\/www.encontraparana.com.br\/toledo\/wp-json\/wp\/v2\/users\/1"}],"replies":[{"embeddable":true,"href":"https:\/\/www.encontraparana.com.br\/toledo\/wp-json\/wp\/v2\/comments?post=5657"}],"version-history":[{"count":0,"href":"https:\/\/www.encontraparana.com.br\/toledo\/wp-json\/wp\/v2\/posts\/5657\/revisions"}],"wp:featuredmedia":[{"embeddable":true,"href":"https:\/\/www.encontraparana.com.br\/toledo\/wp-json\/wp\/v2\/media\/5656"}],"wp:attachment":[{"href":"https:\/\/www.encontraparana.com.br\/toledo\/wp-json\/wp\/v2\/media?parent=5657"}],"wp:term":[{"taxonomy":"category","embeddable":true,"href":"https:\/\/www.encontraparana.com.br\/toledo\/wp-json\/wp\/v2\/categories?post=5657"},{"taxonomy":"post_tag","embeddable":true,"href":"https:\/\/www.encontraparana.com.br\/toledo\/wp-json\/wp\/v2\/tags?post=5657"}],"curies":[{"name":"wp","href":"https:\/\/api.w.org\/{rel}","templated":true}]}}