{"id":5665,"date":"2026-09-03T04:07:43","date_gmt":"2026-09-03T07:07:43","guid":{"rendered":"https:\/\/www.encontraparana.com.br\/toledo\/chuva-provoca-ocorrencias-e-mobiliza-defesa-civil-em-toledo\/"},"modified":"2026-09-03T04:07:43","modified_gmt":"2026-09-03T07:07:43","slug":"chuva-provoca-ocorrencias-e-mobiliza-defesa-civil-em-toledo","status":"publish","type":"post","link":"https:\/\/www.encontraparana.com.br\/toledo\/chuva-provoca-ocorrencias-e-mobiliza-defesa-civil-em-toledo\/","title":{"rendered":"Chuva provoca ocorr\u00eancias e mobiliza Defesa Civil em Toledo"},"content":{"rendered":"<h2>Causas da Chuva Forte em Toledo<\/h2>\n<p>No \u00faltimo domingo (30), Toledo viveu um evento clim\u00e1tico marcante, caracterizado por chuvas intensas e ventos fortes. Essas condi\u00e7\u00f5es meteorol\u00f3gicas adversas foram desencadeadas por um sistema de baixa press\u00e3o que impactou a regi\u00e3o, resultando em anomalias nas caracter\u00edsticas normais do tempo. O fen\u00f4meno gerou n\u00edveis elevados de precipita\u00e7\u00e3o, que, combinados com ventos de alta velocidade, culminaram em danos significativos na \u00e1rea urbana e rural.<\/p>\n<h2>Danos Registrados na \u00c1rea Rural<\/h2>\n<p>As consequ\u00eancias das fortes chuvas foram especialmente severas nas \u00e1reas rurais. A propriedade de Eloi Reuter, situada entre a Linha S\u00e3o Salvador e Cerro da Lola, foi uma das mais afetadas. A casa dos funcion\u00e1rios acabou quase totalmente destelhada, e houve danos em um chiqueiro, al\u00e9m da derrubada de uma \u00e1rvore robusta na localidade. N\u00e3o apenas essa propriedade, mas tamb\u00e9m v\u00e1rias outras na regi\u00e3o sofreram impactos, incluindo destelhamentos parciais e quedas de \u00e1rvores, que n\u00e3o s\u00f3 danificaram estruturas, mas tamb\u00e9m representaram riscos de seguran\u00e7a para os residentes.<\/p>\n<h2>Mobiliza\u00e7\u00e3o da Defesa Civil de Toledo<\/h2>\n<p>A Defesa Civil foi rapidamente ativada em resposta aos danos causados pela intemp\u00e9rie. Ap\u00f3s receber um aviso de um dos N\u00facleos de Prote\u00e7\u00e3o e Defesa Civil (Nupdecs), os profissionais se dirigiram aos locais afetados para avaliar os estragos e oferecer suporte \u00e0s fam\u00edlias atingidas. O coordenador da Defesa Civil, GM Queiroz, destacou a import\u00e2ncia da comunica\u00e7\u00e3o eficaz entre os n\u00facleos para garantir uma resposta r\u00e1pida e eficaz durante emerg\u00eancias como essa.<\/p>\n<p><img decoding=\"async\" src=\"https:\/\/www.encontraparana.com.br\/toledo\/wp-content\/uploads\/2026\/09\/chuva-provoca-ocorrencias-e-mobiliza-defesa-civil-em-toledo.webp\" alt=\"chuva em Toledo\" loading=\"lazy\" \/><\/p>\n<h2>Comunica\u00e7\u00e3o Eficiente com Nupdecs<\/h2>\n<p>A comunica\u00e7\u00e3o fluida \u00e9 vital em situa\u00e7\u00f5es de emerg\u00eancia. A colabora\u00e7\u00e3o entre a Defesa Civil e os Nupdecs tem se mostrado eficiente na mobiliza\u00e7\u00e3o de equipes em momentos cr\u00edticos. Queiroz esclareceu que, gra\u00e7as a essa estrutura, a Defesa Civil conseguiu ser notificada de maneira \u00e1gil sobre os danos e agir rapidamente. Essa rede de comunica\u00e7\u00e3o permite que informa\u00e7\u00f5es sobre o que est\u00e1 acontecendo sejam compartilhadas rapidamente, o que \u00e9 crucial para a mobiliza\u00e7\u00e3o de recursos.<\/p>\n<h2>Hist\u00f3rias de Moradores Afetados<\/h2>\n<p>Os relatos pessoais dos moradores que enfrentaram a tempestade trazem \u00e0 luz o impacto emocional e f\u00edsico que esses eventos clim\u00e1ticos geram. Maristela de Oliveira, uma das moradoras afetadas, descreveu que estava em casa quando a tempestade come\u00e7ou, e a rapidez com que as condi\u00e7\u00f5es mudaram deixou sua fam\u00edlia em alerta. &#8220;Foi um vento forte de repente, e logo depois a chuva. A prioridade foi proteger o que era poss\u00edvel antes de tudo se molhar&#8221;, contou. Ademir Paulo Erbes tamb\u00e9m partilhou sua experi\u00eancia, ressaltando que tudo aconteceu de forma t\u00e3o r\u00e1pida que n\u00e3o houve tempo para prevenir os danos em sua propriedade.<\/p>\n<h2>Provid\u00eancias para Recupera\u00e7\u00e3o das Propriedades<\/h2>\n<p>Com a situa\u00e7\u00e3o de emerg\u00eancia sendo tratada, a Defesa Civil tomou medidas imediatas para auxiliar as fam\u00edlias. Na segunda-feira (31), uma equipe da Secretaria de Planejamento, Habita\u00e7\u00e3o, Urbanismo e Mobilidade foi convocada para avaliar as propriedades danificadas e calcular a quantidade de telhas necess\u00e1rias para reparar os telhados danificados. A prefeitura se comprometeu a fornecer os materiais necess\u00e1rios para a recupera\u00e7\u00e3o o mais rapidamente poss\u00edvel, demonstrando um esfor\u00e7o conjunto para restaurar a normalidade na vida dos afetados.<\/p>\n<h2>An\u00e1lise das Quedas de \u00c1rvores<\/h2>\n<p>As quedas de \u00e1rvores foram uma preocupa\u00e7\u00e3o significativa durante a tempestade. V\u00e1rias \u00e1rvores ca\u00edram, representando riscos n\u00e3o apenas para as estruturas pr\u00f3ximas, mas tamb\u00e9m para a seguran\u00e7a dos moradores. A Defesa Civil registrou casos de quedas tanto na \u00e1rea rural quanto na sede do munic\u00edpio. A necessidade de um monitoramento constante das \u00e1rvores urbanas e rurais \u00e9 evidente, assim como a import\u00e2ncia de um planejamento adequado de manejo de arboriza\u00e7\u00e3o, que poder\u00e1 minimizar os riscos em futuras tempestades.<\/p>\n<h2>Impacto na Comunidade Local<\/h2>\n<p>O efeito das chuvas intensas se estendeu bem al\u00e9m dos danos materiais. A trag\u00e9dia afetou a comunidade, que se uniu para ajudar as fam\u00edlias necessitadas. Ap\u00f3s os eventos, muitos moradores foram vistos oferecendo apoio uns aos outros, compartilhando recursos e solid\u00e3o em um momento dif\u00edcil. A solidariedade emerge como um ponto positivo mesmo em meio \u00e0 adversidade, mostrando a for\u00e7a do esp\u00edrito comunit\u00e1rio em Toledo.<\/p>\n<h2>A Import\u00e2ncia da Preven\u00e7\u00e3o em Desastres Naturais<\/h2>\n<p>Eventos como o recente ocorrido em Toledo ressaltam a import\u00e2ncia de um planejamento eficaz para a preven\u00e7\u00e3o de desastres naturais. A implementa\u00e7\u00e3o de protocolos de comunica\u00e7\u00e3o e a\u00e7\u00f5es preventivas podem reduzir significativamente os impactos de tempestades futuras. Campanhas de conscientiza\u00e7\u00e3o e treinamento cont\u00ednuo para a popula\u00e7\u00e3o e equipes de emerg\u00eancia s\u00e3o cruciais para aumentar a resili\u00eancia da comunidade frente a desastres naturais.<\/p>\n<h2>O Papel da Defesa Civil em Situa\u00e7\u00f5es de Emerg\u00eancia<\/h2>\n<p>A Defesa Civil desempenha um papel fundamental na coordena\u00e7\u00e3o das respostas a emerg\u00eancias, como evidenciado pelos esfor\u00e7os tomados em Toledo. A organiza\u00e7\u00e3o n\u00e3o apenas coordena a resposta imediata aos desastres, mas tamb\u00e9m realiza a\u00e7\u00f5es de preven\u00e7\u00e3o e planejamento de longo prazo. Isso inclui desde a mobiliza\u00e7\u00e3o de recursos at\u00e9 o fornecimento de informa\u00e7\u00f5es \u00e0 popula\u00e7\u00e3o sobre como se preparar para eventos clim\u00e1ticos extremos.<\/p>\n<p>Com o apoio adequado e um preparo cont\u00ednuo, comunidades como Toledo podem n\u00e3o apenas enfrentar os desafios impostos pelas intemp\u00e9ries, mas tamb\u00e9m transformar essas experi\u00eancias em oportunidades de fortalecimento e solidariedade comunit\u00e1ria.<\/p>\n","protected":false},"excerpt":{"rendered":"<p>Chuva em Toledo causa estragos e mobiliza a Defesa Civil em resposta r\u00e1pida.<\/p>\n","protected":false},"author":1,"featured_media":5664,"comment_status":"open","ping_status":"open","sticky":false,"template":"","format":"standard","meta":{"footnotes":""},"categories":[5],"tags":[],"class_list":["post-5665","post","type-post","status-publish","format-standard","has-post-thumbnail","hentry","category-noticias","has_thumb"],"yoast_head":"<!-- This site is optimized with the Yoast SEO plugin v28.1 - https:\/\/yoast.com\/product\/yoast-seo-wordpress\/ -->\n<title>Chuva provoca ocorr\u00eancias e mobiliza Defesa Civil em Toledo | Guia Comercial de Toledo PR<\/title>\n<meta name=\"robots\" content=\"index, follow, max-snippet:-1, max-image-preview:large, max-video-preview:-1\" \/>\n<link rel=\"canonical\" href=\"https:\/\/www.encontraparana.com.br\/toledo\/chuva-provoca-ocorrencias-e-mobiliza-defesa-civil-em-toledo\/\" \/>\n<meta property=\"og:locale\" content=\"pt_BR\" \/>\n<meta property=\"og:type\" content=\"article\" \/>\n<meta property=\"og:title\" content=\"Chuva provoca ocorr\u00eancias e mobiliza Defesa Civil em Toledo | Guia Comercial de Toledo PR\" \/>\n<meta property=\"og:description\" content=\"Chuva em Toledo causa estragos e mobiliza a Defesa Civil em resposta r\u00e1pida.\" \/>\n<meta property=\"og:url\" content=\"https:\/\/www.encontraparana.com.br\/toledo\/chuva-provoca-ocorrencias-e-mobiliza-defesa-civil-em-toledo\/\" \/>\n<meta property=\"og:site_name\" content=\"Guia Comercial de Toledo PR\" \/>\n<meta property=\"article:published_time\" content=\"2026-09-03T07:07:43+00:00\" \/>\n<meta property=\"og:image\" content=\"https:\/\/www.encontraparana.com.br\/toledo\/wp-content\/uploads\/2026\/09\/chuva-provoca-ocorrencias-e-mobiliza-defesa-civil-em-toledo.webp\" \/>\n<meta name=\"author\" content=\"Encontra Toledo\" \/>\n<meta name=\"twitter:card\" content=\"summary_large_image\" \/>\n<meta name=\"twitter:label1\" content=\"Escrito por\" \/>\n\t<meta name=\"twitter:data1\" content=\"Encontra Toledo\" \/>\n\t<meta name=\"twitter:label2\" content=\"Est. tempo de leitura\" \/>\n\t<meta name=\"twitter:data2\" content=\"5 minutos\" \/>\n<script type=\"application\/ld+json\" class=\"yoast-schema-graph\">{\"@context\":\"https:\\\/\\\/schema.org\",\"@graph\":[{\"@type\":\"Article\",\"@id\":\"https:\\\/\\\/www.encontraparana.com.br\\\/toledo\\\/chuva-provoca-ocorrencias-e-mobiliza-defesa-civil-em-toledo\\\/#article\",\"isPartOf\":{\"@id\":\"https:\\\/\\\/www.encontraparana.com.br\\\/toledo\\\/chuva-provoca-ocorrencias-e-mobiliza-defesa-civil-em-toledo\\\/\"},\"author\":{\"name\":\"Encontra Toledo\",\"@id\":\"https:\\\/\\\/www.encontraparana.com.br\\\/toledo\\\/#\\\/schema\\\/person\\\/3b3bd5c0e2969177418b8c8e4729fd0a\"},\"headline\":\"Chuva provoca ocorr\u00eancias e mobiliza Defesa Civil em Toledo\",\"datePublished\":\"2026-09-03T07:07:43+00:00\",\"mainEntityOfPage\":{\"@id\":\"https:\\\/\\\/www.encontraparana.com.br\\\/toledo\\\/chuva-provoca-ocorrencias-e-mobiliza-defesa-civil-em-toledo\\\/\"},\"wordCount\":951,\"commentCount\":0,\"image\":{\"@id\":\"https:\\\/\\\/www.encontraparana.com.br\\\/toledo\\\/chuva-provoca-ocorrencias-e-mobiliza-defesa-civil-em-toledo\\\/#primaryimage\"},\"thumbnailUrl\":\"https:\\\/\\\/www.encontraparana.com.br\\\/toledo\\\/wp-content\\\/uploads\\\/2026\\\/09\\\/chuva-provoca-ocorrencias-e-mobiliza-defesa-civil-em-toledo.webp\",\"articleSection\":[\"Not\u00edcias Toledo\"],\"inLanguage\":\"pt-BR\",\"potentialAction\":[{\"@type\":\"CommentAction\",\"name\":\"Comment\",\"target\":[\"https:\\\/\\\/www.encontraparana.com.br\\\/toledo\\\/chuva-provoca-ocorrencias-e-mobiliza-defesa-civil-em-toledo\\\/#respond\"]}]},{\"@type\":\"WebPage\",\"@id\":\"https:\\\/\\\/www.encontraparana.com.br\\\/toledo\\\/chuva-provoca-ocorrencias-e-mobiliza-defesa-civil-em-toledo\\\/\",\"url\":\"https:\\\/\\\/www.encontraparana.com.br\\\/toledo\\\/chuva-provoca-ocorrencias-e-mobiliza-defesa-civil-em-toledo\\\/\",\"name\":\"Chuva provoca ocorr\u00eancias e mobiliza Defesa Civil em Toledo | Guia Comercial de Toledo PR\",\"isPartOf\":{\"@id\":\"https:\\\/\\\/www.encontraparana.com.br\\\/toledo\\\/#website\"},\"primaryImageOfPage\":{\"@id\":\"https:\\\/\\\/www.encontraparana.com.br\\\/toledo\\\/chuva-provoca-ocorrencias-e-mobiliza-defesa-civil-em-toledo\\\/#primaryimage\"},\"image\":{\"@id\":\"https:\\\/\\\/www.encontraparana.com.br\\\/toledo\\\/chuva-provoca-ocorrencias-e-mobiliza-defesa-civil-em-toledo\\\/#primaryimage\"},\"thumbnailUrl\":\"https:\\\/\\\/www.encontraparana.com.br\\\/toledo\\\/wp-content\\\/uploads\\\/2026\\\/09\\\/chuva-provoca-ocorrencias-e-mobiliza-defesa-civil-em-toledo.webp\",\"datePublished\":\"2026-09-03T07:07:43+00:00\",\"author\":{\"@id\":\"https:\\\/\\\/www.encontraparana.com.br\\\/toledo\\\/#\\\/schema\\\/person\\\/3b3bd5c0e2969177418b8c8e4729fd0a\"},\"inLanguage\":\"pt-BR\",\"potentialAction\":[{\"@type\":\"ReadAction\",\"target\":[\"https:\\\/\\\/www.encontraparana.com.br\\\/toledo\\\/chuva-provoca-ocorrencias-e-mobiliza-defesa-civil-em-toledo\\\/\"]}]},{\"@type\":\"ImageObject\",\"inLanguage\":\"pt-BR\",\"@id\":\"https:\\\/\\\/www.encontraparana.com.br\\\/toledo\\\/chuva-provoca-ocorrencias-e-mobiliza-defesa-civil-em-toledo\\\/#primaryimage\",\"url\":\"https:\\\/\\\/www.encontraparana.com.br\\\/toledo\\\/wp-content\\\/uploads\\\/2026\\\/09\\\/chuva-provoca-ocorrencias-e-mobiliza-defesa-civil-em-toledo.webp\",\"contentUrl\":\"https:\\\/\\\/www.encontraparana.com.br\\\/toledo\\\/wp-content\\\/uploads\\\/2026\\\/09\\\/chuva-provoca-ocorrencias-e-mobiliza-defesa-civil-em-toledo.webp\",\"width\":280,\"height\":280,\"caption\":\"chuva em Toledo\"},{\"@type\":\"WebSite\",\"@id\":\"https:\\\/\\\/www.encontraparana.com.br\\\/toledo\\\/#website\",\"url\":\"https:\\\/\\\/www.encontraparana.com.br\\\/toledo\\\/\",\"name\":\"Guia Comercial de Toledo PR\",\"description\":\"ENCONTRA TOLEDO - O guia comercial de neg\u00f3cios e empresas, cultura e divers\u00e3o na cidade de Toledo. Feito 100% para voc\u00ea morador!\",\"potentialAction\":[{\"@type\":\"SearchAction\",\"target\":{\"@type\":\"EntryPoint\",\"urlTemplate\":\"https:\\\/\\\/www.encontraparana.com.br\\\/toledo\\\/?s={search_term_string}\"},\"query-input\":{\"@type\":\"PropertyValueSpecification\",\"valueRequired\":true,\"valueName\":\"search_term_string\"}}],\"inLanguage\":\"pt-BR\"},{\"@type\":\"Person\",\"@id\":\"https:\\\/\\\/www.encontraparana.com.br\\\/toledo\\\/#\\\/schema\\\/person\\\/3b3bd5c0e2969177418b8c8e4729fd0a\",\"name\":\"Encontra Toledo\",\"image\":{\"@type\":\"ImageObject\",\"inLanguage\":\"pt-BR\",\"@id\":\"https:\\\/\\\/secure.gravatar.com\\\/avatar\\\/c50c17820bcf322f0a8fd6b110b8c0918141409dc69076470f6fca5fee70a5d4?s=96&d=mm&r=g\",\"url\":\"https:\\\/\\\/secure.gravatar.com\\\/avatar\\\/c50c17820bcf322f0a8fd6b110b8c0918141409dc69076470f6fca5fee70a5d4?s=96&d=mm&r=g\",\"contentUrl\":\"https:\\\/\\\/secure.gravatar.com\\\/avatar\\\/c50c17820bcf322f0a8fd6b110b8c0918141409dc69076470f6fca5fee70a5d4?s=96&d=mm&r=g\",\"caption\":\"Encontra Toledo\"},\"url\":\"https:\\\/\\\/www.encontraparana.com.br\\\/toledo\\\/author\\\/encontratoledo\\\/\"}]}<\/script>\n<!-- \/ Yoast SEO plugin. -->","yoast_head_json":{"title":"Chuva provoca ocorr\u00eancias e mobiliza Defesa Civil em Toledo | Guia Comercial de Toledo PR","robots":{"index":"index","follow":"follow","max-snippet":"max-snippet:-1","max-image-preview":"max-image-preview:large","max-video-preview":"max-video-preview:-1"},"canonical":"https:\/\/www.encontraparana.com.br\/toledo\/chuva-provoca-ocorrencias-e-mobiliza-defesa-civil-em-toledo\/","og_locale":"pt_BR","og_type":"article","og_title":"Chuva provoca ocorr\u00eancias e mobiliza Defesa Civil em Toledo | Guia Comercial de Toledo PR","og_description":"Chuva em Toledo causa estragos e mobiliza a Defesa Civil em resposta r\u00e1pida.","og_url":"https:\/\/www.encontraparana.com.br\/toledo\/chuva-provoca-ocorrencias-e-mobiliza-defesa-civil-em-toledo\/","og_site_name":"Guia Comercial de Toledo PR","article_published_time":"2026-09-03T07:07:43+00:00","og_image":[{"url":"https:\/\/www.encontraparana.com.br\/toledo\/wp-content\/uploads\/2026\/09\/chuva-provoca-ocorrencias-e-mobiliza-defesa-civil-em-toledo.webp","type":"","width":"","height":""}],"author":"Encontra Toledo","twitter_card":"summary_large_image","twitter_misc":{"Escrito por":"Encontra Toledo","Est. tempo de leitura":"5 minutos"},"schema":{"@context":"https:\/\/schema.org","@graph":[{"@type":"Article","@id":"https:\/\/www.encontraparana.com.br\/toledo\/chuva-provoca-ocorrencias-e-mobiliza-defesa-civil-em-toledo\/#article","isPartOf":{"@id":"https:\/\/www.encontraparana.com.br\/toledo\/chuva-provoca-ocorrencias-e-mobiliza-defesa-civil-em-toledo\/"},"author":{"name":"Encontra Toledo","@id":"https:\/\/www.encontraparana.com.br\/toledo\/#\/schema\/person\/3b3bd5c0e2969177418b8c8e4729fd0a"},"headline":"Chuva provoca ocorr\u00eancias e mobiliza Defesa Civil em Toledo","datePublished":"2026-09-03T07:07:43+00:00","mainEntityOfPage":{"@id":"https:\/\/www.encontraparana.com.br\/toledo\/chuva-provoca-ocorrencias-e-mobiliza-defesa-civil-em-toledo\/"},"wordCount":951,"commentCount":0,"image":{"@id":"https:\/\/www.encontraparana.com.br\/toledo\/chuva-provoca-ocorrencias-e-mobiliza-defesa-civil-em-toledo\/#primaryimage"},"thumbnailUrl":"https:\/\/www.encontraparana.com.br\/toledo\/wp-content\/uploads\/2026\/09\/chuva-provoca-ocorrencias-e-mobiliza-defesa-civil-em-toledo.webp","articleSection":["Not\u00edcias Toledo"],"inLanguage":"pt-BR","potentialAction":[{"@type":"CommentAction","name":"Comment","target":["https:\/\/www.encontraparana.com.br\/toledo\/chuva-provoca-ocorrencias-e-mobiliza-defesa-civil-em-toledo\/#respond"]}]},{"@type":"WebPage","@id":"https:\/\/www.encontraparana.com.br\/toledo\/chuva-provoca-ocorrencias-e-mobiliza-defesa-civil-em-toledo\/","url":"https:\/\/www.encontraparana.com.br\/toledo\/chuva-provoca-ocorrencias-e-mobiliza-defesa-civil-em-toledo\/","name":"Chuva provoca ocorr\u00eancias e mobiliza Defesa Civil em Toledo | Guia Comercial de Toledo PR","isPartOf":{"@id":"https:\/\/www.encontraparana.com.br\/toledo\/#website"},"primaryImageOfPage":{"@id":"https:\/\/www.encontraparana.com.br\/toledo\/chuva-provoca-ocorrencias-e-mobiliza-defesa-civil-em-toledo\/#primaryimage"},"image":{"@id":"https:\/\/www.encontraparana.com.br\/toledo\/chuva-provoca-ocorrencias-e-mobiliza-defesa-civil-em-toledo\/#primaryimage"},"thumbnailUrl":"https:\/\/www.encontraparana.com.br\/toledo\/wp-content\/uploads\/2026\/09\/chuva-provoca-ocorrencias-e-mobiliza-defesa-civil-em-toledo.webp","datePublished":"2026-09-03T07:07:43+00:00","author":{"@id":"https:\/\/www.encontraparana.com.br\/toledo\/#\/schema\/person\/3b3bd5c0e2969177418b8c8e4729fd0a"},"inLanguage":"pt-BR","potentialAction":[{"@type":"ReadAction","target":["https:\/\/www.encontraparana.com.br\/toledo\/chuva-provoca-ocorrencias-e-mobiliza-defesa-civil-em-toledo\/"]}]},{"@type":"ImageObject","inLanguage":"pt-BR","@id":"https:\/\/www.encontraparana.com.br\/toledo\/chuva-provoca-ocorrencias-e-mobiliza-defesa-civil-em-toledo\/#primaryimage","url":"https:\/\/www.encontraparana.com.br\/toledo\/wp-content\/uploads\/2026\/09\/chuva-provoca-ocorrencias-e-mobiliza-defesa-civil-em-toledo.webp","contentUrl":"https:\/\/www.encontraparana.com.br\/toledo\/wp-content\/uploads\/2026\/09\/chuva-provoca-ocorrencias-e-mobiliza-defesa-civil-em-toledo.webp","width":280,"height":280,"caption":"chuva em Toledo"},{"@type":"WebSite","@id":"https:\/\/www.encontraparana.com.br\/toledo\/#website","url":"https:\/\/www.encontraparana.com.br\/toledo\/","name":"Guia Comercial de Toledo PR","description":"ENCONTRA TOLEDO - O guia comercial de neg\u00f3cios e empresas, cultura e divers\u00e3o na cidade de Toledo. Feito 100% para voc\u00ea morador!","potentialAction":[{"@type":"SearchAction","target":{"@type":"EntryPoint","urlTemplate":"https:\/\/www.encontraparana.com.br\/toledo\/?s={search_term_string}"},"query-input":{"@type":"PropertyValueSpecification","valueRequired":true,"valueName":"search_term_string"}}],"inLanguage":"pt-BR"},{"@type":"Person","@id":"https:\/\/www.encontraparana.com.br\/toledo\/#\/schema\/person\/3b3bd5c0e2969177418b8c8e4729fd0a","name":"Encontra Toledo","image":{"@type":"ImageObject","inLanguage":"pt-BR","@id":"https:\/\/secure.gravatar.com\/avatar\/c50c17820bcf322f0a8fd6b110b8c0918141409dc69076470f6fca5fee70a5d4?s=96&d=mm&r=g","url":"https:\/\/secure.gravatar.com\/avatar\/c50c17820bcf322f0a8fd6b110b8c0918141409dc69076470f6fca5fee70a5d4?s=96&d=mm&r=g","contentUrl":"https:\/\/secure.gravatar.com\/avatar\/c50c17820bcf322f0a8fd6b110b8c0918141409dc69076470f6fca5fee70a5d4?s=96&d=mm&r=g","caption":"Encontra Toledo"},"url":"https:\/\/www.encontraparana.com.br\/toledo\/author\/encontratoledo\/"}]}},"_links":{"self":[{"href":"https:\/\/www.encontraparana.com.br\/toledo\/wp-json\/wp\/v2\/posts\/5665","targetHints":{"allow":["GET"]}}],"collection":[{"href":"https:\/\/www.encontraparana.com.br\/toledo\/wp-json\/wp\/v2\/posts"}],"about":[{"href":"https:\/\/www.encontraparana.com.br\/toledo\/wp-json\/wp\/v2\/types\/post"}],"author":[{"embeddable":true,"href":"https:\/\/www.encontraparana.com.br\/toledo\/wp-json\/wp\/v2\/users\/1"}],"replies":[{"embeddable":true,"href":"https:\/\/www.encontraparana.com.br\/toledo\/wp-json\/wp\/v2\/comments?post=5665"}],"version-history":[{"count":0,"href":"https:\/\/www.encontraparana.com.br\/toledo\/wp-json\/wp\/v2\/posts\/5665\/revisions"}],"wp:featuredmedia":[{"embeddable":true,"href":"https:\/\/www.encontraparana.com.br\/toledo\/wp-json\/wp\/v2\/media\/5664"}],"wp:attachment":[{"href":"https:\/\/www.encontraparana.com.br\/toledo\/wp-json\/wp\/v2\/media?parent=5665"}],"wp:term":[{"taxonomy":"category","embeddable":true,"href":"https:\/\/www.encontraparana.com.br\/toledo\/wp-json\/wp\/v2\/categories?post=5665"},{"taxonomy":"post_tag","embeddable":true,"href":"https:\/\/www.encontraparana.com.br\/toledo\/wp-json\/wp\/v2\/tags?post=5665"}],"curies":[{"name":"wp","href":"https:\/\/api.w.org\/{rel}","templated":true}]}}